{"id":65620,"date":"2016-09-26T17:35:10","date_gmt":"2016-09-27T00:35:10","guid":{"rendered":"http:\/\/www.cetys.mx\/noticias\/?p=65620"},"modified":"2016-09-30T15:42:43","modified_gmt":"2016-09-30T22:42:43","slug":"unen-esfuerzos-por-la-atencion-integral-de-victimas","status":"publish","type":"post","link":"https:\/\/www.cetys.mx\/noticias\/unen-esfuerzos-por-la-atencion-integral-de-victimas\/","title":{"rendered":"Unen esfuerzos por la atenci\u00f3n integral de v\u00edctimas"},"content":{"rendered":"<p><a href=\"https:\/\/rbc.mx\/\"><img loading=\"lazy\" decoding=\"async\" class=\"wp-image-65624 alignright\" src=\"https:\/\/www.cetys.mx\/noticias\/wp-content\/uploads\/2016\/09\/DIPLOMADO-Asociaci\u00f3n-Civil-Red-Binacional-de-Corazones-5.5x8.5.jpg\" alt=\"El diplomado arranca este s\u00e1bado 1 de octubre en Campus Tijuana.\" width=\"303\" height=\"468\" \/>Red Binacional de Corazones A.C<\/a>. y la <strong>Escuela de Psicolog\u00eda del CETYS Universidad Campus Tijuana<\/strong> unen esfuerzos este 2016 para ofrecer el <strong>Diplomado \u201cDerechos Humanos en la Atenci\u00f3n Integral de las V\u00edctimas dentro del Sistema Penal Acusatorio<\/strong>\u201d, mismo que inicia este <em>s\u00e1bado 1 de octubre<\/em> bajo la tutela de expertos regionales, nacionales e internacionales entorno a este tema de relevancia social.<\/p>\n<blockquote><p>\u201cHay mucho desconocimiento y tab\u00fas en relaci\u00f3n a este tema, queremos que existan m\u00e1s personas especializadas en ello, que nos organicemos como sociedad y colaboremos con la autoridad en el combate al crimen organizado, la ignorancia y la apat\u00eda\u201d, puntualiz\u00f3 la Lic.\u00a0Alma Tuker, Presidente de Red Binacional de Corazones A.C.<\/p><\/blockquote>\n<p>Este diplomado tiene como objetivo <strong>capacitar en el tema de Derechos Humanos para la atenci\u00f3n integral de las victimas dentro del Sistema Penal Acusatorio<\/strong> que lleg\u00f3 a Tijuana hace apenas un par de meses y a Baja California desde el pasado 2011. Expuso tambi\u00e9n que este diplomado <strong>es resultado de un an\u00e1lisis donde el desconocimiento a qu\u00e9 hacer y a d\u00f3nde acudir son las principales barreras para dar soluci\u00f3n al tema<\/strong>.<\/p>\n<blockquote><p>\u201cLos derechos humanos han dejado de ser un tema solamente del \u00e1mbito legal, es un aspecto que nos ata\u00f1e a todos los ciudadanos. Desde esta perspectiva, un psic\u00f3logo o un estudiante de Psicolog\u00eda puede y debe involucrarse en este tipo de problem\u00e1ticas que afectan directamente la estabilidad emocional de las personas\u201d,\u00a0 Dr. Alberto \u00c1lvarez Noriega, Director de la Escuela de Psicolog\u00eda del CETYS Tijuana.<\/p><\/blockquote>\n<p style=\"text-align: left;\"><strong>Generalidades del programa:<\/strong><\/p>\n<ul>\n<li style=\"text-align: left;\">Consta de <strong>120 horas<\/strong> de trabajo (100 en el aula y 20 para pr\u00e1ctica).<\/li>\n<li style=\"text-align: left;\">La duraci\u00f3n es de<strong> 5 meses<\/strong>.<\/li>\n<li style=\"text-align: left;\">Se impartir\u00e1 los\u00a0d\u00edas s\u00e1bados desde las <strong>9:00 a.m. hasta las 2:00 p.m.<\/strong> en <strong>CETYS Tijuana<\/strong>.<\/li>\n<li style=\"text-align: left;\">Esperan la participaci\u00f3n de\u00a0<strong>docentes<\/strong>, <strong>estudiantes<\/strong> y <strong>egresados<\/strong> de las \u00e1reas de <strong>Ciencias Sociales y Humanidades<\/strong>, <strong>servidores p\u00fablicos<\/strong>, <strong>miembros de organizaciones de la Sociedad Civil<\/strong> y del \u00e1rea de <strong>Recursos Humanos<\/strong>.<\/li>\n<li style=\"text-align: left;\">Para <strong>m\u00e1s detalles<\/strong> invitan a comunicar al<strong>\u00a0903-1800 Ext. 203<\/strong> o escribir al correo <a href=\"https:\/\/r20.rs6.net\/tn.jsp?f=001xuMyfaeSWvmwCNqH0oQM5BvG4ihM4PW5B604m20Ed3aGuCwtez6Hhe6cw9YmYjpTaSE4BK1eMUKCBROWrA2UU-IVLm7kq-HRX4WbpIbon95ZgPl68EunfpeY5tJvfHcKlxViZCXsgLr8o19mfTkby7AG-7C3E6hQ&amp;c=9J6sx_K6UAkgjdnEYNVa0Kk51KNcighX1-FN-1q19uX6B7_roDD9iw==&amp;ch=mOpibNWz1kT13A1JtzKlEuOJoyhhl3l7JD2qqmedOf1LktE76MV6Qg==\" target=\"_blank\" data-saferedirecturl=\"https:\/\/www.google.com\/url?hl=es&amp;q=https:\/\/r20.rs6.net\/tn.jsp?f%3D001xuMyfaeSWvmwCNqH0oQM5BvG4ihM4PW5B604m20Ed3aGuCwtez6Hhe6cw9YmYjpTaSE4BK1eMUKCBROWrA2UU-IVLm7kq-HRX4WbpIbon95ZgPl68EunfpeY5tJvfHcKlxViZCXsgLr8o19mfTkby7AG-7C3E6hQ%26c%3D9J6sx_K6UAkgjdnEYNVa0Kk51KNcighX1-FN-1q19uX6B7_roDD9iw%3D%3D%26ch%3DmOpibNWz1kT13A1JtzKlEuOJoyhhl3l7JD2qqmedOf1LktE76MV6Qg%3D%3D&amp;source=gmail&amp;ust=1475015365235000&amp;usg=AFQjCNHCLO2wQaHxRicxm8h88Ju5LAF_-g\">maria.arana@cetys.mx<\/a>.<\/li>\n<\/ul>\n","protected":false},"excerpt":{"rendered":"<p>Red Binacional de Corazones A.C. y la Escuela de Psicolog\u00eda del CETYS Universidad Campus Tijuana unen esfuerzos este 2016 para ofrecer el&#8230;<\/p>\n","protected":false},"author":24,"featured_media":65622,"comment_status":"open","ping_status":"open","sticky":false,"template":"","format":"standard","meta":{"footnotes":""},"categories":[110,134,313],"tags":[328,138,430,176,179,1103,1102],"class_list":["post-65620","post","type-post","status-publish","format-standard","has-post-thumbnail","hentry","category-academia","category-campus-tijuana","category-vocetys-2","tag-campustijuana","tag-cetys","tag-educacion","tag-profesional","tag-psicologia","tag-sistemapenalacusatorio","tag-victimas"],"yoast_head":"<!-- This site is optimized with the Yoast SEO plugin v27.4 - https:\/\/yoast.com\/product\/yoast-seo-wordpress\/ -->\n<title>Unen esfuerzos por la atenci\u00f3n integral de v\u00edctimas - CETYS<\/title>\n<meta name=\"description\" content=\"Articulo sobre Unen esfuerzos por la atenci\u00f3n integral de v\u00edctimas\" \/>\n<meta name=\"robots\" content=\"index, follow, max-snippet:-1, max-image-preview:large, max-video-preview:-1\" \/>\n<link rel=\"canonical\" href=\"https:\/\/www.cetys.mx\/noticias\/unen-esfuerzos-por-la-atencion-integral-de-victimas\/\" \/>\n<meta property=\"og:locale\" content=\"es_MX\" \/>\n<meta property=\"og:type\" content=\"article\" \/>\n<meta property=\"og:title\" content=\"Unen esfuerzos por la atenci\u00f3n integral de v\u00edctimas - CETYS\" \/>\n<meta property=\"og:description\" content=\"Articulo sobre Unen esfuerzos por la atenci\u00f3n integral de v\u00edctimas\" \/>\n<meta property=\"og:url\" content=\"https:\/\/www.cetys.mx\/noticias\/unen-esfuerzos-por-la-atencion-integral-de-victimas\/\" \/>\n<meta property=\"og:site_name\" content=\"CETYS\" \/>\n<meta property=\"article:publisher\" content=\"https:\/\/www.facebook.com\/cetysuniversidadmxl\/\" \/>\n<meta property=\"article:published_time\" content=\"2016-09-27T00:35:10+00:00\" \/>\n<meta property=\"article:modified_time\" content=\"2016-09-30T22:42:43+00:00\" \/>\n<meta property=\"og:image\" content=\"https:\/\/www.cetys.mx\/noticias\/wp-content\/uploads\/2016\/09\/cetys_diplomadoredbinacional1.jpg\" \/>\n\t<meta property=\"og:image:width\" content=\"958\" \/>\n\t<meta property=\"og:image:height\" content=\"637\" \/>\n\t<meta property=\"og:image:type\" content=\"image\/jpeg\" \/>\n<meta name=\"author\" content=\"Campus Tijuana\" \/>\n<meta name=\"twitter:card\" content=\"summary_large_image\" \/>\n<meta name=\"twitter:creator\" content=\"@cetysuni\" \/>\n<meta name=\"twitter:site\" content=\"@cetysuni\" \/>\n<meta name=\"twitter:label1\" content=\"Escrito por\" \/>\n\t<meta name=\"twitter:data1\" content=\"Campus Tijuana\" \/>\n\t<meta name=\"twitter:label2\" content=\"Tiempo de lectura\" \/>\n\t<meta name=\"twitter:data2\" content=\"2 minutos\" \/>\n<script type=\"application\/ld+json\" class=\"yoast-schema-graph\">{\"@context\":\"https:\\\/\\\/schema.org\",\"@graph\":[{\"@type\":\"Article\",\"@id\":\"https:\\\/\\\/www.cetys.mx\\\/noticias\\\/unen-esfuerzos-por-la-atencion-integral-de-victimas\\\/#article\",\"isPartOf\":{\"@id\":\"https:\\\/\\\/www.cetys.mx\\\/noticias\\\/unen-esfuerzos-por-la-atencion-integral-de-victimas\\\/\"},\"author\":{\"name\":\"Campus Tijuana\",\"@id\":\"https:\\\/\\\/www.cetys.mx\\\/noticias\\\/#\\\/schema\\\/person\\\/e790051ce60e18ae47cfa87011c8653f\"},\"headline\":\"Unen esfuerzos por la atenci\u00f3n integral de v\u00edctimas\",\"datePublished\":\"2016-09-27T00:35:10+00:00\",\"dateModified\":\"2016-09-30T22:42:43+00:00\",\"mainEntityOfPage\":{\"@id\":\"https:\\\/\\\/www.cetys.mx\\\/noticias\\\/unen-esfuerzos-por-la-atencion-integral-de-victimas\\\/\"},\"wordCount\":364,\"commentCount\":0,\"image\":{\"@id\":\"https:\\\/\\\/www.cetys.mx\\\/noticias\\\/unen-esfuerzos-por-la-atencion-integral-de-victimas\\\/#primaryimage\"},\"thumbnailUrl\":\"https:\\\/\\\/www.cetys.mx\\\/noticias\\\/wp-content\\\/uploads\\\/2016\\\/09\\\/cetys_diplomadoredbinacional1.jpg\",\"keywords\":[\"campustijuana\",\"Cetys\",\"Educaci\u00f3n\",\"profesional\",\"psicolog\u00eda\",\"sistemapenalacusatorio\",\"victimas\"],\"articleSection\":[\"Academia\",\"Campus Tijuana\",\"VoCETYS\"],\"inLanguage\":\"es\",\"potentialAction\":[{\"@type\":\"CommentAction\",\"name\":\"Comment\",\"target\":[\"https:\\\/\\\/www.cetys.mx\\\/noticias\\\/unen-esfuerzos-por-la-atencion-integral-de-victimas\\\/#respond\"]}]},{\"@type\":\"WebPage\",\"@id\":\"https:\\\/\\\/www.cetys.mx\\\/noticias\\\/unen-esfuerzos-por-la-atencion-integral-de-victimas\\\/\",\"url\":\"https:\\\/\\\/www.cetys.mx\\\/noticias\\\/unen-esfuerzos-por-la-atencion-integral-de-victimas\\\/\",\"name\":\"Unen esfuerzos por la atenci\u00f3n integral de v\u00edctimas - CETYS\",\"isPartOf\":{\"@id\":\"https:\\\/\\\/www.cetys.mx\\\/noticias\\\/#website\"},\"primaryImageOfPage\":{\"@id\":\"https:\\\/\\\/www.cetys.mx\\\/noticias\\\/unen-esfuerzos-por-la-atencion-integral-de-victimas\\\/#primaryimage\"},\"image\":{\"@id\":\"https:\\\/\\\/www.cetys.mx\\\/noticias\\\/unen-esfuerzos-por-la-atencion-integral-de-victimas\\\/#primaryimage\"},\"thumbnailUrl\":\"https:\\\/\\\/www.cetys.mx\\\/noticias\\\/wp-content\\\/uploads\\\/2016\\\/09\\\/cetys_diplomadoredbinacional1.jpg\",\"datePublished\":\"2016-09-27T00:35:10+00:00\",\"dateModified\":\"2016-09-30T22:42:43+00:00\",\"author\":{\"@id\":\"https:\\\/\\\/www.cetys.mx\\\/noticias\\\/#\\\/schema\\\/person\\\/e790051ce60e18ae47cfa87011c8653f\"},\"description\":\"Articulo sobre Unen esfuerzos por la atenci\u00f3n integral de v\u00edctimas\",\"breadcrumb\":{\"@id\":\"https:\\\/\\\/www.cetys.mx\\\/noticias\\\/unen-esfuerzos-por-la-atencion-integral-de-victimas\\\/#breadcrumb\"},\"inLanguage\":\"es\",\"potentialAction\":[{\"@type\":\"ReadAction\",\"target\":[\"https:\\\/\\\/www.cetys.mx\\\/noticias\\\/unen-esfuerzos-por-la-atencion-integral-de-victimas\\\/\"]}]},{\"@type\":\"ImageObject\",\"inLanguage\":\"es\",\"@id\":\"https:\\\/\\\/www.cetys.mx\\\/noticias\\\/unen-esfuerzos-por-la-atencion-integral-de-victimas\\\/#primaryimage\",\"url\":\"https:\\\/\\\/www.cetys.mx\\\/noticias\\\/wp-content\\\/uploads\\\/2016\\\/09\\\/cetys_diplomadoredbinacional1.jpg\",\"contentUrl\":\"https:\\\/\\\/www.cetys.mx\\\/noticias\\\/wp-content\\\/uploads\\\/2016\\\/09\\\/cetys_diplomadoredbinacional1.jpg\",\"width\":958,\"height\":637},{\"@type\":\"BreadcrumbList\",\"@id\":\"https:\\\/\\\/www.cetys.mx\\\/noticias\\\/unen-esfuerzos-por-la-atencion-integral-de-victimas\\\/#breadcrumb\",\"itemListElement\":[{\"@type\":\"ListItem\",\"position\":1,\"name\":\"Inicio\",\"item\":\"https:\\\/\\\/www.cetys.mx\\\/noticias\\\/\"},{\"@type\":\"ListItem\",\"position\":2,\"name\":\"Unen esfuerzos por la atenci\u00f3n integral de v\u00edctimas\"}]},{\"@type\":\"WebSite\",\"@id\":\"https:\\\/\\\/www.cetys.mx\\\/noticias\\\/#website\",\"url\":\"https:\\\/\\\/www.cetys.mx\\\/noticias\\\/\",\"name\":\"CETYS\",\"description\":\"\",\"potentialAction\":[{\"@type\":\"SearchAction\",\"target\":{\"@type\":\"EntryPoint\",\"urlTemplate\":\"https:\\\/\\\/www.cetys.mx\\\/noticias\\\/?s={search_term_string}\"},\"query-input\":{\"@type\":\"PropertyValueSpecification\",\"valueRequired\":true,\"valueName\":\"search_term_string\"}}],\"inLanguage\":\"es\"},{\"@type\":\"Person\",\"@id\":\"https:\\\/\\\/www.cetys.mx\\\/noticias\\\/#\\\/schema\\\/person\\\/e790051ce60e18ae47cfa87011c8653f\",\"name\":\"Campus Tijuana\",\"url\":\"https:\\\/\\\/www.cetys.mx\\\/noticias\\\/author\\\/campustijuana\\\/\"}]}<\/script>\n<!-- \/ Yoast SEO plugin. -->","yoast_head_json":{"title":"Unen esfuerzos por la atenci\u00f3n integral de v\u00edctimas - CETYS","description":"Articulo sobre Unen esfuerzos por la atenci\u00f3n integral de v\u00edctimas","robots":{"index":"index","follow":"follow","max-snippet":"max-snippet:-1","max-image-preview":"max-image-preview:large","max-video-preview":"max-video-preview:-1"},"canonical":"https:\/\/www.cetys.mx\/noticias\/unen-esfuerzos-por-la-atencion-integral-de-victimas\/","og_locale":"es_MX","og_type":"article","og_title":"Unen esfuerzos por la atenci\u00f3n integral de v\u00edctimas - CETYS","og_description":"Articulo sobre Unen esfuerzos por la atenci\u00f3n integral de v\u00edctimas","og_url":"https:\/\/www.cetys.mx\/noticias\/unen-esfuerzos-por-la-atencion-integral-de-victimas\/","og_site_name":"CETYS","article_publisher":"https:\/\/www.facebook.com\/cetysuniversidadmxl\/","article_published_time":"2016-09-27T00:35:10+00:00","article_modified_time":"2016-09-30T22:42:43+00:00","og_image":[{"width":958,"height":637,"url":"https:\/\/www.cetys.mx\/noticias\/wp-content\/uploads\/2016\/09\/cetys_diplomadoredbinacional1.jpg","type":"image\/jpeg"}],"author":"Campus Tijuana","twitter_card":"summary_large_image","twitter_creator":"@cetysuni","twitter_site":"@cetysuni","twitter_misc":{"Escrito por":"Campus Tijuana","Tiempo de lectura":"2 minutos"},"schema":{"@context":"https:\/\/schema.org","@graph":[{"@type":"Article","@id":"https:\/\/www.cetys.mx\/noticias\/unen-esfuerzos-por-la-atencion-integral-de-victimas\/#article","isPartOf":{"@id":"https:\/\/www.cetys.mx\/noticias\/unen-esfuerzos-por-la-atencion-integral-de-victimas\/"},"author":{"name":"Campus Tijuana","@id":"https:\/\/www.cetys.mx\/noticias\/#\/schema\/person\/e790051ce60e18ae47cfa87011c8653f"},"headline":"Unen esfuerzos por la atenci\u00f3n integral de v\u00edctimas","datePublished":"2016-09-27T00:35:10+00:00","dateModified":"2016-09-30T22:42:43+00:00","mainEntityOfPage":{"@id":"https:\/\/www.cetys.mx\/noticias\/unen-esfuerzos-por-la-atencion-integral-de-victimas\/"},"wordCount":364,"commentCount":0,"image":{"@id":"https:\/\/www.cetys.mx\/noticias\/unen-esfuerzos-por-la-atencion-integral-de-victimas\/#primaryimage"},"thumbnailUrl":"https:\/\/www.cetys.mx\/noticias\/wp-content\/uploads\/2016\/09\/cetys_diplomadoredbinacional1.jpg","keywords":["campustijuana","Cetys","Educaci\u00f3n","profesional","psicolog\u00eda","sistemapenalacusatorio","victimas"],"articleSection":["Academia","Campus Tijuana","VoCETYS"],"inLanguage":"es","potentialAction":[{"@type":"CommentAction","name":"Comment","target":["https:\/\/www.cetys.mx\/noticias\/unen-esfuerzos-por-la-atencion-integral-de-victimas\/#respond"]}]},{"@type":"WebPage","@id":"https:\/\/www.cetys.mx\/noticias\/unen-esfuerzos-por-la-atencion-integral-de-victimas\/","url":"https:\/\/www.cetys.mx\/noticias\/unen-esfuerzos-por-la-atencion-integral-de-victimas\/","name":"Unen esfuerzos por la atenci\u00f3n integral de v\u00edctimas - CETYS","isPartOf":{"@id":"https:\/\/www.cetys.mx\/noticias\/#website"},"primaryImageOfPage":{"@id":"https:\/\/www.cetys.mx\/noticias\/unen-esfuerzos-por-la-atencion-integral-de-victimas\/#primaryimage"},"image":{"@id":"https:\/\/www.cetys.mx\/noticias\/unen-esfuerzos-por-la-atencion-integral-de-victimas\/#primaryimage"},"thumbnailUrl":"https:\/\/www.cetys.mx\/noticias\/wp-content\/uploads\/2016\/09\/cetys_diplomadoredbinacional1.jpg","datePublished":"2016-09-27T00:35:10+00:00","dateModified":"2016-09-30T22:42:43+00:00","author":{"@id":"https:\/\/www.cetys.mx\/noticias\/#\/schema\/person\/e790051ce60e18ae47cfa87011c8653f"},"description":"Articulo sobre Unen esfuerzos por la atenci\u00f3n integral de v\u00edctimas","breadcrumb":{"@id":"https:\/\/www.cetys.mx\/noticias\/unen-esfuerzos-por-la-atencion-integral-de-victimas\/#breadcrumb"},"inLanguage":"es","potentialAction":[{"@type":"ReadAction","target":["https:\/\/www.cetys.mx\/noticias\/unen-esfuerzos-por-la-atencion-integral-de-victimas\/"]}]},{"@type":"ImageObject","inLanguage":"es","@id":"https:\/\/www.cetys.mx\/noticias\/unen-esfuerzos-por-la-atencion-integral-de-victimas\/#primaryimage","url":"https:\/\/www.cetys.mx\/noticias\/wp-content\/uploads\/2016\/09\/cetys_diplomadoredbinacional1.jpg","contentUrl":"https:\/\/www.cetys.mx\/noticias\/wp-content\/uploads\/2016\/09\/cetys_diplomadoredbinacional1.jpg","width":958,"height":637},{"@type":"BreadcrumbList","@id":"https:\/\/www.cetys.mx\/noticias\/unen-esfuerzos-por-la-atencion-integral-de-victimas\/#breadcrumb","itemListElement":[{"@type":"ListItem","position":1,"name":"Inicio","item":"https:\/\/www.cetys.mx\/noticias\/"},{"@type":"ListItem","position":2,"name":"Unen esfuerzos por la atenci\u00f3n integral de v\u00edctimas"}]},{"@type":"WebSite","@id":"https:\/\/www.cetys.mx\/noticias\/#website","url":"https:\/\/www.cetys.mx\/noticias\/","name":"CETYS","description":"","potentialAction":[{"@type":"SearchAction","target":{"@type":"EntryPoint","urlTemplate":"https:\/\/www.cetys.mx\/noticias\/?s={search_term_string}"},"query-input":{"@type":"PropertyValueSpecification","valueRequired":true,"valueName":"search_term_string"}}],"inLanguage":"es"},{"@type":"Person","@id":"https:\/\/www.cetys.mx\/noticias\/#\/schema\/person\/e790051ce60e18ae47cfa87011c8653f","name":"Campus Tijuana","url":"https:\/\/www.cetys.mx\/noticias\/author\/campustijuana\/"}]}},"_links":{"self":[{"href":"https:\/\/www.cetys.mx\/noticias\/wp-json\/wp\/v2\/posts\/65620","targetHints":{"allow":["GET"]}}],"collection":[{"href":"https:\/\/www.cetys.mx\/noticias\/wp-json\/wp\/v2\/posts"}],"about":[{"href":"https:\/\/www.cetys.mx\/noticias\/wp-json\/wp\/v2\/types\/post"}],"author":[{"embeddable":true,"href":"https:\/\/www.cetys.mx\/noticias\/wp-json\/wp\/v2\/users\/24"}],"replies":[{"embeddable":true,"href":"https:\/\/www.cetys.mx\/noticias\/wp-json\/wp\/v2\/comments?post=65620"}],"version-history":[{"count":0,"href":"https:\/\/www.cetys.mx\/noticias\/wp-json\/wp\/v2\/posts\/65620\/revisions"}],"wp:featuredmedia":[{"embeddable":true,"href":"https:\/\/www.cetys.mx\/noticias\/wp-json\/wp\/v2\/media\/65622"}],"wp:attachment":[{"href":"https:\/\/www.cetys.mx\/noticias\/wp-json\/wp\/v2\/media?parent=65620"}],"wp:term":[{"taxonomy":"category","embeddable":true,"href":"https:\/\/www.cetys.mx\/noticias\/wp-json\/wp\/v2\/categories?post=65620"},{"taxonomy":"post_tag","embeddable":true,"href":"https:\/\/www.cetys.mx\/noticias\/wp-json\/wp\/v2\/tags?post=65620"}],"curies":[{"name":"wp","href":"https:\/\/api.w.org\/{rel}","templated":true}]}}