{"id":65444,"date":"2016-09-23T10:53:22","date_gmt":"2016-09-23T17:53:22","guid":{"rendered":"http:\/\/www.cetys.mx\/noticias\/?p=65444"},"modified":"2016-09-23T15:21:45","modified_gmt":"2016-09-23T22:21:45","slug":"celebran-el-55-con-la-comunidad-del-campus-tijuana","status":"publish","type":"post","link":"https:\/\/www.cetys.mx\/noticias\/celebran-el-55-con-la-comunidad-del-campus-tijuana\/","title":{"rendered":"Celebran el 55 con la Comunidad del Campus Tijuana"},"content":{"rendered":"<p>Desde el pasado martes 20 de septiembre <strong>CETYS Universidad<\/strong> inici\u00f3 una jornada de celebraciones en sus tres campus, el jueves 22 fue el turno de la ciudad de Tijuana.<\/p>\n<p>La cita fue en el <strong>Gimnasio \u2013 Auditorio \u201cRodrigo Valle Hern\u00e1ndez\u201d<\/strong>, donde se cont\u00f3 con la asistencia de autoridades, asociados del IENAC, acad\u00e9micos, alumnos, egresados, padres de familia e invitados especiales; adem\u00e1s en la <strong>Plaza C\u00edvica<\/strong> del Campus toda la comunidad de Preparatoria, Profesional y Colaboradores CETYS se dieron cita en el corte de pastel.<\/p>\n<p>Enseguida les compartimos las mejores im\u00e1genes.<\/p>\n\n            <style type='text\/css'>\n                #gallery-1 {\n                    margin: auto;\n                }\n                #gallery-1 .gallery-item {\n                    float: left;\n                    margin-top: 10px;\n                    text-align: center;\n                    width: 33%;\n                }\n                #gallery-1 img {\n                    border: 2px solid #cfcfcf;\n                }\n                #gallery-1 .gallery-caption {\n                    margin-left: 0;\n                }\n                \/* see gallery_shortcode() in wp-includes\/media.php *\/\n            <\/style>\n\t\t<div id='gallery-1' class='gallery galleryid-65444 gallery-columns-3 gallery-size-thumbnail'><dl class='gallery-item'>\n                <dt class='gallery-icon landscape'>\n                    <a href='https:\/\/www.cetys.mx\/noticias\/celebran-el-55-con-la-comunidad-del-campus-tijuana\/1-17\/'><img loading=\"lazy\" decoding=\"async\" width=\"128\" height=\"85\" src=\"https:\/\/www.cetys.mx\/noticias\/wp-content\/uploads\/2016\/09\/17.jpg\" class=\"attachment-thumbnail size-thumbnail\" alt=\"\" \/><\/a>\n                <\/dt><\/dl><dl class='gallery-item'>\n                <dt class='gallery-icon landscape'>\n                    <a href='https:\/\/www.cetys.mx\/noticias\/celebran-el-55-con-la-comunidad-del-campus-tijuana\/3-9\/'><img loading=\"lazy\" decoding=\"async\" width=\"128\" height=\"85\" src=\"https:\/\/www.cetys.mx\/noticias\/wp-content\/uploads\/2016\/09\/34.jpg\" class=\"attachment-thumbnail size-thumbnail\" alt=\"\" \/><\/a>\n                <\/dt><\/dl><dl class='gallery-item'>\n                <dt class='gallery-icon landscape'>\n                    <a href='https:\/\/www.cetys.mx\/noticias\/celebran-el-55-con-la-comunidad-del-campus-tijuana\/4-9\/'><img loading=\"lazy\" decoding=\"async\" width=\"128\" height=\"85\" src=\"https:\/\/www.cetys.mx\/noticias\/wp-content\/uploads\/2016\/09\/44.jpg\" class=\"attachment-thumbnail size-thumbnail\" alt=\"\" \/><\/a>\n                <\/dt><\/dl><br style=\"clear: both\" \/><dl class='gallery-item'>\n                <dt class='gallery-icon landscape'>\n                    <a href='https:\/\/www.cetys.mx\/noticias\/celebran-el-55-con-la-comunidad-del-campus-tijuana\/5-8\/'><img loading=\"lazy\" decoding=\"async\" width=\"128\" height=\"85\" src=\"https:\/\/www.cetys.mx\/noticias\/wp-content\/uploads\/2016\/09\/52.jpg\" class=\"attachment-thumbnail size-thumbnail\" alt=\"\" \/><\/a>\n                <\/dt><\/dl><dl class='gallery-item'>\n                <dt class='gallery-icon landscape'>\n                    <a href='https:\/\/www.cetys.mx\/noticias\/celebran-el-55-con-la-comunidad-del-campus-tijuana\/6-10\/'><img loading=\"lazy\" decoding=\"async\" width=\"128\" height=\"85\" src=\"https:\/\/www.cetys.mx\/noticias\/wp-content\/uploads\/2016\/09\/64.jpg\" class=\"attachment-thumbnail size-thumbnail\" alt=\"\" \/><\/a>\n                <\/dt><\/dl><dl class='gallery-item'>\n                <dt class='gallery-icon landscape'>\n                    <a href='https:\/\/www.cetys.mx\/noticias\/celebran-el-55-con-la-comunidad-del-campus-tijuana\/7-7\/'><img loading=\"lazy\" decoding=\"async\" width=\"128\" height=\"85\" src=\"https:\/\/www.cetys.mx\/noticias\/wp-content\/uploads\/2016\/09\/71.jpg\" class=\"attachment-thumbnail size-thumbnail\" alt=\"\" \/><\/a>\n                <\/dt><\/dl><br style=\"clear: both\" \/><dl class='gallery-item'>\n                <dt class='gallery-icon landscape'>\n                    <a href='https:\/\/www.cetys.mx\/noticias\/celebran-el-55-con-la-comunidad-del-campus-tijuana\/8-7\/'><img loading=\"lazy\" decoding=\"async\" width=\"128\" height=\"85\" src=\"https:\/\/www.cetys.mx\/noticias\/wp-content\/uploads\/2016\/09\/82.jpg\" class=\"attachment-thumbnail size-thumbnail\" alt=\"\" \/><\/a>\n                <\/dt><\/dl><dl class='gallery-item'>\n                <dt class='gallery-icon landscape'>\n                    <a href='https:\/\/www.cetys.mx\/noticias\/celebran-el-55-con-la-comunidad-del-campus-tijuana\/9-7\/'><img loading=\"lazy\" decoding=\"async\" width=\"128\" height=\"85\" src=\"https:\/\/www.cetys.mx\/noticias\/wp-content\/uploads\/2016\/09\/92.jpg\" class=\"attachment-thumbnail size-thumbnail\" alt=\"\" \/><\/a>\n                <\/dt><\/dl><dl class='gallery-item'>\n                <dt class='gallery-icon landscape'>\n                    <a href='https:\/\/www.cetys.mx\/noticias\/celebran-el-55-con-la-comunidad-del-campus-tijuana\/11-5\/'><img loading=\"lazy\" decoding=\"async\" width=\"128\" height=\"85\" src=\"https:\/\/www.cetys.mx\/noticias\/wp-content\/uploads\/2016\/09\/111.jpg\" class=\"attachment-thumbnail size-thumbnail\" alt=\"\" \/><\/a>\n                <\/dt><\/dl><br style=\"clear: both\" \/><dl class='gallery-item'>\n                <dt class='gallery-icon landscape'>\n                    <a href='https:\/\/www.cetys.mx\/noticias\/celebran-el-55-con-la-comunidad-del-campus-tijuana\/12-5\/'><img loading=\"lazy\" decoding=\"async\" width=\"128\" height=\"85\" src=\"https:\/\/www.cetys.mx\/noticias\/wp-content\/uploads\/2016\/09\/121.jpg\" class=\"attachment-thumbnail size-thumbnail\" alt=\"\" \/><\/a>\n                <\/dt><\/dl><dl class='gallery-item'>\n                <dt class='gallery-icon landscape'>\n                    <a href='https:\/\/www.cetys.mx\/noticias\/celebran-el-55-con-la-comunidad-del-campus-tijuana\/13-3\/'><img loading=\"lazy\" decoding=\"async\" width=\"128\" height=\"85\" src=\"https:\/\/www.cetys.mx\/noticias\/wp-content\/uploads\/2016\/09\/131.jpg\" class=\"attachment-thumbnail size-thumbnail\" alt=\"\" \/><\/a>\n                <\/dt><\/dl><dl class='gallery-item'>\n                <dt class='gallery-icon landscape'>\n                    <a href='https:\/\/www.cetys.mx\/noticias\/celebran-el-55-con-la-comunidad-del-campus-tijuana\/attachment\/14\/'><img loading=\"lazy\" decoding=\"async\" width=\"128\" height=\"85\" src=\"https:\/\/www.cetys.mx\/noticias\/wp-content\/uploads\/2016\/09\/141.jpg\" class=\"attachment-thumbnail size-thumbnail\" alt=\"\" \/><\/a>\n                <\/dt><\/dl><br style=\"clear: both\" \/><dl class='gallery-item'>\n                <dt class='gallery-icon landscape'>\n                    <a href='https:\/\/www.cetys.mx\/noticias\/celebran-el-55-con-la-comunidad-del-campus-tijuana\/attachment\/15\/'><img loading=\"lazy\" decoding=\"async\" width=\"128\" height=\"85\" src=\"https:\/\/www.cetys.mx\/noticias\/wp-content\/uploads\/2016\/09\/151.jpg\" class=\"attachment-thumbnail size-thumbnail\" alt=\"\" \/><\/a>\n                <\/dt><\/dl><dl class='gallery-item'>\n                <dt class='gallery-icon landscape'>\n                    <a href='https:\/\/www.cetys.mx\/noticias\/celebran-el-55-con-la-comunidad-del-campus-tijuana\/attachment\/16\/'><img loading=\"lazy\" decoding=\"async\" width=\"128\" height=\"85\" src=\"https:\/\/www.cetys.mx\/noticias\/wp-content\/uploads\/2016\/09\/161.jpg\" class=\"attachment-thumbnail size-thumbnail\" alt=\"\" \/><\/a>\n                <\/dt><\/dl><dl class='gallery-item'>\n                <dt class='gallery-icon landscape'>\n                    <a href='https:\/\/www.cetys.mx\/noticias\/celebran-el-55-con-la-comunidad-del-campus-tijuana\/attachment\/17\/'><img loading=\"lazy\" decoding=\"async\" width=\"128\" height=\"85\" src=\"https:\/\/www.cetys.mx\/noticias\/wp-content\/uploads\/2016\/09\/171.jpg\" class=\"attachment-thumbnail size-thumbnail\" alt=\"\" \/><\/a>\n                <\/dt><\/dl><br style=\"clear: both\" \/><dl class='gallery-item'>\n                <dt class='gallery-icon landscape'>\n                    <a href='https:\/\/www.cetys.mx\/noticias\/celebran-el-55-con-la-comunidad-del-campus-tijuana\/attachment\/18\/'><img loading=\"lazy\" decoding=\"async\" width=\"128\" height=\"85\" src=\"https:\/\/www.cetys.mx\/noticias\/wp-content\/uploads\/2016\/09\/18.jpg\" class=\"attachment-thumbnail size-thumbnail\" alt=\"\" \/><\/a>\n                <\/dt><\/dl><dl class='gallery-item'>\n                <dt class='gallery-icon landscape'>\n                    <a href='https:\/\/www.cetys.mx\/noticias\/celebran-el-55-con-la-comunidad-del-campus-tijuana\/attachment\/19\/'><img loading=\"lazy\" decoding=\"async\" width=\"128\" height=\"85\" src=\"https:\/\/www.cetys.mx\/noticias\/wp-content\/uploads\/2016\/09\/19.jpg\" class=\"attachment-thumbnail size-thumbnail\" alt=\"\" \/><\/a>\n                <\/dt><\/dl><dl class='gallery-item'>\n                <dt class='gallery-icon landscape'>\n                    <a href='https:\/\/www.cetys.mx\/noticias\/celebran-el-55-con-la-comunidad-del-campus-tijuana\/attachment\/21\/'><img loading=\"lazy\" decoding=\"async\" width=\"128\" height=\"85\" src=\"https:\/\/www.cetys.mx\/noticias\/wp-content\/uploads\/2016\/09\/211.jpg\" class=\"attachment-thumbnail size-thumbnail\" alt=\"\" \/><\/a>\n                <\/dt><\/dl><br style=\"clear: both\" \/><dl class='gallery-item'>\n                <dt class='gallery-icon landscape'>\n                    <a href='https:\/\/www.cetys.mx\/noticias\/celebran-el-55-con-la-comunidad-del-campus-tijuana\/attachment\/22\/'><img loading=\"lazy\" decoding=\"async\" width=\"128\" height=\"85\" src=\"https:\/\/www.cetys.mx\/noticias\/wp-content\/uploads\/2016\/09\/221.jpg\" class=\"attachment-thumbnail size-thumbnail\" alt=\"\" \/><\/a>\n                <\/dt><\/dl><dl class='gallery-item'>\n                <dt class='gallery-icon landscape'>\n                    <a href='https:\/\/www.cetys.mx\/noticias\/celebran-el-55-con-la-comunidad-del-campus-tijuana\/attachment\/23\/'><img loading=\"lazy\" decoding=\"async\" width=\"128\" height=\"84\" src=\"https:\/\/www.cetys.mx\/noticias\/wp-content\/uploads\/2016\/09\/23.jpg\" class=\"attachment-thumbnail size-thumbnail\" alt=\"\" \/><\/a>\n                <\/dt><\/dl><dl class='gallery-item'>\n                <dt class='gallery-icon landscape'>\n                    <a href='https:\/\/www.cetys.mx\/noticias\/celebran-el-55-con-la-comunidad-del-campus-tijuana\/attachment\/24\/'><img loading=\"lazy\" decoding=\"async\" width=\"128\" height=\"85\" src=\"https:\/\/www.cetys.mx\/noticias\/wp-content\/uploads\/2016\/09\/24.jpg\" class=\"attachment-thumbnail size-thumbnail\" alt=\"\" \/><\/a>\n                <\/dt><\/dl><br style=\"clear: both\" \/><dl class='gallery-item'>\n                <dt class='gallery-icon landscape'>\n                    <a href='https:\/\/www.cetys.mx\/noticias\/celebran-el-55-con-la-comunidad-del-campus-tijuana\/attachment\/25\/'><img loading=\"lazy\" decoding=\"async\" width=\"128\" height=\"85\" src=\"https:\/\/www.cetys.mx\/noticias\/wp-content\/uploads\/2016\/09\/25.jpg\" class=\"attachment-thumbnail size-thumbnail\" alt=\"\" \/><\/a>\n                <\/dt><\/dl><dl class='gallery-item'>\n                <dt class='gallery-icon landscape'>\n                    <a href='https:\/\/www.cetys.mx\/noticias\/celebran-el-55-con-la-comunidad-del-campus-tijuana\/attachment\/26\/'><img loading=\"lazy\" decoding=\"async\" width=\"128\" height=\"85\" src=\"https:\/\/www.cetys.mx\/noticias\/wp-content\/uploads\/2016\/09\/26.jpg\" class=\"attachment-thumbnail size-thumbnail\" alt=\"\" \/><\/a>\n                <\/dt><\/dl><dl class='gallery-item'>\n                <dt class='gallery-icon landscape'>\n                    <a href='https:\/\/www.cetys.mx\/noticias\/celebran-el-55-con-la-comunidad-del-campus-tijuana\/27-1\/'><img loading=\"lazy\" decoding=\"async\" width=\"128\" height=\"85\" src=\"https:\/\/www.cetys.mx\/noticias\/wp-content\/uploads\/2016\/09\/27.1.jpg\" class=\"attachment-thumbnail size-thumbnail\" alt=\"\" \/><\/a>\n                <\/dt><\/dl><br style=\"clear: both\" \/><dl class='gallery-item'>\n                <dt class='gallery-icon landscape'>\n                    <a href='https:\/\/www.cetys.mx\/noticias\/celebran-el-55-con-la-comunidad-del-campus-tijuana\/attachment\/27\/'><img loading=\"lazy\" decoding=\"async\" width=\"128\" height=\"85\" src=\"https:\/\/www.cetys.mx\/noticias\/wp-content\/uploads\/2016\/09\/27.jpg\" class=\"attachment-thumbnail size-thumbnail\" alt=\"\" \/><\/a>\n                <\/dt><\/dl><dl class='gallery-item'>\n                <dt class='gallery-icon landscape'>\n                    <a href='https:\/\/www.cetys.mx\/noticias\/celebran-el-55-con-la-comunidad-del-campus-tijuana\/attachment\/28\/'><img loading=\"lazy\" decoding=\"async\" width=\"128\" height=\"85\" src=\"https:\/\/www.cetys.mx\/noticias\/wp-content\/uploads\/2016\/09\/28.jpg\" class=\"attachment-thumbnail size-thumbnail\" alt=\"\" \/><\/a>\n                <\/dt><\/dl><dl class='gallery-item'>\n                <dt class='gallery-icon landscape'>\n                    <a href='https:\/\/www.cetys.mx\/noticias\/celebran-el-55-con-la-comunidad-del-campus-tijuana\/attachment\/29\/'><img loading=\"lazy\" decoding=\"async\" width=\"128\" height=\"85\" src=\"https:\/\/www.cetys.mx\/noticias\/wp-content\/uploads\/2016\/09\/29.jpg\" class=\"attachment-thumbnail size-thumbnail\" alt=\"\" \/><\/a>\n                <\/dt><\/dl><br style=\"clear: both\" \/><dl class='gallery-item'>\n                <dt class='gallery-icon landscape'>\n                    <a href='https:\/\/www.cetys.mx\/noticias\/celebran-el-55-con-la-comunidad-del-campus-tijuana\/attachment\/30\/'><img loading=\"lazy\" decoding=\"async\" width=\"128\" height=\"85\" src=\"https:\/\/www.cetys.mx\/noticias\/wp-content\/uploads\/2016\/09\/30.jpg\" class=\"attachment-thumbnail size-thumbnail\" alt=\"\" \/><\/a>\n                <\/dt><\/dl><dl class='gallery-item'>\n                <dt class='gallery-icon landscape'>\n                    <a href='https:\/\/www.cetys.mx\/noticias\/celebran-el-55-con-la-comunidad-del-campus-tijuana\/attachment\/31\/'><img loading=\"lazy\" decoding=\"async\" width=\"128\" height=\"85\" src=\"https:\/\/www.cetys.mx\/noticias\/wp-content\/uploads\/2016\/09\/311.jpg\" class=\"attachment-thumbnail size-thumbnail\" alt=\"\" \/><\/a>\n                <\/dt><\/dl><dl class='gallery-item'>\n                <dt class='gallery-icon landscape'>\n                    <a href='https:\/\/www.cetys.mx\/noticias\/celebran-el-55-con-la-comunidad-del-campus-tijuana\/attachment\/32\/'><img loading=\"lazy\" decoding=\"async\" width=\"128\" height=\"85\" src=\"https:\/\/www.cetys.mx\/noticias\/wp-content\/uploads\/2016\/09\/321.jpg\" class=\"attachment-thumbnail size-thumbnail\" alt=\"\" \/><\/a>\n                <\/dt><\/dl><br style=\"clear: both\" \/><dl class='gallery-item'>\n                <dt class='gallery-icon landscape'>\n                    <a href='https:\/\/www.cetys.mx\/noticias\/celebran-el-55-con-la-comunidad-del-campus-tijuana\/attachment\/33\/'><img loading=\"lazy\" decoding=\"async\" width=\"128\" height=\"85\" src=\"https:\/\/www.cetys.mx\/noticias\/wp-content\/uploads\/2016\/09\/331.jpg\" class=\"attachment-thumbnail size-thumbnail\" alt=\"\" \/><\/a>\n                <\/dt><\/dl><dl class='gallery-item'>\n                <dt class='gallery-icon landscape'>\n                    <a href='https:\/\/www.cetys.mx\/noticias\/celebran-el-55-con-la-comunidad-del-campus-tijuana\/attachment\/34\/'><img loading=\"lazy\" decoding=\"async\" width=\"128\" height=\"85\" src=\"https:\/\/www.cetys.mx\/noticias\/wp-content\/uploads\/2016\/09\/341.jpg\" class=\"attachment-thumbnail size-thumbnail\" alt=\"\" \/><\/a>\n                <\/dt><\/dl><dl class='gallery-item'>\n                <dt class='gallery-icon landscape'>\n                    <a href='https:\/\/www.cetys.mx\/noticias\/celebran-el-55-con-la-comunidad-del-campus-tijuana\/attachment\/35\/'><img loading=\"lazy\" decoding=\"async\" width=\"128\" height=\"85\" src=\"https:\/\/www.cetys.mx\/noticias\/wp-content\/uploads\/2016\/09\/35.jpg\" class=\"attachment-thumbnail size-thumbnail\" alt=\"\" \/><\/a>\n                <\/dt><\/dl><br style=\"clear: both\" \/><dl class='gallery-item'>\n                <dt class='gallery-icon landscape'>\n                    <a href='https:\/\/www.cetys.mx\/noticias\/celebran-el-55-con-la-comunidad-del-campus-tijuana\/attachment\/36\/'><img loading=\"lazy\" decoding=\"async\" width=\"128\" height=\"85\" src=\"https:\/\/www.cetys.mx\/noticias\/wp-content\/uploads\/2016\/09\/36.jpg\" class=\"attachment-thumbnail size-thumbnail\" alt=\"\" \/><\/a>\n                <\/dt><\/dl><dl class='gallery-item'>\n                <dt class='gallery-icon landscape'>\n                    <a href='https:\/\/www.cetys.mx\/noticias\/celebran-el-55-con-la-comunidad-del-campus-tijuana\/attachment\/37\/'><img loading=\"lazy\" decoding=\"async\" width=\"128\" height=\"85\" src=\"https:\/\/www.cetys.mx\/noticias\/wp-content\/uploads\/2016\/09\/37.jpg\" class=\"attachment-thumbnail size-thumbnail\" alt=\"\" \/><\/a>\n                <\/dt><\/dl><dl class='gallery-item'>\n                <dt class='gallery-icon landscape'>\n                    <a href='https:\/\/www.cetys.mx\/noticias\/celebran-el-55-con-la-comunidad-del-campus-tijuana\/attachment\/38\/'><img loading=\"lazy\" decoding=\"async\" width=\"128\" height=\"85\" src=\"https:\/\/www.cetys.mx\/noticias\/wp-content\/uploads\/2016\/09\/38.jpg\" class=\"attachment-thumbnail size-thumbnail\" alt=\"\" \/><\/a>\n                <\/dt><\/dl><br style=\"clear: both\" \/><dl class='gallery-item'>\n                <dt class='gallery-icon landscape'>\n                    <a href='https:\/\/www.cetys.mx\/noticias\/celebran-el-55-con-la-comunidad-del-campus-tijuana\/attachment\/39\/'><img loading=\"lazy\" decoding=\"async\" width=\"128\" height=\"85\" src=\"https:\/\/www.cetys.mx\/noticias\/wp-content\/uploads\/2016\/09\/39.jpg\" class=\"attachment-thumbnail size-thumbnail\" alt=\"\" \/><\/a>\n                <\/dt><\/dl><dl class='gallery-item'>\n                <dt class='gallery-icon landscape'>\n                    <a href='https:\/\/www.cetys.mx\/noticias\/celebran-el-55-con-la-comunidad-del-campus-tijuana\/attachment\/40\/'><img loading=\"lazy\" decoding=\"async\" width=\"128\" height=\"85\" src=\"https:\/\/www.cetys.mx\/noticias\/wp-content\/uploads\/2016\/09\/40.jpg\" class=\"attachment-thumbnail size-thumbnail\" alt=\"\" \/><\/a>\n                <\/dt><\/dl><dl class='gallery-item'>\n                <dt class='gallery-icon landscape'>\n                    <a href='https:\/\/www.cetys.mx\/noticias\/celebran-el-55-con-la-comunidad-del-campus-tijuana\/attachment\/41\/'><img loading=\"lazy\" decoding=\"async\" width=\"128\" height=\"85\" src=\"https:\/\/www.cetys.mx\/noticias\/wp-content\/uploads\/2016\/09\/411.jpg\" class=\"attachment-thumbnail size-thumbnail\" alt=\"\" \/><\/a>\n                <\/dt><\/dl><br style=\"clear: both\" \/><dl class='gallery-item'>\n                <dt class='gallery-icon landscape'>\n                    <a href='https:\/\/www.cetys.mx\/noticias\/celebran-el-55-con-la-comunidad-del-campus-tijuana\/42-2\/'><img loading=\"lazy\" decoding=\"async\" width=\"128\" height=\"85\" src=\"https:\/\/www.cetys.mx\/noticias\/wp-content\/uploads\/2016\/09\/421.jpg\" class=\"attachment-thumbnail size-thumbnail\" alt=\"\" \/><\/a>\n                <\/dt><\/dl><dl class='gallery-item'>\n                <dt class='gallery-icon landscape'>\n                    <a href='https:\/\/www.cetys.mx\/noticias\/celebran-el-55-con-la-comunidad-del-campus-tijuana\/attachment\/43\/'><img loading=\"lazy\" decoding=\"async\" width=\"128\" height=\"85\" src=\"https:\/\/www.cetys.mx\/noticias\/wp-content\/uploads\/2016\/09\/431.jpg\" class=\"attachment-thumbnail size-thumbnail\" alt=\"\" \/><\/a>\n                <\/dt><\/dl><dl class='gallery-item'>\n                <dt class='gallery-icon landscape'>\n                    <a href='https:\/\/www.cetys.mx\/noticias\/celebran-el-55-con-la-comunidad-del-campus-tijuana\/attachment\/44\/'><img loading=\"lazy\" decoding=\"async\" width=\"128\" height=\"85\" src=\"https:\/\/www.cetys.mx\/noticias\/wp-content\/uploads\/2016\/09\/441.jpg\" class=\"attachment-thumbnail size-thumbnail\" alt=\"\" \/><\/a>\n                <\/dt><\/dl><br style=\"clear: both\" \/><dl class='gallery-item'>\n                <dt class='gallery-icon landscape'>\n                    <a href='https:\/\/www.cetys.mx\/noticias\/celebran-el-55-con-la-comunidad-del-campus-tijuana\/attachment\/45\/'><img loading=\"lazy\" decoding=\"async\" width=\"128\" height=\"85\" src=\"https:\/\/www.cetys.mx\/noticias\/wp-content\/uploads\/2016\/09\/45.jpg\" class=\"attachment-thumbnail size-thumbnail\" alt=\"\" \/><\/a>\n                <\/dt><\/dl><dl class='gallery-item'>\n                <dt class='gallery-icon landscape'>\n                    <a href='https:\/\/www.cetys.mx\/noticias\/celebran-el-55-con-la-comunidad-del-campus-tijuana\/attachment\/46\/'><img loading=\"lazy\" decoding=\"async\" width=\"128\" height=\"85\" src=\"https:\/\/www.cetys.mx\/noticias\/wp-content\/uploads\/2016\/09\/46.jpg\" class=\"attachment-thumbnail size-thumbnail\" alt=\"\" \/><\/a>\n                <\/dt><\/dl><dl class='gallery-item'>\n                <dt class='gallery-icon landscape'>\n                    <a href='https:\/\/www.cetys.mx\/noticias\/celebran-el-55-con-la-comunidad-del-campus-tijuana\/attachment\/47\/'><img loading=\"lazy\" decoding=\"async\" width=\"128\" height=\"85\" src=\"https:\/\/www.cetys.mx\/noticias\/wp-content\/uploads\/2016\/09\/47.jpg\" class=\"attachment-thumbnail size-thumbnail\" alt=\"\" \/><\/a>\n                <\/dt><\/dl><br style=\"clear: both\" \/><dl class='gallery-item'>\n                <dt class='gallery-icon landscape'>\n                    <a href='https:\/\/www.cetys.mx\/noticias\/celebran-el-55-con-la-comunidad-del-campus-tijuana\/attachment\/48\/'><img loading=\"lazy\" decoding=\"async\" width=\"128\" height=\"85\" src=\"https:\/\/www.cetys.mx\/noticias\/wp-content\/uploads\/2016\/09\/48.jpg\" class=\"attachment-thumbnail size-thumbnail\" alt=\"\" \/><\/a>\n                <\/dt><\/dl><dl class='gallery-item'>\n                <dt class='gallery-icon landscape'>\n                    <a href='https:\/\/www.cetys.mx\/noticias\/celebran-el-55-con-la-comunidad-del-campus-tijuana\/attachment\/49\/'><img loading=\"lazy\" decoding=\"async\" width=\"128\" height=\"85\" src=\"https:\/\/www.cetys.mx\/noticias\/wp-content\/uploads\/2016\/09\/49.jpg\" class=\"attachment-thumbnail size-thumbnail\" alt=\"\" \/><\/a>\n                <\/dt><\/dl><dl class='gallery-item'>\n                <dt class='gallery-icon landscape'>\n                    <a href='https:\/\/www.cetys.mx\/noticias\/celebran-el-55-con-la-comunidad-del-campus-tijuana\/attachment\/50\/'><img loading=\"lazy\" decoding=\"async\" width=\"128\" height=\"85\" src=\"https:\/\/www.cetys.mx\/noticias\/wp-content\/uploads\/2016\/09\/50.jpg\" class=\"attachment-thumbnail size-thumbnail\" alt=\"\" \/><\/a>\n                <\/dt><\/dl><br style=\"clear: both\" \/><dl class='gallery-item'>\n                <dt class='gallery-icon landscape'>\n                    <a href='https:\/\/www.cetys.mx\/noticias\/celebran-el-55-con-la-comunidad-del-campus-tijuana\/attachment\/51\/'><img loading=\"lazy\" decoding=\"async\" width=\"128\" height=\"85\" src=\"https:\/\/www.cetys.mx\/noticias\/wp-content\/uploads\/2016\/09\/511.jpg\" class=\"attachment-thumbnail size-thumbnail\" alt=\"\" \/><\/a>\n                <\/dt><\/dl><dl class='gallery-item'>\n                <dt class='gallery-icon landscape'>\n                    <a href='https:\/\/www.cetys.mx\/noticias\/celebran-el-55-con-la-comunidad-del-campus-tijuana\/attachment\/52\/'><img loading=\"lazy\" decoding=\"async\" width=\"128\" height=\"85\" src=\"https:\/\/www.cetys.mx\/noticias\/wp-content\/uploads\/2016\/09\/521.jpg\" class=\"attachment-thumbnail size-thumbnail\" alt=\"\" \/><\/a>\n                <\/dt><\/dl><dl class='gallery-item'>\n                <dt class='gallery-icon landscape'>\n                    <a href='https:\/\/www.cetys.mx\/noticias\/celebran-el-55-con-la-comunidad-del-campus-tijuana\/attachment\/53\/'><img loading=\"lazy\" decoding=\"async\" width=\"128\" height=\"85\" src=\"https:\/\/www.cetys.mx\/noticias\/wp-content\/uploads\/2016\/09\/53.jpg\" class=\"attachment-thumbnail size-thumbnail\" alt=\"\" \/><\/a>\n                <\/dt><\/dl><br style=\"clear: both\" \/><dl class='gallery-item'>\n                <dt class='gallery-icon landscape'>\n                    <a href='https:\/\/www.cetys.mx\/noticias\/celebran-el-55-con-la-comunidad-del-campus-tijuana\/attachment\/54\/'><img loading=\"lazy\" decoding=\"async\" width=\"128\" height=\"85\" src=\"https:\/\/www.cetys.mx\/noticias\/wp-content\/uploads\/2016\/09\/54.jpg\" class=\"attachment-thumbnail size-thumbnail\" alt=\"\" \/><\/a>\n                <\/dt><\/dl><dl class='gallery-item'>\n                <dt class='gallery-icon landscape'>\n                    <a href='https:\/\/www.cetys.mx\/noticias\/celebran-el-55-con-la-comunidad-del-campus-tijuana\/attachment\/55\/'><img loading=\"lazy\" decoding=\"async\" width=\"128\" height=\"85\" src=\"https:\/\/www.cetys.mx\/noticias\/wp-content\/uploads\/2016\/09\/55.jpg\" class=\"attachment-thumbnail size-thumbnail\" alt=\"\" \/><\/a>\n                <\/dt><\/dl><dl class='gallery-item'>\n                <dt class='gallery-icon landscape'>\n                    <a href='https:\/\/www.cetys.mx\/noticias\/celebran-el-55-con-la-comunidad-del-campus-tijuana\/attachment\/56\/'><img loading=\"lazy\" decoding=\"async\" width=\"128\" height=\"85\" src=\"https:\/\/www.cetys.mx\/noticias\/wp-content\/uploads\/2016\/09\/56.jpg\" class=\"attachment-thumbnail size-thumbnail\" alt=\"\" \/><\/a>\n                <\/dt><\/dl><br style=\"clear: both\" \/><dl class='gallery-item'>\n                <dt class='gallery-icon landscape'>\n                    <a href='https:\/\/www.cetys.mx\/noticias\/celebran-el-55-con-la-comunidad-del-campus-tijuana\/attachment\/57\/'><img loading=\"lazy\" decoding=\"async\" width=\"128\" height=\"85\" src=\"https:\/\/www.cetys.mx\/noticias\/wp-content\/uploads\/2016\/09\/57.jpg\" class=\"attachment-thumbnail size-thumbnail\" alt=\"\" \/><\/a>\n                <\/dt><\/dl><dl class='gallery-item'>\n                <dt class='gallery-icon landscape'>\n                    <a href='https:\/\/www.cetys.mx\/noticias\/celebran-el-55-con-la-comunidad-del-campus-tijuana\/attachment\/58\/'><img loading=\"lazy\" decoding=\"async\" width=\"128\" height=\"85\" src=\"https:\/\/www.cetys.mx\/noticias\/wp-content\/uploads\/2016\/09\/58.jpg\" class=\"attachment-thumbnail size-thumbnail\" alt=\"\" \/><\/a>\n                <\/dt><\/dl><dl class='gallery-item'>\n                <dt class='gallery-icon landscape'>\n                    <a href='https:\/\/www.cetys.mx\/noticias\/celebran-el-55-con-la-comunidad-del-campus-tijuana\/attachment\/59\/'><img loading=\"lazy\" decoding=\"async\" width=\"128\" height=\"85\" src=\"https:\/\/www.cetys.mx\/noticias\/wp-content\/uploads\/2016\/09\/59.jpg\" class=\"attachment-thumbnail size-thumbnail\" alt=\"\" \/><\/a>\n                <\/dt><\/dl><br style=\"clear: both\" \/><dl class='gallery-item'>\n                <dt class='gallery-icon landscape'>\n                    <a href='https:\/\/www.cetys.mx\/noticias\/celebran-el-55-con-la-comunidad-del-campus-tijuana\/attachment\/60\/'><img loading=\"lazy\" decoding=\"async\" width=\"128\" height=\"85\" src=\"https:\/\/www.cetys.mx\/noticias\/wp-content\/uploads\/2016\/09\/60.jpg\" class=\"attachment-thumbnail size-thumbnail\" alt=\"\" \/><\/a>\n                <\/dt><\/dl><dl class='gallery-item'>\n                <dt class='gallery-icon landscape'>\n                    <a href='https:\/\/www.cetys.mx\/noticias\/celebran-el-55-con-la-comunidad-del-campus-tijuana\/attachment\/61\/'><img loading=\"lazy\" decoding=\"async\" width=\"128\" height=\"85\" src=\"https:\/\/www.cetys.mx\/noticias\/wp-content\/uploads\/2016\/09\/611.jpg\" class=\"attachment-thumbnail size-thumbnail\" alt=\"\" \/><\/a>\n                <\/dt><\/dl><dl class='gallery-item'>\n                <dt class='gallery-icon landscape'>\n                    <a href='https:\/\/www.cetys.mx\/noticias\/celebran-el-55-con-la-comunidad-del-campus-tijuana\/attachment\/62\/'><img loading=\"lazy\" decoding=\"async\" width=\"128\" height=\"85\" src=\"https:\/\/www.cetys.mx\/noticias\/wp-content\/uploads\/2016\/09\/621.jpg\" class=\"attachment-thumbnail size-thumbnail\" alt=\"\" \/><\/a>\n                <\/dt><\/dl><br style=\"clear: both\" \/><dl class='gallery-item'>\n                <dt class='gallery-icon landscape'>\n                    <a href='https:\/\/www.cetys.mx\/noticias\/celebran-el-55-con-la-comunidad-del-campus-tijuana\/attachment\/63\/'><img loading=\"lazy\" decoding=\"async\" width=\"128\" height=\"85\" src=\"https:\/\/www.cetys.mx\/noticias\/wp-content\/uploads\/2016\/09\/631.jpg\" class=\"attachment-thumbnail size-thumbnail\" alt=\"\" \/><\/a>\n                <\/dt><\/dl><dl class='gallery-item'>\n                <dt class='gallery-icon landscape'>\n                    <a href='https:\/\/www.cetys.mx\/noticias\/celebran-el-55-con-la-comunidad-del-campus-tijuana\/attachment\/64\/'><img loading=\"lazy\" decoding=\"async\" width=\"128\" height=\"85\" src=\"https:\/\/www.cetys.mx\/noticias\/wp-content\/uploads\/2016\/09\/641.jpg\" class=\"attachment-thumbnail size-thumbnail\" alt=\"\" \/><\/a>\n                <\/dt><\/dl><dl class='gallery-item'>\n                <dt class='gallery-icon landscape'>\n                    <a href='https:\/\/www.cetys.mx\/noticias\/celebran-el-55-con-la-comunidad-del-campus-tijuana\/attachment\/65\/'><img loading=\"lazy\" decoding=\"async\" width=\"128\" height=\"85\" src=\"https:\/\/www.cetys.mx\/noticias\/wp-content\/uploads\/2016\/09\/65.jpg\" class=\"attachment-thumbnail size-thumbnail\" alt=\"\" \/><\/a>\n                <\/dt><\/dl><br style=\"clear: both\" \/><dl class='gallery-item'>\n                <dt class='gallery-icon landscape'>\n                    <a href='https:\/\/www.cetys.mx\/noticias\/celebran-el-55-con-la-comunidad-del-campus-tijuana\/attachment\/66\/'><img loading=\"lazy\" decoding=\"async\" width=\"128\" height=\"85\" src=\"https:\/\/www.cetys.mx\/noticias\/wp-content\/uploads\/2016\/09\/66.jpg\" class=\"attachment-thumbnail size-thumbnail\" alt=\"\" \/><\/a>\n                <\/dt><\/dl><dl class='gallery-item'>\n                <dt class='gallery-icon landscape'>\n                    <a href='https:\/\/www.cetys.mx\/noticias\/celebran-el-55-con-la-comunidad-del-campus-tijuana\/attachment\/67\/'><img loading=\"lazy\" decoding=\"async\" width=\"128\" height=\"85\" src=\"https:\/\/www.cetys.mx\/noticias\/wp-content\/uploads\/2016\/09\/67.jpg\" class=\"attachment-thumbnail size-thumbnail\" alt=\"\" \/><\/a>\n                <\/dt><\/dl><dl class='gallery-item'>\n                <dt class='gallery-icon landscape'>\n                    <a href='https:\/\/www.cetys.mx\/noticias\/celebran-el-55-con-la-comunidad-del-campus-tijuana\/attachment\/68\/'><img loading=\"lazy\" decoding=\"async\" width=\"128\" height=\"85\" src=\"https:\/\/www.cetys.mx\/noticias\/wp-content\/uploads\/2016\/09\/68.jpg\" class=\"attachment-thumbnail size-thumbnail\" alt=\"\" \/><\/a>\n                <\/dt><\/dl><br style=\"clear: both\" \/><dl class='gallery-item'>\n                <dt class='gallery-icon landscape'>\n                    <a href='https:\/\/www.cetys.mx\/noticias\/celebran-el-55-con-la-comunidad-del-campus-tijuana\/attachment\/69\/'><img loading=\"lazy\" decoding=\"async\" width=\"128\" height=\"85\" src=\"https:\/\/www.cetys.mx\/noticias\/wp-content\/uploads\/2016\/09\/69.jpg\" class=\"attachment-thumbnail size-thumbnail\" alt=\"\" \/><\/a>\n                <\/dt><\/dl><dl class='gallery-item'>\n                <dt class='gallery-icon landscape'>\n                    <a href='https:\/\/www.cetys.mx\/noticias\/celebran-el-55-con-la-comunidad-del-campus-tijuana\/attachment\/70\/'><img loading=\"lazy\" decoding=\"async\" width=\"128\" height=\"85\" src=\"https:\/\/www.cetys.mx\/noticias\/wp-content\/uploads\/2016\/09\/70.jpg\" class=\"attachment-thumbnail size-thumbnail\" alt=\"\" \/><\/a>\n                <\/dt><\/dl>\n                <br style='clear: both' \/>\n            <\/div>\n\n","protected":false},"excerpt":{"rendered":"<p>Desde el pasado martes 20 de septiembre CETYS Universidad inici\u00f3 una jornada de celebraciones en sus tres campus, el jueves 22 fue&#8230;<\/p>\n","protected":false},"author":24,"featured_media":65486,"comment_status":"open","ping_status":"open","sticky":false,"template":"","format":"gallery","meta":{"footnotes":""},"categories":[143],"tags":[983,285,328,138,92,176,226],"class_list":["post-65444","post","type-post","status-publish","format-gallery","has-post-thumbnail","hentry","category-galeria","tag-cetys55","tag-alumnos","tag-campustijuana","tag-cetys","tag-preparatoria","tag-profesional","tag-tijuana","post_format-post-format-gallery"],"yoast_head":"<!-- This site is optimized with the Yoast SEO plugin v27.4 - https:\/\/yoast.com\/product\/yoast-seo-wordpress\/ -->\n<title>Celebran el 55 con la Comunidad del Campus Tijuana - CETYS<\/title>\n<meta name=\"description\" content=\"Articulo sobre Celebran el 55 con la Comunidad del Campus Tijuana\" \/>\n<meta name=\"robots\" content=\"index, follow, max-snippet:-1, max-image-preview:large, max-video-preview:-1\" \/>\n<link rel=\"canonical\" href=\"https:\/\/www.cetys.mx\/noticias\/celebran-el-55-con-la-comunidad-del-campus-tijuana\/\" \/>\n<meta property=\"og:locale\" content=\"es_MX\" \/>\n<meta property=\"og:type\" content=\"article\" \/>\n<meta property=\"og:title\" content=\"Celebran el 55 con la Comunidad del Campus Tijuana - CETYS\" \/>\n<meta property=\"og:description\" content=\"Articulo sobre Celebran el 55 con la Comunidad del Campus Tijuana\" \/>\n<meta property=\"og:url\" content=\"https:\/\/www.cetys.mx\/noticias\/celebran-el-55-con-la-comunidad-del-campus-tijuana\/\" \/>\n<meta property=\"og:site_name\" content=\"CETYS\" \/>\n<meta property=\"article:publisher\" content=\"https:\/\/www.facebook.com\/cetysuniversidadmxl\/\" \/>\n<meta property=\"article:published_time\" content=\"2016-09-23T17:53:22+00:00\" \/>\n<meta property=\"article:modified_time\" content=\"2016-09-23T22:21:45+00:00\" \/>\n<meta property=\"og:image\" content=\"https:\/\/www.cetys.mx\/noticias\/wp-content\/uploads\/2016\/09\/441.jpg\" \/>\n\t<meta property=\"og:image:width\" content=\"958\" \/>\n\t<meta property=\"og:image:height\" content=\"637\" \/>\n\t<meta property=\"og:image:type\" content=\"image\/jpeg\" \/>\n<meta name=\"author\" content=\"Campus Tijuana\" \/>\n<meta name=\"twitter:card\" content=\"summary_large_image\" \/>\n<meta name=\"twitter:creator\" content=\"@cetysuni\" \/>\n<meta name=\"twitter:site\" content=\"@cetysuni\" \/>\n<meta name=\"twitter:label1\" content=\"Escrito por\" \/>\n\t<meta name=\"twitter:data1\" content=\"Campus Tijuana\" \/>\n<script type=\"application\/ld+json\" class=\"yoast-schema-graph\">{\"@context\":\"https:\\\/\\\/schema.org\",\"@graph\":[{\"@type\":\"Article\",\"@id\":\"https:\\\/\\\/www.cetys.mx\\\/noticias\\\/celebran-el-55-con-la-comunidad-del-campus-tijuana\\\/#article\",\"isPartOf\":{\"@id\":\"https:\\\/\\\/www.cetys.mx\\\/noticias\\\/celebran-el-55-con-la-comunidad-del-campus-tijuana\\\/\"},\"author\":{\"name\":\"Campus Tijuana\",\"@id\":\"https:\\\/\\\/www.cetys.mx\\\/noticias\\\/#\\\/schema\\\/person\\\/e790051ce60e18ae47cfa87011c8653f\"},\"headline\":\"Celebran el 55 con la Comunidad del Campus Tijuana\",\"datePublished\":\"2016-09-23T17:53:22+00:00\",\"dateModified\":\"2016-09-23T22:21:45+00:00\",\"mainEntityOfPage\":{\"@id\":\"https:\\\/\\\/www.cetys.mx\\\/noticias\\\/celebran-el-55-con-la-comunidad-del-campus-tijuana\\\/\"},\"wordCount\":102,\"commentCount\":0,\"image\":{\"@id\":\"https:\\\/\\\/www.cetys.mx\\\/noticias\\\/celebran-el-55-con-la-comunidad-del-campus-tijuana\\\/#primaryimage\"},\"thumbnailUrl\":\"https:\\\/\\\/www.cetys.mx\\\/noticias\\\/wp-content\\\/uploads\\\/2016\\\/09\\\/441.jpg\",\"keywords\":[\"#CETYS55\",\"Alumnos\",\"campustijuana\",\"Cetys\",\"Preparatoria\",\"profesional\",\"tijuana\"],\"articleSection\":[\"Galer\u00eda\"],\"inLanguage\":\"es\",\"potentialAction\":[{\"@type\":\"CommentAction\",\"name\":\"Comment\",\"target\":[\"https:\\\/\\\/www.cetys.mx\\\/noticias\\\/celebran-el-55-con-la-comunidad-del-campus-tijuana\\\/#respond\"]}]},{\"@type\":\"WebPage\",\"@id\":\"https:\\\/\\\/www.cetys.mx\\\/noticias\\\/celebran-el-55-con-la-comunidad-del-campus-tijuana\\\/\",\"url\":\"https:\\\/\\\/www.cetys.mx\\\/noticias\\\/celebran-el-55-con-la-comunidad-del-campus-tijuana\\\/\",\"name\":\"Celebran el 55 con la Comunidad del Campus Tijuana - CETYS\",\"isPartOf\":{\"@id\":\"https:\\\/\\\/www.cetys.mx\\\/noticias\\\/#website\"},\"primaryImageOfPage\":{\"@id\":\"https:\\\/\\\/www.cetys.mx\\\/noticias\\\/celebran-el-55-con-la-comunidad-del-campus-tijuana\\\/#primaryimage\"},\"image\":{\"@id\":\"https:\\\/\\\/www.cetys.mx\\\/noticias\\\/celebran-el-55-con-la-comunidad-del-campus-tijuana\\\/#primaryimage\"},\"thumbnailUrl\":\"https:\\\/\\\/www.cetys.mx\\\/noticias\\\/wp-content\\\/uploads\\\/2016\\\/09\\\/441.jpg\",\"datePublished\":\"2016-09-23T17:53:22+00:00\",\"dateModified\":\"2016-09-23T22:21:45+00:00\",\"author\":{\"@id\":\"https:\\\/\\\/www.cetys.mx\\\/noticias\\\/#\\\/schema\\\/person\\\/e790051ce60e18ae47cfa87011c8653f\"},\"description\":\"Articulo sobre Celebran el 55 con la Comunidad del Campus Tijuana\",\"breadcrumb\":{\"@id\":\"https:\\\/\\\/www.cetys.mx\\\/noticias\\\/celebran-el-55-con-la-comunidad-del-campus-tijuana\\\/#breadcrumb\"},\"inLanguage\":\"es\",\"potentialAction\":[{\"@type\":\"ReadAction\",\"target\":[\"https:\\\/\\\/www.cetys.mx\\\/noticias\\\/celebran-el-55-con-la-comunidad-del-campus-tijuana\\\/\"]}]},{\"@type\":\"ImageObject\",\"inLanguage\":\"es\",\"@id\":\"https:\\\/\\\/www.cetys.mx\\\/noticias\\\/celebran-el-55-con-la-comunidad-del-campus-tijuana\\\/#primaryimage\",\"url\":\"https:\\\/\\\/www.cetys.mx\\\/noticias\\\/wp-content\\\/uploads\\\/2016\\\/09\\\/441.jpg\",\"contentUrl\":\"https:\\\/\\\/www.cetys.mx\\\/noticias\\\/wp-content\\\/uploads\\\/2016\\\/09\\\/441.jpg\",\"width\":958,\"height\":637},{\"@type\":\"BreadcrumbList\",\"@id\":\"https:\\\/\\\/www.cetys.mx\\\/noticias\\\/celebran-el-55-con-la-comunidad-del-campus-tijuana\\\/#breadcrumb\",\"itemListElement\":[{\"@type\":\"ListItem\",\"position\":1,\"name\":\"Inicio\",\"item\":\"https:\\\/\\\/www.cetys.mx\\\/noticias\\\/\"},{\"@type\":\"ListItem\",\"position\":2,\"name\":\"Celebran el 55 con la Comunidad del Campus Tijuana\"}]},{\"@type\":\"WebSite\",\"@id\":\"https:\\\/\\\/www.cetys.mx\\\/noticias\\\/#website\",\"url\":\"https:\\\/\\\/www.cetys.mx\\\/noticias\\\/\",\"name\":\"CETYS\",\"description\":\"\",\"potentialAction\":[{\"@type\":\"SearchAction\",\"target\":{\"@type\":\"EntryPoint\",\"urlTemplate\":\"https:\\\/\\\/www.cetys.mx\\\/noticias\\\/?s={search_term_string}\"},\"query-input\":{\"@type\":\"PropertyValueSpecification\",\"valueRequired\":true,\"valueName\":\"search_term_string\"}}],\"inLanguage\":\"es\"},{\"@type\":\"Person\",\"@id\":\"https:\\\/\\\/www.cetys.mx\\\/noticias\\\/#\\\/schema\\\/person\\\/e790051ce60e18ae47cfa87011c8653f\",\"name\":\"Campus Tijuana\",\"url\":\"https:\\\/\\\/www.cetys.mx\\\/noticias\\\/author\\\/campustijuana\\\/\"}]}<\/script>\n<!-- \/ Yoast SEO plugin. -->","yoast_head_json":{"title":"Celebran el 55 con la Comunidad del Campus Tijuana - CETYS","description":"Articulo sobre Celebran el 55 con la Comunidad del Campus Tijuana","robots":{"index":"index","follow":"follow","max-snippet":"max-snippet:-1","max-image-preview":"max-image-preview:large","max-video-preview":"max-video-preview:-1"},"canonical":"https:\/\/www.cetys.mx\/noticias\/celebran-el-55-con-la-comunidad-del-campus-tijuana\/","og_locale":"es_MX","og_type":"article","og_title":"Celebran el 55 con la Comunidad del Campus Tijuana - CETYS","og_description":"Articulo sobre Celebran el 55 con la Comunidad del Campus Tijuana","og_url":"https:\/\/www.cetys.mx\/noticias\/celebran-el-55-con-la-comunidad-del-campus-tijuana\/","og_site_name":"CETYS","article_publisher":"https:\/\/www.facebook.com\/cetysuniversidadmxl\/","article_published_time":"2016-09-23T17:53:22+00:00","article_modified_time":"2016-09-23T22:21:45+00:00","og_image":[{"width":958,"height":637,"url":"https:\/\/www.cetys.mx\/noticias\/wp-content\/uploads\/2016\/09\/441.jpg","type":"image\/jpeg"}],"author":"Campus Tijuana","twitter_card":"summary_large_image","twitter_creator":"@cetysuni","twitter_site":"@cetysuni","twitter_misc":{"Escrito por":"Campus Tijuana"},"schema":{"@context":"https:\/\/schema.org","@graph":[{"@type":"Article","@id":"https:\/\/www.cetys.mx\/noticias\/celebran-el-55-con-la-comunidad-del-campus-tijuana\/#article","isPartOf":{"@id":"https:\/\/www.cetys.mx\/noticias\/celebran-el-55-con-la-comunidad-del-campus-tijuana\/"},"author":{"name":"Campus Tijuana","@id":"https:\/\/www.cetys.mx\/noticias\/#\/schema\/person\/e790051ce60e18ae47cfa87011c8653f"},"headline":"Celebran el 55 con la Comunidad del Campus Tijuana","datePublished":"2016-09-23T17:53:22+00:00","dateModified":"2016-09-23T22:21:45+00:00","mainEntityOfPage":{"@id":"https:\/\/www.cetys.mx\/noticias\/celebran-el-55-con-la-comunidad-del-campus-tijuana\/"},"wordCount":102,"commentCount":0,"image":{"@id":"https:\/\/www.cetys.mx\/noticias\/celebran-el-55-con-la-comunidad-del-campus-tijuana\/#primaryimage"},"thumbnailUrl":"https:\/\/www.cetys.mx\/noticias\/wp-content\/uploads\/2016\/09\/441.jpg","keywords":["#CETYS55","Alumnos","campustijuana","Cetys","Preparatoria","profesional","tijuana"],"articleSection":["Galer\u00eda"],"inLanguage":"es","potentialAction":[{"@type":"CommentAction","name":"Comment","target":["https:\/\/www.cetys.mx\/noticias\/celebran-el-55-con-la-comunidad-del-campus-tijuana\/#respond"]}]},{"@type":"WebPage","@id":"https:\/\/www.cetys.mx\/noticias\/celebran-el-55-con-la-comunidad-del-campus-tijuana\/","url":"https:\/\/www.cetys.mx\/noticias\/celebran-el-55-con-la-comunidad-del-campus-tijuana\/","name":"Celebran el 55 con la Comunidad del Campus Tijuana - CETYS","isPartOf":{"@id":"https:\/\/www.cetys.mx\/noticias\/#website"},"primaryImageOfPage":{"@id":"https:\/\/www.cetys.mx\/noticias\/celebran-el-55-con-la-comunidad-del-campus-tijuana\/#primaryimage"},"image":{"@id":"https:\/\/www.cetys.mx\/noticias\/celebran-el-55-con-la-comunidad-del-campus-tijuana\/#primaryimage"},"thumbnailUrl":"https:\/\/www.cetys.mx\/noticias\/wp-content\/uploads\/2016\/09\/441.jpg","datePublished":"2016-09-23T17:53:22+00:00","dateModified":"2016-09-23T22:21:45+00:00","author":{"@id":"https:\/\/www.cetys.mx\/noticias\/#\/schema\/person\/e790051ce60e18ae47cfa87011c8653f"},"description":"Articulo sobre Celebran el 55 con la Comunidad del Campus Tijuana","breadcrumb":{"@id":"https:\/\/www.cetys.mx\/noticias\/celebran-el-55-con-la-comunidad-del-campus-tijuana\/#breadcrumb"},"inLanguage":"es","potentialAction":[{"@type":"ReadAction","target":["https:\/\/www.cetys.mx\/noticias\/celebran-el-55-con-la-comunidad-del-campus-tijuana\/"]}]},{"@type":"ImageObject","inLanguage":"es","@id":"https:\/\/www.cetys.mx\/noticias\/celebran-el-55-con-la-comunidad-del-campus-tijuana\/#primaryimage","url":"https:\/\/www.cetys.mx\/noticias\/wp-content\/uploads\/2016\/09\/441.jpg","contentUrl":"https:\/\/www.cetys.mx\/noticias\/wp-content\/uploads\/2016\/09\/441.jpg","width":958,"height":637},{"@type":"BreadcrumbList","@id":"https:\/\/www.cetys.mx\/noticias\/celebran-el-55-con-la-comunidad-del-campus-tijuana\/#breadcrumb","itemListElement":[{"@type":"ListItem","position":1,"name":"Inicio","item":"https:\/\/www.cetys.mx\/noticias\/"},{"@type":"ListItem","position":2,"name":"Celebran el 55 con la Comunidad del Campus Tijuana"}]},{"@type":"WebSite","@id":"https:\/\/www.cetys.mx\/noticias\/#website","url":"https:\/\/www.cetys.mx\/noticias\/","name":"CETYS","description":"","potentialAction":[{"@type":"SearchAction","target":{"@type":"EntryPoint","urlTemplate":"https:\/\/www.cetys.mx\/noticias\/?s={search_term_string}"},"query-input":{"@type":"PropertyValueSpecification","valueRequired":true,"valueName":"search_term_string"}}],"inLanguage":"es"},{"@type":"Person","@id":"https:\/\/www.cetys.mx\/noticias\/#\/schema\/person\/e790051ce60e18ae47cfa87011c8653f","name":"Campus Tijuana","url":"https:\/\/www.cetys.mx\/noticias\/author\/campustijuana\/"}]}},"_links":{"self":[{"href":"https:\/\/www.cetys.mx\/noticias\/wp-json\/wp\/v2\/posts\/65444","targetHints":{"allow":["GET"]}}],"collection":[{"href":"https:\/\/www.cetys.mx\/noticias\/wp-json\/wp\/v2\/posts"}],"about":[{"href":"https:\/\/www.cetys.mx\/noticias\/wp-json\/wp\/v2\/types\/post"}],"author":[{"embeddable":true,"href":"https:\/\/www.cetys.mx\/noticias\/wp-json\/wp\/v2\/users\/24"}],"replies":[{"embeddable":true,"href":"https:\/\/www.cetys.mx\/noticias\/wp-json\/wp\/v2\/comments?post=65444"}],"version-history":[{"count":0,"href":"https:\/\/www.cetys.mx\/noticias\/wp-json\/wp\/v2\/posts\/65444\/revisions"}],"wp:featuredmedia":[{"embeddable":true,"href":"https:\/\/www.cetys.mx\/noticias\/wp-json\/wp\/v2\/media\/65486"}],"wp:attachment":[{"href":"https:\/\/www.cetys.mx\/noticias\/wp-json\/wp\/v2\/media?parent=65444"}],"wp:term":[{"taxonomy":"category","embeddable":true,"href":"https:\/\/www.cetys.mx\/noticias\/wp-json\/wp\/v2\/categories?post=65444"},{"taxonomy":"post_tag","embeddable":true,"href":"https:\/\/www.cetys.mx\/noticias\/wp-json\/wp\/v2\/tags?post=65444"}],"curies":[{"name":"wp","href":"https:\/\/api.w.org\/{rel}","templated":true}]}}