{"id":65277,"date":"2016-09-23T09:52:27","date_gmt":"2016-09-23T16:52:27","guid":{"rendered":"http:\/\/www.cetys.mx\/noticias\/?p=65277"},"modified":"2016-09-23T19:20:21","modified_gmt":"2016-09-24T02:20:21","slug":"vamos-por-nuestro-primer-centenario","status":"publish","type":"post","link":"https:\/\/www.cetys.mx\/noticias\/vamos-por-nuestro-primer-centenario\/","title":{"rendered":"\u00a1Vamos por nuestro primer centenario!"},"content":{"rendered":"<p>Nacimos un 20 de septiembre de 1961. En este 2016, CETYS Universidad cumple 55 a\u00f1os de vida y lo hemos festejado en grande en cada una de nuestras sedes.<\/p>\n<p><script src=\"\/\/platform.twitter.com\/widgets.js\" async=\"\" type=\"mce-no\/type\" charset=\"utf-8\"><\/script><\/p>\n<p><a href=\"https:\/\/www.cetys.mx\/noticias\/wp-content\/uploads\/2016\/09\/Dr-Fernando-Leon-Garcia.jpg\"><img loading=\"lazy\" decoding=\"async\" class=\"wp-image-65279 alignleft\" src=\"https:\/\/www.cetys.mx\/noticias\/wp-content\/uploads\/2016\/09\/Dr-Fernando-Leon-Garcia.jpg\" alt=\"Dr. Fernando Le\u00f3n Garc\u00eda\" width=\"259\" height=\"172\" \/><\/a><\/p>\n<p>Este martes, en Campus Mexicali tuvimos la ceremonia oficial donde se dieron cita autoridades de gobierno y diversas personalidades de instituciones educativas nacionales e internacionales.<\/p>\n<blockquote><p>&#8220;El desarrollo del Noroeste del pa\u00eds no podr\u00eda explicarse sin las contribuciones de los egresados de CETYS&#8221; &#8211;<em>Mtro. Jos\u00e9 Aguirre V\u00e1zquez<\/em>, Representante de la ANUIES.<\/p><\/blockquote>\n<p><a href=\"https:\/\/www.cetys.mx\/noticias\/wp-content\/uploads\/2016\/09\/Alumnos-en-el-55-aniversario.jpg\"><img loading=\"lazy\" decoding=\"async\" class=\" wp-image-65280 alignright\" src=\"https:\/\/www.cetys.mx\/noticias\/wp-content\/uploads\/2016\/09\/Alumnos-en-el-55-aniversario.jpg\" alt=\"Alumnos en el 55 aniversario\" width=\"332\" height=\"226\" \/><\/a>Para el mi\u00e9rcoles y jueves, las celebraciones acontecieron en nuestros planteles de Ensenada y Tijuana, respectivamente. \u00a0En todas, se ha coincido en que la <strong>pasi\u00f3n<\/strong> ha trascendido en esta trayectoria institucional que supera ya las 5 d\u00e9cadas. <a href=\"https:\/\/www.cetys.mx\/noticias\/wp-content\/uploads\/2016\/09\/22.jpg\"><img loading=\"lazy\" decoding=\"async\" class=\"wp-image-65266 alignleft\" src=\"https:\/\/www.cetys.mx\/noticias\/wp-content\/uploads\/2016\/09\/22.jpg\" alt=\"\" width=\"177\" height=\"266\" \/><\/a><\/p>\n<p>La pr\u00f3xima meta: <strong>Ser la mejor instituci\u00f3n en Latinoam\u00e9rica en MBA con enfoque a Emprendimiento y en Ingenier\u00eda con enfoque a Innovaci\u00f3n y Dise\u00f1o.<\/strong><\/p>\n<blockquote><p>\u00a0\u201cFortaleciendo la educaci\u00f3n de los j\u00f3venes, se crea un mejor futuro para la sociedad que queremos. <strong>Somos una familia, la familia CETYS\u201d<\/strong> &#8211;<em> Lic. <\/em><em>Juan Ignacio Guajardo<\/em>, Presidente del <strong>IENAC.<\/strong><\/p><\/blockquote>\n<p>&nbsp;<\/p>\n<h2><\/h2>\n<h2><\/h2>\n<h2><strong>5 motivos de orgullo de CETYS Universidad<br \/>\n<\/strong><\/h2>\n<ol>\n<li>Nace en <strong>Baja California<\/strong>, por un grupo de empresarios visionarios.<\/li>\n<li>La matr\u00edcula inicial fue de 52 <strong>alumnos<\/strong>, en este 2016-2 asciende a<strong> 7,500<\/strong>.<\/li>\n<li>La comunidad <a href=\"https:\/\/www.cetys.mx\/alumni\/\" target=\"_blank\"><strong>Alumni<\/strong> <\/a>sobrepasa los<strong> 35,000<\/strong> integrantes.<\/li>\n<li>\u00danica universidad en M\u00e9xico con acreditaci\u00f3n internacional\u00a0 por la <strong><a href=\"https:\/\/www.cetys.mx\/377-acreditacion-internacional\/\" target=\"_blank\">Western Association of Schools and Colleges (WASC).<\/a><\/strong><\/li>\n<li>Ha hecho suyo el reto de llevar a la <strong>regi\u00f3n<\/strong> a ser uno de los 10 <strong>polos de atracci\u00f3n<\/strong> de talento a nivel mundial.<\/li>\n<\/ol>\n<p>Revive los mejores momentos de este hecho hist\u00f3rico en nuestras galer\u00edas:<\/p>\n<ul>\n<ul>\n<ul>\n<ul>\n<li><a href=\"https:\/\/www.cetys.mx\/noticias\/celebracion-del-55-aniversario-de-cetys\/\">Celebraci\u00f3n en Campus Mexicali <\/a><\/li>\n<li><a href=\"https:\/\/www.cetys.mx\/noticias\/65418-2\/\">Celebraci\u00f3n en Campus Ensenada<\/a><\/li>\n<li><a href=\"https:\/\/www.cetys.mx\/noticias\/celebran-el-55-con-la-comunidad-del-campus-tijuana\/\" target=\"_blank\">Celebraci\u00f3n en Campus Tijuana<\/a><\/li>\n<\/ul>\n<\/ul>\n<\/ul>\n<\/ul>\n<p>&nbsp;<\/p>\n<p>&nbsp;<\/p>\n","protected":false},"excerpt":{"rendered":"<p>Nacimos un 20 de septiembre de 1961. En este 2016, CETYS Universidad cumple 55 a\u00f1os de vida y lo hemos festejado en&#8230;<\/p>\n","protected":false},"author":26,"featured_media":65573,"comment_status":"open","ping_status":"open","sticky":false,"template":"","format":"standard","meta":{"footnotes":""},"categories":[982,125,299,313],"tags":[983,1097,1098,416,138,1095,1054,1099],"class_list":["post-65277","post","type-post","status-publish","format-standard","has-post-thumbnail","hentry","category-55-aniversario","category-portada","category-sistema","category-vocetys-2","tag-cetys55","tag-orgullo-cetys","tag-55-aniversario","tag-calidad","tag-cetys","tag-educacion-superior","tag-pasion","tag-vocetys-top-2016-09-23"],"yoast_head":"<!-- This site is optimized with the Yoast SEO plugin v27.4 - https:\/\/yoast.com\/product\/yoast-seo-wordpress\/ -->\n<title>\u00a1Vamos por nuestro primer centenario! - CETYS<\/title>\n<meta name=\"description\" content=\"Articulo sobre \u00a1Vamos por nuestro primer centenario!\" \/>\n<meta name=\"robots\" content=\"index, follow, max-snippet:-1, max-image-preview:large, max-video-preview:-1\" \/>\n<link rel=\"canonical\" href=\"https:\/\/www.cetys.mx\/noticias\/vamos-por-nuestro-primer-centenario\/\" \/>\n<meta property=\"og:locale\" content=\"es_MX\" \/>\n<meta property=\"og:type\" content=\"article\" \/>\n<meta property=\"og:title\" content=\"\u00a1Vamos por nuestro primer centenario! - CETYS\" \/>\n<meta property=\"og:description\" content=\"Articulo sobre \u00a1Vamos por nuestro primer centenario!\" \/>\n<meta property=\"og:url\" content=\"https:\/\/www.cetys.mx\/noticias\/vamos-por-nuestro-primer-centenario\/\" \/>\n<meta property=\"og:site_name\" content=\"CETYS\" \/>\n<meta property=\"article:publisher\" content=\"https:\/\/www.facebook.com\/cetysuniversidadmxl\/\" \/>\n<meta property=\"article:published_time\" content=\"2016-09-23T16:52:27+00:00\" \/>\n<meta property=\"article:modified_time\" content=\"2016-09-24T02:20:21+00:00\" \/>\n<meta property=\"og:image\" content=\"https:\/\/www.cetys.mx\/noticias\/wp-content\/uploads\/2016\/09\/ImagenPortalInf_2-02.jpg\" \/>\n\t<meta property=\"og:image:width\" content=\"959\" \/>\n\t<meta property=\"og:image:height\" content=\"638\" \/>\n\t<meta property=\"og:image:type\" content=\"image\/jpeg\" \/>\n<meta name=\"author\" content=\"CETYS Institucional\" \/>\n<meta name=\"twitter:card\" content=\"summary_large_image\" \/>\n<meta name=\"twitter:creator\" content=\"@cetysuni\" \/>\n<meta name=\"twitter:site\" content=\"@cetysuni\" \/>\n<meta name=\"twitter:label1\" content=\"Escrito por\" \/>\n\t<meta name=\"twitter:data1\" content=\"CETYS Institucional\" \/>\n\t<meta name=\"twitter:label2\" content=\"Tiempo de lectura\" \/>\n\t<meta name=\"twitter:data2\" content=\"1 minuto\" \/>\n<script type=\"application\/ld+json\" class=\"yoast-schema-graph\">{\"@context\":\"https:\\\/\\\/schema.org\",\"@graph\":[{\"@type\":\"Article\",\"@id\":\"https:\\\/\\\/www.cetys.mx\\\/noticias\\\/vamos-por-nuestro-primer-centenario\\\/#article\",\"isPartOf\":{\"@id\":\"https:\\\/\\\/www.cetys.mx\\\/noticias\\\/vamos-por-nuestro-primer-centenario\\\/\"},\"author\":{\"name\":\"CETYS Institucional\",\"@id\":\"https:\\\/\\\/www.cetys.mx\\\/noticias\\\/#\\\/schema\\\/person\\\/e9d2b35265b64aa454df57a2828eb2ac\"},\"headline\":\"\u00a1Vamos por nuestro primer centenario!\",\"datePublished\":\"2016-09-23T16:52:27+00:00\",\"dateModified\":\"2016-09-24T02:20:21+00:00\",\"mainEntityOfPage\":{\"@id\":\"https:\\\/\\\/www.cetys.mx\\\/noticias\\\/vamos-por-nuestro-primer-centenario\\\/\"},\"wordCount\":293,\"commentCount\":2,\"image\":{\"@id\":\"https:\\\/\\\/www.cetys.mx\\\/noticias\\\/vamos-por-nuestro-primer-centenario\\\/#primaryimage\"},\"thumbnailUrl\":\"https:\\\/\\\/www.cetys.mx\\\/noticias\\\/wp-content\\\/uploads\\\/2016\\\/09\\\/ImagenPortalInf_2-02.jpg\",\"keywords\":[\"#CETYS55\",\"#Orgullo CETYS\",\"55 aniversario\",\"Calidad\",\"Cetys\",\"educacion superior\",\"pasi\u00f3n\",\"vocetys-top-2016-09-23\"],\"articleSection\":[\"55 Aniversario\",\"Portada\",\"Sistema\",\"VoCETYS\"],\"inLanguage\":\"es\",\"potentialAction\":[{\"@type\":\"CommentAction\",\"name\":\"Comment\",\"target\":[\"https:\\\/\\\/www.cetys.mx\\\/noticias\\\/vamos-por-nuestro-primer-centenario\\\/#respond\"]}]},{\"@type\":\"WebPage\",\"@id\":\"https:\\\/\\\/www.cetys.mx\\\/noticias\\\/vamos-por-nuestro-primer-centenario\\\/\",\"url\":\"https:\\\/\\\/www.cetys.mx\\\/noticias\\\/vamos-por-nuestro-primer-centenario\\\/\",\"name\":\"\u00a1Vamos por nuestro primer centenario! - CETYS\",\"isPartOf\":{\"@id\":\"https:\\\/\\\/www.cetys.mx\\\/noticias\\\/#website\"},\"primaryImageOfPage\":{\"@id\":\"https:\\\/\\\/www.cetys.mx\\\/noticias\\\/vamos-por-nuestro-primer-centenario\\\/#primaryimage\"},\"image\":{\"@id\":\"https:\\\/\\\/www.cetys.mx\\\/noticias\\\/vamos-por-nuestro-primer-centenario\\\/#primaryimage\"},\"thumbnailUrl\":\"https:\\\/\\\/www.cetys.mx\\\/noticias\\\/wp-content\\\/uploads\\\/2016\\\/09\\\/ImagenPortalInf_2-02.jpg\",\"datePublished\":\"2016-09-23T16:52:27+00:00\",\"dateModified\":\"2016-09-24T02:20:21+00:00\",\"author\":{\"@id\":\"https:\\\/\\\/www.cetys.mx\\\/noticias\\\/#\\\/schema\\\/person\\\/e9d2b35265b64aa454df57a2828eb2ac\"},\"description\":\"Articulo sobre \u00a1Vamos por nuestro primer centenario!\",\"breadcrumb\":{\"@id\":\"https:\\\/\\\/www.cetys.mx\\\/noticias\\\/vamos-por-nuestro-primer-centenario\\\/#breadcrumb\"},\"inLanguage\":\"es\",\"potentialAction\":[{\"@type\":\"ReadAction\",\"target\":[\"https:\\\/\\\/www.cetys.mx\\\/noticias\\\/vamos-por-nuestro-primer-centenario\\\/\"]}]},{\"@type\":\"ImageObject\",\"inLanguage\":\"es\",\"@id\":\"https:\\\/\\\/www.cetys.mx\\\/noticias\\\/vamos-por-nuestro-primer-centenario\\\/#primaryimage\",\"url\":\"https:\\\/\\\/www.cetys.mx\\\/noticias\\\/wp-content\\\/uploads\\\/2016\\\/09\\\/ImagenPortalInf_2-02.jpg\",\"contentUrl\":\"https:\\\/\\\/www.cetys.mx\\\/noticias\\\/wp-content\\\/uploads\\\/2016\\\/09\\\/ImagenPortalInf_2-02.jpg\",\"width\":959,\"height\":638},{\"@type\":\"BreadcrumbList\",\"@id\":\"https:\\\/\\\/www.cetys.mx\\\/noticias\\\/vamos-por-nuestro-primer-centenario\\\/#breadcrumb\",\"itemListElement\":[{\"@type\":\"ListItem\",\"position\":1,\"name\":\"Inicio\",\"item\":\"https:\\\/\\\/www.cetys.mx\\\/noticias\\\/\"},{\"@type\":\"ListItem\",\"position\":2,\"name\":\"\u00a1Vamos por nuestro primer centenario!\"}]},{\"@type\":\"WebSite\",\"@id\":\"https:\\\/\\\/www.cetys.mx\\\/noticias\\\/#website\",\"url\":\"https:\\\/\\\/www.cetys.mx\\\/noticias\\\/\",\"name\":\"CETYS\",\"description\":\"\",\"potentialAction\":[{\"@type\":\"SearchAction\",\"target\":{\"@type\":\"EntryPoint\",\"urlTemplate\":\"https:\\\/\\\/www.cetys.mx\\\/noticias\\\/?s={search_term_string}\"},\"query-input\":{\"@type\":\"PropertyValueSpecification\",\"valueRequired\":true,\"valueName\":\"search_term_string\"}}],\"inLanguage\":\"es\"},{\"@type\":\"Person\",\"@id\":\"https:\\\/\\\/www.cetys.mx\\\/noticias\\\/#\\\/schema\\\/person\\\/e9d2b35265b64aa454df57a2828eb2ac\",\"name\":\"CETYS Institucional\",\"url\":\"https:\\\/\\\/www.cetys.mx\\\/noticias\\\/author\\\/cetysinstitucional\\\/\"}]}<\/script>\n<!-- \/ Yoast SEO plugin. -->","yoast_head_json":{"title":"\u00a1Vamos por nuestro primer centenario! - CETYS","description":"Articulo sobre \u00a1Vamos por nuestro primer centenario!","robots":{"index":"index","follow":"follow","max-snippet":"max-snippet:-1","max-image-preview":"max-image-preview:large","max-video-preview":"max-video-preview:-1"},"canonical":"https:\/\/www.cetys.mx\/noticias\/vamos-por-nuestro-primer-centenario\/","og_locale":"es_MX","og_type":"article","og_title":"\u00a1Vamos por nuestro primer centenario! - CETYS","og_description":"Articulo sobre \u00a1Vamos por nuestro primer centenario!","og_url":"https:\/\/www.cetys.mx\/noticias\/vamos-por-nuestro-primer-centenario\/","og_site_name":"CETYS","article_publisher":"https:\/\/www.facebook.com\/cetysuniversidadmxl\/","article_published_time":"2016-09-23T16:52:27+00:00","article_modified_time":"2016-09-24T02:20:21+00:00","og_image":[{"width":959,"height":638,"url":"https:\/\/www.cetys.mx\/noticias\/wp-content\/uploads\/2016\/09\/ImagenPortalInf_2-02.jpg","type":"image\/jpeg"}],"author":"CETYS Institucional","twitter_card":"summary_large_image","twitter_creator":"@cetysuni","twitter_site":"@cetysuni","twitter_misc":{"Escrito por":"CETYS Institucional","Tiempo de lectura":"1 minuto"},"schema":{"@context":"https:\/\/schema.org","@graph":[{"@type":"Article","@id":"https:\/\/www.cetys.mx\/noticias\/vamos-por-nuestro-primer-centenario\/#article","isPartOf":{"@id":"https:\/\/www.cetys.mx\/noticias\/vamos-por-nuestro-primer-centenario\/"},"author":{"name":"CETYS Institucional","@id":"https:\/\/www.cetys.mx\/noticias\/#\/schema\/person\/e9d2b35265b64aa454df57a2828eb2ac"},"headline":"\u00a1Vamos por nuestro primer centenario!","datePublished":"2016-09-23T16:52:27+00:00","dateModified":"2016-09-24T02:20:21+00:00","mainEntityOfPage":{"@id":"https:\/\/www.cetys.mx\/noticias\/vamos-por-nuestro-primer-centenario\/"},"wordCount":293,"commentCount":2,"image":{"@id":"https:\/\/www.cetys.mx\/noticias\/vamos-por-nuestro-primer-centenario\/#primaryimage"},"thumbnailUrl":"https:\/\/www.cetys.mx\/noticias\/wp-content\/uploads\/2016\/09\/ImagenPortalInf_2-02.jpg","keywords":["#CETYS55","#Orgullo CETYS","55 aniversario","Calidad","Cetys","educacion superior","pasi\u00f3n","vocetys-top-2016-09-23"],"articleSection":["55 Aniversario","Portada","Sistema","VoCETYS"],"inLanguage":"es","potentialAction":[{"@type":"CommentAction","name":"Comment","target":["https:\/\/www.cetys.mx\/noticias\/vamos-por-nuestro-primer-centenario\/#respond"]}]},{"@type":"WebPage","@id":"https:\/\/www.cetys.mx\/noticias\/vamos-por-nuestro-primer-centenario\/","url":"https:\/\/www.cetys.mx\/noticias\/vamos-por-nuestro-primer-centenario\/","name":"\u00a1Vamos por nuestro primer centenario! - CETYS","isPartOf":{"@id":"https:\/\/www.cetys.mx\/noticias\/#website"},"primaryImageOfPage":{"@id":"https:\/\/www.cetys.mx\/noticias\/vamos-por-nuestro-primer-centenario\/#primaryimage"},"image":{"@id":"https:\/\/www.cetys.mx\/noticias\/vamos-por-nuestro-primer-centenario\/#primaryimage"},"thumbnailUrl":"https:\/\/www.cetys.mx\/noticias\/wp-content\/uploads\/2016\/09\/ImagenPortalInf_2-02.jpg","datePublished":"2016-09-23T16:52:27+00:00","dateModified":"2016-09-24T02:20:21+00:00","author":{"@id":"https:\/\/www.cetys.mx\/noticias\/#\/schema\/person\/e9d2b35265b64aa454df57a2828eb2ac"},"description":"Articulo sobre \u00a1Vamos por nuestro primer centenario!","breadcrumb":{"@id":"https:\/\/www.cetys.mx\/noticias\/vamos-por-nuestro-primer-centenario\/#breadcrumb"},"inLanguage":"es","potentialAction":[{"@type":"ReadAction","target":["https:\/\/www.cetys.mx\/noticias\/vamos-por-nuestro-primer-centenario\/"]}]},{"@type":"ImageObject","inLanguage":"es","@id":"https:\/\/www.cetys.mx\/noticias\/vamos-por-nuestro-primer-centenario\/#primaryimage","url":"https:\/\/www.cetys.mx\/noticias\/wp-content\/uploads\/2016\/09\/ImagenPortalInf_2-02.jpg","contentUrl":"https:\/\/www.cetys.mx\/noticias\/wp-content\/uploads\/2016\/09\/ImagenPortalInf_2-02.jpg","width":959,"height":638},{"@type":"BreadcrumbList","@id":"https:\/\/www.cetys.mx\/noticias\/vamos-por-nuestro-primer-centenario\/#breadcrumb","itemListElement":[{"@type":"ListItem","position":1,"name":"Inicio","item":"https:\/\/www.cetys.mx\/noticias\/"},{"@type":"ListItem","position":2,"name":"\u00a1Vamos por nuestro primer centenario!"}]},{"@type":"WebSite","@id":"https:\/\/www.cetys.mx\/noticias\/#website","url":"https:\/\/www.cetys.mx\/noticias\/","name":"CETYS","description":"","potentialAction":[{"@type":"SearchAction","target":{"@type":"EntryPoint","urlTemplate":"https:\/\/www.cetys.mx\/noticias\/?s={search_term_string}"},"query-input":{"@type":"PropertyValueSpecification","valueRequired":true,"valueName":"search_term_string"}}],"inLanguage":"es"},{"@type":"Person","@id":"https:\/\/www.cetys.mx\/noticias\/#\/schema\/person\/e9d2b35265b64aa454df57a2828eb2ac","name":"CETYS Institucional","url":"https:\/\/www.cetys.mx\/noticias\/author\/cetysinstitucional\/"}]}},"_links":{"self":[{"href":"https:\/\/www.cetys.mx\/noticias\/wp-json\/wp\/v2\/posts\/65277","targetHints":{"allow":["GET"]}}],"collection":[{"href":"https:\/\/www.cetys.mx\/noticias\/wp-json\/wp\/v2\/posts"}],"about":[{"href":"https:\/\/www.cetys.mx\/noticias\/wp-json\/wp\/v2\/types\/post"}],"author":[{"embeddable":true,"href":"https:\/\/www.cetys.mx\/noticias\/wp-json\/wp\/v2\/users\/26"}],"replies":[{"embeddable":true,"href":"https:\/\/www.cetys.mx\/noticias\/wp-json\/wp\/v2\/comments?post=65277"}],"version-history":[{"count":0,"href":"https:\/\/www.cetys.mx\/noticias\/wp-json\/wp\/v2\/posts\/65277\/revisions"}],"wp:featuredmedia":[{"embeddable":true,"href":"https:\/\/www.cetys.mx\/noticias\/wp-json\/wp\/v2\/media\/65573"}],"wp:attachment":[{"href":"https:\/\/www.cetys.mx\/noticias\/wp-json\/wp\/v2\/media?parent=65277"}],"wp:term":[{"taxonomy":"category","embeddable":true,"href":"https:\/\/www.cetys.mx\/noticias\/wp-json\/wp\/v2\/categories?post=65277"},{"taxonomy":"post_tag","embeddable":true,"href":"https:\/\/www.cetys.mx\/noticias\/wp-json\/wp\/v2\/tags?post=65277"}],"curies":[{"name":"wp","href":"https:\/\/api.w.org\/{rel}","templated":true}]}}