{"id":65198,"date":"2016-09-15T16:32:26","date_gmt":"2016-09-15T23:32:26","guid":{"rendered":"http:\/\/www.cetys.mx\/noticias\/?p=65198"},"modified":"2016-09-15T16:36:46","modified_gmt":"2016-09-15T23:36:46","slug":"reconocen-en-campus-tijuana-a-alumnos-de-10","status":"publish","type":"post","link":"https:\/\/www.cetys.mx\/noticias\/reconocen-en-campus-tijuana-a-alumnos-de-10\/","title":{"rendered":"Son alumnos de 10 en Campus Tijuana"},"content":{"rendered":"<p>Un total de <em><strong>88 alumnos<\/strong><\/em> de <strong>preparatoria y universidad<\/strong> de <strong>Campus Tijuana fueron galardonados<\/strong> por las autoridades de CETYS Universidad tras haber demostrado <strong>esfuerzo, entrega y pasi\u00f3n por los retos durante el primer semestre del a\u00f1o en curso<\/strong>.<\/p>\n<div id=\"attachment_65202\" style=\"width: 910px\" class=\"wp-caption aligncenter\"><a href=\"https:\/\/www.cetys.mx\/noticias\/wp-content\/uploads\/2016\/09\/DSC_0067.jpg\"><img loading=\"lazy\" decoding=\"async\" aria-describedby=\"caption-attachment-65202\" class=\"wp-image-65202\" src=\"https:\/\/www.cetys.mx\/noticias\/wp-content\/uploads\/2016\/09\/DSC_0067.jpg\" alt=\"Uno a uno recibieron de las autoridades universitarias diploma de reconocimiento. \" width=\"900\" height=\"600\" \/><\/a><p id=\"caption-attachment-65202\" class=\"wp-caption-text\">Uno a uno recibieron de las autoridades universitarias diploma de reconocimiento.<\/p><\/div>\n<div id=\"attachment_65204\" style=\"width: 260px\" class=\"wp-caption alignleft\"><a href=\"https:\/\/www.cetys.mx\/noticias\/wp-content\/uploads\/2016\/09\/DSC_0047.jpg\"><img loading=\"lazy\" decoding=\"async\" aria-describedby=\"caption-attachment-65204\" class=\"wp-image-65204\" src=\"https:\/\/www.cetys.mx\/noticias\/wp-content\/uploads\/2016\/09\/DSC_0047.jpg\" alt=\"Los alumnos del programa de BI fueron distinguidos por promedio final de 10.\" width=\"250\" height=\"369\" \/><\/a><p id=\"caption-attachment-65204\" class=\"wp-caption-text\">Los alumnos del programa de BI fueron distinguidos por promedio final de 10.<\/p><\/div>\n<p>La <strong>\u201cCeremonia de Reconocimiento a Alumnos Distinguidos\u201d<\/strong>, presidida por el <strong>Dr. Alberto G\u00e1rate Rivera<\/strong>, <em>Vicerrector Acad\u00e9mico del Sistema CETYS Universidad<\/em>, la <strong>Mtra. Jessica Ibarra Ramonet<\/strong>, <em>Directora Zona Costa<\/em>, y autoridades invitadas fueron los encargados de entregar constancias a los alumnos sobresalientes.<\/p>\n<p>Fue as\u00ed como los <em>88 reconocidos<\/em><strong> se dividieron en las siguientes categor\u00edas<\/strong>:<\/p>\n<div id=\"attachment_65205\" style=\"width: 260px\" class=\"wp-caption alignright\"><a href=\"https:\/\/www.cetys.mx\/noticias\/wp-content\/uploads\/2016\/09\/DSC_0102.jpg\"><img loading=\"lazy\" decoding=\"async\" aria-describedby=\"caption-attachment-65205\" class=\"wp-image-65205\" src=\"https:\/\/www.cetys.mx\/noticias\/wp-content\/uploads\/2016\/09\/DSC_0102.jpg\" alt=\"El emprendimiento, la investigaci\u00f3n y la cultura tambi\u00e9n fue reconocida por las autoridades.\" width=\"250\" height=\"359\" \/><\/a><p id=\"caption-attachment-65205\" class=\"wp-caption-text\">El emprendimiento, la investigaci\u00f3n y la cultura tambi\u00e9n fue reconocida por las autoridades.<\/p><\/div>\n<p>A) <strong>43 diplomas por excelencia acad\u00e9mica<\/strong>, entregado a 14 j\u00f3venes de preparatoria y 29 de universidad con promedio final de 10 o 100, respectivamente.<br \/>\nB) <strong>42 diplomas<\/strong> a alumnos de preparatoria y universidad que <strong>participaron en concursos nacionales, proyectos de invitaci\u00f3n, emprendimiento y desarrollo comunitario.\u00a0<\/strong><br \/>\nC) <strong>3 diplomas<\/strong> a j\u00f3venes participantes por<strong> proyectos del sector cultural.<\/strong><\/p>\n<p><strong>CETYS Universidad<\/strong> en d\u00edas de cumplir <a href=\"https:\/\/www.cetys.mx\/55\/\">55 a\u00f1os de historia<\/a> en la regi\u00f3n contin\u00faa fortaleciendo acad\u00e9micamente el emprendimiento e innovaci\u00f3n, la responsabilidad, la vinculaci\u00f3n con el sector productivo y la internacionalizaci\u00f3n, posicionando a una comunidad de aprendizaje que se distingue por trascender las fronteras y con visi\u00f3n de futuro.<\/p>\n<p>&nbsp;<\/p>\n","protected":false},"excerpt":{"rendered":"<p>Un total de 88 alumnos de preparatoria y universidad de Campus Tijuana fueron galardonados por las autoridades de CETYS Universidad tras haber&#8230;<\/p>\n","protected":false},"author":24,"featured_media":65201,"comment_status":"open","ping_status":"open","sticky":false,"template":"","format":"standard","meta":{"footnotes":""},"categories":[134,125,318,306],"tags":[],"class_list":["post-65198","post","type-post","status-publish","format-standard","has-post-thumbnail","hentry","category-campus-tijuana","category-portada","category-preparatoria","category-profesional"],"yoast_head":"<!-- This site is optimized with the Yoast SEO plugin v27.4 - https:\/\/yoast.com\/product\/yoast-seo-wordpress\/ -->\n<title>Son alumnos de 10 en Campus Tijuana - CETYS<\/title>\n<meta name=\"description\" content=\"Articulo sobre Son alumnos de 10 en Campus Tijuana\" \/>\n<meta name=\"robots\" content=\"index, follow, max-snippet:-1, max-image-preview:large, max-video-preview:-1\" \/>\n<link rel=\"canonical\" href=\"https:\/\/www.cetys.mx\/noticias\/reconocen-en-campus-tijuana-a-alumnos-de-10\/\" \/>\n<meta property=\"og:locale\" content=\"es_MX\" \/>\n<meta property=\"og:type\" content=\"article\" \/>\n<meta property=\"og:title\" content=\"Son alumnos de 10 en Campus Tijuana - CETYS\" \/>\n<meta property=\"og:description\" content=\"Articulo sobre Son alumnos de 10 en Campus Tijuana\" \/>\n<meta property=\"og:url\" content=\"https:\/\/www.cetys.mx\/noticias\/reconocen-en-campus-tijuana-a-alumnos-de-10\/\" \/>\n<meta property=\"og:site_name\" content=\"CETYS\" \/>\n<meta property=\"article:publisher\" content=\"https:\/\/www.facebook.com\/cetysuniversidadmxl\/\" \/>\n<meta property=\"article:published_time\" content=\"2016-09-15T23:32:26+00:00\" \/>\n<meta property=\"article:modified_time\" content=\"2016-09-15T23:36:46+00:00\" \/>\n<meta property=\"og:image\" content=\"https:\/\/www.cetys.mx\/noticias\/wp-content\/uploads\/2016\/09\/cetys_distinguidos2016-2.jpg\" \/>\n\t<meta property=\"og:image:width\" content=\"958\" \/>\n\t<meta property=\"og:image:height\" content=\"637\" \/>\n\t<meta property=\"og:image:type\" content=\"image\/jpeg\" \/>\n<meta name=\"author\" content=\"Campus Tijuana\" \/>\n<meta name=\"twitter:card\" content=\"summary_large_image\" \/>\n<meta name=\"twitter:creator\" content=\"@cetysuni\" \/>\n<meta name=\"twitter:site\" content=\"@cetysuni\" \/>\n<meta name=\"twitter:label1\" content=\"Escrito por\" \/>\n\t<meta name=\"twitter:data1\" content=\"Campus Tijuana\" \/>\n\t<meta name=\"twitter:label2\" content=\"Tiempo de lectura\" \/>\n\t<meta name=\"twitter:data2\" content=\"1 minuto\" \/>\n<script type=\"application\/ld+json\" class=\"yoast-schema-graph\">{\"@context\":\"https:\\\/\\\/schema.org\",\"@graph\":[{\"@type\":\"Article\",\"@id\":\"https:\\\/\\\/www.cetys.mx\\\/noticias\\\/reconocen-en-campus-tijuana-a-alumnos-de-10\\\/#article\",\"isPartOf\":{\"@id\":\"https:\\\/\\\/www.cetys.mx\\\/noticias\\\/reconocen-en-campus-tijuana-a-alumnos-de-10\\\/\"},\"author\":{\"name\":\"Campus Tijuana\",\"@id\":\"https:\\\/\\\/www.cetys.mx\\\/noticias\\\/#\\\/schema\\\/person\\\/e790051ce60e18ae47cfa87011c8653f\"},\"headline\":\"Son alumnos de 10 en Campus Tijuana\",\"datePublished\":\"2016-09-15T23:32:26+00:00\",\"dateModified\":\"2016-09-15T23:36:46+00:00\",\"mainEntityOfPage\":{\"@id\":\"https:\\\/\\\/www.cetys.mx\\\/noticias\\\/reconocen-en-campus-tijuana-a-alumnos-de-10\\\/\"},\"wordCount\":270,\"commentCount\":0,\"image\":{\"@id\":\"https:\\\/\\\/www.cetys.mx\\\/noticias\\\/reconocen-en-campus-tijuana-a-alumnos-de-10\\\/#primaryimage\"},\"thumbnailUrl\":\"https:\\\/\\\/www.cetys.mx\\\/noticias\\\/wp-content\\\/uploads\\\/2016\\\/09\\\/cetys_distinguidos2016-2.jpg\",\"articleSection\":[\"Campus Tijuana\",\"Portada\",\"Preparatoria\",\"Profesional\"],\"inLanguage\":\"es\",\"potentialAction\":[{\"@type\":\"CommentAction\",\"name\":\"Comment\",\"target\":[\"https:\\\/\\\/www.cetys.mx\\\/noticias\\\/reconocen-en-campus-tijuana-a-alumnos-de-10\\\/#respond\"]}]},{\"@type\":\"WebPage\",\"@id\":\"https:\\\/\\\/www.cetys.mx\\\/noticias\\\/reconocen-en-campus-tijuana-a-alumnos-de-10\\\/\",\"url\":\"https:\\\/\\\/www.cetys.mx\\\/noticias\\\/reconocen-en-campus-tijuana-a-alumnos-de-10\\\/\",\"name\":\"Son alumnos de 10 en Campus Tijuana - CETYS\",\"isPartOf\":{\"@id\":\"https:\\\/\\\/www.cetys.mx\\\/noticias\\\/#website\"},\"primaryImageOfPage\":{\"@id\":\"https:\\\/\\\/www.cetys.mx\\\/noticias\\\/reconocen-en-campus-tijuana-a-alumnos-de-10\\\/#primaryimage\"},\"image\":{\"@id\":\"https:\\\/\\\/www.cetys.mx\\\/noticias\\\/reconocen-en-campus-tijuana-a-alumnos-de-10\\\/#primaryimage\"},\"thumbnailUrl\":\"https:\\\/\\\/www.cetys.mx\\\/noticias\\\/wp-content\\\/uploads\\\/2016\\\/09\\\/cetys_distinguidos2016-2.jpg\",\"datePublished\":\"2016-09-15T23:32:26+00:00\",\"dateModified\":\"2016-09-15T23:36:46+00:00\",\"author\":{\"@id\":\"https:\\\/\\\/www.cetys.mx\\\/noticias\\\/#\\\/schema\\\/person\\\/e790051ce60e18ae47cfa87011c8653f\"},\"description\":\"Articulo sobre Son alumnos de 10 en Campus Tijuana\",\"breadcrumb\":{\"@id\":\"https:\\\/\\\/www.cetys.mx\\\/noticias\\\/reconocen-en-campus-tijuana-a-alumnos-de-10\\\/#breadcrumb\"},\"inLanguage\":\"es\",\"potentialAction\":[{\"@type\":\"ReadAction\",\"target\":[\"https:\\\/\\\/www.cetys.mx\\\/noticias\\\/reconocen-en-campus-tijuana-a-alumnos-de-10\\\/\"]}]},{\"@type\":\"ImageObject\",\"inLanguage\":\"es\",\"@id\":\"https:\\\/\\\/www.cetys.mx\\\/noticias\\\/reconocen-en-campus-tijuana-a-alumnos-de-10\\\/#primaryimage\",\"url\":\"https:\\\/\\\/www.cetys.mx\\\/noticias\\\/wp-content\\\/uploads\\\/2016\\\/09\\\/cetys_distinguidos2016-2.jpg\",\"contentUrl\":\"https:\\\/\\\/www.cetys.mx\\\/noticias\\\/wp-content\\\/uploads\\\/2016\\\/09\\\/cetys_distinguidos2016-2.jpg\",\"width\":958,\"height\":637},{\"@type\":\"BreadcrumbList\",\"@id\":\"https:\\\/\\\/www.cetys.mx\\\/noticias\\\/reconocen-en-campus-tijuana-a-alumnos-de-10\\\/#breadcrumb\",\"itemListElement\":[{\"@type\":\"ListItem\",\"position\":1,\"name\":\"Inicio\",\"item\":\"https:\\\/\\\/www.cetys.mx\\\/noticias\\\/\"},{\"@type\":\"ListItem\",\"position\":2,\"name\":\"Son alumnos de 10 en Campus Tijuana\"}]},{\"@type\":\"WebSite\",\"@id\":\"https:\\\/\\\/www.cetys.mx\\\/noticias\\\/#website\",\"url\":\"https:\\\/\\\/www.cetys.mx\\\/noticias\\\/\",\"name\":\"CETYS\",\"description\":\"\",\"potentialAction\":[{\"@type\":\"SearchAction\",\"target\":{\"@type\":\"EntryPoint\",\"urlTemplate\":\"https:\\\/\\\/www.cetys.mx\\\/noticias\\\/?s={search_term_string}\"},\"query-input\":{\"@type\":\"PropertyValueSpecification\",\"valueRequired\":true,\"valueName\":\"search_term_string\"}}],\"inLanguage\":\"es\"},{\"@type\":\"Person\",\"@id\":\"https:\\\/\\\/www.cetys.mx\\\/noticias\\\/#\\\/schema\\\/person\\\/e790051ce60e18ae47cfa87011c8653f\",\"name\":\"Campus Tijuana\",\"url\":\"https:\\\/\\\/www.cetys.mx\\\/noticias\\\/author\\\/campustijuana\\\/\"}]}<\/script>\n<!-- \/ Yoast SEO plugin. -->","yoast_head_json":{"title":"Son alumnos de 10 en Campus Tijuana - CETYS","description":"Articulo sobre Son alumnos de 10 en Campus Tijuana","robots":{"index":"index","follow":"follow","max-snippet":"max-snippet:-1","max-image-preview":"max-image-preview:large","max-video-preview":"max-video-preview:-1"},"canonical":"https:\/\/www.cetys.mx\/noticias\/reconocen-en-campus-tijuana-a-alumnos-de-10\/","og_locale":"es_MX","og_type":"article","og_title":"Son alumnos de 10 en Campus Tijuana - CETYS","og_description":"Articulo sobre Son alumnos de 10 en Campus Tijuana","og_url":"https:\/\/www.cetys.mx\/noticias\/reconocen-en-campus-tijuana-a-alumnos-de-10\/","og_site_name":"CETYS","article_publisher":"https:\/\/www.facebook.com\/cetysuniversidadmxl\/","article_published_time":"2016-09-15T23:32:26+00:00","article_modified_time":"2016-09-15T23:36:46+00:00","og_image":[{"width":958,"height":637,"url":"https:\/\/www.cetys.mx\/noticias\/wp-content\/uploads\/2016\/09\/cetys_distinguidos2016-2.jpg","type":"image\/jpeg"}],"author":"Campus Tijuana","twitter_card":"summary_large_image","twitter_creator":"@cetysuni","twitter_site":"@cetysuni","twitter_misc":{"Escrito por":"Campus Tijuana","Tiempo de lectura":"1 minuto"},"schema":{"@context":"https:\/\/schema.org","@graph":[{"@type":"Article","@id":"https:\/\/www.cetys.mx\/noticias\/reconocen-en-campus-tijuana-a-alumnos-de-10\/#article","isPartOf":{"@id":"https:\/\/www.cetys.mx\/noticias\/reconocen-en-campus-tijuana-a-alumnos-de-10\/"},"author":{"name":"Campus Tijuana","@id":"https:\/\/www.cetys.mx\/noticias\/#\/schema\/person\/e790051ce60e18ae47cfa87011c8653f"},"headline":"Son alumnos de 10 en Campus Tijuana","datePublished":"2016-09-15T23:32:26+00:00","dateModified":"2016-09-15T23:36:46+00:00","mainEntityOfPage":{"@id":"https:\/\/www.cetys.mx\/noticias\/reconocen-en-campus-tijuana-a-alumnos-de-10\/"},"wordCount":270,"commentCount":0,"image":{"@id":"https:\/\/www.cetys.mx\/noticias\/reconocen-en-campus-tijuana-a-alumnos-de-10\/#primaryimage"},"thumbnailUrl":"https:\/\/www.cetys.mx\/noticias\/wp-content\/uploads\/2016\/09\/cetys_distinguidos2016-2.jpg","articleSection":["Campus Tijuana","Portada","Preparatoria","Profesional"],"inLanguage":"es","potentialAction":[{"@type":"CommentAction","name":"Comment","target":["https:\/\/www.cetys.mx\/noticias\/reconocen-en-campus-tijuana-a-alumnos-de-10\/#respond"]}]},{"@type":"WebPage","@id":"https:\/\/www.cetys.mx\/noticias\/reconocen-en-campus-tijuana-a-alumnos-de-10\/","url":"https:\/\/www.cetys.mx\/noticias\/reconocen-en-campus-tijuana-a-alumnos-de-10\/","name":"Son alumnos de 10 en Campus Tijuana - CETYS","isPartOf":{"@id":"https:\/\/www.cetys.mx\/noticias\/#website"},"primaryImageOfPage":{"@id":"https:\/\/www.cetys.mx\/noticias\/reconocen-en-campus-tijuana-a-alumnos-de-10\/#primaryimage"},"image":{"@id":"https:\/\/www.cetys.mx\/noticias\/reconocen-en-campus-tijuana-a-alumnos-de-10\/#primaryimage"},"thumbnailUrl":"https:\/\/www.cetys.mx\/noticias\/wp-content\/uploads\/2016\/09\/cetys_distinguidos2016-2.jpg","datePublished":"2016-09-15T23:32:26+00:00","dateModified":"2016-09-15T23:36:46+00:00","author":{"@id":"https:\/\/www.cetys.mx\/noticias\/#\/schema\/person\/e790051ce60e18ae47cfa87011c8653f"},"description":"Articulo sobre Son alumnos de 10 en Campus Tijuana","breadcrumb":{"@id":"https:\/\/www.cetys.mx\/noticias\/reconocen-en-campus-tijuana-a-alumnos-de-10\/#breadcrumb"},"inLanguage":"es","potentialAction":[{"@type":"ReadAction","target":["https:\/\/www.cetys.mx\/noticias\/reconocen-en-campus-tijuana-a-alumnos-de-10\/"]}]},{"@type":"ImageObject","inLanguage":"es","@id":"https:\/\/www.cetys.mx\/noticias\/reconocen-en-campus-tijuana-a-alumnos-de-10\/#primaryimage","url":"https:\/\/www.cetys.mx\/noticias\/wp-content\/uploads\/2016\/09\/cetys_distinguidos2016-2.jpg","contentUrl":"https:\/\/www.cetys.mx\/noticias\/wp-content\/uploads\/2016\/09\/cetys_distinguidos2016-2.jpg","width":958,"height":637},{"@type":"BreadcrumbList","@id":"https:\/\/www.cetys.mx\/noticias\/reconocen-en-campus-tijuana-a-alumnos-de-10\/#breadcrumb","itemListElement":[{"@type":"ListItem","position":1,"name":"Inicio","item":"https:\/\/www.cetys.mx\/noticias\/"},{"@type":"ListItem","position":2,"name":"Son alumnos de 10 en Campus Tijuana"}]},{"@type":"WebSite","@id":"https:\/\/www.cetys.mx\/noticias\/#website","url":"https:\/\/www.cetys.mx\/noticias\/","name":"CETYS","description":"","potentialAction":[{"@type":"SearchAction","target":{"@type":"EntryPoint","urlTemplate":"https:\/\/www.cetys.mx\/noticias\/?s={search_term_string}"},"query-input":{"@type":"PropertyValueSpecification","valueRequired":true,"valueName":"search_term_string"}}],"inLanguage":"es"},{"@type":"Person","@id":"https:\/\/www.cetys.mx\/noticias\/#\/schema\/person\/e790051ce60e18ae47cfa87011c8653f","name":"Campus Tijuana","url":"https:\/\/www.cetys.mx\/noticias\/author\/campustijuana\/"}]}},"_links":{"self":[{"href":"https:\/\/www.cetys.mx\/noticias\/wp-json\/wp\/v2\/posts\/65198","targetHints":{"allow":["GET"]}}],"collection":[{"href":"https:\/\/www.cetys.mx\/noticias\/wp-json\/wp\/v2\/posts"}],"about":[{"href":"https:\/\/www.cetys.mx\/noticias\/wp-json\/wp\/v2\/types\/post"}],"author":[{"embeddable":true,"href":"https:\/\/www.cetys.mx\/noticias\/wp-json\/wp\/v2\/users\/24"}],"replies":[{"embeddable":true,"href":"https:\/\/www.cetys.mx\/noticias\/wp-json\/wp\/v2\/comments?post=65198"}],"version-history":[{"count":0,"href":"https:\/\/www.cetys.mx\/noticias\/wp-json\/wp\/v2\/posts\/65198\/revisions"}],"wp:featuredmedia":[{"embeddable":true,"href":"https:\/\/www.cetys.mx\/noticias\/wp-json\/wp\/v2\/media\/65201"}],"wp:attachment":[{"href":"https:\/\/www.cetys.mx\/noticias\/wp-json\/wp\/v2\/media?parent=65198"}],"wp:term":[{"taxonomy":"category","embeddable":true,"href":"https:\/\/www.cetys.mx\/noticias\/wp-json\/wp\/v2\/categories?post=65198"},{"taxonomy":"post_tag","embeddable":true,"href":"https:\/\/www.cetys.mx\/noticias\/wp-json\/wp\/v2\/tags?post=65198"}],"curies":[{"name":"wp","href":"https:\/\/api.w.org\/{rel}","templated":true}]}}