{"id":65131,"date":"2016-09-13T12:48:25","date_gmt":"2016-09-13T19:48:25","guid":{"rendered":"http:\/\/www.cetys.mx\/noticias\/?p=65131"},"modified":"2016-09-23T10:04:12","modified_gmt":"2016-09-23T17:04:12","slug":"amantes-de-las-matematicas-iran-a-olimpiada","status":"publish","type":"post","link":"https:\/\/www.cetys.mx\/noticias\/amantes-de-las-matematicas-iran-a-olimpiada\/","title":{"rendered":"Amantes de las matem\u00e1ticas ir\u00e1n a Olimpiada"},"content":{"rendered":"<p style=\"text-align: justify;\">Las matem\u00e1ticas son una ciencia formal que definitivamente no se le da a todos, eso si, son necesarias e importantes para la vida diaria ya que en todas situaciones se aplican, desde la m\u00fasica, las finanzas y el deporte hasta la medicina, el arte y la ingenier\u00eda.<\/p>\n<p style=\"text-align: justify;\">Desde la escuela Primaria y a veces desde el Kinder, las matem\u00e1ticas se explican y aprenden diariamente, no se diga cuando estamos hablamos de alumnos de Secundaria, <strong><a href=\"https:\/\/www.cetys.mx\/5-preparatoria\/\" target=\"_blank\">Preparatoria<\/a><\/strong> o <strong><a href=\"https:\/\/www.cetys.mx\/6-profesional\/\" target=\"_blank\">Universidad<\/a><\/strong>. A\u00fan as\u00ed, muchos de nosotros podr\u00edamos creer que esta \u00e1rea de estudio no es algo que un joven quisiera explorar, excepto por\u00a0<strong>Alejandro Aranda M\u00e1rquez; Julio Eduardo Alvarado Maturino y Luis Carlos Ham G\u00f3mez.<\/strong><\/p>\n<p style=\"text-align: justify;\">Estos j\u00f3venes que se encuentran becados en la Prepa\u00a0<strong><a href=\"https:\/\/www.cetys.mx\/index.php\" target=\"_blank\">CETYS<\/a>,<\/strong>\u00a0fueron seleccionados para conformar la delegaci\u00f3n que representar\u00e1 al estado de Baja California en la <strong><a href=\"https:\/\/www.ommenlinea.org\/\" target=\"_blank\">30a Olimpiada Mexicana de Matem\u00e1ticas<\/a><\/strong> a realizarse en Acapulco, Guerrero del 6 al 11 de noviembre. Ellos\u00a0ya iniciaron los entrenamientos previos al concurso nacional y de jueves a domingo se concentran en <strong>Mexicali, Tijuana y Ensenada<\/strong>, proceso que durar\u00e1 hasta el 30 de octubre.<\/p>\n<blockquote>\n<p style=\"text-align: justify;\"><a href=\"https:\/\/www.cetys.mx\/noticias\/wp-content\/uploads\/2016\/09\/olimpiada3.jpg\"><img loading=\"lazy\" decoding=\"async\" class=\"wp-image-65137 alignleft\" src=\"https:\/\/www.cetys.mx\/noticias\/wp-content\/uploads\/2016\/09\/olimpiada3.jpg\" alt=\"\" width=\"244\" height=\"395\" \/><\/a>&#8220;Esta es la primera vez que participamos, tenemos muchas expectativas, hemos estado trabajando juntos duramente y creemos que vamos a obtener alguno de los lugares. Adem\u00e1s estamos siendo asesorados por nuestros maestros del \u00e1rea f\u00edsico-matem\u00e1tico y por anteriores participantes en la olimpiada como es el caso de <strong><a href=\"https:\/\/www.cetys.mx\/noticias\/dax-maldonado-a-un-paso-del-nacional-de-qumica\/\" target=\"_blank\">Dax Ayrton Maldonado<\/a><\/strong>&#8220;, dijo Aranda.<\/p>\n<\/blockquote>\n<p style=\"text-align: justify;\">Cabe mencionar que la delegaci\u00f3n bajacaliforniana para esta competencia matem\u00e1tica, tambi\u00e9n la integran <strong>Axel Barba Razo<\/strong>, alumno del CETYS Campus Tijuana; <strong>Isaac Arce Aguilar<\/strong> del Campus Ensenada; as\u00ed como <strong>H\u00e9ctor Osuna Medrano<\/strong>, estudiante de la Preparatoria Federal L\u00e1zaro C\u00e1rdenas de Tijuana.<\/p>\n<p style=\"text-align: justify;\">La participaci\u00f3n de estudiantes de CETYS Campus Mexicali en este tipo de competencias ha sido recurrente, tan solo a principios de a\u00f1o, <strong><a href=\"https:\/\/www.cetys.mx\/noticias\/gana-bronce-en-olimpiada-de-quimica\/\" target=\"_blank\">Luis Alejandro P\u00e9rez obtuvo la medalla de Bronce<\/a><\/strong> al competir del 28 de febrero al 4 de marzo en la Olimpiada Nacional de Qu\u00edmica celebrada en la ciudad de Guanajuato y organizada por la Academia Mexicana de Ciencias (AMC) en su 25 aniversario.<\/p>\n","protected":false},"excerpt":{"rendered":"<p>Las matem\u00e1ticas son una ciencia formal que definitivamente no se le da a todos, eso si, son necesarias e importantes para la&#8230;<\/p>\n","protected":false},"author":20,"featured_media":65135,"comment_status":"open","ping_status":"open","sticky":false,"template":"","format":"standard","meta":{"footnotes":""},"categories":[133,125,318,313],"tags":[1083,285,665,281,783,395,359,286,92,1084],"class_list":["post-65131","post","type-post","status-publish","format-standard","has-post-thumbnail","hentry","category-campus-mexicali","category-portada","category-preparatoria","category-vocetys-2","tag-acapulco","tag-alumnos","tag-bachilleres","tag-ciencia","tag-matematicas","tag-mexicali","tag-olimpiada","tag-orgullo","tag-preparatoria","tag-vocetys-2016-09-13"],"yoast_head":"<!-- This site is optimized with the Yoast SEO plugin v27.4 - https:\/\/yoast.com\/product\/yoast-seo-wordpress\/ -->\n<title>Amantes de las matem\u00e1ticas ir\u00e1n a Olimpiada - CETYS<\/title>\n<meta name=\"description\" content=\"Articulo sobre Amantes de las matem\u00e1ticas ir\u00e1n a Olimpiada\" \/>\n<meta name=\"robots\" content=\"index, follow, max-snippet:-1, max-image-preview:large, max-video-preview:-1\" \/>\n<link rel=\"canonical\" href=\"https:\/\/www.cetys.mx\/noticias\/amantes-de-las-matematicas-iran-a-olimpiada\/\" \/>\n<meta property=\"og:locale\" content=\"es_MX\" \/>\n<meta property=\"og:type\" content=\"article\" \/>\n<meta property=\"og:title\" content=\"Amantes de las matem\u00e1ticas ir\u00e1n a Olimpiada - CETYS\" \/>\n<meta property=\"og:description\" content=\"Articulo sobre Amantes de las matem\u00e1ticas ir\u00e1n a Olimpiada\" \/>\n<meta property=\"og:url\" content=\"https:\/\/www.cetys.mx\/noticias\/amantes-de-las-matematicas-iran-a-olimpiada\/\" \/>\n<meta property=\"og:site_name\" content=\"CETYS\" \/>\n<meta property=\"article:publisher\" content=\"https:\/\/www.facebook.com\/cetysuniversidadmxl\/\" \/>\n<meta property=\"article:published_time\" content=\"2016-09-13T19:48:25+00:00\" \/>\n<meta property=\"article:modified_time\" content=\"2016-09-23T17:04:12+00:00\" \/>\n<meta property=\"og:image\" content=\"https:\/\/www.cetys.mx\/noticias\/wp-content\/uploads\/2016\/09\/olimpiada2.jpg\" \/>\n\t<meta property=\"og:image:width\" content=\"958\" \/>\n\t<meta property=\"og:image:height\" content=\"637\" \/>\n\t<meta property=\"og:image:type\" content=\"image\/jpeg\" \/>\n<meta name=\"author\" content=\"Campus Mexicali\" \/>\n<meta name=\"twitter:card\" content=\"summary_large_image\" \/>\n<meta name=\"twitter:creator\" content=\"@cetysuni\" \/>\n<meta name=\"twitter:site\" content=\"@cetysuni\" \/>\n<meta name=\"twitter:label1\" content=\"Escrito por\" \/>\n\t<meta name=\"twitter:data1\" content=\"Campus Mexicali\" \/>\n\t<meta name=\"twitter:label2\" content=\"Tiempo de lectura\" \/>\n\t<meta name=\"twitter:data2\" content=\"2 minutos\" \/>\n<script type=\"application\/ld+json\" class=\"yoast-schema-graph\">{\"@context\":\"https:\\\/\\\/schema.org\",\"@graph\":[{\"@type\":\"Article\",\"@id\":\"https:\\\/\\\/www.cetys.mx\\\/noticias\\\/amantes-de-las-matematicas-iran-a-olimpiada\\\/#article\",\"isPartOf\":{\"@id\":\"https:\\\/\\\/www.cetys.mx\\\/noticias\\\/amantes-de-las-matematicas-iran-a-olimpiada\\\/\"},\"author\":{\"name\":\"Campus Mexicali\",\"@id\":\"https:\\\/\\\/www.cetys.mx\\\/noticias\\\/#\\\/schema\\\/person\\\/79a95c4ac185f3705cf1b9c9340a5f70\"},\"headline\":\"Amantes de las matem\u00e1ticas ir\u00e1n a Olimpiada\",\"datePublished\":\"2016-09-13T19:48:25+00:00\",\"dateModified\":\"2016-09-23T17:04:12+00:00\",\"mainEntityOfPage\":{\"@id\":\"https:\\\/\\\/www.cetys.mx\\\/noticias\\\/amantes-de-las-matematicas-iran-a-olimpiada\\\/\"},\"wordCount\":366,\"commentCount\":0,\"image\":{\"@id\":\"https:\\\/\\\/www.cetys.mx\\\/noticias\\\/amantes-de-las-matematicas-iran-a-olimpiada\\\/#primaryimage\"},\"thumbnailUrl\":\"https:\\\/\\\/www.cetys.mx\\\/noticias\\\/wp-content\\\/uploads\\\/2016\\\/09\\\/olimpiada2.jpg\",\"keywords\":[\"Acapulco\",\"Alumnos\",\"Bachilleres\",\"Ciencia\",\"matematicas\",\"mexicali\",\"Olimpiada\",\"Orgullo\",\"Preparatoria\",\"vocetys-2016-09-13\"],\"articleSection\":[\"Campus Mexicali\",\"Portada\",\"Preparatoria\",\"VoCETYS\"],\"inLanguage\":\"es\",\"potentialAction\":[{\"@type\":\"CommentAction\",\"name\":\"Comment\",\"target\":[\"https:\\\/\\\/www.cetys.mx\\\/noticias\\\/amantes-de-las-matematicas-iran-a-olimpiada\\\/#respond\"]}]},{\"@type\":\"WebPage\",\"@id\":\"https:\\\/\\\/www.cetys.mx\\\/noticias\\\/amantes-de-las-matematicas-iran-a-olimpiada\\\/\",\"url\":\"https:\\\/\\\/www.cetys.mx\\\/noticias\\\/amantes-de-las-matematicas-iran-a-olimpiada\\\/\",\"name\":\"Amantes de las matem\u00e1ticas ir\u00e1n a Olimpiada - CETYS\",\"isPartOf\":{\"@id\":\"https:\\\/\\\/www.cetys.mx\\\/noticias\\\/#website\"},\"primaryImageOfPage\":{\"@id\":\"https:\\\/\\\/www.cetys.mx\\\/noticias\\\/amantes-de-las-matematicas-iran-a-olimpiada\\\/#primaryimage\"},\"image\":{\"@id\":\"https:\\\/\\\/www.cetys.mx\\\/noticias\\\/amantes-de-las-matematicas-iran-a-olimpiada\\\/#primaryimage\"},\"thumbnailUrl\":\"https:\\\/\\\/www.cetys.mx\\\/noticias\\\/wp-content\\\/uploads\\\/2016\\\/09\\\/olimpiada2.jpg\",\"datePublished\":\"2016-09-13T19:48:25+00:00\",\"dateModified\":\"2016-09-23T17:04:12+00:00\",\"author\":{\"@id\":\"https:\\\/\\\/www.cetys.mx\\\/noticias\\\/#\\\/schema\\\/person\\\/79a95c4ac185f3705cf1b9c9340a5f70\"},\"description\":\"Articulo sobre Amantes de las matem\u00e1ticas ir\u00e1n a Olimpiada\",\"breadcrumb\":{\"@id\":\"https:\\\/\\\/www.cetys.mx\\\/noticias\\\/amantes-de-las-matematicas-iran-a-olimpiada\\\/#breadcrumb\"},\"inLanguage\":\"es\",\"potentialAction\":[{\"@type\":\"ReadAction\",\"target\":[\"https:\\\/\\\/www.cetys.mx\\\/noticias\\\/amantes-de-las-matematicas-iran-a-olimpiada\\\/\"]}]},{\"@type\":\"ImageObject\",\"inLanguage\":\"es\",\"@id\":\"https:\\\/\\\/www.cetys.mx\\\/noticias\\\/amantes-de-las-matematicas-iran-a-olimpiada\\\/#primaryimage\",\"url\":\"https:\\\/\\\/www.cetys.mx\\\/noticias\\\/wp-content\\\/uploads\\\/2016\\\/09\\\/olimpiada2.jpg\",\"contentUrl\":\"https:\\\/\\\/www.cetys.mx\\\/noticias\\\/wp-content\\\/uploads\\\/2016\\\/09\\\/olimpiada2.jpg\",\"width\":958,\"height\":637},{\"@type\":\"BreadcrumbList\",\"@id\":\"https:\\\/\\\/www.cetys.mx\\\/noticias\\\/amantes-de-las-matematicas-iran-a-olimpiada\\\/#breadcrumb\",\"itemListElement\":[{\"@type\":\"ListItem\",\"position\":1,\"name\":\"Inicio\",\"item\":\"https:\\\/\\\/www.cetys.mx\\\/noticias\\\/\"},{\"@type\":\"ListItem\",\"position\":2,\"name\":\"Amantes de las matem\u00e1ticas ir\u00e1n a Olimpiada\"}]},{\"@type\":\"WebSite\",\"@id\":\"https:\\\/\\\/www.cetys.mx\\\/noticias\\\/#website\",\"url\":\"https:\\\/\\\/www.cetys.mx\\\/noticias\\\/\",\"name\":\"CETYS\",\"description\":\"\",\"potentialAction\":[{\"@type\":\"SearchAction\",\"target\":{\"@type\":\"EntryPoint\",\"urlTemplate\":\"https:\\\/\\\/www.cetys.mx\\\/noticias\\\/?s={search_term_string}\"},\"query-input\":{\"@type\":\"PropertyValueSpecification\",\"valueRequired\":true,\"valueName\":\"search_term_string\"}}],\"inLanguage\":\"es\"},{\"@type\":\"Person\",\"@id\":\"https:\\\/\\\/www.cetys.mx\\\/noticias\\\/#\\\/schema\\\/person\\\/79a95c4ac185f3705cf1b9c9340a5f70\",\"name\":\"Campus Mexicali\",\"url\":\"https:\\\/\\\/www.cetys.mx\\\/noticias\\\/author\\\/campusmexicali\\\/\"}]}<\/script>\n<!-- \/ Yoast SEO plugin. -->","yoast_head_json":{"title":"Amantes de las matem\u00e1ticas ir\u00e1n a Olimpiada - CETYS","description":"Articulo sobre Amantes de las matem\u00e1ticas ir\u00e1n a Olimpiada","robots":{"index":"index","follow":"follow","max-snippet":"max-snippet:-1","max-image-preview":"max-image-preview:large","max-video-preview":"max-video-preview:-1"},"canonical":"https:\/\/www.cetys.mx\/noticias\/amantes-de-las-matematicas-iran-a-olimpiada\/","og_locale":"es_MX","og_type":"article","og_title":"Amantes de las matem\u00e1ticas ir\u00e1n a Olimpiada - CETYS","og_description":"Articulo sobre Amantes de las matem\u00e1ticas ir\u00e1n a Olimpiada","og_url":"https:\/\/www.cetys.mx\/noticias\/amantes-de-las-matematicas-iran-a-olimpiada\/","og_site_name":"CETYS","article_publisher":"https:\/\/www.facebook.com\/cetysuniversidadmxl\/","article_published_time":"2016-09-13T19:48:25+00:00","article_modified_time":"2016-09-23T17:04:12+00:00","og_image":[{"width":958,"height":637,"url":"https:\/\/www.cetys.mx\/noticias\/wp-content\/uploads\/2016\/09\/olimpiada2.jpg","type":"image\/jpeg"}],"author":"Campus Mexicali","twitter_card":"summary_large_image","twitter_creator":"@cetysuni","twitter_site":"@cetysuni","twitter_misc":{"Escrito por":"Campus Mexicali","Tiempo de lectura":"2 minutos"},"schema":{"@context":"https:\/\/schema.org","@graph":[{"@type":"Article","@id":"https:\/\/www.cetys.mx\/noticias\/amantes-de-las-matematicas-iran-a-olimpiada\/#article","isPartOf":{"@id":"https:\/\/www.cetys.mx\/noticias\/amantes-de-las-matematicas-iran-a-olimpiada\/"},"author":{"name":"Campus Mexicali","@id":"https:\/\/www.cetys.mx\/noticias\/#\/schema\/person\/79a95c4ac185f3705cf1b9c9340a5f70"},"headline":"Amantes de las matem\u00e1ticas ir\u00e1n a Olimpiada","datePublished":"2016-09-13T19:48:25+00:00","dateModified":"2016-09-23T17:04:12+00:00","mainEntityOfPage":{"@id":"https:\/\/www.cetys.mx\/noticias\/amantes-de-las-matematicas-iran-a-olimpiada\/"},"wordCount":366,"commentCount":0,"image":{"@id":"https:\/\/www.cetys.mx\/noticias\/amantes-de-las-matematicas-iran-a-olimpiada\/#primaryimage"},"thumbnailUrl":"https:\/\/www.cetys.mx\/noticias\/wp-content\/uploads\/2016\/09\/olimpiada2.jpg","keywords":["Acapulco","Alumnos","Bachilleres","Ciencia","matematicas","mexicali","Olimpiada","Orgullo","Preparatoria","vocetys-2016-09-13"],"articleSection":["Campus Mexicali","Portada","Preparatoria","VoCETYS"],"inLanguage":"es","potentialAction":[{"@type":"CommentAction","name":"Comment","target":["https:\/\/www.cetys.mx\/noticias\/amantes-de-las-matematicas-iran-a-olimpiada\/#respond"]}]},{"@type":"WebPage","@id":"https:\/\/www.cetys.mx\/noticias\/amantes-de-las-matematicas-iran-a-olimpiada\/","url":"https:\/\/www.cetys.mx\/noticias\/amantes-de-las-matematicas-iran-a-olimpiada\/","name":"Amantes de las matem\u00e1ticas ir\u00e1n a Olimpiada - CETYS","isPartOf":{"@id":"https:\/\/www.cetys.mx\/noticias\/#website"},"primaryImageOfPage":{"@id":"https:\/\/www.cetys.mx\/noticias\/amantes-de-las-matematicas-iran-a-olimpiada\/#primaryimage"},"image":{"@id":"https:\/\/www.cetys.mx\/noticias\/amantes-de-las-matematicas-iran-a-olimpiada\/#primaryimage"},"thumbnailUrl":"https:\/\/www.cetys.mx\/noticias\/wp-content\/uploads\/2016\/09\/olimpiada2.jpg","datePublished":"2016-09-13T19:48:25+00:00","dateModified":"2016-09-23T17:04:12+00:00","author":{"@id":"https:\/\/www.cetys.mx\/noticias\/#\/schema\/person\/79a95c4ac185f3705cf1b9c9340a5f70"},"description":"Articulo sobre Amantes de las matem\u00e1ticas ir\u00e1n a Olimpiada","breadcrumb":{"@id":"https:\/\/www.cetys.mx\/noticias\/amantes-de-las-matematicas-iran-a-olimpiada\/#breadcrumb"},"inLanguage":"es","potentialAction":[{"@type":"ReadAction","target":["https:\/\/www.cetys.mx\/noticias\/amantes-de-las-matematicas-iran-a-olimpiada\/"]}]},{"@type":"ImageObject","inLanguage":"es","@id":"https:\/\/www.cetys.mx\/noticias\/amantes-de-las-matematicas-iran-a-olimpiada\/#primaryimage","url":"https:\/\/www.cetys.mx\/noticias\/wp-content\/uploads\/2016\/09\/olimpiada2.jpg","contentUrl":"https:\/\/www.cetys.mx\/noticias\/wp-content\/uploads\/2016\/09\/olimpiada2.jpg","width":958,"height":637},{"@type":"BreadcrumbList","@id":"https:\/\/www.cetys.mx\/noticias\/amantes-de-las-matematicas-iran-a-olimpiada\/#breadcrumb","itemListElement":[{"@type":"ListItem","position":1,"name":"Inicio","item":"https:\/\/www.cetys.mx\/noticias\/"},{"@type":"ListItem","position":2,"name":"Amantes de las matem\u00e1ticas ir\u00e1n a Olimpiada"}]},{"@type":"WebSite","@id":"https:\/\/www.cetys.mx\/noticias\/#website","url":"https:\/\/www.cetys.mx\/noticias\/","name":"CETYS","description":"","potentialAction":[{"@type":"SearchAction","target":{"@type":"EntryPoint","urlTemplate":"https:\/\/www.cetys.mx\/noticias\/?s={search_term_string}"},"query-input":{"@type":"PropertyValueSpecification","valueRequired":true,"valueName":"search_term_string"}}],"inLanguage":"es"},{"@type":"Person","@id":"https:\/\/www.cetys.mx\/noticias\/#\/schema\/person\/79a95c4ac185f3705cf1b9c9340a5f70","name":"Campus Mexicali","url":"https:\/\/www.cetys.mx\/noticias\/author\/campusmexicali\/"}]}},"_links":{"self":[{"href":"https:\/\/www.cetys.mx\/noticias\/wp-json\/wp\/v2\/posts\/65131","targetHints":{"allow":["GET"]}}],"collection":[{"href":"https:\/\/www.cetys.mx\/noticias\/wp-json\/wp\/v2\/posts"}],"about":[{"href":"https:\/\/www.cetys.mx\/noticias\/wp-json\/wp\/v2\/types\/post"}],"author":[{"embeddable":true,"href":"https:\/\/www.cetys.mx\/noticias\/wp-json\/wp\/v2\/users\/20"}],"replies":[{"embeddable":true,"href":"https:\/\/www.cetys.mx\/noticias\/wp-json\/wp\/v2\/comments?post=65131"}],"version-history":[{"count":0,"href":"https:\/\/www.cetys.mx\/noticias\/wp-json\/wp\/v2\/posts\/65131\/revisions"}],"wp:featuredmedia":[{"embeddable":true,"href":"https:\/\/www.cetys.mx\/noticias\/wp-json\/wp\/v2\/media\/65135"}],"wp:attachment":[{"href":"https:\/\/www.cetys.mx\/noticias\/wp-json\/wp\/v2\/media?parent=65131"}],"wp:term":[{"taxonomy":"category","embeddable":true,"href":"https:\/\/www.cetys.mx\/noticias\/wp-json\/wp\/v2\/categories?post=65131"},{"taxonomy":"post_tag","embeddable":true,"href":"https:\/\/www.cetys.mx\/noticias\/wp-json\/wp\/v2\/tags?post=65131"}],"curies":[{"name":"wp","href":"https:\/\/api.w.org\/{rel}","templated":true}]}}