{"id":64922,"date":"2016-09-06T18:25:51","date_gmt":"2016-09-07T01:25:51","guid":{"rendered":"http:\/\/www.cetys.mx\/noticias\/?p=64922"},"modified":"2016-09-07T11:10:29","modified_gmt":"2016-09-07T18:10:29","slug":"alumnos-de-lan-utilizan-sala-de-creatividad","status":"publish","type":"post","link":"https:\/\/www.cetys.mx\/noticias\/alumnos-de-lan-utilizan-sala-de-creatividad\/","title":{"rendered":"Alumnos de LAN utilizan Sala de Creatividad"},"content":{"rendered":"\n            <style type='text\/css'>\n                #gallery-1 {\n                    margin: auto;\n                }\n                #gallery-1 .gallery-item {\n                    float: left;\n                    margin-top: 10px;\n                    text-align: center;\n                    width: 33%;\n                }\n                #gallery-1 img {\n                    border: 2px solid #cfcfcf;\n                }\n                #gallery-1 .gallery-caption {\n                    margin-left: 0;\n                }\n                \/* see gallery_shortcode() in wp-includes\/media.php *\/\n            <\/style>\n\t\t<div id='gallery-1' class='gallery galleryid-64922 gallery-columns-3 gallery-size-thumbnail'><dl class='gallery-item'>\n                <dt class='gallery-icon landscape'>\n                    <a href='https:\/\/www.cetys.mx\/noticias\/alumnos-de-lan-utilizan-sala-de-creatividad\/dsc_0449\/'><img loading=\"lazy\" decoding=\"async\" width=\"128\" height=\"85\" src=\"https:\/\/www.cetys.mx\/noticias\/wp-content\/uploads\/2016\/09\/DSC_0449.jpg\" class=\"attachment-thumbnail size-thumbnail\" alt=\"\" aria-describedby=\"gallery-1-64932\" \/><\/a>\n                <\/dt>\n                    <dd class='wp-caption-text gallery-caption' id='gallery-1-64932'>\n                    Los alumnos del tercer cuatrimestre de LAN acudieron a la Sala de Creatividad\n                    <\/dd><\/dl><dl class='gallery-item'>\n                <dt class='gallery-icon landscape'>\n                    <a href='https:\/\/www.cetys.mx\/noticias\/alumnos-de-lan-utilizan-sala-de-creatividad\/dsc_0403\/'><img loading=\"lazy\" decoding=\"async\" width=\"128\" height=\"85\" src=\"https:\/\/www.cetys.mx\/noticias\/wp-content\/uploads\/2016\/09\/DSC_0403.jpg\" class=\"attachment-thumbnail size-thumbnail\" alt=\"\" aria-describedby=\"gallery-1-64925\" \/><\/a>\n                <\/dt>\n                    <dd class='wp-caption-text gallery-caption' id='gallery-1-64925'>\n                    Como parte de las actividades de la materia &#8220;Habilidades del Pensamiento&#8221; a cargo de la Mtra. Cinthia Salda\u00f1a\n                    <\/dd><\/dl><dl class='gallery-item'>\n                <dt class='gallery-icon landscape'>\n                    <a href='https:\/\/www.cetys.mx\/noticias\/alumnos-de-lan-utilizan-sala-de-creatividad\/dsc_0437\/'><img loading=\"lazy\" decoding=\"async\" width=\"128\" height=\"85\" src=\"https:\/\/www.cetys.mx\/noticias\/wp-content\/uploads\/2016\/09\/DSC_0437.jpg\" class=\"attachment-thumbnail size-thumbnail\" alt=\"\" aria-describedby=\"gallery-1-64930\" \/><\/a>\n                <\/dt>\n                    <dd class='wp-caption-text gallery-caption' id='gallery-1-64930'>\n                    Ah\u00ed pusieron a prueba su creatividad y trabajo en equipo\n                    <\/dd><\/dl><br style=\"clear: both\" \/><dl class='gallery-item'>\n                <dt class='gallery-icon landscape'>\n                    <a href='https:\/\/www.cetys.mx\/noticias\/alumnos-de-lan-utilizan-sala-de-creatividad\/dsc_0405\/'><img loading=\"lazy\" decoding=\"async\" width=\"128\" height=\"85\" src=\"https:\/\/www.cetys.mx\/noticias\/wp-content\/uploads\/2016\/09\/DSC_0405.jpg\" class=\"attachment-thumbnail size-thumbnail\" alt=\"\" aria-describedby=\"gallery-1-64926\" \/><\/a>\n                <\/dt>\n                    <dd class='wp-caption-text gallery-caption' id='gallery-1-64926'>\n                    Pues con el apoyo del Mtro. Omar Dayan quien es especialista en la t\u00e9cnica &#8220;Lego Serious Play&#8221;\n                    <\/dd><\/dl><dl class='gallery-item'>\n                <dt class='gallery-icon landscape'>\n                    <a href='https:\/\/www.cetys.mx\/noticias\/alumnos-de-lan-utilizan-sala-de-creatividad\/dsc_0412\/'><img loading=\"lazy\" decoding=\"async\" width=\"128\" height=\"85\" src=\"https:\/\/www.cetys.mx\/noticias\/wp-content\/uploads\/2016\/09\/DSC_0412.jpg\" class=\"attachment-thumbnail size-thumbnail\" alt=\"\" aria-describedby=\"gallery-1-64927\" \/><\/a>\n                <\/dt>\n                    <dd class='wp-caption-text gallery-caption' id='gallery-1-64927'>\n                    Tuvieron un acercamiento a la creatividad y a desarrollarla con mayor facilidad\n                    <\/dd><\/dl><dl class='gallery-item'>\n                <dt class='gallery-icon landscape'>\n                    <a href='https:\/\/www.cetys.mx\/noticias\/alumnos-de-lan-utilizan-sala-de-creatividad\/dsc_0418\/'><img loading=\"lazy\" decoding=\"async\" width=\"128\" height=\"85\" src=\"https:\/\/www.cetys.mx\/noticias\/wp-content\/uploads\/2016\/09\/DSC_0418.jpg\" class=\"attachment-thumbnail size-thumbnail\" alt=\"\" aria-describedby=\"gallery-1-64928\" \/><\/a>\n                <\/dt>\n                    <dd class='wp-caption-text gallery-caption' id='gallery-1-64928'>\n                    Tuvieron que trabajar en equipo para desglosar el tema &#8220;Creatividad e Innovaci\u00f3n&#8221; de su clase\n                    <\/dd><\/dl><br style=\"clear: both\" \/><dl class='gallery-item'>\n                <dt class='gallery-icon landscape'>\n                    <a href='https:\/\/www.cetys.mx\/noticias\/alumnos-de-lan-utilizan-sala-de-creatividad\/dsc_0428\/'><img loading=\"lazy\" decoding=\"async\" width=\"128\" height=\"85\" src=\"https:\/\/www.cetys.mx\/noticias\/wp-content\/uploads\/2016\/09\/DSC_0428.jpg\" class=\"attachment-thumbnail size-thumbnail\" alt=\"\" aria-describedby=\"gallery-1-64929\" \/><\/a>\n                <\/dt>\n                    <dd class='wp-caption-text gallery-caption' id='gallery-1-64929'>\n                    Los j\u00f3venes de LAN no dudaron en aprovechar las instalaciones de vanguardia que CETYS tiene para su estudiantado\n                    <\/dd><\/dl><dl class='gallery-item'>\n                <dt class='gallery-icon landscape'>\n                    <a href='https:\/\/www.cetys.mx\/noticias\/alumnos-de-lan-utilizan-sala-de-creatividad\/dsc_0439\/'><img loading=\"lazy\" decoding=\"async\" width=\"128\" height=\"85\" src=\"https:\/\/www.cetys.mx\/noticias\/wp-content\/uploads\/2016\/09\/DSC_0439.jpg\" class=\"attachment-thumbnail size-thumbnail\" alt=\"\" aria-describedby=\"gallery-1-64931\" \/><\/a>\n                <\/dt>\n                    <dd class='wp-caption-text gallery-caption' id='gallery-1-64931'>\n                    Despu\u00e9s de dos horas de sesi\u00f3n, recordaron que jugando tambi\u00e9n se fijan los conocimientos.\n                    <\/dd><\/dl>\n                <br style='clear: both' \/>\n            <\/div>\n\n","protected":false},"excerpt":{"rendered":"#gallery-2 { margin: auto; } #gallery-2 .gallery-item { float: left; margin-top: 10px; text-align: center; width: 33%; } #gallery-2 img { border: 2px...","protected":false},"author":20,"featured_media":64932,"comment_status":"open","ping_status":"open","sticky":false,"template":"","format":"gallery","meta":{"footnotes":""},"categories":[143],"tags":[],"class_list":["post-64922","post","type-post","status-publish","format-gallery","has-post-thumbnail","hentry","category-galeria","post_format-post-format-gallery"],"yoast_head":"<!-- This site is optimized with the Yoast SEO plugin v27.4 - https:\/\/yoast.com\/product\/yoast-seo-wordpress\/ -->\n<title>Alumnos de LAN utilizan Sala de Creatividad - CETYS<\/title>\n<meta name=\"description\" content=\"Articulo sobre Alumnos de LAN utilizan Sala de Creatividad\" \/>\n<meta name=\"robots\" content=\"index, follow, max-snippet:-1, max-image-preview:large, max-video-preview:-1\" \/>\n<link rel=\"canonical\" href=\"https:\/\/www.cetys.mx\/noticias\/alumnos-de-lan-utilizan-sala-de-creatividad\/\" \/>\n<meta property=\"og:locale\" content=\"es_MX\" \/>\n<meta property=\"og:type\" content=\"article\" \/>\n<meta property=\"og:title\" content=\"Alumnos de LAN utilizan Sala de Creatividad - CETYS\" \/>\n<meta property=\"og:description\" content=\"Articulo sobre Alumnos de LAN utilizan Sala de Creatividad\" \/>\n<meta property=\"og:url\" content=\"https:\/\/www.cetys.mx\/noticias\/alumnos-de-lan-utilizan-sala-de-creatividad\/\" \/>\n<meta property=\"og:site_name\" content=\"CETYS\" \/>\n<meta property=\"article:publisher\" content=\"https:\/\/www.facebook.com\/cetysuniversidadmxl\/\" \/>\n<meta property=\"article:published_time\" content=\"2016-09-07T01:25:51+00:00\" \/>\n<meta property=\"article:modified_time\" content=\"2016-09-07T18:10:29+00:00\" \/>\n<meta property=\"og:image\" content=\"https:\/\/www.cetys.mx\/noticias\/wp-content\/uploads\/2016\/09\/DSC_0449.jpg\" \/>\n\t<meta property=\"og:image:width\" content=\"958\" \/>\n\t<meta property=\"og:image:height\" content=\"637\" \/>\n\t<meta property=\"og:image:type\" content=\"image\/jpeg\" \/>\n<meta name=\"author\" content=\"Campus Mexicali\" \/>\n<meta name=\"twitter:card\" content=\"summary_large_image\" \/>\n<meta name=\"twitter:creator\" content=\"@cetysuni\" \/>\n<meta name=\"twitter:site\" content=\"@cetysuni\" \/>\n<meta name=\"twitter:label1\" content=\"Escrito por\" \/>\n\t<meta name=\"twitter:data1\" content=\"Campus Mexicali\" \/>\n<script type=\"application\/ld+json\" class=\"yoast-schema-graph\">{\"@context\":\"https:\\\/\\\/schema.org\",\"@graph\":[{\"@type\":\"Article\",\"@id\":\"https:\\\/\\\/www.cetys.mx\\\/noticias\\\/alumnos-de-lan-utilizan-sala-de-creatividad\\\/#article\",\"isPartOf\":{\"@id\":\"https:\\\/\\\/www.cetys.mx\\\/noticias\\\/alumnos-de-lan-utilizan-sala-de-creatividad\\\/\"},\"author\":{\"name\":\"Campus Mexicali\",\"@id\":\"https:\\\/\\\/www.cetys.mx\\\/noticias\\\/#\\\/schema\\\/person\\\/79a95c4ac185f3705cf1b9c9340a5f70\"},\"headline\":\"Alumnos de LAN utilizan Sala de Creatividad\",\"datePublished\":\"2016-09-07T01:25:51+00:00\",\"dateModified\":\"2016-09-07T18:10:29+00:00\",\"mainEntityOfPage\":{\"@id\":\"https:\\\/\\\/www.cetys.mx\\\/noticias\\\/alumnos-de-lan-utilizan-sala-de-creatividad\\\/\"},\"wordCount\":9,\"commentCount\":0,\"image\":{\"@id\":\"https:\\\/\\\/www.cetys.mx\\\/noticias\\\/alumnos-de-lan-utilizan-sala-de-creatividad\\\/#primaryimage\"},\"thumbnailUrl\":\"https:\\\/\\\/www.cetys.mx\\\/noticias\\\/wp-content\\\/uploads\\\/2016\\\/09\\\/DSC_0449.jpg\",\"articleSection\":[\"Galer\u00eda\"],\"inLanguage\":\"es\",\"potentialAction\":[{\"@type\":\"CommentAction\",\"name\":\"Comment\",\"target\":[\"https:\\\/\\\/www.cetys.mx\\\/noticias\\\/alumnos-de-lan-utilizan-sala-de-creatividad\\\/#respond\"]}]},{\"@type\":\"WebPage\",\"@id\":\"https:\\\/\\\/www.cetys.mx\\\/noticias\\\/alumnos-de-lan-utilizan-sala-de-creatividad\\\/\",\"url\":\"https:\\\/\\\/www.cetys.mx\\\/noticias\\\/alumnos-de-lan-utilizan-sala-de-creatividad\\\/\",\"name\":\"Alumnos de LAN utilizan Sala de Creatividad - CETYS\",\"isPartOf\":{\"@id\":\"https:\\\/\\\/www.cetys.mx\\\/noticias\\\/#website\"},\"primaryImageOfPage\":{\"@id\":\"https:\\\/\\\/www.cetys.mx\\\/noticias\\\/alumnos-de-lan-utilizan-sala-de-creatividad\\\/#primaryimage\"},\"image\":{\"@id\":\"https:\\\/\\\/www.cetys.mx\\\/noticias\\\/alumnos-de-lan-utilizan-sala-de-creatividad\\\/#primaryimage\"},\"thumbnailUrl\":\"https:\\\/\\\/www.cetys.mx\\\/noticias\\\/wp-content\\\/uploads\\\/2016\\\/09\\\/DSC_0449.jpg\",\"datePublished\":\"2016-09-07T01:25:51+00:00\",\"dateModified\":\"2016-09-07T18:10:29+00:00\",\"author\":{\"@id\":\"https:\\\/\\\/www.cetys.mx\\\/noticias\\\/#\\\/schema\\\/person\\\/79a95c4ac185f3705cf1b9c9340a5f70\"},\"description\":\"Articulo sobre Alumnos de LAN utilizan Sala de Creatividad\",\"breadcrumb\":{\"@id\":\"https:\\\/\\\/www.cetys.mx\\\/noticias\\\/alumnos-de-lan-utilizan-sala-de-creatividad\\\/#breadcrumb\"},\"inLanguage\":\"es\",\"potentialAction\":[{\"@type\":\"ReadAction\",\"target\":[\"https:\\\/\\\/www.cetys.mx\\\/noticias\\\/alumnos-de-lan-utilizan-sala-de-creatividad\\\/\"]}]},{\"@type\":\"ImageObject\",\"inLanguage\":\"es\",\"@id\":\"https:\\\/\\\/www.cetys.mx\\\/noticias\\\/alumnos-de-lan-utilizan-sala-de-creatividad\\\/#primaryimage\",\"url\":\"https:\\\/\\\/www.cetys.mx\\\/noticias\\\/wp-content\\\/uploads\\\/2016\\\/09\\\/DSC_0449.jpg\",\"contentUrl\":\"https:\\\/\\\/www.cetys.mx\\\/noticias\\\/wp-content\\\/uploads\\\/2016\\\/09\\\/DSC_0449.jpg\",\"width\":958,\"height\":637,\"caption\":\"Los alumnos del tercer cuatrimestre de LAN acudieron a la Sala de Creatividad\"},{\"@type\":\"BreadcrumbList\",\"@id\":\"https:\\\/\\\/www.cetys.mx\\\/noticias\\\/alumnos-de-lan-utilizan-sala-de-creatividad\\\/#breadcrumb\",\"itemListElement\":[{\"@type\":\"ListItem\",\"position\":1,\"name\":\"Inicio\",\"item\":\"https:\\\/\\\/www.cetys.mx\\\/noticias\\\/\"},{\"@type\":\"ListItem\",\"position\":2,\"name\":\"Alumnos de LAN utilizan Sala de Creatividad\"}]},{\"@type\":\"WebSite\",\"@id\":\"https:\\\/\\\/www.cetys.mx\\\/noticias\\\/#website\",\"url\":\"https:\\\/\\\/www.cetys.mx\\\/noticias\\\/\",\"name\":\"CETYS\",\"description\":\"\",\"potentialAction\":[{\"@type\":\"SearchAction\",\"target\":{\"@type\":\"EntryPoint\",\"urlTemplate\":\"https:\\\/\\\/www.cetys.mx\\\/noticias\\\/?s={search_term_string}\"},\"query-input\":{\"@type\":\"PropertyValueSpecification\",\"valueRequired\":true,\"valueName\":\"search_term_string\"}}],\"inLanguage\":\"es\"},{\"@type\":\"Person\",\"@id\":\"https:\\\/\\\/www.cetys.mx\\\/noticias\\\/#\\\/schema\\\/person\\\/79a95c4ac185f3705cf1b9c9340a5f70\",\"name\":\"Campus Mexicali\",\"url\":\"https:\\\/\\\/www.cetys.mx\\\/noticias\\\/author\\\/campusmexicali\\\/\"}]}<\/script>\n<!-- \/ Yoast SEO plugin. -->","yoast_head_json":{"title":"Alumnos de LAN utilizan Sala de Creatividad - CETYS","description":"Articulo sobre Alumnos de LAN utilizan Sala de Creatividad","robots":{"index":"index","follow":"follow","max-snippet":"max-snippet:-1","max-image-preview":"max-image-preview:large","max-video-preview":"max-video-preview:-1"},"canonical":"https:\/\/www.cetys.mx\/noticias\/alumnos-de-lan-utilizan-sala-de-creatividad\/","og_locale":"es_MX","og_type":"article","og_title":"Alumnos de LAN utilizan Sala de Creatividad - CETYS","og_description":"Articulo sobre Alumnos de LAN utilizan Sala de Creatividad","og_url":"https:\/\/www.cetys.mx\/noticias\/alumnos-de-lan-utilizan-sala-de-creatividad\/","og_site_name":"CETYS","article_publisher":"https:\/\/www.facebook.com\/cetysuniversidadmxl\/","article_published_time":"2016-09-07T01:25:51+00:00","article_modified_time":"2016-09-07T18:10:29+00:00","og_image":[{"width":958,"height":637,"url":"https:\/\/www.cetys.mx\/noticias\/wp-content\/uploads\/2016\/09\/DSC_0449.jpg","type":"image\/jpeg"}],"author":"Campus Mexicali","twitter_card":"summary_large_image","twitter_creator":"@cetysuni","twitter_site":"@cetysuni","twitter_misc":{"Escrito por":"Campus Mexicali"},"schema":{"@context":"https:\/\/schema.org","@graph":[{"@type":"Article","@id":"https:\/\/www.cetys.mx\/noticias\/alumnos-de-lan-utilizan-sala-de-creatividad\/#article","isPartOf":{"@id":"https:\/\/www.cetys.mx\/noticias\/alumnos-de-lan-utilizan-sala-de-creatividad\/"},"author":{"name":"Campus Mexicali","@id":"https:\/\/www.cetys.mx\/noticias\/#\/schema\/person\/79a95c4ac185f3705cf1b9c9340a5f70"},"headline":"Alumnos de LAN utilizan Sala de Creatividad","datePublished":"2016-09-07T01:25:51+00:00","dateModified":"2016-09-07T18:10:29+00:00","mainEntityOfPage":{"@id":"https:\/\/www.cetys.mx\/noticias\/alumnos-de-lan-utilizan-sala-de-creatividad\/"},"wordCount":9,"commentCount":0,"image":{"@id":"https:\/\/www.cetys.mx\/noticias\/alumnos-de-lan-utilizan-sala-de-creatividad\/#primaryimage"},"thumbnailUrl":"https:\/\/www.cetys.mx\/noticias\/wp-content\/uploads\/2016\/09\/DSC_0449.jpg","articleSection":["Galer\u00eda"],"inLanguage":"es","potentialAction":[{"@type":"CommentAction","name":"Comment","target":["https:\/\/www.cetys.mx\/noticias\/alumnos-de-lan-utilizan-sala-de-creatividad\/#respond"]}]},{"@type":"WebPage","@id":"https:\/\/www.cetys.mx\/noticias\/alumnos-de-lan-utilizan-sala-de-creatividad\/","url":"https:\/\/www.cetys.mx\/noticias\/alumnos-de-lan-utilizan-sala-de-creatividad\/","name":"Alumnos de LAN utilizan Sala de Creatividad - CETYS","isPartOf":{"@id":"https:\/\/www.cetys.mx\/noticias\/#website"},"primaryImageOfPage":{"@id":"https:\/\/www.cetys.mx\/noticias\/alumnos-de-lan-utilizan-sala-de-creatividad\/#primaryimage"},"image":{"@id":"https:\/\/www.cetys.mx\/noticias\/alumnos-de-lan-utilizan-sala-de-creatividad\/#primaryimage"},"thumbnailUrl":"https:\/\/www.cetys.mx\/noticias\/wp-content\/uploads\/2016\/09\/DSC_0449.jpg","datePublished":"2016-09-07T01:25:51+00:00","dateModified":"2016-09-07T18:10:29+00:00","author":{"@id":"https:\/\/www.cetys.mx\/noticias\/#\/schema\/person\/79a95c4ac185f3705cf1b9c9340a5f70"},"description":"Articulo sobre Alumnos de LAN utilizan Sala de Creatividad","breadcrumb":{"@id":"https:\/\/www.cetys.mx\/noticias\/alumnos-de-lan-utilizan-sala-de-creatividad\/#breadcrumb"},"inLanguage":"es","potentialAction":[{"@type":"ReadAction","target":["https:\/\/www.cetys.mx\/noticias\/alumnos-de-lan-utilizan-sala-de-creatividad\/"]}]},{"@type":"ImageObject","inLanguage":"es","@id":"https:\/\/www.cetys.mx\/noticias\/alumnos-de-lan-utilizan-sala-de-creatividad\/#primaryimage","url":"https:\/\/www.cetys.mx\/noticias\/wp-content\/uploads\/2016\/09\/DSC_0449.jpg","contentUrl":"https:\/\/www.cetys.mx\/noticias\/wp-content\/uploads\/2016\/09\/DSC_0449.jpg","width":958,"height":637,"caption":"Los alumnos del tercer cuatrimestre de LAN acudieron a la Sala de Creatividad"},{"@type":"BreadcrumbList","@id":"https:\/\/www.cetys.mx\/noticias\/alumnos-de-lan-utilizan-sala-de-creatividad\/#breadcrumb","itemListElement":[{"@type":"ListItem","position":1,"name":"Inicio","item":"https:\/\/www.cetys.mx\/noticias\/"},{"@type":"ListItem","position":2,"name":"Alumnos de LAN utilizan Sala de Creatividad"}]},{"@type":"WebSite","@id":"https:\/\/www.cetys.mx\/noticias\/#website","url":"https:\/\/www.cetys.mx\/noticias\/","name":"CETYS","description":"","potentialAction":[{"@type":"SearchAction","target":{"@type":"EntryPoint","urlTemplate":"https:\/\/www.cetys.mx\/noticias\/?s={search_term_string}"},"query-input":{"@type":"PropertyValueSpecification","valueRequired":true,"valueName":"search_term_string"}}],"inLanguage":"es"},{"@type":"Person","@id":"https:\/\/www.cetys.mx\/noticias\/#\/schema\/person\/79a95c4ac185f3705cf1b9c9340a5f70","name":"Campus Mexicali","url":"https:\/\/www.cetys.mx\/noticias\/author\/campusmexicali\/"}]}},"_links":{"self":[{"href":"https:\/\/www.cetys.mx\/noticias\/wp-json\/wp\/v2\/posts\/64922","targetHints":{"allow":["GET"]}}],"collection":[{"href":"https:\/\/www.cetys.mx\/noticias\/wp-json\/wp\/v2\/posts"}],"about":[{"href":"https:\/\/www.cetys.mx\/noticias\/wp-json\/wp\/v2\/types\/post"}],"author":[{"embeddable":true,"href":"https:\/\/www.cetys.mx\/noticias\/wp-json\/wp\/v2\/users\/20"}],"replies":[{"embeddable":true,"href":"https:\/\/www.cetys.mx\/noticias\/wp-json\/wp\/v2\/comments?post=64922"}],"version-history":[{"count":0,"href":"https:\/\/www.cetys.mx\/noticias\/wp-json\/wp\/v2\/posts\/64922\/revisions"}],"wp:featuredmedia":[{"embeddable":true,"href":"https:\/\/www.cetys.mx\/noticias\/wp-json\/wp\/v2\/media\/64932"}],"wp:attachment":[{"href":"https:\/\/www.cetys.mx\/noticias\/wp-json\/wp\/v2\/media?parent=64922"}],"wp:term":[{"taxonomy":"category","embeddable":true,"href":"https:\/\/www.cetys.mx\/noticias\/wp-json\/wp\/v2\/categories?post=64922"},{"taxonomy":"post_tag","embeddable":true,"href":"https:\/\/www.cetys.mx\/noticias\/wp-json\/wp\/v2\/tags?post=64922"}],"curies":[{"name":"wp","href":"https:\/\/api.w.org\/{rel}","templated":true}]}}