{"id":64886,"date":"2016-09-06T17:22:52","date_gmt":"2016-09-07T00:22:52","guid":{"rendered":"http:\/\/www.cetys.mx\/noticias\/?p=64886"},"modified":"2016-09-06T17:27:22","modified_gmt":"2016-09-07T00:27:22","slug":"cityu-llego-a-campus-tijuana","status":"publish","type":"post","link":"https:\/\/www.cetys.mx\/noticias\/cityu-llego-a-campus-tijuana\/","title":{"rendered":"CityU lleg\u00f3 a Campus Tijuana"},"content":{"rendered":"<p>Con poco m\u00e1s de una d\u00e9cada de colaboraci\u00f3n a favor de la educaci\u00f3n internacional, <a href=\"https:\/\/www.cetys.mx\/\">CETYS Universidad<\/a> y <a href=\"https:\/\/www.cityu.edu.\/\">City University of Seattle<\/a><strong> contin\u00faan ampliando y mejorando la experiencia del estudiantado<\/strong> que participa o desea conocer m\u00e1s del programa de <a href=\"https:\/\/www.cetys.mx\/141-doble-grado\/\">Doble Grado.<\/a><\/p>\n<p>Dado el creciente inter\u00e9s es que<strong> a partir de este semestre en Campus Tijuana se abri\u00f3 la oficina \u201cCity University of Seattle in Baja California\u201d<\/strong>, donde la <strong>Lic. Karla Sol\u00eds<\/strong> se encargar\u00e1 de dar seguimiento a los alumnos inscritos e informar a la comunidad estudiantil.<\/p>\n<div id=\"attachment_64893\" style=\"width: 910px\" class=\"wp-caption aligncenter\"><a href=\"https:\/\/www.cetys.mx\/noticias\/wp-content\/uploads\/2016\/09\/DSC_0359.jpg\"><img loading=\"lazy\" decoding=\"async\" aria-describedby=\"caption-attachment-64893\" class=\"wp-image-64893\" src=\"https:\/\/www.cetys.mx\/noticias\/wp-content\/uploads\/2016\/09\/DSC_0359.jpg\" alt=\"Ahora puedes obtener toda la informaci\u00f3n del programa de Doble Grado de forma directa.\" width=\"900\" height=\"646\" \/><\/a><p id=\"caption-attachment-64893\" class=\"wp-caption-text\">Ahora puedes obtener toda la informaci\u00f3n del programa de Doble Grado de forma directa.<\/p><\/div>\n<p>Adem\u00e1s podr\u00e1s resolver tus dudas sobre las clases presenciales de Doble Grado en Campus Tijuana, conocer las fechas de apertura y cierra de las convocatorias de CETYS y CityU, adem\u00e1s de comunicaci\u00f3n directa con la Coordinaci\u00f3n de Doble Grado a nivel Sistema.<\/p>\n<p>Es por ello que ya <strong>puedes acudir al primer piso del Edificio de Preparatoria<\/strong>, a un costado del departamento de Programas Internacionales, <strong>en el horario de 8:00 a.m. a 1:00 pm. y de 3:00 p.m. a 6:00 p.m.<\/strong> para conocer todos los <span style=\"text-decoration: underline;\">beneficios de cursar una carrera profesional en M\u00e9xico y otra en Estados Unidos<\/span>.<\/p>\n<p>M\u00e1s del programa de Doble Grado en el siguiente video:<br \/>\n<iframe loading=\"lazy\" width=\"560\" height=\"315\" src=\"https:\/\/www.youtube.com\/embed\/g_2gqJf7XHo\" frameborder=\"0\" allowfullscreen><\/iframe><\/p>\n","protected":false},"excerpt":{"rendered":"<p>Con poco m\u00e1s de una d\u00e9cada de colaboraci\u00f3n a favor de la educaci\u00f3n internacional, CETYS Universidad y City University of Seattle contin\u00faan&#8230;<\/p>\n","protected":false},"author":24,"featured_media":64895,"comment_status":"open","ping_status":"open","sticky":false,"template":"","format":"standard","meta":{"footnotes":""},"categories":[134,108,313],"tags":[285,354,355,917,201,176,357,367,1065],"class_list":["post-64886","post","type-post","status-publish","format-standard","has-post-thumbnail","hentry","category-campus-tijuana","category-internacionales","category-vocetys-2","tag-alumnos","tag-cityu","tag-doblegrado","tag-estadosunidos","tag-mexico","tag-profesional","tag-seattle","tag-universidad","tag-vocetys-2016-09-07"],"yoast_head":"<!-- This site is optimized with the Yoast SEO plugin v27.4 - https:\/\/yoast.com\/product\/yoast-seo-wordpress\/ -->\n<title>CityU lleg\u00f3 a Campus Tijuana - CETYS<\/title>\n<meta name=\"description\" content=\"Articulo sobre CityU lleg\u00f3 a Campus Tijuana\" \/>\n<meta name=\"robots\" content=\"index, follow, max-snippet:-1, max-image-preview:large, max-video-preview:-1\" \/>\n<link rel=\"canonical\" href=\"https:\/\/www.cetys.mx\/noticias\/cityu-llego-a-campus-tijuana\/\" \/>\n<meta property=\"og:locale\" content=\"es_MX\" \/>\n<meta property=\"og:type\" content=\"article\" \/>\n<meta property=\"og:title\" content=\"CityU lleg\u00f3 a Campus Tijuana - CETYS\" \/>\n<meta property=\"og:description\" content=\"Articulo sobre CityU lleg\u00f3 a Campus Tijuana\" \/>\n<meta property=\"og:url\" content=\"https:\/\/www.cetys.mx\/noticias\/cityu-llego-a-campus-tijuana\/\" \/>\n<meta property=\"og:site_name\" content=\"CETYS\" \/>\n<meta property=\"article:publisher\" content=\"https:\/\/www.facebook.com\/cetysuniversidadmxl\/\" \/>\n<meta property=\"article:published_time\" content=\"2016-09-07T00:22:52+00:00\" \/>\n<meta property=\"article:modified_time\" content=\"2016-09-07T00:27:22+00:00\" \/>\n<meta property=\"og:image\" content=\"https:\/\/www.cetys.mx\/noticias\/wp-content\/uploads\/2016\/09\/VoCETYS-CityU.png\" \/>\n\t<meta property=\"og:image:width\" content=\"958\" \/>\n\t<meta property=\"og:image:height\" content=\"637\" \/>\n\t<meta property=\"og:image:type\" content=\"image\/png\" \/>\n<meta name=\"author\" content=\"Campus Tijuana\" \/>\n<meta name=\"twitter:card\" content=\"summary_large_image\" \/>\n<meta name=\"twitter:creator\" content=\"@cetysuni\" \/>\n<meta name=\"twitter:site\" content=\"@cetysuni\" \/>\n<meta name=\"twitter:label1\" content=\"Escrito por\" \/>\n\t<meta name=\"twitter:data1\" content=\"Campus Tijuana\" \/>\n\t<meta name=\"twitter:label2\" content=\"Tiempo de lectura\" \/>\n\t<meta name=\"twitter:data2\" content=\"1 minuto\" \/>\n<script type=\"application\/ld+json\" class=\"yoast-schema-graph\">{\"@context\":\"https:\\\/\\\/schema.org\",\"@graph\":[{\"@type\":\"Article\",\"@id\":\"https:\\\/\\\/www.cetys.mx\\\/noticias\\\/cityu-llego-a-campus-tijuana\\\/#article\",\"isPartOf\":{\"@id\":\"https:\\\/\\\/www.cetys.mx\\\/noticias\\\/cityu-llego-a-campus-tijuana\\\/\"},\"author\":{\"name\":\"Campus Tijuana\",\"@id\":\"https:\\\/\\\/www.cetys.mx\\\/noticias\\\/#\\\/schema\\\/person\\\/e790051ce60e18ae47cfa87011c8653f\"},\"headline\":\"CityU lleg\u00f3 a Campus Tijuana\",\"datePublished\":\"2016-09-07T00:22:52+00:00\",\"dateModified\":\"2016-09-07T00:27:22+00:00\",\"mainEntityOfPage\":{\"@id\":\"https:\\\/\\\/www.cetys.mx\\\/noticias\\\/cityu-llego-a-campus-tijuana\\\/\"},\"wordCount\":233,\"commentCount\":0,\"image\":{\"@id\":\"https:\\\/\\\/www.cetys.mx\\\/noticias\\\/cityu-llego-a-campus-tijuana\\\/#primaryimage\"},\"thumbnailUrl\":\"https:\\\/\\\/www.cetys.mx\\\/noticias\\\/wp-content\\\/uploads\\\/2016\\\/09\\\/VoCETYS-CityU.png\",\"keywords\":[\"Alumnos\",\"cityu\",\"doblegrado\",\"estadosunidos\",\"mexico\",\"profesional\",\"seattle\",\"universidad\",\"vocetys-2016-09-07\"],\"articleSection\":[\"Campus Tijuana\",\"Internacionales\",\"VoCETYS\"],\"inLanguage\":\"es\",\"potentialAction\":[{\"@type\":\"CommentAction\",\"name\":\"Comment\",\"target\":[\"https:\\\/\\\/www.cetys.mx\\\/noticias\\\/cityu-llego-a-campus-tijuana\\\/#respond\"]}]},{\"@type\":\"WebPage\",\"@id\":\"https:\\\/\\\/www.cetys.mx\\\/noticias\\\/cityu-llego-a-campus-tijuana\\\/\",\"url\":\"https:\\\/\\\/www.cetys.mx\\\/noticias\\\/cityu-llego-a-campus-tijuana\\\/\",\"name\":\"CityU lleg\u00f3 a Campus Tijuana - CETYS\",\"isPartOf\":{\"@id\":\"https:\\\/\\\/www.cetys.mx\\\/noticias\\\/#website\"},\"primaryImageOfPage\":{\"@id\":\"https:\\\/\\\/www.cetys.mx\\\/noticias\\\/cityu-llego-a-campus-tijuana\\\/#primaryimage\"},\"image\":{\"@id\":\"https:\\\/\\\/www.cetys.mx\\\/noticias\\\/cityu-llego-a-campus-tijuana\\\/#primaryimage\"},\"thumbnailUrl\":\"https:\\\/\\\/www.cetys.mx\\\/noticias\\\/wp-content\\\/uploads\\\/2016\\\/09\\\/VoCETYS-CityU.png\",\"datePublished\":\"2016-09-07T00:22:52+00:00\",\"dateModified\":\"2016-09-07T00:27:22+00:00\",\"author\":{\"@id\":\"https:\\\/\\\/www.cetys.mx\\\/noticias\\\/#\\\/schema\\\/person\\\/e790051ce60e18ae47cfa87011c8653f\"},\"description\":\"Articulo sobre CityU lleg\u00f3 a Campus Tijuana\",\"breadcrumb\":{\"@id\":\"https:\\\/\\\/www.cetys.mx\\\/noticias\\\/cityu-llego-a-campus-tijuana\\\/#breadcrumb\"},\"inLanguage\":\"es\",\"potentialAction\":[{\"@type\":\"ReadAction\",\"target\":[\"https:\\\/\\\/www.cetys.mx\\\/noticias\\\/cityu-llego-a-campus-tijuana\\\/\"]}]},{\"@type\":\"ImageObject\",\"inLanguage\":\"es\",\"@id\":\"https:\\\/\\\/www.cetys.mx\\\/noticias\\\/cityu-llego-a-campus-tijuana\\\/#primaryimage\",\"url\":\"https:\\\/\\\/www.cetys.mx\\\/noticias\\\/wp-content\\\/uploads\\\/2016\\\/09\\\/VoCETYS-CityU.png\",\"contentUrl\":\"https:\\\/\\\/www.cetys.mx\\\/noticias\\\/wp-content\\\/uploads\\\/2016\\\/09\\\/VoCETYS-CityU.png\",\"width\":958,\"height\":637,\"caption\":\"Ahora City University of Seattle tiene una oficina de atenci\u00f3n directa en Campus Tijuana.\"},{\"@type\":\"BreadcrumbList\",\"@id\":\"https:\\\/\\\/www.cetys.mx\\\/noticias\\\/cityu-llego-a-campus-tijuana\\\/#breadcrumb\",\"itemListElement\":[{\"@type\":\"ListItem\",\"position\":1,\"name\":\"Inicio\",\"item\":\"https:\\\/\\\/www.cetys.mx\\\/noticias\\\/\"},{\"@type\":\"ListItem\",\"position\":2,\"name\":\"CityU lleg\u00f3 a Campus Tijuana\"}]},{\"@type\":\"WebSite\",\"@id\":\"https:\\\/\\\/www.cetys.mx\\\/noticias\\\/#website\",\"url\":\"https:\\\/\\\/www.cetys.mx\\\/noticias\\\/\",\"name\":\"CETYS\",\"description\":\"\",\"potentialAction\":[{\"@type\":\"SearchAction\",\"target\":{\"@type\":\"EntryPoint\",\"urlTemplate\":\"https:\\\/\\\/www.cetys.mx\\\/noticias\\\/?s={search_term_string}\"},\"query-input\":{\"@type\":\"PropertyValueSpecification\",\"valueRequired\":true,\"valueName\":\"search_term_string\"}}],\"inLanguage\":\"es\"},{\"@type\":\"Person\",\"@id\":\"https:\\\/\\\/www.cetys.mx\\\/noticias\\\/#\\\/schema\\\/person\\\/e790051ce60e18ae47cfa87011c8653f\",\"name\":\"Campus Tijuana\",\"url\":\"https:\\\/\\\/www.cetys.mx\\\/noticias\\\/author\\\/campustijuana\\\/\"}]}<\/script>\n<!-- \/ Yoast SEO plugin. -->","yoast_head_json":{"title":"CityU lleg\u00f3 a Campus Tijuana - CETYS","description":"Articulo sobre CityU lleg\u00f3 a Campus Tijuana","robots":{"index":"index","follow":"follow","max-snippet":"max-snippet:-1","max-image-preview":"max-image-preview:large","max-video-preview":"max-video-preview:-1"},"canonical":"https:\/\/www.cetys.mx\/noticias\/cityu-llego-a-campus-tijuana\/","og_locale":"es_MX","og_type":"article","og_title":"CityU lleg\u00f3 a Campus Tijuana - CETYS","og_description":"Articulo sobre CityU lleg\u00f3 a Campus Tijuana","og_url":"https:\/\/www.cetys.mx\/noticias\/cityu-llego-a-campus-tijuana\/","og_site_name":"CETYS","article_publisher":"https:\/\/www.facebook.com\/cetysuniversidadmxl\/","article_published_time":"2016-09-07T00:22:52+00:00","article_modified_time":"2016-09-07T00:27:22+00:00","og_image":[{"width":958,"height":637,"url":"https:\/\/www.cetys.mx\/noticias\/wp-content\/uploads\/2016\/09\/VoCETYS-CityU.png","type":"image\/png"}],"author":"Campus Tijuana","twitter_card":"summary_large_image","twitter_creator":"@cetysuni","twitter_site":"@cetysuni","twitter_misc":{"Escrito por":"Campus Tijuana","Tiempo de lectura":"1 minuto"},"schema":{"@context":"https:\/\/schema.org","@graph":[{"@type":"Article","@id":"https:\/\/www.cetys.mx\/noticias\/cityu-llego-a-campus-tijuana\/#article","isPartOf":{"@id":"https:\/\/www.cetys.mx\/noticias\/cityu-llego-a-campus-tijuana\/"},"author":{"name":"Campus Tijuana","@id":"https:\/\/www.cetys.mx\/noticias\/#\/schema\/person\/e790051ce60e18ae47cfa87011c8653f"},"headline":"CityU lleg\u00f3 a Campus Tijuana","datePublished":"2016-09-07T00:22:52+00:00","dateModified":"2016-09-07T00:27:22+00:00","mainEntityOfPage":{"@id":"https:\/\/www.cetys.mx\/noticias\/cityu-llego-a-campus-tijuana\/"},"wordCount":233,"commentCount":0,"image":{"@id":"https:\/\/www.cetys.mx\/noticias\/cityu-llego-a-campus-tijuana\/#primaryimage"},"thumbnailUrl":"https:\/\/www.cetys.mx\/noticias\/wp-content\/uploads\/2016\/09\/VoCETYS-CityU.png","keywords":["Alumnos","cityu","doblegrado","estadosunidos","mexico","profesional","seattle","universidad","vocetys-2016-09-07"],"articleSection":["Campus Tijuana","Internacionales","VoCETYS"],"inLanguage":"es","potentialAction":[{"@type":"CommentAction","name":"Comment","target":["https:\/\/www.cetys.mx\/noticias\/cityu-llego-a-campus-tijuana\/#respond"]}]},{"@type":"WebPage","@id":"https:\/\/www.cetys.mx\/noticias\/cityu-llego-a-campus-tijuana\/","url":"https:\/\/www.cetys.mx\/noticias\/cityu-llego-a-campus-tijuana\/","name":"CityU lleg\u00f3 a Campus Tijuana - CETYS","isPartOf":{"@id":"https:\/\/www.cetys.mx\/noticias\/#website"},"primaryImageOfPage":{"@id":"https:\/\/www.cetys.mx\/noticias\/cityu-llego-a-campus-tijuana\/#primaryimage"},"image":{"@id":"https:\/\/www.cetys.mx\/noticias\/cityu-llego-a-campus-tijuana\/#primaryimage"},"thumbnailUrl":"https:\/\/www.cetys.mx\/noticias\/wp-content\/uploads\/2016\/09\/VoCETYS-CityU.png","datePublished":"2016-09-07T00:22:52+00:00","dateModified":"2016-09-07T00:27:22+00:00","author":{"@id":"https:\/\/www.cetys.mx\/noticias\/#\/schema\/person\/e790051ce60e18ae47cfa87011c8653f"},"description":"Articulo sobre CityU lleg\u00f3 a Campus Tijuana","breadcrumb":{"@id":"https:\/\/www.cetys.mx\/noticias\/cityu-llego-a-campus-tijuana\/#breadcrumb"},"inLanguage":"es","potentialAction":[{"@type":"ReadAction","target":["https:\/\/www.cetys.mx\/noticias\/cityu-llego-a-campus-tijuana\/"]}]},{"@type":"ImageObject","inLanguage":"es","@id":"https:\/\/www.cetys.mx\/noticias\/cityu-llego-a-campus-tijuana\/#primaryimage","url":"https:\/\/www.cetys.mx\/noticias\/wp-content\/uploads\/2016\/09\/VoCETYS-CityU.png","contentUrl":"https:\/\/www.cetys.mx\/noticias\/wp-content\/uploads\/2016\/09\/VoCETYS-CityU.png","width":958,"height":637,"caption":"Ahora City University of Seattle tiene una oficina de atenci\u00f3n directa en Campus Tijuana."},{"@type":"BreadcrumbList","@id":"https:\/\/www.cetys.mx\/noticias\/cityu-llego-a-campus-tijuana\/#breadcrumb","itemListElement":[{"@type":"ListItem","position":1,"name":"Inicio","item":"https:\/\/www.cetys.mx\/noticias\/"},{"@type":"ListItem","position":2,"name":"CityU lleg\u00f3 a Campus Tijuana"}]},{"@type":"WebSite","@id":"https:\/\/www.cetys.mx\/noticias\/#website","url":"https:\/\/www.cetys.mx\/noticias\/","name":"CETYS","description":"","potentialAction":[{"@type":"SearchAction","target":{"@type":"EntryPoint","urlTemplate":"https:\/\/www.cetys.mx\/noticias\/?s={search_term_string}"},"query-input":{"@type":"PropertyValueSpecification","valueRequired":true,"valueName":"search_term_string"}}],"inLanguage":"es"},{"@type":"Person","@id":"https:\/\/www.cetys.mx\/noticias\/#\/schema\/person\/e790051ce60e18ae47cfa87011c8653f","name":"Campus Tijuana","url":"https:\/\/www.cetys.mx\/noticias\/author\/campustijuana\/"}]}},"_links":{"self":[{"href":"https:\/\/www.cetys.mx\/noticias\/wp-json\/wp\/v2\/posts\/64886","targetHints":{"allow":["GET"]}}],"collection":[{"href":"https:\/\/www.cetys.mx\/noticias\/wp-json\/wp\/v2\/posts"}],"about":[{"href":"https:\/\/www.cetys.mx\/noticias\/wp-json\/wp\/v2\/types\/post"}],"author":[{"embeddable":true,"href":"https:\/\/www.cetys.mx\/noticias\/wp-json\/wp\/v2\/users\/24"}],"replies":[{"embeddable":true,"href":"https:\/\/www.cetys.mx\/noticias\/wp-json\/wp\/v2\/comments?post=64886"}],"version-history":[{"count":0,"href":"https:\/\/www.cetys.mx\/noticias\/wp-json\/wp\/v2\/posts\/64886\/revisions"}],"wp:featuredmedia":[{"embeddable":true,"href":"https:\/\/www.cetys.mx\/noticias\/wp-json\/wp\/v2\/media\/64895"}],"wp:attachment":[{"href":"https:\/\/www.cetys.mx\/noticias\/wp-json\/wp\/v2\/media?parent=64886"}],"wp:term":[{"taxonomy":"category","embeddable":true,"href":"https:\/\/www.cetys.mx\/noticias\/wp-json\/wp\/v2\/categories?post=64886"},{"taxonomy":"post_tag","embeddable":true,"href":"https:\/\/www.cetys.mx\/noticias\/wp-json\/wp\/v2\/tags?post=64886"}],"curies":[{"name":"wp","href":"https:\/\/api.w.org\/{rel}","templated":true}]}}