{"id":64656,"date":"2016-08-30T17:44:46","date_gmt":"2016-08-31T00:44:46","guid":{"rendered":"http:\/\/www.cetys.mx\/noticias\/?p=64656"},"modified":"2016-08-31T10:25:48","modified_gmt":"2016-08-31T17:25:48","slug":"haran-vibrar-la-duela-de-la-liga-abe","status":"publish","type":"post","link":"https:\/\/www.cetys.mx\/noticias\/haran-vibrar-la-duela-de-la-liga-abe\/","title":{"rendered":"Har\u00e1n vibrar la duela de la  Liga ABE"},"content":{"rendered":"<p>Intensas semanas de entrenamiento est\u00e1 viviendo el equipo de <strong>Zorros Femenil<\/strong>, de cara al <strong>Campeonato de la Asociaci\u00f3n de B\u00e1squetbol Estudiantil (ABE)<\/strong>, para enfrentarse a Tigres de la Universidad Aut\u00f3noma de Nuevo Le\u00f3n (UANL) el <em>pr\u00f3ximo 23 de septiembre<\/em>.<\/p>\n<div id=\"attachment_64699\" style=\"width: 968px\" class=\"wp-caption aligncenter\"><a href=\"https:\/\/www.cetys.mx\/noticias\/wp-content\/uploads\/2016\/08\/IMG_1676.jpg\"><img loading=\"lazy\" decoding=\"async\" aria-describedby=\"caption-attachment-64699\" class=\"size-full wp-image-64699\" src=\"https:\/\/www.cetys.mx\/noticias\/wp-content\/uploads\/2016\/08\/IMG_1676.jpg\" alt=\"Zorros Femenil trabajo por consolidar un mejor equipo.\" width=\"958\" height=\"637\" \/><\/a><p id=\"caption-attachment-64699\" class=\"wp-caption-text\">Zorros Femenil trabajo por consolidar un mejor equipo.<\/p><\/div>\n<blockquote><p>\u201cEstamos trabajando muy fuerte en los sistemas ofensivos y defensivos que vamos a utilizar, por qu\u00e9 le vamos a meter todos los kilos para hacer un buen papel\u201d, expres\u00f3 C\u00e9sar Valencia Garc\u00eda, entrenador en jefe del equipo femenil que este a\u00f1o buscar\u00e1 la corona nacional.<\/p>\n<div id=\"attachment_64701\" style=\"width: 968px\" class=\"wp-caption aligncenter\"><a href=\"https:\/\/www.cetys.mx\/noticias\/wp-content\/uploads\/2016\/08\/IMG_2677.jpg\"><img loading=\"lazy\" decoding=\"async\" aria-describedby=\"caption-attachment-64701\" class=\"size-full wp-image-64701\" src=\"https:\/\/www.cetys.mx\/noticias\/wp-content\/uploads\/2016\/08\/IMG_2677.jpg\" alt=\"Buscan obtener los mejores resultados para su alma mater este 2016.\" width=\"958\" height=\"637\" \/><\/a><p id=\"caption-attachment-64701\" class=\"wp-caption-text\">Buscan obtener los mejores resultados para su alma mater este 2016.<\/p><\/div><\/blockquote>\n<p>En los dos a\u00f1os anteriores que participaron en la ABE obtuvieron experiencias muy positivas, mismas que les han permitido crecer como equipo, de tal forma que <strong>esta temporada buscar\u00e1n refrendar el excelente papel que se hizo en el 2014<\/strong>.<\/p>\n<p>Ser\u00e1 hasta el 23 de septiembre cuando el cuadro de Zorros Femenil del CETYS Universidad inicie su participaci\u00f3n en la Liga ABE, viajando a Monterrey, Nuevo Le\u00f3n, para<em> enfrentar a la UANL y a la Universidad Aut\u00f3noma de Zacatecas (UAZ)<\/em>; dos encuentros que seguramente dar\u00e1n mucho de qu\u00e9 hablar.<\/p>\n","protected":false},"excerpt":{"rendered":"<p>Intensas semanas de entrenamiento est\u00e1 viviendo el equipo de Zorros Femenil, de cara al Campeonato de la Asociaci\u00f3n de B\u00e1squetbol Estudiantil (ABE),&#8230;<\/p>\n","protected":false},"author":24,"featured_media":64698,"comment_status":"open","ping_status":"open","sticky":false,"template":"","format":"standard","meta":{"footnotes":""},"categories":[134,312,313],"tags":[440,339,438,459,1050,238,701],"class_list":["post-64656","post","type-post","status-publish","format-standard","has-post-thumbnail","hentry","category-campus-tijuana","category-deportes","category-vocetys-2","tag-abe","tag-baloncesto","tag-basquetbol","tag-ligaabe","tag-vocetys-2016-08-31","tag-zorros","tag-zorrosfemenil"],"yoast_head":"<!-- This site is optimized with the Yoast SEO plugin v27.4 - https:\/\/yoast.com\/product\/yoast-seo-wordpress\/ -->\n<title>Har\u00e1n vibrar la duela de la Liga ABE - CETYS<\/title>\n<meta name=\"description\" content=\"Articulo sobre Har\u00e1n vibrar la duela de la Liga ABE\" \/>\n<meta name=\"robots\" content=\"index, follow, max-snippet:-1, max-image-preview:large, max-video-preview:-1\" \/>\n<link rel=\"canonical\" href=\"https:\/\/www.cetys.mx\/noticias\/haran-vibrar-la-duela-de-la-liga-abe\/\" \/>\n<meta property=\"og:locale\" content=\"es_MX\" \/>\n<meta property=\"og:type\" content=\"article\" \/>\n<meta property=\"og:title\" content=\"Har\u00e1n vibrar la duela de la Liga ABE - CETYS\" \/>\n<meta property=\"og:description\" content=\"Articulo sobre Har\u00e1n vibrar la duela de la Liga ABE\" \/>\n<meta property=\"og:url\" content=\"https:\/\/www.cetys.mx\/noticias\/haran-vibrar-la-duela-de-la-liga-abe\/\" \/>\n<meta property=\"og:site_name\" content=\"CETYS\" \/>\n<meta property=\"article:publisher\" content=\"https:\/\/www.facebook.com\/cetysuniversidadmxl\/\" \/>\n<meta property=\"article:published_time\" content=\"2016-08-31T00:44:46+00:00\" \/>\n<meta property=\"article:modified_time\" content=\"2016-08-31T17:25:48+00:00\" \/>\n<meta property=\"og:image\" content=\"https:\/\/www.cetys.mx\/noticias\/wp-content\/uploads\/2016\/08\/xIMG_2230.jpg\" \/>\n\t<meta property=\"og:image:width\" content=\"958\" \/>\n\t<meta property=\"og:image:height\" content=\"637\" \/>\n\t<meta property=\"og:image:type\" content=\"image\/jpeg\" \/>\n<meta name=\"author\" content=\"Campus Tijuana\" \/>\n<meta name=\"twitter:card\" content=\"summary_large_image\" \/>\n<meta name=\"twitter:creator\" content=\"@cetysuni\" \/>\n<meta name=\"twitter:site\" content=\"@cetysuni\" \/>\n<meta name=\"twitter:label1\" content=\"Escrito por\" \/>\n\t<meta name=\"twitter:data1\" content=\"Campus Tijuana\" \/>\n\t<meta name=\"twitter:label2\" content=\"Tiempo de lectura\" \/>\n\t<meta name=\"twitter:data2\" content=\"1 minuto\" \/>\n<script type=\"application\/ld+json\" class=\"yoast-schema-graph\">{\"@context\":\"https:\\\/\\\/schema.org\",\"@graph\":[{\"@type\":\"Article\",\"@id\":\"https:\\\/\\\/www.cetys.mx\\\/noticias\\\/haran-vibrar-la-duela-de-la-liga-abe\\\/#article\",\"isPartOf\":{\"@id\":\"https:\\\/\\\/www.cetys.mx\\\/noticias\\\/haran-vibrar-la-duela-de-la-liga-abe\\\/\"},\"author\":{\"name\":\"Campus Tijuana\",\"@id\":\"https:\\\/\\\/www.cetys.mx\\\/noticias\\\/#\\\/schema\\\/person\\\/e790051ce60e18ae47cfa87011c8653f\"},\"headline\":\"Har\u00e1n vibrar la duela de la Liga ABE\",\"datePublished\":\"2016-08-31T00:44:46+00:00\",\"dateModified\":\"2016-08-31T17:25:48+00:00\",\"mainEntityOfPage\":{\"@id\":\"https:\\\/\\\/www.cetys.mx\\\/noticias\\\/haran-vibrar-la-duela-de-la-liga-abe\\\/\"},\"wordCount\":224,\"commentCount\":0,\"image\":{\"@id\":\"https:\\\/\\\/www.cetys.mx\\\/noticias\\\/haran-vibrar-la-duela-de-la-liga-abe\\\/#primaryimage\"},\"thumbnailUrl\":\"https:\\\/\\\/www.cetys.mx\\\/noticias\\\/wp-content\\\/uploads\\\/2016\\\/08\\\/xIMG_2230.jpg\",\"keywords\":[\"ABE\",\"baloncesto\",\"Basquetbol\",\"LigaABE\",\"vocetys-2016-08-31\",\"zorros\",\"zorrosfemenil\"],\"articleSection\":[\"Campus Tijuana\",\"Deportes\",\"VoCETYS\"],\"inLanguage\":\"es\",\"potentialAction\":[{\"@type\":\"CommentAction\",\"name\":\"Comment\",\"target\":[\"https:\\\/\\\/www.cetys.mx\\\/noticias\\\/haran-vibrar-la-duela-de-la-liga-abe\\\/#respond\"]}]},{\"@type\":\"WebPage\",\"@id\":\"https:\\\/\\\/www.cetys.mx\\\/noticias\\\/haran-vibrar-la-duela-de-la-liga-abe\\\/\",\"url\":\"https:\\\/\\\/www.cetys.mx\\\/noticias\\\/haran-vibrar-la-duela-de-la-liga-abe\\\/\",\"name\":\"Har\u00e1n vibrar la duela de la Liga ABE - CETYS\",\"isPartOf\":{\"@id\":\"https:\\\/\\\/www.cetys.mx\\\/noticias\\\/#website\"},\"primaryImageOfPage\":{\"@id\":\"https:\\\/\\\/www.cetys.mx\\\/noticias\\\/haran-vibrar-la-duela-de-la-liga-abe\\\/#primaryimage\"},\"image\":{\"@id\":\"https:\\\/\\\/www.cetys.mx\\\/noticias\\\/haran-vibrar-la-duela-de-la-liga-abe\\\/#primaryimage\"},\"thumbnailUrl\":\"https:\\\/\\\/www.cetys.mx\\\/noticias\\\/wp-content\\\/uploads\\\/2016\\\/08\\\/xIMG_2230.jpg\",\"datePublished\":\"2016-08-31T00:44:46+00:00\",\"dateModified\":\"2016-08-31T17:25:48+00:00\",\"author\":{\"@id\":\"https:\\\/\\\/www.cetys.mx\\\/noticias\\\/#\\\/schema\\\/person\\\/e790051ce60e18ae47cfa87011c8653f\"},\"description\":\"Articulo sobre Har\u00e1n vibrar la duela de la Liga ABE\",\"breadcrumb\":{\"@id\":\"https:\\\/\\\/www.cetys.mx\\\/noticias\\\/haran-vibrar-la-duela-de-la-liga-abe\\\/#breadcrumb\"},\"inLanguage\":\"es\",\"potentialAction\":[{\"@type\":\"ReadAction\",\"target\":[\"https:\\\/\\\/www.cetys.mx\\\/noticias\\\/haran-vibrar-la-duela-de-la-liga-abe\\\/\"]}]},{\"@type\":\"ImageObject\",\"inLanguage\":\"es\",\"@id\":\"https:\\\/\\\/www.cetys.mx\\\/noticias\\\/haran-vibrar-la-duela-de-la-liga-abe\\\/#primaryimage\",\"url\":\"https:\\\/\\\/www.cetys.mx\\\/noticias\\\/wp-content\\\/uploads\\\/2016\\\/08\\\/xIMG_2230.jpg\",\"contentUrl\":\"https:\\\/\\\/www.cetys.mx\\\/noticias\\\/wp-content\\\/uploads\\\/2016\\\/08\\\/xIMG_2230.jpg\",\"width\":958,\"height\":637,\"caption\":\"Zorros Femenil se preparan para el arranque de la Liga ABE 2016.\"},{\"@type\":\"BreadcrumbList\",\"@id\":\"https:\\\/\\\/www.cetys.mx\\\/noticias\\\/haran-vibrar-la-duela-de-la-liga-abe\\\/#breadcrumb\",\"itemListElement\":[{\"@type\":\"ListItem\",\"position\":1,\"name\":\"Inicio\",\"item\":\"https:\\\/\\\/www.cetys.mx\\\/noticias\\\/\"},{\"@type\":\"ListItem\",\"position\":2,\"name\":\"Har\u00e1n vibrar la duela de la Liga ABE\"}]},{\"@type\":\"WebSite\",\"@id\":\"https:\\\/\\\/www.cetys.mx\\\/noticias\\\/#website\",\"url\":\"https:\\\/\\\/www.cetys.mx\\\/noticias\\\/\",\"name\":\"CETYS\",\"description\":\"\",\"potentialAction\":[{\"@type\":\"SearchAction\",\"target\":{\"@type\":\"EntryPoint\",\"urlTemplate\":\"https:\\\/\\\/www.cetys.mx\\\/noticias\\\/?s={search_term_string}\"},\"query-input\":{\"@type\":\"PropertyValueSpecification\",\"valueRequired\":true,\"valueName\":\"search_term_string\"}}],\"inLanguage\":\"es\"},{\"@type\":\"Person\",\"@id\":\"https:\\\/\\\/www.cetys.mx\\\/noticias\\\/#\\\/schema\\\/person\\\/e790051ce60e18ae47cfa87011c8653f\",\"name\":\"Campus Tijuana\",\"url\":\"https:\\\/\\\/www.cetys.mx\\\/noticias\\\/author\\\/campustijuana\\\/\"}]}<\/script>\n<!-- \/ Yoast SEO plugin. -->","yoast_head_json":{"title":"Har\u00e1n vibrar la duela de la Liga ABE - CETYS","description":"Articulo sobre Har\u00e1n vibrar la duela de la Liga ABE","robots":{"index":"index","follow":"follow","max-snippet":"max-snippet:-1","max-image-preview":"max-image-preview:large","max-video-preview":"max-video-preview:-1"},"canonical":"https:\/\/www.cetys.mx\/noticias\/haran-vibrar-la-duela-de-la-liga-abe\/","og_locale":"es_MX","og_type":"article","og_title":"Har\u00e1n vibrar la duela de la Liga ABE - CETYS","og_description":"Articulo sobre Har\u00e1n vibrar la duela de la Liga ABE","og_url":"https:\/\/www.cetys.mx\/noticias\/haran-vibrar-la-duela-de-la-liga-abe\/","og_site_name":"CETYS","article_publisher":"https:\/\/www.facebook.com\/cetysuniversidadmxl\/","article_published_time":"2016-08-31T00:44:46+00:00","article_modified_time":"2016-08-31T17:25:48+00:00","og_image":[{"width":958,"height":637,"url":"https:\/\/www.cetys.mx\/noticias\/wp-content\/uploads\/2016\/08\/xIMG_2230.jpg","type":"image\/jpeg"}],"author":"Campus Tijuana","twitter_card":"summary_large_image","twitter_creator":"@cetysuni","twitter_site":"@cetysuni","twitter_misc":{"Escrito por":"Campus Tijuana","Tiempo de lectura":"1 minuto"},"schema":{"@context":"https:\/\/schema.org","@graph":[{"@type":"Article","@id":"https:\/\/www.cetys.mx\/noticias\/haran-vibrar-la-duela-de-la-liga-abe\/#article","isPartOf":{"@id":"https:\/\/www.cetys.mx\/noticias\/haran-vibrar-la-duela-de-la-liga-abe\/"},"author":{"name":"Campus Tijuana","@id":"https:\/\/www.cetys.mx\/noticias\/#\/schema\/person\/e790051ce60e18ae47cfa87011c8653f"},"headline":"Har\u00e1n vibrar la duela de la Liga ABE","datePublished":"2016-08-31T00:44:46+00:00","dateModified":"2016-08-31T17:25:48+00:00","mainEntityOfPage":{"@id":"https:\/\/www.cetys.mx\/noticias\/haran-vibrar-la-duela-de-la-liga-abe\/"},"wordCount":224,"commentCount":0,"image":{"@id":"https:\/\/www.cetys.mx\/noticias\/haran-vibrar-la-duela-de-la-liga-abe\/#primaryimage"},"thumbnailUrl":"https:\/\/www.cetys.mx\/noticias\/wp-content\/uploads\/2016\/08\/xIMG_2230.jpg","keywords":["ABE","baloncesto","Basquetbol","LigaABE","vocetys-2016-08-31","zorros","zorrosfemenil"],"articleSection":["Campus Tijuana","Deportes","VoCETYS"],"inLanguage":"es","potentialAction":[{"@type":"CommentAction","name":"Comment","target":["https:\/\/www.cetys.mx\/noticias\/haran-vibrar-la-duela-de-la-liga-abe\/#respond"]}]},{"@type":"WebPage","@id":"https:\/\/www.cetys.mx\/noticias\/haran-vibrar-la-duela-de-la-liga-abe\/","url":"https:\/\/www.cetys.mx\/noticias\/haran-vibrar-la-duela-de-la-liga-abe\/","name":"Har\u00e1n vibrar la duela de la Liga ABE - CETYS","isPartOf":{"@id":"https:\/\/www.cetys.mx\/noticias\/#website"},"primaryImageOfPage":{"@id":"https:\/\/www.cetys.mx\/noticias\/haran-vibrar-la-duela-de-la-liga-abe\/#primaryimage"},"image":{"@id":"https:\/\/www.cetys.mx\/noticias\/haran-vibrar-la-duela-de-la-liga-abe\/#primaryimage"},"thumbnailUrl":"https:\/\/www.cetys.mx\/noticias\/wp-content\/uploads\/2016\/08\/xIMG_2230.jpg","datePublished":"2016-08-31T00:44:46+00:00","dateModified":"2016-08-31T17:25:48+00:00","author":{"@id":"https:\/\/www.cetys.mx\/noticias\/#\/schema\/person\/e790051ce60e18ae47cfa87011c8653f"},"description":"Articulo sobre Har\u00e1n vibrar la duela de la Liga ABE","breadcrumb":{"@id":"https:\/\/www.cetys.mx\/noticias\/haran-vibrar-la-duela-de-la-liga-abe\/#breadcrumb"},"inLanguage":"es","potentialAction":[{"@type":"ReadAction","target":["https:\/\/www.cetys.mx\/noticias\/haran-vibrar-la-duela-de-la-liga-abe\/"]}]},{"@type":"ImageObject","inLanguage":"es","@id":"https:\/\/www.cetys.mx\/noticias\/haran-vibrar-la-duela-de-la-liga-abe\/#primaryimage","url":"https:\/\/www.cetys.mx\/noticias\/wp-content\/uploads\/2016\/08\/xIMG_2230.jpg","contentUrl":"https:\/\/www.cetys.mx\/noticias\/wp-content\/uploads\/2016\/08\/xIMG_2230.jpg","width":958,"height":637,"caption":"Zorros Femenil se preparan para el arranque de la Liga ABE 2016."},{"@type":"BreadcrumbList","@id":"https:\/\/www.cetys.mx\/noticias\/haran-vibrar-la-duela-de-la-liga-abe\/#breadcrumb","itemListElement":[{"@type":"ListItem","position":1,"name":"Inicio","item":"https:\/\/www.cetys.mx\/noticias\/"},{"@type":"ListItem","position":2,"name":"Har\u00e1n vibrar la duela de la Liga ABE"}]},{"@type":"WebSite","@id":"https:\/\/www.cetys.mx\/noticias\/#website","url":"https:\/\/www.cetys.mx\/noticias\/","name":"CETYS","description":"","potentialAction":[{"@type":"SearchAction","target":{"@type":"EntryPoint","urlTemplate":"https:\/\/www.cetys.mx\/noticias\/?s={search_term_string}"},"query-input":{"@type":"PropertyValueSpecification","valueRequired":true,"valueName":"search_term_string"}}],"inLanguage":"es"},{"@type":"Person","@id":"https:\/\/www.cetys.mx\/noticias\/#\/schema\/person\/e790051ce60e18ae47cfa87011c8653f","name":"Campus Tijuana","url":"https:\/\/www.cetys.mx\/noticias\/author\/campustijuana\/"}]}},"_links":{"self":[{"href":"https:\/\/www.cetys.mx\/noticias\/wp-json\/wp\/v2\/posts\/64656","targetHints":{"allow":["GET"]}}],"collection":[{"href":"https:\/\/www.cetys.mx\/noticias\/wp-json\/wp\/v2\/posts"}],"about":[{"href":"https:\/\/www.cetys.mx\/noticias\/wp-json\/wp\/v2\/types\/post"}],"author":[{"embeddable":true,"href":"https:\/\/www.cetys.mx\/noticias\/wp-json\/wp\/v2\/users\/24"}],"replies":[{"embeddable":true,"href":"https:\/\/www.cetys.mx\/noticias\/wp-json\/wp\/v2\/comments?post=64656"}],"version-history":[{"count":0,"href":"https:\/\/www.cetys.mx\/noticias\/wp-json\/wp\/v2\/posts\/64656\/revisions"}],"wp:featuredmedia":[{"embeddable":true,"href":"https:\/\/www.cetys.mx\/noticias\/wp-json\/wp\/v2\/media\/64698"}],"wp:attachment":[{"href":"https:\/\/www.cetys.mx\/noticias\/wp-json\/wp\/v2\/media?parent=64656"}],"wp:term":[{"taxonomy":"category","embeddable":true,"href":"https:\/\/www.cetys.mx\/noticias\/wp-json\/wp\/v2\/categories?post=64656"},{"taxonomy":"post_tag","embeddable":true,"href":"https:\/\/www.cetys.mx\/noticias\/wp-json\/wp\/v2\/tags?post=64656"}],"curies":[{"name":"wp","href":"https:\/\/api.w.org\/{rel}","templated":true}]}}