{"id":64353,"date":"2016-08-16T16:33:58","date_gmt":"2016-08-16T23:33:58","guid":{"rendered":"http:\/\/www.cetys.mx\/noticias\/?p=64353"},"modified":"2017-10-10T18:35:53","modified_gmt":"2017-10-11T01:35:53","slug":"pilar-de-la-ensenanza-de-la-psicologia","status":"publish","type":"post","link":"https:\/\/www.cetys.mx\/noticias\/pilar-de-la-ensenanza-de-la-psicologia\/","title":{"rendered":"Pilar de la ense\u00f1anza de la Psicolog\u00eda"},"content":{"rendered":"<p>La primera generaci\u00f3n de preparatoria del CETYS Tijuana egres\u00f3 en 1974, generaci\u00f3n a la que perteneci\u00f3 el Dr. Jos\u00e9 Miguel Guzm\u00e1n P\u00e9rez, quien decidi\u00f3 continuar sus estudios de Licenciatura en Psicolog\u00eda en la Universidad Nacional Aut\u00f3noma de M\u00e9xico de 1975 a 1978. Luego de concluir sus estudios regres\u00f3 a Tijuana y al tiempo ingres\u00f3 al CETYS como maestro de asignatura a partir de 1980.<\/p>\n<p>Fue breve el tiempo que pas\u00f3 para que \u201cMike\u201d, como lo conocieron sus colegas y estudiantes, se convirtiera en profesor de medio tiempo, alternando clases entre preparatoria y la reci\u00e9n abierta Licenciatura en Psicolog\u00eda, donde su \u00e1rea de especializaci\u00f3n m\u00e1s importante fue la Educaci\u00f3n Especial. Adem\u00e1s de sus clases, fue vinculador entre la Universidad y la comunidad, al ser uno de los impulsores del Sistema de Pr\u00e1cticas Supervisadas (MPA); a partir de 1987 este Sistema se convierte en parte del plan escolar de la Licenciatura en Psicolog\u00eda.<\/p>\n<p><a href=\"https:\/\/www.cetys.mx\/noticias\/wp-content\/uploads\/2016\/08\/M-GUZMAN-3.jpg\"><img loading=\"lazy\" decoding=\"async\" class=\"alignleft wp-image-64360\" src=\"https:\/\/www.cetys.mx\/noticias\/wp-content\/uploads\/2016\/08\/M-GUZMAN-3.jpg\" alt=\"Dr. Jos\u00e9 Miguel Guzm\u00e1n P\u00e9rez\" width=\"434\" height=\"289\" \/><\/a><\/p>\n<p>En enero de 1988 es nombrado Director de la Escuela de Psicolog\u00eda, etapa en la que form\u00f3 parte del equipo acreditador del Consejo Nacional para la Ense\u00f1anza e Investigaci\u00f3n en Psicolog\u00eda (CNEIP). CETYS Universidad fue sede del congreso nacional del CNEIP en 1993 y posteriormente en 2015; fue acreditada por primera vez por el Consejo en el a\u00f1o de 1999 despu\u00e9s de varios meses de evaluaci\u00f3n.<\/p>\n<p>Durante su gesti\u00f3n como director y atendiendo la necesidad de tener un espacio interno para que los alumnos llevaran a cabo sus pr\u00e1cticas, inici\u00f3 la b\u00fasqueda de financiamiento, junto con otros colaboradores, para la construcci\u00f3n del Centro de Apoyo y Orientaci\u00f3n Psicol\u00f3gica (CAOP), que hasta la fecha sigue siendo pilar de la ense\u00f1anza de la Psicolog\u00eda en CETYS Tijuana y un modelo de v\u00ednculo con la sociedad.<\/p>\n<p>Ingres\u00f3 en 1996 a estudiar el Doctorado en Psicolog\u00eda para egresar en 1999 y ser parte de la primera generaci\u00f3n de doctores formados en CETYS Universidad. Despu\u00e9s de fungir como director durante m\u00e1s de 10 a\u00f1os, el ya Dr. Miguel Guzm\u00e1n deja la direcci\u00f3n para dedicarse a apoyar en otros aspectos a la educaci\u00f3n, por ello en el a\u00f1o 2000 particip\u00f3 como miembro del Sistema de Evaluaci\u00f3n del Profesorado de la mano con la SEP en diversas versiones; as\u00ed como en la planeaci\u00f3n y creaci\u00f3n de los nuevos planes educativos.<\/p>\n<p><a href=\"https:\/\/www.cetys.mx\/noticias\/wp-content\/uploads\/2016\/08\/M-GUZMAN-2.jpg\"><img loading=\"lazy\" decoding=\"async\" class=\"alignright wp-image-64358\" src=\"https:\/\/www.cetys.mx\/noticias\/wp-content\/uploads\/2016\/08\/M-GUZMAN-2.jpg\" alt=\"Dr. Jos\u00e9 Miguel Guzm\u00e1n P\u00e9rez\" width=\"306\" height=\"204\" \/><\/a><\/p>\n<p>Recientemente el Dr. Miguel Guzm\u00e1n dio por finalizada una larga trayectoria recorrida y dedicada a la educaci\u00f3n, pero sobre todo a la que \u00e9l llama su familia CETYS, orgulloso de pertenecer a ella, dice sentir amor y compromiso por la Instituci\u00f3n en donde \u00e9l, su esposa y sus 5 hijos tuvieron la oportunidad de desarrollarse acad\u00e9mica y profesionalmente.<\/p>\n<p>Su visi\u00f3n como docente siempre fue la de generar habilidades en las y los estudiantes, \u201cejercer lo aprendido en la vida profesional, hacer para saber, hacerlo con \u00e9tica y bien, no ser te\u00f3ricos sino pr\u00e1cticos\u201d; es su recomendaci\u00f3n para todos los estudiantes y egresados con los que tuvo la oportunidad de compartir aulas.<\/p>\n<p>Siempre reconocido y querido por toda la comunidad de CETYS Universidad, por su apoyo y dedicaci\u00f3n a la instituci\u00f3n por m\u00e1s de 35 a\u00f1os, fue parte fundamental del crecimiento de \u00e9sta y lo seguir\u00e1 siendo hasta que le sea permitido; a trav\u00e9s de su participaci\u00f3n en eventos y apoyo en acreditaciones. Por una vida dedicada a la educaci\u00f3n y a la psicolog\u00eda forma parte de nuestra comunidad ALUMNI como un valioso Orgullo CETYS.<\/p>\n","protected":false},"excerpt":{"rendered":"<p>La primera generaci\u00f3n de preparatoria del CETYS Tijuana egres\u00f3 en 1974, generaci\u00f3n a la que perteneci\u00f3 el Dr. Jos\u00e9 Miguel Guzm\u00e1n P\u00e9rez,&#8230;<\/p>\n","protected":false},"author":23,"featured_media":64357,"comment_status":"open","ping_status":"open","sticky":false,"template":"","format":"standard","meta":{"footnotes":""},"categories":[107,134,313],"tags":[],"class_list":["post-64353","post","type-post","status-publish","format-standard","has-post-thumbnail","hentry","category-alumni","category-campus-tijuana","category-vocetys-2"],"yoast_head":"<!-- This site is optimized with the Yoast SEO plugin v27.4 - https:\/\/yoast.com\/product\/yoast-seo-wordpress\/ -->\n<title>Pilar de la ense\u00f1anza de la Psicolog\u00eda - CETYS<\/title>\n<meta name=\"description\" content=\"Articulo sobre Pilar de la ense\u00f1anza de la Psicolog\u00eda\" \/>\n<meta name=\"robots\" content=\"index, follow, max-snippet:-1, max-image-preview:large, max-video-preview:-1\" \/>\n<link rel=\"canonical\" href=\"https:\/\/www.cetys.mx\/noticias\/pilar-de-la-ensenanza-de-la-psicologia\/\" \/>\n<meta property=\"og:locale\" content=\"es_MX\" \/>\n<meta property=\"og:type\" content=\"article\" \/>\n<meta property=\"og:title\" content=\"Pilar de la ense\u00f1anza de la Psicolog\u00eda - CETYS\" \/>\n<meta property=\"og:description\" content=\"Articulo sobre Pilar de la ense\u00f1anza de la Psicolog\u00eda\" \/>\n<meta property=\"og:url\" content=\"https:\/\/www.cetys.mx\/noticias\/pilar-de-la-ensenanza-de-la-psicologia\/\" \/>\n<meta property=\"og:site_name\" content=\"CETYS\" \/>\n<meta property=\"article:publisher\" content=\"https:\/\/www.facebook.com\/cetysuniversidadmxl\/\" \/>\n<meta property=\"article:published_time\" content=\"2016-08-16T23:33:58+00:00\" \/>\n<meta property=\"article:modified_time\" content=\"2017-10-11T01:35:53+00:00\" \/>\n<meta property=\"og:image\" content=\"https:\/\/www.cetys.mx\/noticias\/wp-content\/uploads\/2016\/08\/maestro_miguelguzman.jpg\" \/>\n\t<meta property=\"og:image:width\" content=\"958\" \/>\n\t<meta property=\"og:image:height\" content=\"637\" \/>\n\t<meta property=\"og:image:type\" content=\"image\/jpeg\" \/>\n<meta name=\"author\" content=\"Campus Ensenada\" \/>\n<meta name=\"twitter:card\" content=\"summary_large_image\" \/>\n<meta name=\"twitter:creator\" content=\"@cetysuni\" \/>\n<meta name=\"twitter:site\" content=\"@cetysuni\" \/>\n<meta name=\"twitter:label1\" content=\"Escrito por\" \/>\n\t<meta name=\"twitter:data1\" content=\"Campus Ensenada\" \/>\n\t<meta name=\"twitter:label2\" content=\"Tiempo de lectura\" \/>\n\t<meta name=\"twitter:data2\" content=\"3 minutos\" \/>\n<script type=\"application\/ld+json\" class=\"yoast-schema-graph\">{\"@context\":\"https:\\\/\\\/schema.org\",\"@graph\":[{\"@type\":\"Article\",\"@id\":\"https:\\\/\\\/www.cetys.mx\\\/noticias\\\/pilar-de-la-ensenanza-de-la-psicologia\\\/#article\",\"isPartOf\":{\"@id\":\"https:\\\/\\\/www.cetys.mx\\\/noticias\\\/pilar-de-la-ensenanza-de-la-psicologia\\\/\"},\"author\":{\"name\":\"Campus Ensenada\",\"@id\":\"https:\\\/\\\/www.cetys.mx\\\/noticias\\\/#\\\/schema\\\/person\\\/1a1a88c0b6586e66a2e9e88e07afc712\"},\"headline\":\"Pilar de la ense\u00f1anza de la Psicolog\u00eda\",\"datePublished\":\"2016-08-16T23:33:58+00:00\",\"dateModified\":\"2017-10-11T01:35:53+00:00\",\"mainEntityOfPage\":{\"@id\":\"https:\\\/\\\/www.cetys.mx\\\/noticias\\\/pilar-de-la-ensenanza-de-la-psicologia\\\/\"},\"wordCount\":611,\"commentCount\":0,\"image\":{\"@id\":\"https:\\\/\\\/www.cetys.mx\\\/noticias\\\/pilar-de-la-ensenanza-de-la-psicologia\\\/#primaryimage\"},\"thumbnailUrl\":\"https:\\\/\\\/www.cetys.mx\\\/noticias\\\/wp-content\\\/uploads\\\/2016\\\/08\\\/maestro_miguelguzman.jpg\",\"articleSection\":[\"Alumni\",\"Campus Tijuana\",\"VoCETYS\"],\"inLanguage\":\"es\",\"potentialAction\":[{\"@type\":\"CommentAction\",\"name\":\"Comment\",\"target\":[\"https:\\\/\\\/www.cetys.mx\\\/noticias\\\/pilar-de-la-ensenanza-de-la-psicologia\\\/#respond\"]}]},{\"@type\":\"WebPage\",\"@id\":\"https:\\\/\\\/www.cetys.mx\\\/noticias\\\/pilar-de-la-ensenanza-de-la-psicologia\\\/\",\"url\":\"https:\\\/\\\/www.cetys.mx\\\/noticias\\\/pilar-de-la-ensenanza-de-la-psicologia\\\/\",\"name\":\"Pilar de la ense\u00f1anza de la Psicolog\u00eda - CETYS\",\"isPartOf\":{\"@id\":\"https:\\\/\\\/www.cetys.mx\\\/noticias\\\/#website\"},\"primaryImageOfPage\":{\"@id\":\"https:\\\/\\\/www.cetys.mx\\\/noticias\\\/pilar-de-la-ensenanza-de-la-psicologia\\\/#primaryimage\"},\"image\":{\"@id\":\"https:\\\/\\\/www.cetys.mx\\\/noticias\\\/pilar-de-la-ensenanza-de-la-psicologia\\\/#primaryimage\"},\"thumbnailUrl\":\"https:\\\/\\\/www.cetys.mx\\\/noticias\\\/wp-content\\\/uploads\\\/2016\\\/08\\\/maestro_miguelguzman.jpg\",\"datePublished\":\"2016-08-16T23:33:58+00:00\",\"dateModified\":\"2017-10-11T01:35:53+00:00\",\"author\":{\"@id\":\"https:\\\/\\\/www.cetys.mx\\\/noticias\\\/#\\\/schema\\\/person\\\/1a1a88c0b6586e66a2e9e88e07afc712\"},\"description\":\"Articulo sobre Pilar de la ense\u00f1anza de la Psicolog\u00eda\",\"breadcrumb\":{\"@id\":\"https:\\\/\\\/www.cetys.mx\\\/noticias\\\/pilar-de-la-ensenanza-de-la-psicologia\\\/#breadcrumb\"},\"inLanguage\":\"es\",\"potentialAction\":[{\"@type\":\"ReadAction\",\"target\":[\"https:\\\/\\\/www.cetys.mx\\\/noticias\\\/pilar-de-la-ensenanza-de-la-psicologia\\\/\"]}]},{\"@type\":\"ImageObject\",\"inLanguage\":\"es\",\"@id\":\"https:\\\/\\\/www.cetys.mx\\\/noticias\\\/pilar-de-la-ensenanza-de-la-psicologia\\\/#primaryimage\",\"url\":\"https:\\\/\\\/www.cetys.mx\\\/noticias\\\/wp-content\\\/uploads\\\/2016\\\/08\\\/maestro_miguelguzman.jpg\",\"contentUrl\":\"https:\\\/\\\/www.cetys.mx\\\/noticias\\\/wp-content\\\/uploads\\\/2016\\\/08\\\/maestro_miguelguzman.jpg\",\"width\":958,\"height\":637},{\"@type\":\"BreadcrumbList\",\"@id\":\"https:\\\/\\\/www.cetys.mx\\\/noticias\\\/pilar-de-la-ensenanza-de-la-psicologia\\\/#breadcrumb\",\"itemListElement\":[{\"@type\":\"ListItem\",\"position\":1,\"name\":\"Inicio\",\"item\":\"https:\\\/\\\/www.cetys.mx\\\/noticias\\\/\"},{\"@type\":\"ListItem\",\"position\":2,\"name\":\"Pilar de la ense\u00f1anza de la Psicolog\u00eda\"}]},{\"@type\":\"WebSite\",\"@id\":\"https:\\\/\\\/www.cetys.mx\\\/noticias\\\/#website\",\"url\":\"https:\\\/\\\/www.cetys.mx\\\/noticias\\\/\",\"name\":\"CETYS\",\"description\":\"\",\"potentialAction\":[{\"@type\":\"SearchAction\",\"target\":{\"@type\":\"EntryPoint\",\"urlTemplate\":\"https:\\\/\\\/www.cetys.mx\\\/noticias\\\/?s={search_term_string}\"},\"query-input\":{\"@type\":\"PropertyValueSpecification\",\"valueRequired\":true,\"valueName\":\"search_term_string\"}}],\"inLanguage\":\"es\"},{\"@type\":\"Person\",\"@id\":\"https:\\\/\\\/www.cetys.mx\\\/noticias\\\/#\\\/schema\\\/person\\\/1a1a88c0b6586e66a2e9e88e07afc712\",\"name\":\"Campus Ensenada\",\"url\":\"https:\\\/\\\/www.cetys.mx\\\/noticias\\\/author\\\/campusensenada\\\/\"}]}<\/script>\n<!-- \/ Yoast SEO plugin. -->","yoast_head_json":{"title":"Pilar de la ense\u00f1anza de la Psicolog\u00eda - CETYS","description":"Articulo sobre Pilar de la ense\u00f1anza de la Psicolog\u00eda","robots":{"index":"index","follow":"follow","max-snippet":"max-snippet:-1","max-image-preview":"max-image-preview:large","max-video-preview":"max-video-preview:-1"},"canonical":"https:\/\/www.cetys.mx\/noticias\/pilar-de-la-ensenanza-de-la-psicologia\/","og_locale":"es_MX","og_type":"article","og_title":"Pilar de la ense\u00f1anza de la Psicolog\u00eda - CETYS","og_description":"Articulo sobre Pilar de la ense\u00f1anza de la Psicolog\u00eda","og_url":"https:\/\/www.cetys.mx\/noticias\/pilar-de-la-ensenanza-de-la-psicologia\/","og_site_name":"CETYS","article_publisher":"https:\/\/www.facebook.com\/cetysuniversidadmxl\/","article_published_time":"2016-08-16T23:33:58+00:00","article_modified_time":"2017-10-11T01:35:53+00:00","og_image":[{"width":958,"height":637,"url":"https:\/\/www.cetys.mx\/noticias\/wp-content\/uploads\/2016\/08\/maestro_miguelguzman.jpg","type":"image\/jpeg"}],"author":"Campus Ensenada","twitter_card":"summary_large_image","twitter_creator":"@cetysuni","twitter_site":"@cetysuni","twitter_misc":{"Escrito por":"Campus Ensenada","Tiempo de lectura":"3 minutos"},"schema":{"@context":"https:\/\/schema.org","@graph":[{"@type":"Article","@id":"https:\/\/www.cetys.mx\/noticias\/pilar-de-la-ensenanza-de-la-psicologia\/#article","isPartOf":{"@id":"https:\/\/www.cetys.mx\/noticias\/pilar-de-la-ensenanza-de-la-psicologia\/"},"author":{"name":"Campus Ensenada","@id":"https:\/\/www.cetys.mx\/noticias\/#\/schema\/person\/1a1a88c0b6586e66a2e9e88e07afc712"},"headline":"Pilar de la ense\u00f1anza de la Psicolog\u00eda","datePublished":"2016-08-16T23:33:58+00:00","dateModified":"2017-10-11T01:35:53+00:00","mainEntityOfPage":{"@id":"https:\/\/www.cetys.mx\/noticias\/pilar-de-la-ensenanza-de-la-psicologia\/"},"wordCount":611,"commentCount":0,"image":{"@id":"https:\/\/www.cetys.mx\/noticias\/pilar-de-la-ensenanza-de-la-psicologia\/#primaryimage"},"thumbnailUrl":"https:\/\/www.cetys.mx\/noticias\/wp-content\/uploads\/2016\/08\/maestro_miguelguzman.jpg","articleSection":["Alumni","Campus Tijuana","VoCETYS"],"inLanguage":"es","potentialAction":[{"@type":"CommentAction","name":"Comment","target":["https:\/\/www.cetys.mx\/noticias\/pilar-de-la-ensenanza-de-la-psicologia\/#respond"]}]},{"@type":"WebPage","@id":"https:\/\/www.cetys.mx\/noticias\/pilar-de-la-ensenanza-de-la-psicologia\/","url":"https:\/\/www.cetys.mx\/noticias\/pilar-de-la-ensenanza-de-la-psicologia\/","name":"Pilar de la ense\u00f1anza de la Psicolog\u00eda - CETYS","isPartOf":{"@id":"https:\/\/www.cetys.mx\/noticias\/#website"},"primaryImageOfPage":{"@id":"https:\/\/www.cetys.mx\/noticias\/pilar-de-la-ensenanza-de-la-psicologia\/#primaryimage"},"image":{"@id":"https:\/\/www.cetys.mx\/noticias\/pilar-de-la-ensenanza-de-la-psicologia\/#primaryimage"},"thumbnailUrl":"https:\/\/www.cetys.mx\/noticias\/wp-content\/uploads\/2016\/08\/maestro_miguelguzman.jpg","datePublished":"2016-08-16T23:33:58+00:00","dateModified":"2017-10-11T01:35:53+00:00","author":{"@id":"https:\/\/www.cetys.mx\/noticias\/#\/schema\/person\/1a1a88c0b6586e66a2e9e88e07afc712"},"description":"Articulo sobre Pilar de la ense\u00f1anza de la Psicolog\u00eda","breadcrumb":{"@id":"https:\/\/www.cetys.mx\/noticias\/pilar-de-la-ensenanza-de-la-psicologia\/#breadcrumb"},"inLanguage":"es","potentialAction":[{"@type":"ReadAction","target":["https:\/\/www.cetys.mx\/noticias\/pilar-de-la-ensenanza-de-la-psicologia\/"]}]},{"@type":"ImageObject","inLanguage":"es","@id":"https:\/\/www.cetys.mx\/noticias\/pilar-de-la-ensenanza-de-la-psicologia\/#primaryimage","url":"https:\/\/www.cetys.mx\/noticias\/wp-content\/uploads\/2016\/08\/maestro_miguelguzman.jpg","contentUrl":"https:\/\/www.cetys.mx\/noticias\/wp-content\/uploads\/2016\/08\/maestro_miguelguzman.jpg","width":958,"height":637},{"@type":"BreadcrumbList","@id":"https:\/\/www.cetys.mx\/noticias\/pilar-de-la-ensenanza-de-la-psicologia\/#breadcrumb","itemListElement":[{"@type":"ListItem","position":1,"name":"Inicio","item":"https:\/\/www.cetys.mx\/noticias\/"},{"@type":"ListItem","position":2,"name":"Pilar de la ense\u00f1anza de la Psicolog\u00eda"}]},{"@type":"WebSite","@id":"https:\/\/www.cetys.mx\/noticias\/#website","url":"https:\/\/www.cetys.mx\/noticias\/","name":"CETYS","description":"","potentialAction":[{"@type":"SearchAction","target":{"@type":"EntryPoint","urlTemplate":"https:\/\/www.cetys.mx\/noticias\/?s={search_term_string}"},"query-input":{"@type":"PropertyValueSpecification","valueRequired":true,"valueName":"search_term_string"}}],"inLanguage":"es"},{"@type":"Person","@id":"https:\/\/www.cetys.mx\/noticias\/#\/schema\/person\/1a1a88c0b6586e66a2e9e88e07afc712","name":"Campus Ensenada","url":"https:\/\/www.cetys.mx\/noticias\/author\/campusensenada\/"}]}},"_links":{"self":[{"href":"https:\/\/www.cetys.mx\/noticias\/wp-json\/wp\/v2\/posts\/64353","targetHints":{"allow":["GET"]}}],"collection":[{"href":"https:\/\/www.cetys.mx\/noticias\/wp-json\/wp\/v2\/posts"}],"about":[{"href":"https:\/\/www.cetys.mx\/noticias\/wp-json\/wp\/v2\/types\/post"}],"author":[{"embeddable":true,"href":"https:\/\/www.cetys.mx\/noticias\/wp-json\/wp\/v2\/users\/23"}],"replies":[{"embeddable":true,"href":"https:\/\/www.cetys.mx\/noticias\/wp-json\/wp\/v2\/comments?post=64353"}],"version-history":[{"count":0,"href":"https:\/\/www.cetys.mx\/noticias\/wp-json\/wp\/v2\/posts\/64353\/revisions"}],"wp:featuredmedia":[{"embeddable":true,"href":"https:\/\/www.cetys.mx\/noticias\/wp-json\/wp\/v2\/media\/64357"}],"wp:attachment":[{"href":"https:\/\/www.cetys.mx\/noticias\/wp-json\/wp\/v2\/media?parent=64353"}],"wp:term":[{"taxonomy":"category","embeddable":true,"href":"https:\/\/www.cetys.mx\/noticias\/wp-json\/wp\/v2\/categories?post=64353"},{"taxonomy":"post_tag","embeddable":true,"href":"https:\/\/www.cetys.mx\/noticias\/wp-json\/wp\/v2\/tags?post=64353"}],"curies":[{"name":"wp","href":"https:\/\/api.w.org\/{rel}","templated":true}]}}