{"id":64305,"date":"2016-08-16T10:53:23","date_gmt":"2016-08-16T17:53:23","guid":{"rendered":"http:\/\/www.cetys.mx\/noticias\/?p=64305"},"modified":"2016-08-18T16:25:01","modified_gmt":"2016-08-18T23:25:01","slug":"tijuanenses-apoyan-las-buenas-causas","status":"publish","type":"post","link":"https:\/\/www.cetys.mx\/noticias\/tijuanenses-apoyan-las-buenas-causas\/","title":{"rendered":"Tijuanenses apoyan las buenas causas"},"content":{"rendered":"<p>Un verdadero \u00e9xito resultaron los esfuerzos en conjunto de <a href=\"https:\/\/www.cetys.mx\/\">CETYS Universidad<\/a> y <a href=\"https:\/\/www.cruzrojatijuana.org.mx\/\">Cruz Roja Mexicana Delegaci\u00f3n Tijuana<\/a>, esto tras hacer posible la primera edici\u00f3n del <strong>\u201cConcierto de Verano\u201d<\/strong> el pasado s\u00e1bado 13 de agosto con las agrupaciones <a href=\"https:\/\/www.trenamarte.com\/\">\u201cTren a Marte\u201d<\/a> y <a href=\"https:\/\/losclaxons.com\/\">\u201cLos Claxons\u201d<\/a>\u00a0en el Audiorama del Museo El Trompo.<\/p>\n<div id=\"attachment_64314\" style=\"width: 910px\" class=\"wp-caption aligncenter\"><a href=\"https:\/\/www.cetys.mx\/noticias\/wp-content\/uploads\/2016\/08\/cetys_LosClaxons2.jpg\"><img loading=\"lazy\" decoding=\"async\" aria-describedby=\"caption-attachment-64314\" class=\"wp-image-64314\" src=\"https:\/\/www.cetys.mx\/noticias\/wp-content\/uploads\/2016\/08\/cetys_LosClaxons2.jpg\" alt=\"\" width=\"900\" height=\"600\" \/><\/a><p id=\"caption-attachment-64314\" class=\"wp-caption-text\">Los chicos de &#8220;Tren a Marte&#8221; fueron los encargados de iniciar la velada.<\/p><\/div>\n<p>El Concierto de Verano <strong>tuvo como objetivo principal reunir fondos<\/strong> en pro del fondo de becas del CETYS y el equipamiento de la Escuela de Enfermer\u00eda que dirige la Asociaci\u00f3n Civil de salud en la ciudad.<\/p>\n<p>De acuerdo con la<span style=\"text-decoration: underline;\"> Mtra. Jessica Ibarra Ramonet<\/span>, Directora Zona Costa del CETYS Universidad, <em>desde hace casi 55 a\u00f1os la instituci\u00f3n a su cargo adopt\u00f3 el compromiso de crear y abrir mayores oportunidades para que m\u00e1s j\u00f3venes bajacalifornianos inicien sus estudios profesionales<\/em>; trabajo reflejado en la estad\u00edstica que muestra que <strong>\u201c8 de cada 10 alumnos cuentan con un apoyo econ\u00f3mico\u201d<\/strong>.<\/p>\n<div id=\"attachment_64315\" style=\"width: 910px\" class=\"wp-caption aligncenter\"><a href=\"https:\/\/www.cetys.mx\/noticias\/wp-content\/uploads\/2016\/08\/cetys_LosClaxons3.jpg\"><img loading=\"lazy\" decoding=\"async\" aria-describedby=\"caption-attachment-64315\" class=\"wp-image-64315\" src=\"https:\/\/www.cetys.mx\/noticias\/wp-content\/uploads\/2016\/08\/cetys_LosClaxons3.jpg\" alt=\"\" width=\"900\" height=\"600\" \/><\/a><p id=\"caption-attachment-64315\" class=\"wp-caption-text\">El p\u00fablico tijuanense respondi\u00f3 el llamado de ambas instituciones.<\/p><\/div>\n<p align=\"justify\">Por su parte el <span style=\"text-decoration: underline;\">C.P. Carlos Roberto Rubio Arreola<\/span>, Presidente del Consejo Consultivo de Cruz Roja Mexicana Delegaci\u00f3n Tijuana, comparti\u00f3 que <em>los recursos ser\u00e1n invertidos en mejores instalaciones para la Escuela de Enfermer\u00eda<\/em>, que a partir del 2017, ofertar\u00e1 la carrera de forma profesional en dicha \u00e1rea; lo cual beneficiar\u00e1 de forma directa en la calidad de los servicios que han venido ofreciendo.<\/p>\n<div id=\"attachment_64316\" style=\"width: 910px\" class=\"wp-caption aligncenter\"><a href=\"https:\/\/www.cetys.mx\/noticias\/wp-content\/uploads\/2016\/08\/cetys_LosClaxons4.jpg\"><img loading=\"lazy\" decoding=\"async\" aria-describedby=\"caption-attachment-64316\" class=\"wp-image-64316\" src=\"https:\/\/www.cetys.mx\/noticias\/wp-content\/uploads\/2016\/08\/cetys_LosClaxons4.jpg\" alt=\"\" width=\"900\" height=\"600\" \/><\/a><p id=\"caption-attachment-64316\" class=\"wp-caption-text\">El grupo regiomontano \u201cLos Claxons\u201d fueron los estelares de la noche.<\/p><\/div>\n<p align=\"justify\">Es as\u00ed como <strong>CETYS Universidad y Cruz Roja Mexicana Delegaci\u00f3n Tijuana agradecen a la ciudadan\u00eda el apoyo brindando en el evento productivo<\/strong>, as\u00ed como a la suma de esfuerzos que realiz\u00f3 un esencial grupo de patrocinadores que conf\u00edan en el compromiso de ambas instituciones con la ciudad.<\/p>\n","protected":false},"excerpt":{"rendered":"<p>Un verdadero \u00e9xito resultaron los esfuerzos en conjunto de CETYS Universidad y Cruz Roja Mexicana Delegaci\u00f3n Tijuana, esto tras hacer posible la&#8230;<\/p>\n","protected":false},"author":24,"featured_media":64312,"comment_status":"open","ping_status":"open","sticky":false,"template":"","format":"standard","meta":{"footnotes":""},"categories":[322,134,313],"tags":[1007,1010,559,1008,226,1009,1006],"class_list":["post-64305","post","type-post","status-publish","format-standard","has-post-thumbnail","hentry","category-avance-institucional","category-campus-tijuana","category-vocetys-2","tag-avanceinstitucional","tag-cruzroja","tag-filantropia","tag-losclaxons","tag-tijuana","tag-trenamarte","tag-vocetys-top-2016-08-18"],"yoast_head":"<!-- This site is optimized with the Yoast SEO plugin v27.4 - https:\/\/yoast.com\/product\/yoast-seo-wordpress\/ -->\n<title>Tijuanenses apoyan las buenas causas - CETYS<\/title>\n<meta name=\"description\" content=\"Articulo sobre Tijuanenses apoyan las buenas causas\" \/>\n<meta name=\"robots\" content=\"index, follow, max-snippet:-1, max-image-preview:large, max-video-preview:-1\" \/>\n<link rel=\"canonical\" href=\"https:\/\/www.cetys.mx\/noticias\/tijuanenses-apoyan-las-buenas-causas\/\" \/>\n<meta property=\"og:locale\" content=\"es_MX\" \/>\n<meta property=\"og:type\" content=\"article\" \/>\n<meta property=\"og:title\" content=\"Tijuanenses apoyan las buenas causas - CETYS\" \/>\n<meta property=\"og:description\" content=\"Articulo sobre Tijuanenses apoyan las buenas causas\" \/>\n<meta property=\"og:url\" content=\"https:\/\/www.cetys.mx\/noticias\/tijuanenses-apoyan-las-buenas-causas\/\" \/>\n<meta property=\"og:site_name\" content=\"CETYS\" \/>\n<meta property=\"article:publisher\" content=\"https:\/\/www.facebook.com\/cetysuniversidadmxl\/\" \/>\n<meta property=\"article:published_time\" content=\"2016-08-16T17:53:23+00:00\" \/>\n<meta property=\"article:modified_time\" content=\"2016-08-18T23:25:01+00:00\" \/>\n<meta property=\"og:image\" content=\"https:\/\/www.cetys.mx\/noticias\/wp-content\/uploads\/2016\/08\/cetys_LosClaxons1.jpg\" \/>\n\t<meta property=\"og:image:width\" content=\"958\" \/>\n\t<meta property=\"og:image:height\" content=\"637\" \/>\n\t<meta property=\"og:image:type\" content=\"image\/jpeg\" \/>\n<meta name=\"author\" content=\"Campus Tijuana\" \/>\n<meta name=\"twitter:card\" content=\"summary_large_image\" \/>\n<meta name=\"twitter:creator\" content=\"@cetysuni\" \/>\n<meta name=\"twitter:site\" content=\"@cetysuni\" \/>\n<meta name=\"twitter:label1\" content=\"Escrito por\" \/>\n\t<meta name=\"twitter:data1\" content=\"Campus Tijuana\" \/>\n\t<meta name=\"twitter:label2\" content=\"Tiempo de lectura\" \/>\n\t<meta name=\"twitter:data2\" content=\"2 minutos\" \/>\n<script type=\"application\/ld+json\" class=\"yoast-schema-graph\">{\"@context\":\"https:\\\/\\\/schema.org\",\"@graph\":[{\"@type\":\"Article\",\"@id\":\"https:\\\/\\\/www.cetys.mx\\\/noticias\\\/tijuanenses-apoyan-las-buenas-causas\\\/#article\",\"isPartOf\":{\"@id\":\"https:\\\/\\\/www.cetys.mx\\\/noticias\\\/tijuanenses-apoyan-las-buenas-causas\\\/\"},\"author\":{\"name\":\"Campus Tijuana\",\"@id\":\"https:\\\/\\\/www.cetys.mx\\\/noticias\\\/#\\\/schema\\\/person\\\/e790051ce60e18ae47cfa87011c8653f\"},\"headline\":\"Tijuanenses apoyan las buenas causas\",\"datePublished\":\"2016-08-16T17:53:23+00:00\",\"dateModified\":\"2016-08-18T23:25:01+00:00\",\"mainEntityOfPage\":{\"@id\":\"https:\\\/\\\/www.cetys.mx\\\/noticias\\\/tijuanenses-apoyan-las-buenas-causas\\\/\"},\"wordCount\":329,\"commentCount\":0,\"image\":{\"@id\":\"https:\\\/\\\/www.cetys.mx\\\/noticias\\\/tijuanenses-apoyan-las-buenas-causas\\\/#primaryimage\"},\"thumbnailUrl\":\"https:\\\/\\\/www.cetys.mx\\\/noticias\\\/wp-content\\\/uploads\\\/2016\\\/08\\\/cetys_LosClaxons1.jpg\",\"keywords\":[\"avanceinstitucional\",\"cruzroja\",\"filantropia\",\"losclaxons\",\"tijuana\",\"trenamarte\",\"vocetys-top-2016-08-18\"],\"articleSection\":[\"Avance Institucional\",\"Campus Tijuana\",\"VoCETYS\"],\"inLanguage\":\"es\",\"potentialAction\":[{\"@type\":\"CommentAction\",\"name\":\"Comment\",\"target\":[\"https:\\\/\\\/www.cetys.mx\\\/noticias\\\/tijuanenses-apoyan-las-buenas-causas\\\/#respond\"]}]},{\"@type\":\"WebPage\",\"@id\":\"https:\\\/\\\/www.cetys.mx\\\/noticias\\\/tijuanenses-apoyan-las-buenas-causas\\\/\",\"url\":\"https:\\\/\\\/www.cetys.mx\\\/noticias\\\/tijuanenses-apoyan-las-buenas-causas\\\/\",\"name\":\"Tijuanenses apoyan las buenas causas - CETYS\",\"isPartOf\":{\"@id\":\"https:\\\/\\\/www.cetys.mx\\\/noticias\\\/#website\"},\"primaryImageOfPage\":{\"@id\":\"https:\\\/\\\/www.cetys.mx\\\/noticias\\\/tijuanenses-apoyan-las-buenas-causas\\\/#primaryimage\"},\"image\":{\"@id\":\"https:\\\/\\\/www.cetys.mx\\\/noticias\\\/tijuanenses-apoyan-las-buenas-causas\\\/#primaryimage\"},\"thumbnailUrl\":\"https:\\\/\\\/www.cetys.mx\\\/noticias\\\/wp-content\\\/uploads\\\/2016\\\/08\\\/cetys_LosClaxons1.jpg\",\"datePublished\":\"2016-08-16T17:53:23+00:00\",\"dateModified\":\"2016-08-18T23:25:01+00:00\",\"author\":{\"@id\":\"https:\\\/\\\/www.cetys.mx\\\/noticias\\\/#\\\/schema\\\/person\\\/e790051ce60e18ae47cfa87011c8653f\"},\"description\":\"Articulo sobre Tijuanenses apoyan las buenas causas\",\"breadcrumb\":{\"@id\":\"https:\\\/\\\/www.cetys.mx\\\/noticias\\\/tijuanenses-apoyan-las-buenas-causas\\\/#breadcrumb\"},\"inLanguage\":\"es\",\"potentialAction\":[{\"@type\":\"ReadAction\",\"target\":[\"https:\\\/\\\/www.cetys.mx\\\/noticias\\\/tijuanenses-apoyan-las-buenas-causas\\\/\"]}]},{\"@type\":\"ImageObject\",\"inLanguage\":\"es\",\"@id\":\"https:\\\/\\\/www.cetys.mx\\\/noticias\\\/tijuanenses-apoyan-las-buenas-causas\\\/#primaryimage\",\"url\":\"https:\\\/\\\/www.cetys.mx\\\/noticias\\\/wp-content\\\/uploads\\\/2016\\\/08\\\/cetys_LosClaxons1.jpg\",\"contentUrl\":\"https:\\\/\\\/www.cetys.mx\\\/noticias\\\/wp-content\\\/uploads\\\/2016\\\/08\\\/cetys_LosClaxons1.jpg\",\"width\":958,\"height\":637},{\"@type\":\"BreadcrumbList\",\"@id\":\"https:\\\/\\\/www.cetys.mx\\\/noticias\\\/tijuanenses-apoyan-las-buenas-causas\\\/#breadcrumb\",\"itemListElement\":[{\"@type\":\"ListItem\",\"position\":1,\"name\":\"Inicio\",\"item\":\"https:\\\/\\\/www.cetys.mx\\\/noticias\\\/\"},{\"@type\":\"ListItem\",\"position\":2,\"name\":\"Tijuanenses apoyan las buenas causas\"}]},{\"@type\":\"WebSite\",\"@id\":\"https:\\\/\\\/www.cetys.mx\\\/noticias\\\/#website\",\"url\":\"https:\\\/\\\/www.cetys.mx\\\/noticias\\\/\",\"name\":\"CETYS\",\"description\":\"\",\"potentialAction\":[{\"@type\":\"SearchAction\",\"target\":{\"@type\":\"EntryPoint\",\"urlTemplate\":\"https:\\\/\\\/www.cetys.mx\\\/noticias\\\/?s={search_term_string}\"},\"query-input\":{\"@type\":\"PropertyValueSpecification\",\"valueRequired\":true,\"valueName\":\"search_term_string\"}}],\"inLanguage\":\"es\"},{\"@type\":\"Person\",\"@id\":\"https:\\\/\\\/www.cetys.mx\\\/noticias\\\/#\\\/schema\\\/person\\\/e790051ce60e18ae47cfa87011c8653f\",\"name\":\"Campus Tijuana\",\"url\":\"https:\\\/\\\/www.cetys.mx\\\/noticias\\\/author\\\/campustijuana\\\/\"}]}<\/script>\n<!-- \/ Yoast SEO plugin. -->","yoast_head_json":{"title":"Tijuanenses apoyan las buenas causas - CETYS","description":"Articulo sobre Tijuanenses apoyan las buenas causas","robots":{"index":"index","follow":"follow","max-snippet":"max-snippet:-1","max-image-preview":"max-image-preview:large","max-video-preview":"max-video-preview:-1"},"canonical":"https:\/\/www.cetys.mx\/noticias\/tijuanenses-apoyan-las-buenas-causas\/","og_locale":"es_MX","og_type":"article","og_title":"Tijuanenses apoyan las buenas causas - CETYS","og_description":"Articulo sobre Tijuanenses apoyan las buenas causas","og_url":"https:\/\/www.cetys.mx\/noticias\/tijuanenses-apoyan-las-buenas-causas\/","og_site_name":"CETYS","article_publisher":"https:\/\/www.facebook.com\/cetysuniversidadmxl\/","article_published_time":"2016-08-16T17:53:23+00:00","article_modified_time":"2016-08-18T23:25:01+00:00","og_image":[{"width":958,"height":637,"url":"https:\/\/www.cetys.mx\/noticias\/wp-content\/uploads\/2016\/08\/cetys_LosClaxons1.jpg","type":"image\/jpeg"}],"author":"Campus Tijuana","twitter_card":"summary_large_image","twitter_creator":"@cetysuni","twitter_site":"@cetysuni","twitter_misc":{"Escrito por":"Campus Tijuana","Tiempo de lectura":"2 minutos"},"schema":{"@context":"https:\/\/schema.org","@graph":[{"@type":"Article","@id":"https:\/\/www.cetys.mx\/noticias\/tijuanenses-apoyan-las-buenas-causas\/#article","isPartOf":{"@id":"https:\/\/www.cetys.mx\/noticias\/tijuanenses-apoyan-las-buenas-causas\/"},"author":{"name":"Campus Tijuana","@id":"https:\/\/www.cetys.mx\/noticias\/#\/schema\/person\/e790051ce60e18ae47cfa87011c8653f"},"headline":"Tijuanenses apoyan las buenas causas","datePublished":"2016-08-16T17:53:23+00:00","dateModified":"2016-08-18T23:25:01+00:00","mainEntityOfPage":{"@id":"https:\/\/www.cetys.mx\/noticias\/tijuanenses-apoyan-las-buenas-causas\/"},"wordCount":329,"commentCount":0,"image":{"@id":"https:\/\/www.cetys.mx\/noticias\/tijuanenses-apoyan-las-buenas-causas\/#primaryimage"},"thumbnailUrl":"https:\/\/www.cetys.mx\/noticias\/wp-content\/uploads\/2016\/08\/cetys_LosClaxons1.jpg","keywords":["avanceinstitucional","cruzroja","filantropia","losclaxons","tijuana","trenamarte","vocetys-top-2016-08-18"],"articleSection":["Avance Institucional","Campus Tijuana","VoCETYS"],"inLanguage":"es","potentialAction":[{"@type":"CommentAction","name":"Comment","target":["https:\/\/www.cetys.mx\/noticias\/tijuanenses-apoyan-las-buenas-causas\/#respond"]}]},{"@type":"WebPage","@id":"https:\/\/www.cetys.mx\/noticias\/tijuanenses-apoyan-las-buenas-causas\/","url":"https:\/\/www.cetys.mx\/noticias\/tijuanenses-apoyan-las-buenas-causas\/","name":"Tijuanenses apoyan las buenas causas - CETYS","isPartOf":{"@id":"https:\/\/www.cetys.mx\/noticias\/#website"},"primaryImageOfPage":{"@id":"https:\/\/www.cetys.mx\/noticias\/tijuanenses-apoyan-las-buenas-causas\/#primaryimage"},"image":{"@id":"https:\/\/www.cetys.mx\/noticias\/tijuanenses-apoyan-las-buenas-causas\/#primaryimage"},"thumbnailUrl":"https:\/\/www.cetys.mx\/noticias\/wp-content\/uploads\/2016\/08\/cetys_LosClaxons1.jpg","datePublished":"2016-08-16T17:53:23+00:00","dateModified":"2016-08-18T23:25:01+00:00","author":{"@id":"https:\/\/www.cetys.mx\/noticias\/#\/schema\/person\/e790051ce60e18ae47cfa87011c8653f"},"description":"Articulo sobre Tijuanenses apoyan las buenas causas","breadcrumb":{"@id":"https:\/\/www.cetys.mx\/noticias\/tijuanenses-apoyan-las-buenas-causas\/#breadcrumb"},"inLanguage":"es","potentialAction":[{"@type":"ReadAction","target":["https:\/\/www.cetys.mx\/noticias\/tijuanenses-apoyan-las-buenas-causas\/"]}]},{"@type":"ImageObject","inLanguage":"es","@id":"https:\/\/www.cetys.mx\/noticias\/tijuanenses-apoyan-las-buenas-causas\/#primaryimage","url":"https:\/\/www.cetys.mx\/noticias\/wp-content\/uploads\/2016\/08\/cetys_LosClaxons1.jpg","contentUrl":"https:\/\/www.cetys.mx\/noticias\/wp-content\/uploads\/2016\/08\/cetys_LosClaxons1.jpg","width":958,"height":637},{"@type":"BreadcrumbList","@id":"https:\/\/www.cetys.mx\/noticias\/tijuanenses-apoyan-las-buenas-causas\/#breadcrumb","itemListElement":[{"@type":"ListItem","position":1,"name":"Inicio","item":"https:\/\/www.cetys.mx\/noticias\/"},{"@type":"ListItem","position":2,"name":"Tijuanenses apoyan las buenas causas"}]},{"@type":"WebSite","@id":"https:\/\/www.cetys.mx\/noticias\/#website","url":"https:\/\/www.cetys.mx\/noticias\/","name":"CETYS","description":"","potentialAction":[{"@type":"SearchAction","target":{"@type":"EntryPoint","urlTemplate":"https:\/\/www.cetys.mx\/noticias\/?s={search_term_string}"},"query-input":{"@type":"PropertyValueSpecification","valueRequired":true,"valueName":"search_term_string"}}],"inLanguage":"es"},{"@type":"Person","@id":"https:\/\/www.cetys.mx\/noticias\/#\/schema\/person\/e790051ce60e18ae47cfa87011c8653f","name":"Campus Tijuana","url":"https:\/\/www.cetys.mx\/noticias\/author\/campustijuana\/"}]}},"_links":{"self":[{"href":"https:\/\/www.cetys.mx\/noticias\/wp-json\/wp\/v2\/posts\/64305","targetHints":{"allow":["GET"]}}],"collection":[{"href":"https:\/\/www.cetys.mx\/noticias\/wp-json\/wp\/v2\/posts"}],"about":[{"href":"https:\/\/www.cetys.mx\/noticias\/wp-json\/wp\/v2\/types\/post"}],"author":[{"embeddable":true,"href":"https:\/\/www.cetys.mx\/noticias\/wp-json\/wp\/v2\/users\/24"}],"replies":[{"embeddable":true,"href":"https:\/\/www.cetys.mx\/noticias\/wp-json\/wp\/v2\/comments?post=64305"}],"version-history":[{"count":0,"href":"https:\/\/www.cetys.mx\/noticias\/wp-json\/wp\/v2\/posts\/64305\/revisions"}],"wp:featuredmedia":[{"embeddable":true,"href":"https:\/\/www.cetys.mx\/noticias\/wp-json\/wp\/v2\/media\/64312"}],"wp:attachment":[{"href":"https:\/\/www.cetys.mx\/noticias\/wp-json\/wp\/v2\/media?parent=64305"}],"wp:term":[{"taxonomy":"category","embeddable":true,"href":"https:\/\/www.cetys.mx\/noticias\/wp-json\/wp\/v2\/categories?post=64305"},{"taxonomy":"post_tag","embeddable":true,"href":"https:\/\/www.cetys.mx\/noticias\/wp-json\/wp\/v2\/tags?post=64305"}],"curies":[{"name":"wp","href":"https:\/\/api.w.org\/{rel}","templated":true}]}}