{"id":64274,"date":"2016-08-12T17:31:26","date_gmt":"2016-08-13T00:31:26","guid":{"rendered":"http:\/\/www.cetys.mx\/noticias\/?p=64274"},"modified":"2016-08-18T10:49:27","modified_gmt":"2016-08-18T17:49:27","slug":"regresan-zorros-cetys-a-clases","status":"publish","type":"post","link":"https:\/\/www.cetys.mx\/noticias\/regresan-zorros-cetys-a-clases\/","title":{"rendered":"Regresan Zorros CETYS a clases"},"content":{"rendered":"\n            <style type='text\/css'>\n                #gallery-1 {\n                    margin: auto;\n                }\n                #gallery-1 .gallery-item {\n                    float: left;\n                    margin-top: 10px;\n                    text-align: center;\n                    width: 33%;\n                }\n                #gallery-1 img {\n                    border: 2px solid #cfcfcf;\n                }\n                #gallery-1 .gallery-caption {\n                    margin-left: 0;\n                }\n                \/* see gallery_shortcode() in wp-includes\/media.php *\/\n            <\/style>\n\t\t<div id='gallery-1' class='gallery galleryid-64274 gallery-columns-3 gallery-size-thumbnail'><dl class='gallery-item'>\n                <dt class='gallery-icon landscape'>\n                    <a href='https:\/\/www.cetys.mx\/noticias\/regresan-zorros-cetys-a-clases\/clases_2016-2\/'><img loading=\"lazy\" decoding=\"async\" width=\"128\" height=\"85\" src=\"https:\/\/www.cetys.mx\/noticias\/wp-content\/uploads\/2016\/08\/clases_20161.jpg\" class=\"attachment-thumbnail size-thumbnail\" alt=\"\" aria-describedby=\"gallery-1-64275\" \/><\/a>\n                <\/dt>\n                    <dd class='wp-caption-text gallery-caption' id='gallery-1-64275'>\n                    M\u00e1s de 2 mil nuevos alumnos fueron los que ingresaron al Sistema CETYS&#8230;\n                    <\/dd><\/dl><dl class='gallery-item'>\n                <dt class='gallery-icon landscape'>\n                    <a href='https:\/\/www.cetys.mx\/noticias\/regresan-zorros-cetys-a-clases\/clases_2016_2-2\/'><img loading=\"lazy\" decoding=\"async\" width=\"128\" height=\"85\" src=\"https:\/\/www.cetys.mx\/noticias\/wp-content\/uploads\/2016\/08\/clases_2016_21.jpg\" class=\"attachment-thumbnail size-thumbnail\" alt=\"\" aria-describedby=\"gallery-1-64276\" \/><\/a>\n                <\/dt>\n                    <dd class='wp-caption-text gallery-caption' id='gallery-1-64276'>\n                    por lo que sumado al reingreso de estudiantes y al proceso que a\u00fan sigue de inscripciones en l\u00ednea&#8230;\n                    <\/dd><\/dl><dl class='gallery-item'>\n                <dt class='gallery-icon landscape'>\n                    <a href='https:\/\/www.cetys.mx\/noticias\/regresan-zorros-cetys-a-clases\/clases_2016_3-2\/'><img loading=\"lazy\" decoding=\"async\" width=\"128\" height=\"85\" src=\"https:\/\/www.cetys.mx\/noticias\/wp-content\/uploads\/2016\/08\/clases_2016_31.jpg\" class=\"attachment-thumbnail size-thumbnail\" alt=\"\" aria-describedby=\"gallery-1-64277\" \/><\/a>\n                <\/dt>\n                    <dd class='wp-caption-text gallery-caption' id='gallery-1-64277'>\n                    la universidad rebasar\u00e1 a 7,500 inscritos en Preparatoria, Profesional y Posgrado en Baja California.\n                    <\/dd><\/dl><br style=\"clear: both\" \/><dl class='gallery-item'>\n                <dt class='gallery-icon landscape'>\n                    <a href='https:\/\/www.cetys.mx\/noticias\/regresan-zorros-cetys-a-clases\/clases_2016_4-2\/'><img loading=\"lazy\" decoding=\"async\" width=\"128\" height=\"85\" src=\"https:\/\/www.cetys.mx\/noticias\/wp-content\/uploads\/2016\/08\/clases_2016_41.jpg\" class=\"attachment-thumbnail size-thumbnail\" alt=\"\" aria-describedby=\"gallery-1-64278\" \/><\/a>\n                <\/dt>\n                    <dd class='wp-caption-text gallery-caption' id='gallery-1-64278'>\n                    En  tres actos consecutivos, se dio la bienvenida a 468 bachilleres\n                    <\/dd><\/dl><dl class='gallery-item'>\n                <dt class='gallery-icon landscape'>\n                    <a href='https:\/\/www.cetys.mx\/noticias\/regresan-zorros-cetys-a-clases\/clases_2016_5-2\/'><img loading=\"lazy\" decoding=\"async\" width=\"128\" height=\"85\" src=\"https:\/\/www.cetys.mx\/noticias\/wp-content\/uploads\/2016\/08\/clases_2016_51.jpg\" class=\"attachment-thumbnail size-thumbnail\" alt=\"\" aria-describedby=\"gallery-1-64279\" \/><\/a>\n                <\/dt>\n                    <dd class='wp-caption-text gallery-caption' id='gallery-1-64279'>\n                     y a poco m\u00e1s de 340 universitarios que iniciar\u00e1n sus respectivos estudios.\n                    <\/dd><\/dl><dl class='gallery-item'>\n                <dt class='gallery-icon landscape'>\n                    <a href='https:\/\/www.cetys.mx\/noticias\/regresan-zorros-cetys-a-clases\/clases_2016_6-2\/'><img loading=\"lazy\" decoding=\"async\" width=\"128\" height=\"85\" src=\"https:\/\/www.cetys.mx\/noticias\/wp-content\/uploads\/2016\/08\/clases_2016_61.jpg\" class=\"attachment-thumbnail size-thumbnail\" alt=\"\" aria-describedby=\"gallery-1-64280\" \/><\/a>\n                <\/dt>\n                    <dd class='wp-caption-text gallery-caption' id='gallery-1-64280'>\n                    El Rector Fernando Le\u00f3n Garc\u00eda, inform\u00f3 que de los nuevos alumnos, 44% son de Mexicali, 42% de Tijuana y 14% en Ensenada. \n                    <\/dd><\/dl><br style=\"clear: both\" \/><dl class='gallery-item'>\n                <dt class='gallery-icon landscape'>\n                    <a href='https:\/\/www.cetys.mx\/noticias\/regresan-zorros-cetys-a-clases\/dsc_0308\/'><img loading=\"lazy\" decoding=\"async\" width=\"128\" height=\"85\" src=\"https:\/\/www.cetys.mx\/noticias\/wp-content\/uploads\/2016\/08\/DSC_0308.jpg\" class=\"attachment-thumbnail size-thumbnail\" alt=\"\" aria-describedby=\"gallery-1-64282\" \/><\/a>\n                <\/dt>\n                    <dd class='wp-caption-text gallery-caption' id='gallery-1-64282'>\n                    Durante la semana de ingreso, el campus se llen\u00f3 de j\u00f3venes con sue\u00f1os&#8230;\n                    <\/dd><\/dl><dl class='gallery-item'>\n                <dt class='gallery-icon landscape'>\n                    <a href='https:\/\/www.cetys.mx\/noticias\/regresan-zorros-cetys-a-clases\/dsc_0306\/'><img loading=\"lazy\" decoding=\"async\" width=\"128\" height=\"85\" src=\"https:\/\/www.cetys.mx\/noticias\/wp-content\/uploads\/2016\/08\/DSC_0306.jpg\" class=\"attachment-thumbnail size-thumbnail\" alt=\"\" aria-describedby=\"gallery-1-64281\" \/><\/a>\n                <\/dt>\n                    <dd class='wp-caption-text gallery-caption' id='gallery-1-64281'>\n                    Nuevos amigos se forjar\u00e1n en el CETYS a partir de hoy&#8230;\n                    <\/dd><\/dl><dl class='gallery-item'>\n                <dt class='gallery-icon landscape'>\n                    <a href='https:\/\/www.cetys.mx\/noticias\/regresan-zorros-cetys-a-clases\/dsc_0318\/'><img loading=\"lazy\" decoding=\"async\" width=\"128\" height=\"85\" src=\"https:\/\/www.cetys.mx\/noticias\/wp-content\/uploads\/2016\/08\/DSC_0318.jpg\" class=\"attachment-thumbnail size-thumbnail\" alt=\"\" aria-describedby=\"gallery-1-64283\" \/><\/a>\n                <\/dt>\n                    <dd class='wp-caption-text gallery-caption' id='gallery-1-64283'>\n                    Los alumnos celebraron en grande su ingreso en una convivencia inolvidable jugando boliche y conoci\u00e9ndose entre s\u00ed&#8230;\n                    <\/dd><\/dl><br style=\"clear: both\" \/><dl class='gallery-item'>\n                <dt class='gallery-icon landscape'>\n                    <a href='https:\/\/www.cetys.mx\/noticias\/regresan-zorros-cetys-a-clases\/dsc_0370\/'><img loading=\"lazy\" decoding=\"async\" width=\"128\" height=\"85\" src=\"https:\/\/www.cetys.mx\/noticias\/wp-content\/uploads\/2016\/08\/DSC_0370.jpg\" class=\"attachment-thumbnail size-thumbnail\" alt=\"\" aria-describedby=\"gallery-1-64284\" \/><\/a>\n                <\/dt>\n                    <dd class='wp-caption-text gallery-caption' id='gallery-1-64284'>\n                    Les deseamos una calurosa bienvenida a clases y lo mejor para este semestre que comienza \u00a1Bienvenidos Zorros!\n                    <\/dd><\/dl>\n                <br style='clear: both' \/>\n            <\/div>\n\n","protected":false},"excerpt":{"rendered":"#gallery-2 { margin: auto; } #gallery-2 .gallery-item { float: left; margin-top: 10px; text-align: center; width: 33%; } #gallery-2 img { border: 2px...","protected":false},"author":20,"featured_media":64276,"comment_status":"open","ping_status":"open","sticky":false,"template":"","format":"gallery","meta":{"footnotes":""},"categories":[143],"tags":[],"class_list":["post-64274","post","type-post","status-publish","format-gallery","has-post-thumbnail","hentry","category-galeria","post_format-post-format-gallery"],"yoast_head":"<!-- This site is optimized with the Yoast SEO plugin v27.4 - https:\/\/yoast.com\/product\/yoast-seo-wordpress\/ -->\n<title>Regresan Zorros CETYS a clases - CETYS<\/title>\n<meta name=\"description\" content=\"Articulo sobre Regresan Zorros CETYS a clases\" \/>\n<meta name=\"robots\" content=\"index, follow, max-snippet:-1, max-image-preview:large, max-video-preview:-1\" \/>\n<link rel=\"canonical\" href=\"https:\/\/www.cetys.mx\/noticias\/regresan-zorros-cetys-a-clases\/\" \/>\n<meta property=\"og:locale\" content=\"es_MX\" \/>\n<meta property=\"og:type\" content=\"article\" \/>\n<meta property=\"og:title\" content=\"Regresan Zorros CETYS a clases - CETYS\" \/>\n<meta property=\"og:description\" content=\"Articulo sobre Regresan Zorros CETYS a clases\" \/>\n<meta property=\"og:url\" content=\"https:\/\/www.cetys.mx\/noticias\/regresan-zorros-cetys-a-clases\/\" \/>\n<meta property=\"og:site_name\" content=\"CETYS\" \/>\n<meta property=\"article:publisher\" content=\"https:\/\/www.facebook.com\/cetysuniversidadmxl\/\" \/>\n<meta property=\"article:published_time\" content=\"2016-08-13T00:31:26+00:00\" \/>\n<meta property=\"article:modified_time\" content=\"2016-08-18T17:49:27+00:00\" \/>\n<meta property=\"og:image\" content=\"https:\/\/www.cetys.mx\/noticias\/wp-content\/uploads\/2016\/08\/clases_2016_21.jpg\" \/>\n\t<meta property=\"og:image:width\" content=\"958\" \/>\n\t<meta property=\"og:image:height\" content=\"637\" \/>\n\t<meta property=\"og:image:type\" content=\"image\/jpeg\" \/>\n<meta name=\"author\" content=\"Campus Mexicali\" \/>\n<meta name=\"twitter:card\" content=\"summary_large_image\" \/>\n<meta name=\"twitter:creator\" content=\"@cetysuni\" \/>\n<meta name=\"twitter:site\" content=\"@cetysuni\" \/>\n<meta name=\"twitter:label1\" content=\"Escrito por\" \/>\n\t<meta name=\"twitter:data1\" content=\"Campus Mexicali\" \/>\n<script type=\"application\/ld+json\" class=\"yoast-schema-graph\">{\"@context\":\"https:\\\/\\\/schema.org\",\"@graph\":[{\"@type\":\"Article\",\"@id\":\"https:\\\/\\\/www.cetys.mx\\\/noticias\\\/regresan-zorros-cetys-a-clases\\\/#article\",\"isPartOf\":{\"@id\":\"https:\\\/\\\/www.cetys.mx\\\/noticias\\\/regresan-zorros-cetys-a-clases\\\/\"},\"author\":{\"name\":\"Campus Mexicali\",\"@id\":\"https:\\\/\\\/www.cetys.mx\\\/noticias\\\/#\\\/schema\\\/person\\\/79a95c4ac185f3705cf1b9c9340a5f70\"},\"headline\":\"Regresan Zorros CETYS a clases\",\"datePublished\":\"2016-08-13T00:31:26+00:00\",\"dateModified\":\"2016-08-18T17:49:27+00:00\",\"mainEntityOfPage\":{\"@id\":\"https:\\\/\\\/www.cetys.mx\\\/noticias\\\/regresan-zorros-cetys-a-clases\\\/\"},\"wordCount\":7,\"commentCount\":0,\"image\":{\"@id\":\"https:\\\/\\\/www.cetys.mx\\\/noticias\\\/regresan-zorros-cetys-a-clases\\\/#primaryimage\"},\"thumbnailUrl\":\"https:\\\/\\\/www.cetys.mx\\\/noticias\\\/wp-content\\\/uploads\\\/2016\\\/08\\\/clases_2016_21.jpg\",\"articleSection\":[\"Galer\u00eda\"],\"inLanguage\":\"es\",\"potentialAction\":[{\"@type\":\"CommentAction\",\"name\":\"Comment\",\"target\":[\"https:\\\/\\\/www.cetys.mx\\\/noticias\\\/regresan-zorros-cetys-a-clases\\\/#respond\"]}]},{\"@type\":\"WebPage\",\"@id\":\"https:\\\/\\\/www.cetys.mx\\\/noticias\\\/regresan-zorros-cetys-a-clases\\\/\",\"url\":\"https:\\\/\\\/www.cetys.mx\\\/noticias\\\/regresan-zorros-cetys-a-clases\\\/\",\"name\":\"Regresan Zorros CETYS a clases - CETYS\",\"isPartOf\":{\"@id\":\"https:\\\/\\\/www.cetys.mx\\\/noticias\\\/#website\"},\"primaryImageOfPage\":{\"@id\":\"https:\\\/\\\/www.cetys.mx\\\/noticias\\\/regresan-zorros-cetys-a-clases\\\/#primaryimage\"},\"image\":{\"@id\":\"https:\\\/\\\/www.cetys.mx\\\/noticias\\\/regresan-zorros-cetys-a-clases\\\/#primaryimage\"},\"thumbnailUrl\":\"https:\\\/\\\/www.cetys.mx\\\/noticias\\\/wp-content\\\/uploads\\\/2016\\\/08\\\/clases_2016_21.jpg\",\"datePublished\":\"2016-08-13T00:31:26+00:00\",\"dateModified\":\"2016-08-18T17:49:27+00:00\",\"author\":{\"@id\":\"https:\\\/\\\/www.cetys.mx\\\/noticias\\\/#\\\/schema\\\/person\\\/79a95c4ac185f3705cf1b9c9340a5f70\"},\"description\":\"Articulo sobre Regresan Zorros CETYS a clases\",\"breadcrumb\":{\"@id\":\"https:\\\/\\\/www.cetys.mx\\\/noticias\\\/regresan-zorros-cetys-a-clases\\\/#breadcrumb\"},\"inLanguage\":\"es\",\"potentialAction\":[{\"@type\":\"ReadAction\",\"target\":[\"https:\\\/\\\/www.cetys.mx\\\/noticias\\\/regresan-zorros-cetys-a-clases\\\/\"]}]},{\"@type\":\"ImageObject\",\"inLanguage\":\"es\",\"@id\":\"https:\\\/\\\/www.cetys.mx\\\/noticias\\\/regresan-zorros-cetys-a-clases\\\/#primaryimage\",\"url\":\"https:\\\/\\\/www.cetys.mx\\\/noticias\\\/wp-content\\\/uploads\\\/2016\\\/08\\\/clases_2016_21.jpg\",\"contentUrl\":\"https:\\\/\\\/www.cetys.mx\\\/noticias\\\/wp-content\\\/uploads\\\/2016\\\/08\\\/clases_2016_21.jpg\",\"width\":958,\"height\":637,\"caption\":\"por lo que sumado al reingreso de estudiantes y al proceso que a\u00fan sigue de inscripciones en l\u00ednea...\"},{\"@type\":\"BreadcrumbList\",\"@id\":\"https:\\\/\\\/www.cetys.mx\\\/noticias\\\/regresan-zorros-cetys-a-clases\\\/#breadcrumb\",\"itemListElement\":[{\"@type\":\"ListItem\",\"position\":1,\"name\":\"Inicio\",\"item\":\"https:\\\/\\\/www.cetys.mx\\\/noticias\\\/\"},{\"@type\":\"ListItem\",\"position\":2,\"name\":\"Regresan Zorros CETYS a clases\"}]},{\"@type\":\"WebSite\",\"@id\":\"https:\\\/\\\/www.cetys.mx\\\/noticias\\\/#website\",\"url\":\"https:\\\/\\\/www.cetys.mx\\\/noticias\\\/\",\"name\":\"CETYS\",\"description\":\"\",\"potentialAction\":[{\"@type\":\"SearchAction\",\"target\":{\"@type\":\"EntryPoint\",\"urlTemplate\":\"https:\\\/\\\/www.cetys.mx\\\/noticias\\\/?s={search_term_string}\"},\"query-input\":{\"@type\":\"PropertyValueSpecification\",\"valueRequired\":true,\"valueName\":\"search_term_string\"}}],\"inLanguage\":\"es\"},{\"@type\":\"Person\",\"@id\":\"https:\\\/\\\/www.cetys.mx\\\/noticias\\\/#\\\/schema\\\/person\\\/79a95c4ac185f3705cf1b9c9340a5f70\",\"name\":\"Campus Mexicali\",\"url\":\"https:\\\/\\\/www.cetys.mx\\\/noticias\\\/author\\\/campusmexicali\\\/\"}]}<\/script>\n<!-- \/ Yoast SEO plugin. -->","yoast_head_json":{"title":"Regresan Zorros CETYS a clases - CETYS","description":"Articulo sobre Regresan Zorros CETYS a clases","robots":{"index":"index","follow":"follow","max-snippet":"max-snippet:-1","max-image-preview":"max-image-preview:large","max-video-preview":"max-video-preview:-1"},"canonical":"https:\/\/www.cetys.mx\/noticias\/regresan-zorros-cetys-a-clases\/","og_locale":"es_MX","og_type":"article","og_title":"Regresan Zorros CETYS a clases - CETYS","og_description":"Articulo sobre Regresan Zorros CETYS a clases","og_url":"https:\/\/www.cetys.mx\/noticias\/regresan-zorros-cetys-a-clases\/","og_site_name":"CETYS","article_publisher":"https:\/\/www.facebook.com\/cetysuniversidadmxl\/","article_published_time":"2016-08-13T00:31:26+00:00","article_modified_time":"2016-08-18T17:49:27+00:00","og_image":[{"width":958,"height":637,"url":"https:\/\/www.cetys.mx\/noticias\/wp-content\/uploads\/2016\/08\/clases_2016_21.jpg","type":"image\/jpeg"}],"author":"Campus Mexicali","twitter_card":"summary_large_image","twitter_creator":"@cetysuni","twitter_site":"@cetysuni","twitter_misc":{"Escrito por":"Campus Mexicali"},"schema":{"@context":"https:\/\/schema.org","@graph":[{"@type":"Article","@id":"https:\/\/www.cetys.mx\/noticias\/regresan-zorros-cetys-a-clases\/#article","isPartOf":{"@id":"https:\/\/www.cetys.mx\/noticias\/regresan-zorros-cetys-a-clases\/"},"author":{"name":"Campus Mexicali","@id":"https:\/\/www.cetys.mx\/noticias\/#\/schema\/person\/79a95c4ac185f3705cf1b9c9340a5f70"},"headline":"Regresan Zorros CETYS a clases","datePublished":"2016-08-13T00:31:26+00:00","dateModified":"2016-08-18T17:49:27+00:00","mainEntityOfPage":{"@id":"https:\/\/www.cetys.mx\/noticias\/regresan-zorros-cetys-a-clases\/"},"wordCount":7,"commentCount":0,"image":{"@id":"https:\/\/www.cetys.mx\/noticias\/regresan-zorros-cetys-a-clases\/#primaryimage"},"thumbnailUrl":"https:\/\/www.cetys.mx\/noticias\/wp-content\/uploads\/2016\/08\/clases_2016_21.jpg","articleSection":["Galer\u00eda"],"inLanguage":"es","potentialAction":[{"@type":"CommentAction","name":"Comment","target":["https:\/\/www.cetys.mx\/noticias\/regresan-zorros-cetys-a-clases\/#respond"]}]},{"@type":"WebPage","@id":"https:\/\/www.cetys.mx\/noticias\/regresan-zorros-cetys-a-clases\/","url":"https:\/\/www.cetys.mx\/noticias\/regresan-zorros-cetys-a-clases\/","name":"Regresan Zorros CETYS a clases - CETYS","isPartOf":{"@id":"https:\/\/www.cetys.mx\/noticias\/#website"},"primaryImageOfPage":{"@id":"https:\/\/www.cetys.mx\/noticias\/regresan-zorros-cetys-a-clases\/#primaryimage"},"image":{"@id":"https:\/\/www.cetys.mx\/noticias\/regresan-zorros-cetys-a-clases\/#primaryimage"},"thumbnailUrl":"https:\/\/www.cetys.mx\/noticias\/wp-content\/uploads\/2016\/08\/clases_2016_21.jpg","datePublished":"2016-08-13T00:31:26+00:00","dateModified":"2016-08-18T17:49:27+00:00","author":{"@id":"https:\/\/www.cetys.mx\/noticias\/#\/schema\/person\/79a95c4ac185f3705cf1b9c9340a5f70"},"description":"Articulo sobre Regresan Zorros CETYS a clases","breadcrumb":{"@id":"https:\/\/www.cetys.mx\/noticias\/regresan-zorros-cetys-a-clases\/#breadcrumb"},"inLanguage":"es","potentialAction":[{"@type":"ReadAction","target":["https:\/\/www.cetys.mx\/noticias\/regresan-zorros-cetys-a-clases\/"]}]},{"@type":"ImageObject","inLanguage":"es","@id":"https:\/\/www.cetys.mx\/noticias\/regresan-zorros-cetys-a-clases\/#primaryimage","url":"https:\/\/www.cetys.mx\/noticias\/wp-content\/uploads\/2016\/08\/clases_2016_21.jpg","contentUrl":"https:\/\/www.cetys.mx\/noticias\/wp-content\/uploads\/2016\/08\/clases_2016_21.jpg","width":958,"height":637,"caption":"por lo que sumado al reingreso de estudiantes y al proceso que a\u00fan sigue de inscripciones en l\u00ednea..."},{"@type":"BreadcrumbList","@id":"https:\/\/www.cetys.mx\/noticias\/regresan-zorros-cetys-a-clases\/#breadcrumb","itemListElement":[{"@type":"ListItem","position":1,"name":"Inicio","item":"https:\/\/www.cetys.mx\/noticias\/"},{"@type":"ListItem","position":2,"name":"Regresan Zorros CETYS a clases"}]},{"@type":"WebSite","@id":"https:\/\/www.cetys.mx\/noticias\/#website","url":"https:\/\/www.cetys.mx\/noticias\/","name":"CETYS","description":"","potentialAction":[{"@type":"SearchAction","target":{"@type":"EntryPoint","urlTemplate":"https:\/\/www.cetys.mx\/noticias\/?s={search_term_string}"},"query-input":{"@type":"PropertyValueSpecification","valueRequired":true,"valueName":"search_term_string"}}],"inLanguage":"es"},{"@type":"Person","@id":"https:\/\/www.cetys.mx\/noticias\/#\/schema\/person\/79a95c4ac185f3705cf1b9c9340a5f70","name":"Campus Mexicali","url":"https:\/\/www.cetys.mx\/noticias\/author\/campusmexicali\/"}]}},"_links":{"self":[{"href":"https:\/\/www.cetys.mx\/noticias\/wp-json\/wp\/v2\/posts\/64274","targetHints":{"allow":["GET"]}}],"collection":[{"href":"https:\/\/www.cetys.mx\/noticias\/wp-json\/wp\/v2\/posts"}],"about":[{"href":"https:\/\/www.cetys.mx\/noticias\/wp-json\/wp\/v2\/types\/post"}],"author":[{"embeddable":true,"href":"https:\/\/www.cetys.mx\/noticias\/wp-json\/wp\/v2\/users\/20"}],"replies":[{"embeddable":true,"href":"https:\/\/www.cetys.mx\/noticias\/wp-json\/wp\/v2\/comments?post=64274"}],"version-history":[{"count":0,"href":"https:\/\/www.cetys.mx\/noticias\/wp-json\/wp\/v2\/posts\/64274\/revisions"}],"wp:featuredmedia":[{"embeddable":true,"href":"https:\/\/www.cetys.mx\/noticias\/wp-json\/wp\/v2\/media\/64276"}],"wp:attachment":[{"href":"https:\/\/www.cetys.mx\/noticias\/wp-json\/wp\/v2\/media?parent=64274"}],"wp:term":[{"taxonomy":"category","embeddable":true,"href":"https:\/\/www.cetys.mx\/noticias\/wp-json\/wp\/v2\/categories?post=64274"},{"taxonomy":"post_tag","embeddable":true,"href":"https:\/\/www.cetys.mx\/noticias\/wp-json\/wp\/v2\/tags?post=64274"}],"curies":[{"name":"wp","href":"https:\/\/api.w.org\/{rel}","templated":true}]}}