{"id":60314,"date":"2016-07-27T12:31:19","date_gmt":"2016-07-27T19:31:19","guid":{"rendered":"http:\/\/www.cetys.mx\/noticias\/?p=60314"},"modified":"2016-08-05T18:21:37","modified_gmt":"2016-08-06T01:21:37","slug":"docentes-cetys-se-acreditan-en-ecodems","status":"publish","type":"post","link":"https:\/\/www.cetys.mx\/noticias\/docentes-cetys-se-acreditan-en-ecodems\/","title":{"rendered":"Docentes CETYS se acreditan en ECODEMS"},"content":{"rendered":"<div dir=\"ltr\">Cinco profesores de la <strong>Preparatoria del CETYS Universidad Campus Mexicali<\/strong>, recibieron la acreditaci\u00f3n <strong>ECODEMS<\/strong> (Evaluaci\u00f3n de Competencias Docentes para la Educaci\u00f3n Media Superior) a trav\u00e9s del <strong>Ceneval<\/strong>, durante el<\/div>\n<div dir=\"ltr\"><\/div>\n<div dir=\"ltr\">\u00a0Los docentes acreditados en esta ocasion fueron\u00a0 Armando Rafael Esponda Guerrero, Margarita S\u00e1nchez Ayala, Norma M\u00e9rida Valderrama, Jos\u00e9 Castro Mart\u00ednez y Elsa Mariel Romero Garc\u00eda quienes tuvieron que grabar una clase con uno de los grupos a los que les impartiera clase en ese momento y entregar una planeaci\u00f3n de esa sesi\u00f3n.<\/div>\n<div>Despues de ese proceso Ceneval les asign\u00f3 una fecha y hora para que acudieran a la escuela sede, en donde se les realiz\u00f3 una entrevista de 2 horas aproximadamente acerca de su planeaci\u00f3n y video.<\/div>\n<blockquote>\n<div>Esta acreditaci\u00f3n es una forma de garantizar la calidad en los procesos de aprendizaje que CETYS ofrece en el nivel medio superior, adem\u00e1s se atiende a los requerimientos de la SEP, a trav\u00e9s de la Reforma Integral de la Educaci\u00f3n Media Superior (RIEMS) de ofrecer una educaci\u00f3n basada en un modelo por competencias.<\/div>\n<\/blockquote>\n","protected":false},"excerpt":{"rendered":"<p>Cinco profesores de la Preparatoria del CETYS Universidad Campus Mexicali, recibieron la acreditaci\u00f3n ECODEMS (Evaluaci\u00f3n de Competencias Docentes para la Educaci\u00f3n Media&#8230;<\/p>\n","protected":false},"author":20,"featured_media":60350,"comment_status":"open","ping_status":"open","sticky":false,"template":"","format":"standard","meta":{"footnotes":""},"categories":[110,133,313],"tags":[122,975,138,92,978],"class_list":["post-60314","post","type-post","status-publish","format-standard","has-post-thumbnail","hentry","category-academia","category-campus-mexicali","category-vocetys-2","tag-academia","tag-acreeditacion","tag-cetys","tag-preparatoria","tag-vocetys-2016-08-05"],"yoast_head":"<!-- This site is optimized with the Yoast SEO plugin v27.4 - https:\/\/yoast.com\/product\/yoast-seo-wordpress\/ -->\n<title>Docentes CETYS se acreditan en ECODEMS - CETYS<\/title>\n<meta name=\"description\" content=\"Articulo sobre Docentes CETYS se acreditan en ECODEMS\" \/>\n<meta name=\"robots\" content=\"index, follow, max-snippet:-1, max-image-preview:large, max-video-preview:-1\" \/>\n<link rel=\"canonical\" href=\"https:\/\/www.cetys.mx\/noticias\/docentes-cetys-se-acreditan-en-ecodems\/\" \/>\n<meta property=\"og:locale\" content=\"es_MX\" \/>\n<meta property=\"og:type\" content=\"article\" \/>\n<meta property=\"og:title\" content=\"Docentes CETYS se acreditan en ECODEMS - CETYS\" \/>\n<meta property=\"og:description\" content=\"Articulo sobre Docentes CETYS se acreditan en ECODEMS\" \/>\n<meta property=\"og:url\" content=\"https:\/\/www.cetys.mx\/noticias\/docentes-cetys-se-acreditan-en-ecodems\/\" \/>\n<meta property=\"og:site_name\" content=\"CETYS\" \/>\n<meta property=\"article:publisher\" content=\"https:\/\/www.facebook.com\/cetysuniversidadmxl\/\" \/>\n<meta property=\"article:published_time\" content=\"2016-07-27T19:31:19+00:00\" \/>\n<meta property=\"article:modified_time\" content=\"2016-08-06T01:21:37+00:00\" \/>\n<meta property=\"og:image\" content=\"https:\/\/www.cetys.mx\/noticias\/wp-content\/uploads\/2016\/07\/PORTAL.jpg\" \/>\n\t<meta property=\"og:image:width\" content=\"958\" \/>\n\t<meta property=\"og:image:height\" content=\"673\" \/>\n\t<meta property=\"og:image:type\" content=\"image\/jpeg\" \/>\n<meta name=\"author\" content=\"Campus Mexicali\" \/>\n<meta name=\"twitter:card\" content=\"summary_large_image\" \/>\n<meta name=\"twitter:creator\" content=\"@cetysuni\" \/>\n<meta name=\"twitter:site\" content=\"@cetysuni\" \/>\n<meta name=\"twitter:label1\" content=\"Escrito por\" \/>\n\t<meta name=\"twitter:data1\" content=\"Campus Mexicali\" \/>\n\t<meta name=\"twitter:label2\" content=\"Tiempo de lectura\" \/>\n\t<meta name=\"twitter:data2\" content=\"1 minuto\" \/>\n<script type=\"application\/ld+json\" class=\"yoast-schema-graph\">{\"@context\":\"https:\\\/\\\/schema.org\",\"@graph\":[{\"@type\":\"Article\",\"@id\":\"https:\\\/\\\/www.cetys.mx\\\/noticias\\\/docentes-cetys-se-acreditan-en-ecodems\\\/#article\",\"isPartOf\":{\"@id\":\"https:\\\/\\\/www.cetys.mx\\\/noticias\\\/docentes-cetys-se-acreditan-en-ecodems\\\/\"},\"author\":{\"name\":\"Campus Mexicali\",\"@id\":\"https:\\\/\\\/www.cetys.mx\\\/noticias\\\/#\\\/schema\\\/person\\\/79a95c4ac185f3705cf1b9c9340a5f70\"},\"headline\":\"Docentes CETYS se acreditan en ECODEMS\",\"datePublished\":\"2016-07-27T19:31:19+00:00\",\"dateModified\":\"2016-08-06T01:21:37+00:00\",\"mainEntityOfPage\":{\"@id\":\"https:\\\/\\\/www.cetys.mx\\\/noticias\\\/docentes-cetys-se-acreditan-en-ecodems\\\/\"},\"wordCount\":190,\"commentCount\":0,\"image\":{\"@id\":\"https:\\\/\\\/www.cetys.mx\\\/noticias\\\/docentes-cetys-se-acreditan-en-ecodems\\\/#primaryimage\"},\"thumbnailUrl\":\"https:\\\/\\\/www.cetys.mx\\\/noticias\\\/wp-content\\\/uploads\\\/2016\\\/07\\\/PORTAL.jpg\",\"keywords\":[\"Academia\",\"Acreeditacion\",\"Cetys\",\"Preparatoria\",\"vocetys-2016-08-05\"],\"articleSection\":[\"Academia\",\"Campus Mexicali\",\"VoCETYS\"],\"inLanguage\":\"es\",\"potentialAction\":[{\"@type\":\"CommentAction\",\"name\":\"Comment\",\"target\":[\"https:\\\/\\\/www.cetys.mx\\\/noticias\\\/docentes-cetys-se-acreditan-en-ecodems\\\/#respond\"]}]},{\"@type\":\"WebPage\",\"@id\":\"https:\\\/\\\/www.cetys.mx\\\/noticias\\\/docentes-cetys-se-acreditan-en-ecodems\\\/\",\"url\":\"https:\\\/\\\/www.cetys.mx\\\/noticias\\\/docentes-cetys-se-acreditan-en-ecodems\\\/\",\"name\":\"Docentes CETYS se acreditan en ECODEMS - CETYS\",\"isPartOf\":{\"@id\":\"https:\\\/\\\/www.cetys.mx\\\/noticias\\\/#website\"},\"primaryImageOfPage\":{\"@id\":\"https:\\\/\\\/www.cetys.mx\\\/noticias\\\/docentes-cetys-se-acreditan-en-ecodems\\\/#primaryimage\"},\"image\":{\"@id\":\"https:\\\/\\\/www.cetys.mx\\\/noticias\\\/docentes-cetys-se-acreditan-en-ecodems\\\/#primaryimage\"},\"thumbnailUrl\":\"https:\\\/\\\/www.cetys.mx\\\/noticias\\\/wp-content\\\/uploads\\\/2016\\\/07\\\/PORTAL.jpg\",\"datePublished\":\"2016-07-27T19:31:19+00:00\",\"dateModified\":\"2016-08-06T01:21:37+00:00\",\"author\":{\"@id\":\"https:\\\/\\\/www.cetys.mx\\\/noticias\\\/#\\\/schema\\\/person\\\/79a95c4ac185f3705cf1b9c9340a5f70\"},\"description\":\"Articulo sobre Docentes CETYS se acreditan en ECODEMS\",\"breadcrumb\":{\"@id\":\"https:\\\/\\\/www.cetys.mx\\\/noticias\\\/docentes-cetys-se-acreditan-en-ecodems\\\/#breadcrumb\"},\"inLanguage\":\"es\",\"potentialAction\":[{\"@type\":\"ReadAction\",\"target\":[\"https:\\\/\\\/www.cetys.mx\\\/noticias\\\/docentes-cetys-se-acreditan-en-ecodems\\\/\"]}]},{\"@type\":\"ImageObject\",\"inLanguage\":\"es\",\"@id\":\"https:\\\/\\\/www.cetys.mx\\\/noticias\\\/docentes-cetys-se-acreditan-en-ecodems\\\/#primaryimage\",\"url\":\"https:\\\/\\\/www.cetys.mx\\\/noticias\\\/wp-content\\\/uploads\\\/2016\\\/07\\\/PORTAL.jpg\",\"contentUrl\":\"https:\\\/\\\/www.cetys.mx\\\/noticias\\\/wp-content\\\/uploads\\\/2016\\\/07\\\/PORTAL.jpg\",\"width\":958,\"height\":673},{\"@type\":\"BreadcrumbList\",\"@id\":\"https:\\\/\\\/www.cetys.mx\\\/noticias\\\/docentes-cetys-se-acreditan-en-ecodems\\\/#breadcrumb\",\"itemListElement\":[{\"@type\":\"ListItem\",\"position\":1,\"name\":\"Inicio\",\"item\":\"https:\\\/\\\/www.cetys.mx\\\/noticias\\\/\"},{\"@type\":\"ListItem\",\"position\":2,\"name\":\"Docentes CETYS se acreditan en ECODEMS\"}]},{\"@type\":\"WebSite\",\"@id\":\"https:\\\/\\\/www.cetys.mx\\\/noticias\\\/#website\",\"url\":\"https:\\\/\\\/www.cetys.mx\\\/noticias\\\/\",\"name\":\"CETYS\",\"description\":\"\",\"potentialAction\":[{\"@type\":\"SearchAction\",\"target\":{\"@type\":\"EntryPoint\",\"urlTemplate\":\"https:\\\/\\\/www.cetys.mx\\\/noticias\\\/?s={search_term_string}\"},\"query-input\":{\"@type\":\"PropertyValueSpecification\",\"valueRequired\":true,\"valueName\":\"search_term_string\"}}],\"inLanguage\":\"es\"},{\"@type\":\"Person\",\"@id\":\"https:\\\/\\\/www.cetys.mx\\\/noticias\\\/#\\\/schema\\\/person\\\/79a95c4ac185f3705cf1b9c9340a5f70\",\"name\":\"Campus Mexicali\",\"url\":\"https:\\\/\\\/www.cetys.mx\\\/noticias\\\/author\\\/campusmexicali\\\/\"}]}<\/script>\n<!-- \/ Yoast SEO plugin. -->","yoast_head_json":{"title":"Docentes CETYS se acreditan en ECODEMS - CETYS","description":"Articulo sobre Docentes CETYS se acreditan en ECODEMS","robots":{"index":"index","follow":"follow","max-snippet":"max-snippet:-1","max-image-preview":"max-image-preview:large","max-video-preview":"max-video-preview:-1"},"canonical":"https:\/\/www.cetys.mx\/noticias\/docentes-cetys-se-acreditan-en-ecodems\/","og_locale":"es_MX","og_type":"article","og_title":"Docentes CETYS se acreditan en ECODEMS - CETYS","og_description":"Articulo sobre Docentes CETYS se acreditan en ECODEMS","og_url":"https:\/\/www.cetys.mx\/noticias\/docentes-cetys-se-acreditan-en-ecodems\/","og_site_name":"CETYS","article_publisher":"https:\/\/www.facebook.com\/cetysuniversidadmxl\/","article_published_time":"2016-07-27T19:31:19+00:00","article_modified_time":"2016-08-06T01:21:37+00:00","og_image":[{"width":958,"height":673,"url":"https:\/\/www.cetys.mx\/noticias\/wp-content\/uploads\/2016\/07\/PORTAL.jpg","type":"image\/jpeg"}],"author":"Campus Mexicali","twitter_card":"summary_large_image","twitter_creator":"@cetysuni","twitter_site":"@cetysuni","twitter_misc":{"Escrito por":"Campus Mexicali","Tiempo de lectura":"1 minuto"},"schema":{"@context":"https:\/\/schema.org","@graph":[{"@type":"Article","@id":"https:\/\/www.cetys.mx\/noticias\/docentes-cetys-se-acreditan-en-ecodems\/#article","isPartOf":{"@id":"https:\/\/www.cetys.mx\/noticias\/docentes-cetys-se-acreditan-en-ecodems\/"},"author":{"name":"Campus Mexicali","@id":"https:\/\/www.cetys.mx\/noticias\/#\/schema\/person\/79a95c4ac185f3705cf1b9c9340a5f70"},"headline":"Docentes CETYS se acreditan en ECODEMS","datePublished":"2016-07-27T19:31:19+00:00","dateModified":"2016-08-06T01:21:37+00:00","mainEntityOfPage":{"@id":"https:\/\/www.cetys.mx\/noticias\/docentes-cetys-se-acreditan-en-ecodems\/"},"wordCount":190,"commentCount":0,"image":{"@id":"https:\/\/www.cetys.mx\/noticias\/docentes-cetys-se-acreditan-en-ecodems\/#primaryimage"},"thumbnailUrl":"https:\/\/www.cetys.mx\/noticias\/wp-content\/uploads\/2016\/07\/PORTAL.jpg","keywords":["Academia","Acreeditacion","Cetys","Preparatoria","vocetys-2016-08-05"],"articleSection":["Academia","Campus Mexicali","VoCETYS"],"inLanguage":"es","potentialAction":[{"@type":"CommentAction","name":"Comment","target":["https:\/\/www.cetys.mx\/noticias\/docentes-cetys-se-acreditan-en-ecodems\/#respond"]}]},{"@type":"WebPage","@id":"https:\/\/www.cetys.mx\/noticias\/docentes-cetys-se-acreditan-en-ecodems\/","url":"https:\/\/www.cetys.mx\/noticias\/docentes-cetys-se-acreditan-en-ecodems\/","name":"Docentes CETYS se acreditan en ECODEMS - CETYS","isPartOf":{"@id":"https:\/\/www.cetys.mx\/noticias\/#website"},"primaryImageOfPage":{"@id":"https:\/\/www.cetys.mx\/noticias\/docentes-cetys-se-acreditan-en-ecodems\/#primaryimage"},"image":{"@id":"https:\/\/www.cetys.mx\/noticias\/docentes-cetys-se-acreditan-en-ecodems\/#primaryimage"},"thumbnailUrl":"https:\/\/www.cetys.mx\/noticias\/wp-content\/uploads\/2016\/07\/PORTAL.jpg","datePublished":"2016-07-27T19:31:19+00:00","dateModified":"2016-08-06T01:21:37+00:00","author":{"@id":"https:\/\/www.cetys.mx\/noticias\/#\/schema\/person\/79a95c4ac185f3705cf1b9c9340a5f70"},"description":"Articulo sobre Docentes CETYS se acreditan en ECODEMS","breadcrumb":{"@id":"https:\/\/www.cetys.mx\/noticias\/docentes-cetys-se-acreditan-en-ecodems\/#breadcrumb"},"inLanguage":"es","potentialAction":[{"@type":"ReadAction","target":["https:\/\/www.cetys.mx\/noticias\/docentes-cetys-se-acreditan-en-ecodems\/"]}]},{"@type":"ImageObject","inLanguage":"es","@id":"https:\/\/www.cetys.mx\/noticias\/docentes-cetys-se-acreditan-en-ecodems\/#primaryimage","url":"https:\/\/www.cetys.mx\/noticias\/wp-content\/uploads\/2016\/07\/PORTAL.jpg","contentUrl":"https:\/\/www.cetys.mx\/noticias\/wp-content\/uploads\/2016\/07\/PORTAL.jpg","width":958,"height":673},{"@type":"BreadcrumbList","@id":"https:\/\/www.cetys.mx\/noticias\/docentes-cetys-se-acreditan-en-ecodems\/#breadcrumb","itemListElement":[{"@type":"ListItem","position":1,"name":"Inicio","item":"https:\/\/www.cetys.mx\/noticias\/"},{"@type":"ListItem","position":2,"name":"Docentes CETYS se acreditan en ECODEMS"}]},{"@type":"WebSite","@id":"https:\/\/www.cetys.mx\/noticias\/#website","url":"https:\/\/www.cetys.mx\/noticias\/","name":"CETYS","description":"","potentialAction":[{"@type":"SearchAction","target":{"@type":"EntryPoint","urlTemplate":"https:\/\/www.cetys.mx\/noticias\/?s={search_term_string}"},"query-input":{"@type":"PropertyValueSpecification","valueRequired":true,"valueName":"search_term_string"}}],"inLanguage":"es"},{"@type":"Person","@id":"https:\/\/www.cetys.mx\/noticias\/#\/schema\/person\/79a95c4ac185f3705cf1b9c9340a5f70","name":"Campus Mexicali","url":"https:\/\/www.cetys.mx\/noticias\/author\/campusmexicali\/"}]}},"_links":{"self":[{"href":"https:\/\/www.cetys.mx\/noticias\/wp-json\/wp\/v2\/posts\/60314","targetHints":{"allow":["GET"]}}],"collection":[{"href":"https:\/\/www.cetys.mx\/noticias\/wp-json\/wp\/v2\/posts"}],"about":[{"href":"https:\/\/www.cetys.mx\/noticias\/wp-json\/wp\/v2\/types\/post"}],"author":[{"embeddable":true,"href":"https:\/\/www.cetys.mx\/noticias\/wp-json\/wp\/v2\/users\/20"}],"replies":[{"embeddable":true,"href":"https:\/\/www.cetys.mx\/noticias\/wp-json\/wp\/v2\/comments?post=60314"}],"version-history":[{"count":0,"href":"https:\/\/www.cetys.mx\/noticias\/wp-json\/wp\/v2\/posts\/60314\/revisions"}],"wp:featuredmedia":[{"embeddable":true,"href":"https:\/\/www.cetys.mx\/noticias\/wp-json\/wp\/v2\/media\/60350"}],"wp:attachment":[{"href":"https:\/\/www.cetys.mx\/noticias\/wp-json\/wp\/v2\/media?parent=60314"}],"wp:term":[{"taxonomy":"category","embeddable":true,"href":"https:\/\/www.cetys.mx\/noticias\/wp-json\/wp\/v2\/categories?post=60314"},{"taxonomy":"post_tag","embeddable":true,"href":"https:\/\/www.cetys.mx\/noticias\/wp-json\/wp\/v2\/tags?post=60314"}],"curies":[{"name":"wp","href":"https:\/\/api.w.org\/{rel}","templated":true}]}}