{"id":52505,"date":"2016-07-06T12:21:04","date_gmt":"2016-07-06T19:21:04","guid":{"rendered":"http:\/\/www.cetys.mx\/noticias\/?p=52505"},"modified":"2017-10-10T19:01:17","modified_gmt":"2017-10-11T02:01:17","slug":"comparten-egresados-su-experiencia-a-proximos-profesionistas-cetys","status":"publish","type":"post","link":"https:\/\/www.cetys.mx\/noticias\/comparten-egresados-su-experiencia-a-proximos-profesionistas-cetys\/","title":{"rendered":"Comparten egresados su experiencia a pr\u00f3ximos profesionistas CETYS"},"content":{"rendered":"<p><a href=\"https:\/\/www.cetys.mx\/noticias\/wp-content\/uploads\/2016\/07\/Taller3.jpg\"><img loading=\"lazy\" decoding=\"async\" class=\"alignleft wp-image-52508\" src=\"https:\/\/www.cetys.mx\/noticias\/wp-content\/uploads\/2016\/07\/Taller3.jpg\" alt=\"\" width=\"407\" height=\"305\" \/><\/a>El pasado jueves 19 de mayo se realiz\u00f3 el evento denominado \u201cTaller de Fin de Carrera\u201d dirigido a estudiantes pr\u00f3ximos a egresar de nivel profesional de CETYS Universidad Campus Tijuana. El evento tuvo el objetivo de confrontar su experiencia universitaria al fin de su carrera e identificar los retos que enfrentar\u00e1n como reci\u00e9n egresados; esto a trav\u00e9s de un panel para interactuar con egresados y su participaci\u00f3n en talleres de desarrollo profesional. Se cont\u00f3 con la asistencia de m\u00e1s de 180 estudiantes que est\u00e1n por finalizar su carrera de las escuelas de Administraci\u00f3n, Psicolog\u00eda, Derecho e Ingenier\u00eda.<\/p>\n<p>El evento comenz\u00f3 con una sesi\u00f3n en donde los participantes compartieron sus temores y expectativas acerca del inicio de su vida como profesionistas. Seguido de esto se llev\u00f3 a cabo el panel denominado \u201cMitos y realidades de los reci\u00e9n egresados\u201d, donde se cont\u00f3 con la presencia de egresados representantes de cada una de las escuelas de CETYS Universidad: Administraci\u00f3n y Negocios, Ingenier\u00eda, Psicolog\u00eda y Derecho. Los egresados invitados fueron: Psic\u00f3loga Cl\u00ednica Edna Berenice Ota\u00f1ez Apodaca; Licenciado en Administraci\u00f3n de Empresas Al\u00e1n Bautista Plascencia, Ingeniero en Cibern\u00e9tica Electr\u00f3nica Gerardo L\u00f3pez Joseph y el Licenciado en Derecho Cristopher Sustaita Ramos.<\/p>\n<p>Los invitados compartieron parte de su experiencia profesional enfatizando los principales retos que surgieron durante los primeros a\u00f1os de egreso y dando consejos de c\u00f3mo enfrentarlos; todos coincidieron en que la preparaci\u00f3n recibida en CETYS Universidad, acompa\u00f1ada de trabajo, dedicaci\u00f3n y pasi\u00f3n, fueron parte de los factores fundamentales para sobresalir profesionalmente.<\/p>\n<p><a href=\"https:\/\/www.cetys.mx\/noticias\/wp-content\/uploads\/2016\/07\/Taller2.jpg\"><img loading=\"lazy\" decoding=\"async\" class=\"aligncenter wp-image-52507\" src=\"https:\/\/www.cetys.mx\/noticias\/wp-content\/uploads\/2016\/07\/Taller2.jpg\" alt=\"Taller2\" width=\"641\" height=\"481\" \/><\/a><\/p>\n<p>Despu\u00e9s del panel se llevaron a cabo seis talleres de desarrollo profesional simult\u00e1neos en donde los pr\u00f3ximos egresados conocieron y desarrollaron habilidades y competencias necesarias para incursionar de lleno en el mundo laboral. Cinco de los seis talleres fueron facilitados por egresados de CETYS Universidad:<\/p>\n<ul>\n<li>Networking para el Desarrollo Profesional impartido por el MBA e IDGD Salvador Valera G\u00f3mez, fundador y director creativo de 32MKT.<\/li>\n<li>Crecimiento Laboral impartido por el Lic. Manuel R\u00edos Alvarado, subdirector de Recursos Humanos de Grupo Calimax.<\/li>\n<li>Ideas y Modelos de Negocio impartido por el MBA Jaime Moncada Garibay, coordinador del Centro de Desarrollo Emprendedor de CETYS Universidad Campus Tijuana.<\/li>\n<li>C.V. y Entrevista de Trabajo Exitosos impartido por la Psic\u00f3loga Najhelli G\u00f3mez, presidente de Right Hand Sinergy.<\/li>\n<li>Emprendimiento Social impartido por el C.P. Miguel Marshall Tagle, director ejecutivo de Centro Ventures.<\/li>\n<li>Finanzas del Reci\u00e9n egresado impartido por el Maestro en Finanzas Corporativas Josu\u00e9 Camacho Reyes, Gerente de Auditor\u00eda en la firma Kim Quezada.<\/li>\n<\/ul>\n<p>El evento finaliz\u00f3 con una sesi\u00f3n de reflexi\u00f3n y cierre de la actividad para dar paso a un convivi\u00f3 en donde los egresados invitados, los estudiantes pr\u00f3ximos a finalizar su carrera y algunos docentes y directivos pudieron compartir un rato agradable.<\/p>\n","protected":false},"excerpt":{"rendered":"<p>El pasado jueves 19 de mayo se realiz\u00f3 el evento denominado \u201cTaller de Fin de Carrera\u201d dirigido a estudiantes pr\u00f3ximos a egresar&#8230;<\/p>\n","protected":false},"author":23,"featured_media":52506,"comment_status":"open","ping_status":"open","sticky":false,"template":"","format":"standard","meta":{"footnotes":""},"categories":[107,134,313],"tags":[],"class_list":["post-52505","post","type-post","status-publish","format-standard","has-post-thumbnail","hentry","category-alumni","category-campus-tijuana","category-vocetys-2"],"yoast_head":"<!-- This site is optimized with the Yoast SEO plugin v27.4 - https:\/\/yoast.com\/product\/yoast-seo-wordpress\/ -->\n<title>Comparten egresados su experiencia a pr\u00f3ximos profesionistas CETYS - CETYS<\/title>\n<meta name=\"description\" content=\"Articulo sobre Comparten egresados su experiencia a pr\u00f3ximos profesionistas CETYS\" \/>\n<meta name=\"robots\" content=\"index, follow, max-snippet:-1, max-image-preview:large, max-video-preview:-1\" \/>\n<link rel=\"canonical\" href=\"https:\/\/www.cetys.mx\/noticias\/comparten-egresados-su-experiencia-a-proximos-profesionistas-cetys\/\" \/>\n<meta property=\"og:locale\" content=\"es_MX\" \/>\n<meta property=\"og:type\" content=\"article\" \/>\n<meta property=\"og:title\" content=\"Comparten egresados su experiencia a pr\u00f3ximos profesionistas CETYS - CETYS\" \/>\n<meta property=\"og:description\" content=\"Articulo sobre Comparten egresados su experiencia a pr\u00f3ximos profesionistas CETYS\" \/>\n<meta property=\"og:url\" content=\"https:\/\/www.cetys.mx\/noticias\/comparten-egresados-su-experiencia-a-proximos-profesionistas-cetys\/\" \/>\n<meta property=\"og:site_name\" content=\"CETYS\" \/>\n<meta property=\"article:publisher\" content=\"https:\/\/www.facebook.com\/cetysuniversidadmxl\/\" \/>\n<meta property=\"article:published_time\" content=\"2016-07-06T19:21:04+00:00\" \/>\n<meta property=\"article:modified_time\" content=\"2017-10-11T02:01:17+00:00\" \/>\n<meta property=\"og:image\" content=\"https:\/\/www.cetys.mx\/noticias\/wp-content\/uploads\/2016\/07\/compartenexptij.jpg\" \/>\n\t<meta property=\"og:image:width\" content=\"958\" \/>\n\t<meta property=\"og:image:height\" content=\"637\" \/>\n\t<meta property=\"og:image:type\" content=\"image\/jpeg\" \/>\n<meta name=\"author\" content=\"Campus Ensenada\" \/>\n<meta name=\"twitter:card\" content=\"summary_large_image\" \/>\n<meta name=\"twitter:creator\" content=\"@cetysuni\" \/>\n<meta name=\"twitter:site\" content=\"@cetysuni\" \/>\n<meta name=\"twitter:label1\" content=\"Escrito por\" \/>\n\t<meta name=\"twitter:data1\" content=\"Campus Ensenada\" \/>\n\t<meta name=\"twitter:label2\" content=\"Tiempo de lectura\" \/>\n\t<meta name=\"twitter:data2\" content=\"2 minutos\" \/>\n<script type=\"application\/ld+json\" class=\"yoast-schema-graph\">{\"@context\":\"https:\\\/\\\/schema.org\",\"@graph\":[{\"@type\":\"Article\",\"@id\":\"https:\\\/\\\/www.cetys.mx\\\/noticias\\\/comparten-egresados-su-experiencia-a-proximos-profesionistas-cetys\\\/#article\",\"isPartOf\":{\"@id\":\"https:\\\/\\\/www.cetys.mx\\\/noticias\\\/comparten-egresados-su-experiencia-a-proximos-profesionistas-cetys\\\/\"},\"author\":{\"name\":\"Campus Ensenada\",\"@id\":\"https:\\\/\\\/www.cetys.mx\\\/noticias\\\/#\\\/schema\\\/person\\\/1a1a88c0b6586e66a2e9e88e07afc712\"},\"headline\":\"Comparten egresados su experiencia a pr\u00f3ximos profesionistas CETYS\",\"datePublished\":\"2016-07-06T19:21:04+00:00\",\"dateModified\":\"2017-10-11T02:01:17+00:00\",\"mainEntityOfPage\":{\"@id\":\"https:\\\/\\\/www.cetys.mx\\\/noticias\\\/comparten-egresados-su-experiencia-a-proximos-profesionistas-cetys\\\/\"},\"wordCount\":494,\"commentCount\":3,\"image\":{\"@id\":\"https:\\\/\\\/www.cetys.mx\\\/noticias\\\/comparten-egresados-su-experiencia-a-proximos-profesionistas-cetys\\\/#primaryimage\"},\"thumbnailUrl\":\"https:\\\/\\\/www.cetys.mx\\\/noticias\\\/wp-content\\\/uploads\\\/2016\\\/07\\\/compartenexptij.jpg\",\"articleSection\":[\"Alumni\",\"Campus Tijuana\",\"VoCETYS\"],\"inLanguage\":\"es\",\"potentialAction\":[{\"@type\":\"CommentAction\",\"name\":\"Comment\",\"target\":[\"https:\\\/\\\/www.cetys.mx\\\/noticias\\\/comparten-egresados-su-experiencia-a-proximos-profesionistas-cetys\\\/#respond\"]}]},{\"@type\":\"WebPage\",\"@id\":\"https:\\\/\\\/www.cetys.mx\\\/noticias\\\/comparten-egresados-su-experiencia-a-proximos-profesionistas-cetys\\\/\",\"url\":\"https:\\\/\\\/www.cetys.mx\\\/noticias\\\/comparten-egresados-su-experiencia-a-proximos-profesionistas-cetys\\\/\",\"name\":\"Comparten egresados su experiencia a pr\u00f3ximos profesionistas CETYS - CETYS\",\"isPartOf\":{\"@id\":\"https:\\\/\\\/www.cetys.mx\\\/noticias\\\/#website\"},\"primaryImageOfPage\":{\"@id\":\"https:\\\/\\\/www.cetys.mx\\\/noticias\\\/comparten-egresados-su-experiencia-a-proximos-profesionistas-cetys\\\/#primaryimage\"},\"image\":{\"@id\":\"https:\\\/\\\/www.cetys.mx\\\/noticias\\\/comparten-egresados-su-experiencia-a-proximos-profesionistas-cetys\\\/#primaryimage\"},\"thumbnailUrl\":\"https:\\\/\\\/www.cetys.mx\\\/noticias\\\/wp-content\\\/uploads\\\/2016\\\/07\\\/compartenexptij.jpg\",\"datePublished\":\"2016-07-06T19:21:04+00:00\",\"dateModified\":\"2017-10-11T02:01:17+00:00\",\"author\":{\"@id\":\"https:\\\/\\\/www.cetys.mx\\\/noticias\\\/#\\\/schema\\\/person\\\/1a1a88c0b6586e66a2e9e88e07afc712\"},\"description\":\"Articulo sobre Comparten egresados su experiencia a pr\u00f3ximos profesionistas CETYS\",\"breadcrumb\":{\"@id\":\"https:\\\/\\\/www.cetys.mx\\\/noticias\\\/comparten-egresados-su-experiencia-a-proximos-profesionistas-cetys\\\/#breadcrumb\"},\"inLanguage\":\"es\",\"potentialAction\":[{\"@type\":\"ReadAction\",\"target\":[\"https:\\\/\\\/www.cetys.mx\\\/noticias\\\/comparten-egresados-su-experiencia-a-proximos-profesionistas-cetys\\\/\"]}]},{\"@type\":\"ImageObject\",\"inLanguage\":\"es\",\"@id\":\"https:\\\/\\\/www.cetys.mx\\\/noticias\\\/comparten-egresados-su-experiencia-a-proximos-profesionistas-cetys\\\/#primaryimage\",\"url\":\"https:\\\/\\\/www.cetys.mx\\\/noticias\\\/wp-content\\\/uploads\\\/2016\\\/07\\\/compartenexptij.jpg\",\"contentUrl\":\"https:\\\/\\\/www.cetys.mx\\\/noticias\\\/wp-content\\\/uploads\\\/2016\\\/07\\\/compartenexptij.jpg\",\"width\":958,\"height\":637},{\"@type\":\"BreadcrumbList\",\"@id\":\"https:\\\/\\\/www.cetys.mx\\\/noticias\\\/comparten-egresados-su-experiencia-a-proximos-profesionistas-cetys\\\/#breadcrumb\",\"itemListElement\":[{\"@type\":\"ListItem\",\"position\":1,\"name\":\"Inicio\",\"item\":\"https:\\\/\\\/www.cetys.mx\\\/noticias\\\/\"},{\"@type\":\"ListItem\",\"position\":2,\"name\":\"Comparten egresados su experiencia a pr\u00f3ximos profesionistas CETYS\"}]},{\"@type\":\"WebSite\",\"@id\":\"https:\\\/\\\/www.cetys.mx\\\/noticias\\\/#website\",\"url\":\"https:\\\/\\\/www.cetys.mx\\\/noticias\\\/\",\"name\":\"CETYS\",\"description\":\"\",\"potentialAction\":[{\"@type\":\"SearchAction\",\"target\":{\"@type\":\"EntryPoint\",\"urlTemplate\":\"https:\\\/\\\/www.cetys.mx\\\/noticias\\\/?s={search_term_string}\"},\"query-input\":{\"@type\":\"PropertyValueSpecification\",\"valueRequired\":true,\"valueName\":\"search_term_string\"}}],\"inLanguage\":\"es\"},{\"@type\":\"Person\",\"@id\":\"https:\\\/\\\/www.cetys.mx\\\/noticias\\\/#\\\/schema\\\/person\\\/1a1a88c0b6586e66a2e9e88e07afc712\",\"name\":\"Campus Ensenada\",\"url\":\"https:\\\/\\\/www.cetys.mx\\\/noticias\\\/author\\\/campusensenada\\\/\"}]}<\/script>\n<!-- \/ Yoast SEO plugin. -->","yoast_head_json":{"title":"Comparten egresados su experiencia a pr\u00f3ximos profesionistas CETYS - CETYS","description":"Articulo sobre Comparten egresados su experiencia a pr\u00f3ximos profesionistas CETYS","robots":{"index":"index","follow":"follow","max-snippet":"max-snippet:-1","max-image-preview":"max-image-preview:large","max-video-preview":"max-video-preview:-1"},"canonical":"https:\/\/www.cetys.mx\/noticias\/comparten-egresados-su-experiencia-a-proximos-profesionistas-cetys\/","og_locale":"es_MX","og_type":"article","og_title":"Comparten egresados su experiencia a pr\u00f3ximos profesionistas CETYS - CETYS","og_description":"Articulo sobre Comparten egresados su experiencia a pr\u00f3ximos profesionistas CETYS","og_url":"https:\/\/www.cetys.mx\/noticias\/comparten-egresados-su-experiencia-a-proximos-profesionistas-cetys\/","og_site_name":"CETYS","article_publisher":"https:\/\/www.facebook.com\/cetysuniversidadmxl\/","article_published_time":"2016-07-06T19:21:04+00:00","article_modified_time":"2017-10-11T02:01:17+00:00","og_image":[{"width":958,"height":637,"url":"https:\/\/www.cetys.mx\/noticias\/wp-content\/uploads\/2016\/07\/compartenexptij.jpg","type":"image\/jpeg"}],"author":"Campus Ensenada","twitter_card":"summary_large_image","twitter_creator":"@cetysuni","twitter_site":"@cetysuni","twitter_misc":{"Escrito por":"Campus Ensenada","Tiempo de lectura":"2 minutos"},"schema":{"@context":"https:\/\/schema.org","@graph":[{"@type":"Article","@id":"https:\/\/www.cetys.mx\/noticias\/comparten-egresados-su-experiencia-a-proximos-profesionistas-cetys\/#article","isPartOf":{"@id":"https:\/\/www.cetys.mx\/noticias\/comparten-egresados-su-experiencia-a-proximos-profesionistas-cetys\/"},"author":{"name":"Campus Ensenada","@id":"https:\/\/www.cetys.mx\/noticias\/#\/schema\/person\/1a1a88c0b6586e66a2e9e88e07afc712"},"headline":"Comparten egresados su experiencia a pr\u00f3ximos profesionistas CETYS","datePublished":"2016-07-06T19:21:04+00:00","dateModified":"2017-10-11T02:01:17+00:00","mainEntityOfPage":{"@id":"https:\/\/www.cetys.mx\/noticias\/comparten-egresados-su-experiencia-a-proximos-profesionistas-cetys\/"},"wordCount":494,"commentCount":3,"image":{"@id":"https:\/\/www.cetys.mx\/noticias\/comparten-egresados-su-experiencia-a-proximos-profesionistas-cetys\/#primaryimage"},"thumbnailUrl":"https:\/\/www.cetys.mx\/noticias\/wp-content\/uploads\/2016\/07\/compartenexptij.jpg","articleSection":["Alumni","Campus Tijuana","VoCETYS"],"inLanguage":"es","potentialAction":[{"@type":"CommentAction","name":"Comment","target":["https:\/\/www.cetys.mx\/noticias\/comparten-egresados-su-experiencia-a-proximos-profesionistas-cetys\/#respond"]}]},{"@type":"WebPage","@id":"https:\/\/www.cetys.mx\/noticias\/comparten-egresados-su-experiencia-a-proximos-profesionistas-cetys\/","url":"https:\/\/www.cetys.mx\/noticias\/comparten-egresados-su-experiencia-a-proximos-profesionistas-cetys\/","name":"Comparten egresados su experiencia a pr\u00f3ximos profesionistas CETYS - CETYS","isPartOf":{"@id":"https:\/\/www.cetys.mx\/noticias\/#website"},"primaryImageOfPage":{"@id":"https:\/\/www.cetys.mx\/noticias\/comparten-egresados-su-experiencia-a-proximos-profesionistas-cetys\/#primaryimage"},"image":{"@id":"https:\/\/www.cetys.mx\/noticias\/comparten-egresados-su-experiencia-a-proximos-profesionistas-cetys\/#primaryimage"},"thumbnailUrl":"https:\/\/www.cetys.mx\/noticias\/wp-content\/uploads\/2016\/07\/compartenexptij.jpg","datePublished":"2016-07-06T19:21:04+00:00","dateModified":"2017-10-11T02:01:17+00:00","author":{"@id":"https:\/\/www.cetys.mx\/noticias\/#\/schema\/person\/1a1a88c0b6586e66a2e9e88e07afc712"},"description":"Articulo sobre Comparten egresados su experiencia a pr\u00f3ximos profesionistas CETYS","breadcrumb":{"@id":"https:\/\/www.cetys.mx\/noticias\/comparten-egresados-su-experiencia-a-proximos-profesionistas-cetys\/#breadcrumb"},"inLanguage":"es","potentialAction":[{"@type":"ReadAction","target":["https:\/\/www.cetys.mx\/noticias\/comparten-egresados-su-experiencia-a-proximos-profesionistas-cetys\/"]}]},{"@type":"ImageObject","inLanguage":"es","@id":"https:\/\/www.cetys.mx\/noticias\/comparten-egresados-su-experiencia-a-proximos-profesionistas-cetys\/#primaryimage","url":"https:\/\/www.cetys.mx\/noticias\/wp-content\/uploads\/2016\/07\/compartenexptij.jpg","contentUrl":"https:\/\/www.cetys.mx\/noticias\/wp-content\/uploads\/2016\/07\/compartenexptij.jpg","width":958,"height":637},{"@type":"BreadcrumbList","@id":"https:\/\/www.cetys.mx\/noticias\/comparten-egresados-su-experiencia-a-proximos-profesionistas-cetys\/#breadcrumb","itemListElement":[{"@type":"ListItem","position":1,"name":"Inicio","item":"https:\/\/www.cetys.mx\/noticias\/"},{"@type":"ListItem","position":2,"name":"Comparten egresados su experiencia a pr\u00f3ximos profesionistas CETYS"}]},{"@type":"WebSite","@id":"https:\/\/www.cetys.mx\/noticias\/#website","url":"https:\/\/www.cetys.mx\/noticias\/","name":"CETYS","description":"","potentialAction":[{"@type":"SearchAction","target":{"@type":"EntryPoint","urlTemplate":"https:\/\/www.cetys.mx\/noticias\/?s={search_term_string}"},"query-input":{"@type":"PropertyValueSpecification","valueRequired":true,"valueName":"search_term_string"}}],"inLanguage":"es"},{"@type":"Person","@id":"https:\/\/www.cetys.mx\/noticias\/#\/schema\/person\/1a1a88c0b6586e66a2e9e88e07afc712","name":"Campus Ensenada","url":"https:\/\/www.cetys.mx\/noticias\/author\/campusensenada\/"}]}},"_links":{"self":[{"href":"https:\/\/www.cetys.mx\/noticias\/wp-json\/wp\/v2\/posts\/52505","targetHints":{"allow":["GET"]}}],"collection":[{"href":"https:\/\/www.cetys.mx\/noticias\/wp-json\/wp\/v2\/posts"}],"about":[{"href":"https:\/\/www.cetys.mx\/noticias\/wp-json\/wp\/v2\/types\/post"}],"author":[{"embeddable":true,"href":"https:\/\/www.cetys.mx\/noticias\/wp-json\/wp\/v2\/users\/23"}],"replies":[{"embeddable":true,"href":"https:\/\/www.cetys.mx\/noticias\/wp-json\/wp\/v2\/comments?post=52505"}],"version-history":[{"count":0,"href":"https:\/\/www.cetys.mx\/noticias\/wp-json\/wp\/v2\/posts\/52505\/revisions"}],"wp:featuredmedia":[{"embeddable":true,"href":"https:\/\/www.cetys.mx\/noticias\/wp-json\/wp\/v2\/media\/52506"}],"wp:attachment":[{"href":"https:\/\/www.cetys.mx\/noticias\/wp-json\/wp\/v2\/media?parent=52505"}],"wp:term":[{"taxonomy":"category","embeddable":true,"href":"https:\/\/www.cetys.mx\/noticias\/wp-json\/wp\/v2\/categories?post=52505"},{"taxonomy":"post_tag","embeddable":true,"href":"https:\/\/www.cetys.mx\/noticias\/wp-json\/wp\/v2\/tags?post=52505"}],"curies":[{"name":"wp","href":"https:\/\/api.w.org\/{rel}","templated":true}]}}