{"id":52152,"date":"2016-06-09T12:16:48","date_gmt":"2016-06-09T19:16:48","guid":{"rendered":"http:\/\/vocetys.mx\/?p=52152"},"modified":"2016-07-14T15:28:19","modified_gmt":"2016-07-14T22:28:19","slug":"por-emprendimiento-van-a-eua","status":"publish","type":"post","link":"https:\/\/www.cetys.mx\/noticias\/por-emprendimiento-van-a-eua\/","title":{"rendered":"Son seleccionados para verano de emprendimiento en EUA"},"content":{"rendered":"<p align=\"justify\">Talleres, tutor\u00edas, mentor\u00edas y una serie de visitas a destacas startups e incubadoras de negocios en Estados Unidos ser\u00e1 lo que vivir\u00e1n <strong>7 alumnos<\/strong> de la <a href=\"https:\/\/www.cetys.mx\/6-profesional\/\">Escuela de Administraci\u00f3n y Negocios, del CETYS Universidad Campus Tijuana<\/a>, al ser seleccionados por el programa <a href=\"https:\/\/www.emprendetijuana.org\/\">Emprende Tijuana<\/a> que promueve el Ayuntamiento de la Ciudad a trav\u00e9s de la Secretar\u00eda de Desarrollo Econ\u00f3mico de Tijuana (Sedeti).<\/p>\n<div id=\"attachment_52153\" style=\"width: 380px\" class=\"wp-caption alignleft\"><a href=\"https:\/\/www.cetys.mx\/noticias\/wp-content\/uploads\/2016\/06\/trepcamp1.jpg\"><img loading=\"lazy\" decoding=\"async\" aria-describedby=\"caption-attachment-52153\" class=\"wp-image-52153\" src=\"https:\/\/www.cetys.mx\/noticias\/wp-content\/uploads\/2016\/06\/trepcamp1.jpg\" alt=\"trepcamp1\" width=\"370\" height=\"299\" \/><\/a><p id=\"caption-attachment-52153\" class=\"wp-caption-text\">Destacaron por ideas creativas e iniciativa de emprender por su comunidad.<\/p><\/div>\n<p align=\"justify\">Tras demostrar un alto desempe\u00f1o acad\u00e9mico, contar con un proyecto de negocio innovador, as\u00ed como talento y ganas de mejorar su entorno a trav\u00e9s del emprendimiento fue que <strong>los j\u00f3venes se hicieron acreedores a la beca \u201cTrepCamp 2016\u201d<\/strong>; resultado de la iniciativa de IMPULSA M\u00e9xico y el Ayuntamiento de Tijuana, estancias que <strong>tienen como objetivo formar a los j\u00f3venes para una nueva generaci\u00f3n de l\u00edderes<\/strong>.<\/p>\n<p align=\"justify\">Desde el 2013, <a href=\"https:\/\/trepcamp.org\/\">TrepCamp<\/a> ha sido una de las principales <strong>iniciativas binacionales para la promoci\u00f3n del emprendimiento de alto impacto en Norteam\u00e9rica<\/strong>. As\u00ed como el principal programa de formaci\u00f3n emprendedora dentro de las iniciativas del Consejo M\u00e9xico-Estados Unidos para el Emprendimiento y la Innovaci\u00f3n (MUSEIC); resultado del trabajo bilateral de los gobiernos de M\u00e9xico y Estados Unidos a trav\u00e9s del Di\u00e1logo Econ\u00f3mico de Alto Nivel (DEAN).<\/p>\n<p align=\"justify\">Fue as\u00ed como <strong>Pamela Contreras Garc\u00eda, Dulce Evelyn Gonz\u00e1lez y Laura Lu Zhen<\/strong> de la <em>Licenciatura en Negocios Internacionales<\/em>; as\u00ed como <strong>Renee B\u00f3rquez Parra, Rub\u00e9n Gonz\u00e1lez Garc\u00eda, Gerardo Padilla Villareal y Maximiliano San Juan<\/strong> de la <em>Licenciatura en Administraci\u00f3n de Empresas<\/em> realizar\u00e1n una estancia de <span style=\"text-decoration: underline;\">tres semanas en San Francisco, California, y Seattle, Washington<\/span>.<\/p>\n<blockquote>\n<div id=\"attachment_52154\" style=\"width: 380px\" class=\"wp-caption alignright\"><a href=\"https:\/\/www.cetys.mx\/noticias\/wp-content\/uploads\/2016\/06\/13415375_1203620539690421_8222430114583479197_o.jpg\"><img loading=\"lazy\" decoding=\"async\" aria-describedby=\"caption-attachment-52154\" class=\"wp-image-52154\" src=\"https:\/\/www.cetys.mx\/noticias\/wp-content\/uploads\/2016\/06\/13415375_1203620539690421_8222430114583479197_o.jpg\" alt=\"\" width=\"370\" height=\"247\" \/><\/a><p id=\"caption-attachment-52154\" class=\"wp-caption-text\">\u201cTodo el esfuerzo vali\u00f3 la pena\u201d, comparti\u00f3 Laura Lu Zhen, emprendedora seleccionada.<\/p><\/div>\n<p align=\"justify\">\u201cToda esta aventura inici\u00f3 desde marzo, tuvimos que realizar una ser\u00eda de cursos en l\u00ednea durante varios d\u00edas, un campamente intensivo y una entrevista virtual donde finalmente fuimos seleccionados; sin duda todo este proceso ha valido la pena\u201d, comparti\u00f3 Laura Lu Zhen, quien en unas semanas viajar\u00e1 a Seattle como parte de la comitiva de CETYS Universidad.<\/p>\n<\/blockquote>\n<p align=\"justify\">Los siete emprendedores del CETYS Tijuana <strong>tomar\u00e1n una serie de talleres y tutor\u00edas en University of California Berkeley (UC Berkeley) y Seattle University (Seattle U)<\/strong>, respectivamente, as\u00ed como un acercamiento al ecosistema emprendedor de las ciudades mencionadas a trav\u00e9s de startups, incubadoras de negocios y personajes involucrados en el tema.<\/p>\n","protected":false},"excerpt":{"rendered":"<p>Talleres, tutor\u00edas, mentor\u00edas y una serie de visitas a destacas startups e incubadoras de negocios en Estados Unidos ser\u00e1 lo que vivir\u00e1n&#8230;<\/p>\n","protected":false},"author":24,"featured_media":52157,"comment_status":"open","ping_status":"open","sticky":false,"template":"","format":"standard","meta":{"footnotes":""},"categories":[110],"tags":[284,871,417,872,773,904],"class_list":["post-52152","post","type-post","status-publish","format-standard","has-post-thumbnail","hentry","category-academia","tag-emprendimiento","tag-entrepreneurship","tag-eua","tag-tredcamp","tag-universitarios","tag-vocetys-2016-06-16"],"yoast_head":"<!-- This site is optimized with the Yoast SEO plugin v27.4 - https:\/\/yoast.com\/product\/yoast-seo-wordpress\/ -->\n<title>Son seleccionados para verano de emprendimiento en EUA - CETYS<\/title>\n<meta name=\"description\" content=\"Alumnos del Campus Tijuana realizar\u00e1n estancias en San Francisco y Seattle para el desarrollo de sus proyectos de emprendimiento.\" \/>\n<meta name=\"robots\" content=\"index, follow, max-snippet:-1, max-image-preview:large, max-video-preview:-1\" \/>\n<link rel=\"canonical\" href=\"https:\/\/www.cetys.mx\/noticias\/por-emprendimiento-van-a-eua\/\" \/>\n<meta property=\"og:locale\" content=\"es_MX\" \/>\n<meta property=\"og:type\" content=\"article\" \/>\n<meta property=\"og:title\" content=\"Son seleccionados para verano de emprendimiento en EUA - CETYS\" \/>\n<meta property=\"og:description\" content=\"Alumnos del Campus Tijuana realizar\u00e1n estancias en San Francisco y Seattle para el desarrollo de sus proyectos de emprendimiento.\" \/>\n<meta property=\"og:url\" content=\"https:\/\/www.cetys.mx\/noticias\/por-emprendimiento-van-a-eua\/\" \/>\n<meta property=\"og:site_name\" content=\"CETYS\" \/>\n<meta property=\"article:publisher\" content=\"https:\/\/www.facebook.com\/cetysuniversidadmxl\/\" \/>\n<meta property=\"article:published_time\" content=\"2016-06-09T19:16:48+00:00\" \/>\n<meta property=\"article:modified_time\" content=\"2016-07-14T22:28:19+00:00\" \/>\n<meta property=\"og:image\" content=\"https:\/\/www.cetys.mx\/noticias\/wp-content\/uploads\/2016\/06\/emprendimientosedeti.jpg\" \/>\n\t<meta property=\"og:image:width\" content=\"968\" \/>\n\t<meta property=\"og:image:height\" content=\"637\" \/>\n\t<meta property=\"og:image:type\" content=\"image\/jpeg\" \/>\n<meta name=\"author\" content=\"Campus Tijuana\" \/>\n<meta name=\"twitter:card\" content=\"summary_large_image\" \/>\n<meta name=\"twitter:creator\" content=\"@cetysuni\" \/>\n<meta name=\"twitter:site\" content=\"@cetysuni\" \/>\n<meta name=\"twitter:label1\" content=\"Escrito por\" \/>\n\t<meta name=\"twitter:data1\" content=\"Campus Tijuana\" \/>\n\t<meta name=\"twitter:label2\" content=\"Tiempo de lectura\" \/>\n\t<meta name=\"twitter:data2\" content=\"2 minutos\" \/>\n<script type=\"application\/ld+json\" class=\"yoast-schema-graph\">{\"@context\":\"https:\\\/\\\/schema.org\",\"@graph\":[{\"@type\":\"Article\",\"@id\":\"https:\\\/\\\/www.cetys.mx\\\/noticias\\\/por-emprendimiento-van-a-eua\\\/#article\",\"isPartOf\":{\"@id\":\"https:\\\/\\\/www.cetys.mx\\\/noticias\\\/por-emprendimiento-van-a-eua\\\/\"},\"author\":{\"name\":\"Campus Tijuana\",\"@id\":\"https:\\\/\\\/www.cetys.mx\\\/noticias\\\/#\\\/schema\\\/person\\\/e790051ce60e18ae47cfa87011c8653f\"},\"headline\":\"Son seleccionados para verano de emprendimiento en EUA\",\"datePublished\":\"2016-06-09T19:16:48+00:00\",\"dateModified\":\"2016-07-14T22:28:19+00:00\",\"mainEntityOfPage\":{\"@id\":\"https:\\\/\\\/www.cetys.mx\\\/noticias\\\/por-emprendimiento-van-a-eua\\\/\"},\"wordCount\":434,\"commentCount\":0,\"image\":{\"@id\":\"https:\\\/\\\/www.cetys.mx\\\/noticias\\\/por-emprendimiento-van-a-eua\\\/#primaryimage\"},\"thumbnailUrl\":\"https:\\\/\\\/www.cetys.mx\\\/noticias\\\/wp-content\\\/uploads\\\/2016\\\/06\\\/emprendimientosedeti.jpg\",\"keywords\":[\"Emprendimiento\",\"entrepreneurship\",\"EUA\",\"tredcamp\",\"universitarios\",\"vocetys-2016-06-16\"],\"articleSection\":[\"Academia\"],\"inLanguage\":\"es\",\"potentialAction\":[{\"@type\":\"CommentAction\",\"name\":\"Comment\",\"target\":[\"https:\\\/\\\/www.cetys.mx\\\/noticias\\\/por-emprendimiento-van-a-eua\\\/#respond\"]}]},{\"@type\":\"WebPage\",\"@id\":\"https:\\\/\\\/www.cetys.mx\\\/noticias\\\/por-emprendimiento-van-a-eua\\\/\",\"url\":\"https:\\\/\\\/www.cetys.mx\\\/noticias\\\/por-emprendimiento-van-a-eua\\\/\",\"name\":\"Son seleccionados para verano de emprendimiento en EUA - CETYS\",\"isPartOf\":{\"@id\":\"https:\\\/\\\/www.cetys.mx\\\/noticias\\\/#website\"},\"primaryImageOfPage\":{\"@id\":\"https:\\\/\\\/www.cetys.mx\\\/noticias\\\/por-emprendimiento-van-a-eua\\\/#primaryimage\"},\"image\":{\"@id\":\"https:\\\/\\\/www.cetys.mx\\\/noticias\\\/por-emprendimiento-van-a-eua\\\/#primaryimage\"},\"thumbnailUrl\":\"https:\\\/\\\/www.cetys.mx\\\/noticias\\\/wp-content\\\/uploads\\\/2016\\\/06\\\/emprendimientosedeti.jpg\",\"datePublished\":\"2016-06-09T19:16:48+00:00\",\"dateModified\":\"2016-07-14T22:28:19+00:00\",\"author\":{\"@id\":\"https:\\\/\\\/www.cetys.mx\\\/noticias\\\/#\\\/schema\\\/person\\\/e790051ce60e18ae47cfa87011c8653f\"},\"description\":\"Alumnos del Campus Tijuana realizar\u00e1n estancias en San Francisco y Seattle para el desarrollo de sus proyectos de emprendimiento.\",\"breadcrumb\":{\"@id\":\"https:\\\/\\\/www.cetys.mx\\\/noticias\\\/por-emprendimiento-van-a-eua\\\/#breadcrumb\"},\"inLanguage\":\"es\",\"potentialAction\":[{\"@type\":\"ReadAction\",\"target\":[\"https:\\\/\\\/www.cetys.mx\\\/noticias\\\/por-emprendimiento-van-a-eua\\\/\"]}]},{\"@type\":\"ImageObject\",\"inLanguage\":\"es\",\"@id\":\"https:\\\/\\\/www.cetys.mx\\\/noticias\\\/por-emprendimiento-van-a-eua\\\/#primaryimage\",\"url\":\"https:\\\/\\\/www.cetys.mx\\\/noticias\\\/wp-content\\\/uploads\\\/2016\\\/06\\\/emprendimientosedeti.jpg\",\"contentUrl\":\"https:\\\/\\\/www.cetys.mx\\\/noticias\\\/wp-content\\\/uploads\\\/2016\\\/06\\\/emprendimientosedeti.jpg\",\"width\":968,\"height\":637},{\"@type\":\"BreadcrumbList\",\"@id\":\"https:\\\/\\\/www.cetys.mx\\\/noticias\\\/por-emprendimiento-van-a-eua\\\/#breadcrumb\",\"itemListElement\":[{\"@type\":\"ListItem\",\"position\":1,\"name\":\"Inicio\",\"item\":\"https:\\\/\\\/www.cetys.mx\\\/noticias\\\/\"},{\"@type\":\"ListItem\",\"position\":2,\"name\":\"Son seleccionados para verano de emprendimiento en EUA\"}]},{\"@type\":\"WebSite\",\"@id\":\"https:\\\/\\\/www.cetys.mx\\\/noticias\\\/#website\",\"url\":\"https:\\\/\\\/www.cetys.mx\\\/noticias\\\/\",\"name\":\"CETYS\",\"description\":\"\",\"potentialAction\":[{\"@type\":\"SearchAction\",\"target\":{\"@type\":\"EntryPoint\",\"urlTemplate\":\"https:\\\/\\\/www.cetys.mx\\\/noticias\\\/?s={search_term_string}\"},\"query-input\":{\"@type\":\"PropertyValueSpecification\",\"valueRequired\":true,\"valueName\":\"search_term_string\"}}],\"inLanguage\":\"es\"},{\"@type\":\"Person\",\"@id\":\"https:\\\/\\\/www.cetys.mx\\\/noticias\\\/#\\\/schema\\\/person\\\/e790051ce60e18ae47cfa87011c8653f\",\"name\":\"Campus Tijuana\",\"url\":\"https:\\\/\\\/www.cetys.mx\\\/noticias\\\/author\\\/campustijuana\\\/\"}]}<\/script>\n<!-- \/ Yoast SEO plugin. -->","yoast_head_json":{"title":"Son seleccionados para verano de emprendimiento en EUA - CETYS","description":"Alumnos del Campus Tijuana realizar\u00e1n estancias en San Francisco y Seattle para el desarrollo de sus proyectos de emprendimiento.","robots":{"index":"index","follow":"follow","max-snippet":"max-snippet:-1","max-image-preview":"max-image-preview:large","max-video-preview":"max-video-preview:-1"},"canonical":"https:\/\/www.cetys.mx\/noticias\/por-emprendimiento-van-a-eua\/","og_locale":"es_MX","og_type":"article","og_title":"Son seleccionados para verano de emprendimiento en EUA - CETYS","og_description":"Alumnos del Campus Tijuana realizar\u00e1n estancias en San Francisco y Seattle para el desarrollo de sus proyectos de emprendimiento.","og_url":"https:\/\/www.cetys.mx\/noticias\/por-emprendimiento-van-a-eua\/","og_site_name":"CETYS","article_publisher":"https:\/\/www.facebook.com\/cetysuniversidadmxl\/","article_published_time":"2016-06-09T19:16:48+00:00","article_modified_time":"2016-07-14T22:28:19+00:00","og_image":[{"width":968,"height":637,"url":"https:\/\/www.cetys.mx\/noticias\/wp-content\/uploads\/2016\/06\/emprendimientosedeti.jpg","type":"image\/jpeg"}],"author":"Campus Tijuana","twitter_card":"summary_large_image","twitter_creator":"@cetysuni","twitter_site":"@cetysuni","twitter_misc":{"Escrito por":"Campus Tijuana","Tiempo de lectura":"2 minutos"},"schema":{"@context":"https:\/\/schema.org","@graph":[{"@type":"Article","@id":"https:\/\/www.cetys.mx\/noticias\/por-emprendimiento-van-a-eua\/#article","isPartOf":{"@id":"https:\/\/www.cetys.mx\/noticias\/por-emprendimiento-van-a-eua\/"},"author":{"name":"Campus Tijuana","@id":"https:\/\/www.cetys.mx\/noticias\/#\/schema\/person\/e790051ce60e18ae47cfa87011c8653f"},"headline":"Son seleccionados para verano de emprendimiento en EUA","datePublished":"2016-06-09T19:16:48+00:00","dateModified":"2016-07-14T22:28:19+00:00","mainEntityOfPage":{"@id":"https:\/\/www.cetys.mx\/noticias\/por-emprendimiento-van-a-eua\/"},"wordCount":434,"commentCount":0,"image":{"@id":"https:\/\/www.cetys.mx\/noticias\/por-emprendimiento-van-a-eua\/#primaryimage"},"thumbnailUrl":"https:\/\/www.cetys.mx\/noticias\/wp-content\/uploads\/2016\/06\/emprendimientosedeti.jpg","keywords":["Emprendimiento","entrepreneurship","EUA","tredcamp","universitarios","vocetys-2016-06-16"],"articleSection":["Academia"],"inLanguage":"es","potentialAction":[{"@type":"CommentAction","name":"Comment","target":["https:\/\/www.cetys.mx\/noticias\/por-emprendimiento-van-a-eua\/#respond"]}]},{"@type":"WebPage","@id":"https:\/\/www.cetys.mx\/noticias\/por-emprendimiento-van-a-eua\/","url":"https:\/\/www.cetys.mx\/noticias\/por-emprendimiento-van-a-eua\/","name":"Son seleccionados para verano de emprendimiento en EUA - CETYS","isPartOf":{"@id":"https:\/\/www.cetys.mx\/noticias\/#website"},"primaryImageOfPage":{"@id":"https:\/\/www.cetys.mx\/noticias\/por-emprendimiento-van-a-eua\/#primaryimage"},"image":{"@id":"https:\/\/www.cetys.mx\/noticias\/por-emprendimiento-van-a-eua\/#primaryimage"},"thumbnailUrl":"https:\/\/www.cetys.mx\/noticias\/wp-content\/uploads\/2016\/06\/emprendimientosedeti.jpg","datePublished":"2016-06-09T19:16:48+00:00","dateModified":"2016-07-14T22:28:19+00:00","author":{"@id":"https:\/\/www.cetys.mx\/noticias\/#\/schema\/person\/e790051ce60e18ae47cfa87011c8653f"},"description":"Alumnos del Campus Tijuana realizar\u00e1n estancias en San Francisco y Seattle para el desarrollo de sus proyectos de emprendimiento.","breadcrumb":{"@id":"https:\/\/www.cetys.mx\/noticias\/por-emprendimiento-van-a-eua\/#breadcrumb"},"inLanguage":"es","potentialAction":[{"@type":"ReadAction","target":["https:\/\/www.cetys.mx\/noticias\/por-emprendimiento-van-a-eua\/"]}]},{"@type":"ImageObject","inLanguage":"es","@id":"https:\/\/www.cetys.mx\/noticias\/por-emprendimiento-van-a-eua\/#primaryimage","url":"https:\/\/www.cetys.mx\/noticias\/wp-content\/uploads\/2016\/06\/emprendimientosedeti.jpg","contentUrl":"https:\/\/www.cetys.mx\/noticias\/wp-content\/uploads\/2016\/06\/emprendimientosedeti.jpg","width":968,"height":637},{"@type":"BreadcrumbList","@id":"https:\/\/www.cetys.mx\/noticias\/por-emprendimiento-van-a-eua\/#breadcrumb","itemListElement":[{"@type":"ListItem","position":1,"name":"Inicio","item":"https:\/\/www.cetys.mx\/noticias\/"},{"@type":"ListItem","position":2,"name":"Son seleccionados para verano de emprendimiento en EUA"}]},{"@type":"WebSite","@id":"https:\/\/www.cetys.mx\/noticias\/#website","url":"https:\/\/www.cetys.mx\/noticias\/","name":"CETYS","description":"","potentialAction":[{"@type":"SearchAction","target":{"@type":"EntryPoint","urlTemplate":"https:\/\/www.cetys.mx\/noticias\/?s={search_term_string}"},"query-input":{"@type":"PropertyValueSpecification","valueRequired":true,"valueName":"search_term_string"}}],"inLanguage":"es"},{"@type":"Person","@id":"https:\/\/www.cetys.mx\/noticias\/#\/schema\/person\/e790051ce60e18ae47cfa87011c8653f","name":"Campus Tijuana","url":"https:\/\/www.cetys.mx\/noticias\/author\/campustijuana\/"}]}},"_links":{"self":[{"href":"https:\/\/www.cetys.mx\/noticias\/wp-json\/wp\/v2\/posts\/52152","targetHints":{"allow":["GET"]}}],"collection":[{"href":"https:\/\/www.cetys.mx\/noticias\/wp-json\/wp\/v2\/posts"}],"about":[{"href":"https:\/\/www.cetys.mx\/noticias\/wp-json\/wp\/v2\/types\/post"}],"author":[{"embeddable":true,"href":"https:\/\/www.cetys.mx\/noticias\/wp-json\/wp\/v2\/users\/24"}],"replies":[{"embeddable":true,"href":"https:\/\/www.cetys.mx\/noticias\/wp-json\/wp\/v2\/comments?post=52152"}],"version-history":[{"count":0,"href":"https:\/\/www.cetys.mx\/noticias\/wp-json\/wp\/v2\/posts\/52152\/revisions"}],"wp:featuredmedia":[{"embeddable":true,"href":"https:\/\/www.cetys.mx\/noticias\/wp-json\/wp\/v2\/media\/52157"}],"wp:attachment":[{"href":"https:\/\/www.cetys.mx\/noticias\/wp-json\/wp\/v2\/media?parent=52152"}],"wp:term":[{"taxonomy":"category","embeddable":true,"href":"https:\/\/www.cetys.mx\/noticias\/wp-json\/wp\/v2\/categories?post=52152"},{"taxonomy":"post_tag","embeddable":true,"href":"https:\/\/www.cetys.mx\/noticias\/wp-json\/wp\/v2\/tags?post=52152"}],"curies":[{"name":"wp","href":"https:\/\/api.w.org\/{rel}","templated":true}]}}