{"id":51906,"date":"2016-06-02T12:37:11","date_gmt":"2016-06-02T19:37:11","guid":{"rendered":"http:\/\/vocetys.mx\/?p=51906"},"modified":"2016-06-08T16:56:56","modified_gmt":"2016-06-08T23:56:56","slug":"cetys-y-national-university-se-alian-en-pro-de-la-frontera","status":"publish","type":"post","link":"https:\/\/www.cetys.mx\/noticias\/cetys-y-national-university-se-alian-en-pro-de-la-frontera\/","title":{"rendered":"CETYS y National University se al\u00edan en pro de la frontera"},"content":{"rendered":"<p><strong>CETYS<\/strong> ciment\u00f3 su alianza con <strong><a href=\"https:\/\/www.nu.edu\/\">National University<\/a><\/strong>, instituci\u00f3n estadounidense l\u00edder en la educaci\u00f3n para adultos y en la creaci\u00f3n de programas relevantes para el mercado, para ofrecer a los estudiantes mexicanos la oportunidad de beneficiarse de experiencia de la planta docente de National en \u00e1reas especializadas:<strong> gesti\u00f3n de la sustentabilidad<\/strong>, <strong>autismo y educaci\u00f3n<\/strong>, as\u00ed como <strong>tecnolog\u00eda de la informaci\u00f3n<\/strong>.<\/p>\n<p>El acuerdo, que forma parte de un esfuerzo m\u00e1s amplio para aumentar los <strong>intercambios educativos<\/strong> entre los Estados Unidos y M\u00e9xico, abre la puerta para que las dos instituciones sin fines de lucro desarrollen \u201c<strong><a href=\"https:\/\/www.cetys.mx\/noticias\/experiencias-internacionales-verano\/\">Certificate Programs<\/a><\/strong>\u201d para los estudiantes de CETYS en las tres \u00e1reas que han sido identificadas como \u00e1reas de crecimiento para la regi\u00f3n fronteriza.<\/p>\n<blockquote><p><em>La iniciativa de educaci\u00f3n transfronteriza incluye planes para lanzar \u201cCertificate Programs\u201d en conjunto.<\/em><\/p><\/blockquote>\n<p>El acuerdo, formalizado en una ceremonia el 1 de junio en Baja California, tambi\u00e9n prev\u00e9 explorar futuras \u00e1reas de colaboraci\u00f3n, como proyectos de investigaci\u00f3n conjunta, un programa de profesores visitantes y un posible Doble Grado.<\/p>\n<blockquote><p>\u00a0&#8220;Nos hemos asociado con National University para que, de una manera muy enfocada, podamos aprovechar las fortalezas y sinergia de ambas instituciones para ofrecer en Baja California, a la comunidad CETYS, tres programas de certificaci\u00f3n espec\u00edficos. Lo que esperamos es que a trav\u00e9s de esta asociaci\u00f3n algunas \u00e1reas que no estaban cubiertas anteriormente por nuestra oferta ahora puedan servir mejor a la comunidad transfronteriza\u201d, dijo el Rector del CETYS.<\/p><\/blockquote>\n<p>Aunque el acuerdo se centrar\u00e1 inicialmente en los estudiantes del CETYS cuyo enfoque de estudios se centre en la gesti\u00f3n de la sustentabilidad, el autismo y la educaci\u00f3n, o la tecnolog\u00eda de la informaci\u00f3n, los cursos estar\u00e1n abiertos a cualquiera de sus alumnos. Aquellos que califiquen, podr\u00e1n recibir una reducci\u00f3n del 33 por ciento en la matr\u00edcula y cuotas de National University, como resultado del acuerdo.<\/p>\n<p>La nueva alianza \u00a0se da en el marco de la Iniciativa<strong><a href=\"https:\/\/www.100kstrongamericas.org\/es\"> 100,000 Strong in the Americas<\/a><\/strong> del Presidente Barack Obama, que busca aumentar la movilidad de los estudiantes entre los Estados Unidos y los pa\u00edses del hemisferio occidental. Es tambi\u00e9n es consistente con el\u00a0programa Proyecta 100,000 de M\u00e9xico que tiene como objetivo enviar ese n\u00famero de estudiantes mexicanos a los Estados Unidos y de recibir 50,000 alumnos de Estados Unidos en M\u00e9xico para el \u00a02018.<\/p>\n<blockquote><p>\u00a0&#8220;National University se enorgullece de apoyar ambas iniciativas asoci\u00e1ndose con CETYS para desarrollar l\u00edderes que est\u00e1n comprometidos con los esfuerzos transfronterizos que son vitales para la econom\u00eda y la cultura de la mega regi\u00f3n binacional Cali\/Baja &#8220;, dijo el Dr. Bob Benson, Vicerrector de Asuntos Internacionales de National University.<\/p><\/blockquote>\n<p>Ambas universidades est\u00e1n acreditados por la Western Association of Schools and Colleges (WASC) y su misi\u00f3n se alinea, centr\u00e1ndose en el desarrollo de los estudiantes la capacidad moral e intelectual para participar de manera importante en el mejoramiento econ\u00f3mico, social y cultural de sus respectivos pa\u00edses.<\/p>\n<p>&nbsp;<\/p>\n","protected":false},"excerpt":{"rendered":"<p>CETYS ciment\u00f3 su alianza con National University, instituci\u00f3n estadounidense l\u00edder en la educaci\u00f3n para adultos y en la creaci\u00f3n de programas relevantes&#8230;<\/p>\n","protected":false},"author":26,"featured_media":51908,"comment_status":"open","ping_status":"open","sticky":false,"template":"","format":"standard","meta":{"footnotes":""},"categories":[110,209,108,313],"tags":[351,156,277,848,855],"class_list":["post-51906","post","type-post","status-publish","format-standard","has-post-thumbnail","hentry","category-academia","category-institucional","category-internacionales","category-vocetys-2","tag-convenio","tag-rector","tag-rectoria","tag-vocetys-2016-06-08","tag-vocetys-2016-06-09","univesidades-national-university"],"yoast_head":"<!-- This site is optimized with the Yoast SEO plugin v27.4 - https:\/\/yoast.com\/product\/yoast-seo-wordpress\/ -->\n<title>CETYS y National University se al\u00edan en pro de la frontera - CETYS<\/title>\n<meta name=\"description\" content=\"CETYS se ali\u00f3 con National University, para ofrecer la oportunidad de beneficiarse de la experiencia docente de National en \u00e1reas especializadas.\" \/>\n<meta name=\"robots\" content=\"index, follow, max-snippet:-1, max-image-preview:large, max-video-preview:-1\" \/>\n<link rel=\"canonical\" href=\"https:\/\/www.cetys.mx\/noticias\/cetys-y-national-university-se-alian-en-pro-de-la-frontera\/\" \/>\n<meta property=\"og:locale\" content=\"es_MX\" \/>\n<meta property=\"og:type\" content=\"article\" \/>\n<meta property=\"og:title\" content=\"CETYS y National University se al\u00edan en pro de la frontera - CETYS\" \/>\n<meta property=\"og:description\" content=\"CETYS se ali\u00f3 con National University, para ofrecer la oportunidad de beneficiarse de la experiencia docente de National en \u00e1reas especializadas.\" \/>\n<meta property=\"og:url\" content=\"https:\/\/www.cetys.mx\/noticias\/cetys-y-national-university-se-alian-en-pro-de-la-frontera\/\" \/>\n<meta property=\"og:site_name\" content=\"CETYS\" \/>\n<meta property=\"article:publisher\" content=\"https:\/\/www.facebook.com\/cetysuniversidadmxl\/\" \/>\n<meta property=\"article:published_time\" content=\"2016-06-02T19:37:11+00:00\" \/>\n<meta property=\"article:modified_time\" content=\"2016-06-08T23:56:56+00:00\" \/>\n<meta property=\"og:image\" content=\"https:\/\/www.cetys.mx\/noticias\/wp-content\/uploads\/2016\/06\/cetys_nu.jpg\" \/>\n\t<meta property=\"og:image:width\" content=\"1354\" \/>\n\t<meta property=\"og:image:height\" content=\"900\" \/>\n\t<meta property=\"og:image:type\" content=\"image\/jpeg\" \/>\n<meta name=\"author\" content=\"CETYS Institucional\" \/>\n<meta name=\"twitter:card\" content=\"summary_large_image\" \/>\n<meta name=\"twitter:creator\" content=\"@cetysuni\" \/>\n<meta name=\"twitter:site\" content=\"@cetysuni\" \/>\n<meta name=\"twitter:label1\" content=\"Escrito por\" \/>\n\t<meta name=\"twitter:data1\" content=\"CETYS Institucional\" \/>\n\t<meta name=\"twitter:label2\" content=\"Tiempo de lectura\" \/>\n\t<meta name=\"twitter:data2\" content=\"3 minutos\" \/>\n<script type=\"application\/ld+json\" class=\"yoast-schema-graph\">{\"@context\":\"https:\\\/\\\/schema.org\",\"@graph\":[{\"@type\":\"Article\",\"@id\":\"https:\\\/\\\/www.cetys.mx\\\/noticias\\\/cetys-y-national-university-se-alian-en-pro-de-la-frontera\\\/#article\",\"isPartOf\":{\"@id\":\"https:\\\/\\\/www.cetys.mx\\\/noticias\\\/cetys-y-national-university-se-alian-en-pro-de-la-frontera\\\/\"},\"author\":{\"name\":\"CETYS Institucional\",\"@id\":\"https:\\\/\\\/www.cetys.mx\\\/noticias\\\/#\\\/schema\\\/person\\\/e9d2b35265b64aa454df57a2828eb2ac\"},\"headline\":\"CETYS y National University se al\u00edan en pro de la frontera\",\"datePublished\":\"2016-06-02T19:37:11+00:00\",\"dateModified\":\"2016-06-08T23:56:56+00:00\",\"mainEntityOfPage\":{\"@id\":\"https:\\\/\\\/www.cetys.mx\\\/noticias\\\/cetys-y-national-university-se-alian-en-pro-de-la-frontera\\\/\"},\"wordCount\":519,\"commentCount\":0,\"image\":{\"@id\":\"https:\\\/\\\/www.cetys.mx\\\/noticias\\\/cetys-y-national-university-se-alian-en-pro-de-la-frontera\\\/#primaryimage\"},\"thumbnailUrl\":\"https:\\\/\\\/www.cetys.mx\\\/noticias\\\/wp-content\\\/uploads\\\/2016\\\/06\\\/cetys_nu.jpg\",\"keywords\":[\"convenio\",\"rector\",\"rector\u00eda\",\"vocetys-2016-06-08\",\"vocetys-2016-06-09\"],\"articleSection\":[\"Academia\",\"Institucional\",\"Internacionales\",\"VoCETYS\"],\"inLanguage\":\"es\",\"potentialAction\":[{\"@type\":\"CommentAction\",\"name\":\"Comment\",\"target\":[\"https:\\\/\\\/www.cetys.mx\\\/noticias\\\/cetys-y-national-university-se-alian-en-pro-de-la-frontera\\\/#respond\"]}]},{\"@type\":\"WebPage\",\"@id\":\"https:\\\/\\\/www.cetys.mx\\\/noticias\\\/cetys-y-national-university-se-alian-en-pro-de-la-frontera\\\/\",\"url\":\"https:\\\/\\\/www.cetys.mx\\\/noticias\\\/cetys-y-national-university-se-alian-en-pro-de-la-frontera\\\/\",\"name\":\"CETYS y National University se al\u00edan en pro de la frontera - CETYS\",\"isPartOf\":{\"@id\":\"https:\\\/\\\/www.cetys.mx\\\/noticias\\\/#website\"},\"primaryImageOfPage\":{\"@id\":\"https:\\\/\\\/www.cetys.mx\\\/noticias\\\/cetys-y-national-university-se-alian-en-pro-de-la-frontera\\\/#primaryimage\"},\"image\":{\"@id\":\"https:\\\/\\\/www.cetys.mx\\\/noticias\\\/cetys-y-national-university-se-alian-en-pro-de-la-frontera\\\/#primaryimage\"},\"thumbnailUrl\":\"https:\\\/\\\/www.cetys.mx\\\/noticias\\\/wp-content\\\/uploads\\\/2016\\\/06\\\/cetys_nu.jpg\",\"datePublished\":\"2016-06-02T19:37:11+00:00\",\"dateModified\":\"2016-06-08T23:56:56+00:00\",\"author\":{\"@id\":\"https:\\\/\\\/www.cetys.mx\\\/noticias\\\/#\\\/schema\\\/person\\\/e9d2b35265b64aa454df57a2828eb2ac\"},\"description\":\"CETYS se ali\u00f3 con National University, para ofrecer la oportunidad de beneficiarse de la experiencia docente de National en \u00e1reas especializadas.\",\"breadcrumb\":{\"@id\":\"https:\\\/\\\/www.cetys.mx\\\/noticias\\\/cetys-y-national-university-se-alian-en-pro-de-la-frontera\\\/#breadcrumb\"},\"inLanguage\":\"es\",\"potentialAction\":[{\"@type\":\"ReadAction\",\"target\":[\"https:\\\/\\\/www.cetys.mx\\\/noticias\\\/cetys-y-national-university-se-alian-en-pro-de-la-frontera\\\/\"]}]},{\"@type\":\"ImageObject\",\"inLanguage\":\"es\",\"@id\":\"https:\\\/\\\/www.cetys.mx\\\/noticias\\\/cetys-y-national-university-se-alian-en-pro-de-la-frontera\\\/#primaryimage\",\"url\":\"https:\\\/\\\/www.cetys.mx\\\/noticias\\\/wp-content\\\/uploads\\\/2016\\\/06\\\/cetys_nu.jpg\",\"contentUrl\":\"https:\\\/\\\/www.cetys.mx\\\/noticias\\\/wp-content\\\/uploads\\\/2016\\\/06\\\/cetys_nu.jpg\",\"width\":1354,\"height\":900,\"caption\":\"cetys_nu\"},{\"@type\":\"BreadcrumbList\",\"@id\":\"https:\\\/\\\/www.cetys.mx\\\/noticias\\\/cetys-y-national-university-se-alian-en-pro-de-la-frontera\\\/#breadcrumb\",\"itemListElement\":[{\"@type\":\"ListItem\",\"position\":1,\"name\":\"Inicio\",\"item\":\"https:\\\/\\\/www.cetys.mx\\\/noticias\\\/\"},{\"@type\":\"ListItem\",\"position\":2,\"name\":\"CETYS y National University se al\u00edan en pro de la frontera\"}]},{\"@type\":\"WebSite\",\"@id\":\"https:\\\/\\\/www.cetys.mx\\\/noticias\\\/#website\",\"url\":\"https:\\\/\\\/www.cetys.mx\\\/noticias\\\/\",\"name\":\"CETYS\",\"description\":\"\",\"potentialAction\":[{\"@type\":\"SearchAction\",\"target\":{\"@type\":\"EntryPoint\",\"urlTemplate\":\"https:\\\/\\\/www.cetys.mx\\\/noticias\\\/?s={search_term_string}\"},\"query-input\":{\"@type\":\"PropertyValueSpecification\",\"valueRequired\":true,\"valueName\":\"search_term_string\"}}],\"inLanguage\":\"es\"},{\"@type\":\"Person\",\"@id\":\"https:\\\/\\\/www.cetys.mx\\\/noticias\\\/#\\\/schema\\\/person\\\/e9d2b35265b64aa454df57a2828eb2ac\",\"name\":\"CETYS Institucional\",\"url\":\"https:\\\/\\\/www.cetys.mx\\\/noticias\\\/author\\\/cetysinstitucional\\\/\"}]}<\/script>\n<!-- \/ Yoast SEO plugin. -->","yoast_head_json":{"title":"CETYS y National University se al\u00edan en pro de la frontera - CETYS","description":"CETYS se ali\u00f3 con National University, para ofrecer la oportunidad de beneficiarse de la experiencia docente de National en \u00e1reas especializadas.","robots":{"index":"index","follow":"follow","max-snippet":"max-snippet:-1","max-image-preview":"max-image-preview:large","max-video-preview":"max-video-preview:-1"},"canonical":"https:\/\/www.cetys.mx\/noticias\/cetys-y-national-university-se-alian-en-pro-de-la-frontera\/","og_locale":"es_MX","og_type":"article","og_title":"CETYS y National University se al\u00edan en pro de la frontera - CETYS","og_description":"CETYS se ali\u00f3 con National University, para ofrecer la oportunidad de beneficiarse de la experiencia docente de National en \u00e1reas especializadas.","og_url":"https:\/\/www.cetys.mx\/noticias\/cetys-y-national-university-se-alian-en-pro-de-la-frontera\/","og_site_name":"CETYS","article_publisher":"https:\/\/www.facebook.com\/cetysuniversidadmxl\/","article_published_time":"2016-06-02T19:37:11+00:00","article_modified_time":"2016-06-08T23:56:56+00:00","og_image":[{"width":1354,"height":900,"url":"https:\/\/www.cetys.mx\/noticias\/wp-content\/uploads\/2016\/06\/cetys_nu.jpg","type":"image\/jpeg"}],"author":"CETYS Institucional","twitter_card":"summary_large_image","twitter_creator":"@cetysuni","twitter_site":"@cetysuni","twitter_misc":{"Escrito por":"CETYS Institucional","Tiempo de lectura":"3 minutos"},"schema":{"@context":"https:\/\/schema.org","@graph":[{"@type":"Article","@id":"https:\/\/www.cetys.mx\/noticias\/cetys-y-national-university-se-alian-en-pro-de-la-frontera\/#article","isPartOf":{"@id":"https:\/\/www.cetys.mx\/noticias\/cetys-y-national-university-se-alian-en-pro-de-la-frontera\/"},"author":{"name":"CETYS Institucional","@id":"https:\/\/www.cetys.mx\/noticias\/#\/schema\/person\/e9d2b35265b64aa454df57a2828eb2ac"},"headline":"CETYS y National University se al\u00edan en pro de la frontera","datePublished":"2016-06-02T19:37:11+00:00","dateModified":"2016-06-08T23:56:56+00:00","mainEntityOfPage":{"@id":"https:\/\/www.cetys.mx\/noticias\/cetys-y-national-university-se-alian-en-pro-de-la-frontera\/"},"wordCount":519,"commentCount":0,"image":{"@id":"https:\/\/www.cetys.mx\/noticias\/cetys-y-national-university-se-alian-en-pro-de-la-frontera\/#primaryimage"},"thumbnailUrl":"https:\/\/www.cetys.mx\/noticias\/wp-content\/uploads\/2016\/06\/cetys_nu.jpg","keywords":["convenio","rector","rector\u00eda","vocetys-2016-06-08","vocetys-2016-06-09"],"articleSection":["Academia","Institucional","Internacionales","VoCETYS"],"inLanguage":"es","potentialAction":[{"@type":"CommentAction","name":"Comment","target":["https:\/\/www.cetys.mx\/noticias\/cetys-y-national-university-se-alian-en-pro-de-la-frontera\/#respond"]}]},{"@type":"WebPage","@id":"https:\/\/www.cetys.mx\/noticias\/cetys-y-national-university-se-alian-en-pro-de-la-frontera\/","url":"https:\/\/www.cetys.mx\/noticias\/cetys-y-national-university-se-alian-en-pro-de-la-frontera\/","name":"CETYS y National University se al\u00edan en pro de la frontera - CETYS","isPartOf":{"@id":"https:\/\/www.cetys.mx\/noticias\/#website"},"primaryImageOfPage":{"@id":"https:\/\/www.cetys.mx\/noticias\/cetys-y-national-university-se-alian-en-pro-de-la-frontera\/#primaryimage"},"image":{"@id":"https:\/\/www.cetys.mx\/noticias\/cetys-y-national-university-se-alian-en-pro-de-la-frontera\/#primaryimage"},"thumbnailUrl":"https:\/\/www.cetys.mx\/noticias\/wp-content\/uploads\/2016\/06\/cetys_nu.jpg","datePublished":"2016-06-02T19:37:11+00:00","dateModified":"2016-06-08T23:56:56+00:00","author":{"@id":"https:\/\/www.cetys.mx\/noticias\/#\/schema\/person\/e9d2b35265b64aa454df57a2828eb2ac"},"description":"CETYS se ali\u00f3 con National University, para ofrecer la oportunidad de beneficiarse de la experiencia docente de National en \u00e1reas especializadas.","breadcrumb":{"@id":"https:\/\/www.cetys.mx\/noticias\/cetys-y-national-university-se-alian-en-pro-de-la-frontera\/#breadcrumb"},"inLanguage":"es","potentialAction":[{"@type":"ReadAction","target":["https:\/\/www.cetys.mx\/noticias\/cetys-y-national-university-se-alian-en-pro-de-la-frontera\/"]}]},{"@type":"ImageObject","inLanguage":"es","@id":"https:\/\/www.cetys.mx\/noticias\/cetys-y-national-university-se-alian-en-pro-de-la-frontera\/#primaryimage","url":"https:\/\/www.cetys.mx\/noticias\/wp-content\/uploads\/2016\/06\/cetys_nu.jpg","contentUrl":"https:\/\/www.cetys.mx\/noticias\/wp-content\/uploads\/2016\/06\/cetys_nu.jpg","width":1354,"height":900,"caption":"cetys_nu"},{"@type":"BreadcrumbList","@id":"https:\/\/www.cetys.mx\/noticias\/cetys-y-national-university-se-alian-en-pro-de-la-frontera\/#breadcrumb","itemListElement":[{"@type":"ListItem","position":1,"name":"Inicio","item":"https:\/\/www.cetys.mx\/noticias\/"},{"@type":"ListItem","position":2,"name":"CETYS y National University se al\u00edan en pro de la frontera"}]},{"@type":"WebSite","@id":"https:\/\/www.cetys.mx\/noticias\/#website","url":"https:\/\/www.cetys.mx\/noticias\/","name":"CETYS","description":"","potentialAction":[{"@type":"SearchAction","target":{"@type":"EntryPoint","urlTemplate":"https:\/\/www.cetys.mx\/noticias\/?s={search_term_string}"},"query-input":{"@type":"PropertyValueSpecification","valueRequired":true,"valueName":"search_term_string"}}],"inLanguage":"es"},{"@type":"Person","@id":"https:\/\/www.cetys.mx\/noticias\/#\/schema\/person\/e9d2b35265b64aa454df57a2828eb2ac","name":"CETYS Institucional","url":"https:\/\/www.cetys.mx\/noticias\/author\/cetysinstitucional\/"}]}},"_links":{"self":[{"href":"https:\/\/www.cetys.mx\/noticias\/wp-json\/wp\/v2\/posts\/51906","targetHints":{"allow":["GET"]}}],"collection":[{"href":"https:\/\/www.cetys.mx\/noticias\/wp-json\/wp\/v2\/posts"}],"about":[{"href":"https:\/\/www.cetys.mx\/noticias\/wp-json\/wp\/v2\/types\/post"}],"author":[{"embeddable":true,"href":"https:\/\/www.cetys.mx\/noticias\/wp-json\/wp\/v2\/users\/26"}],"replies":[{"embeddable":true,"href":"https:\/\/www.cetys.mx\/noticias\/wp-json\/wp\/v2\/comments?post=51906"}],"version-history":[{"count":0,"href":"https:\/\/www.cetys.mx\/noticias\/wp-json\/wp\/v2\/posts\/51906\/revisions"}],"wp:featuredmedia":[{"embeddable":true,"href":"https:\/\/www.cetys.mx\/noticias\/wp-json\/wp\/v2\/media\/51908"}],"wp:attachment":[{"href":"https:\/\/www.cetys.mx\/noticias\/wp-json\/wp\/v2\/media?parent=51906"}],"wp:term":[{"taxonomy":"category","embeddable":true,"href":"https:\/\/www.cetys.mx\/noticias\/wp-json\/wp\/v2\/categories?post=51906"},{"taxonomy":"post_tag","embeddable":true,"href":"https:\/\/www.cetys.mx\/noticias\/wp-json\/wp\/v2\/tags?post=51906"}],"curies":[{"name":"wp","href":"https:\/\/api.w.org\/{rel}","templated":true}]}}