{"id":51891,"date":"2016-06-06T11:11:28","date_gmt":"2016-06-06T18:11:28","guid":{"rendered":"http:\/\/vocetys.mx\/?p=51891"},"modified":"2020-01-15T23:12:21","modified_gmt":"2020-01-16T07:12:21","slug":"redoblan-esfuerzos-con-la-comunidad-de-egresados-cetys-2","status":"publish","type":"post","link":"https:\/\/www.cetys.mx\/noticias\/redoblan-esfuerzos-con-la-comunidad-de-egresados-cetys-2\/","title":{"rendered":"Comienza nueva etapa para Egresados: CETYS Alumni"},"content":{"rendered":"<p><a href=\"https:\/\/www.cetys.mx\/noticias\/wp-content\/uploads\/2016\/06\/alumni.jpg\"><img loading=\"lazy\" decoding=\"async\" class=\"alignnone wp-image-51888 size-full\" src=\"https:\/\/www.cetys.mx\/noticias\/wp-content\/uploads\/2016\/06\/alumni.jpg\" alt=\"\" width=\"958\" height=\"637\" \/><\/a><\/p>\n<p style=\"text-align: justify;\">CETYS Universidad, conforme a su plan 2020, ha venido realizando diversos esfuerzos para crear un v\u00ednculo m\u00e1s s\u00f3lido con su comunidad de egresados en el Estado, a nivel nacional y alrededor del mundo, ya que son los egresados, el vivo testamento de la raz\u00f3n de ser del CETYS.<\/p>\n<p style=\"text-align: justify;\">En ese sentido, el Rector, Dr. Fernando Le\u00f3n Garc\u00eda, anunci\u00f3 que comenzar\u00e1 una nueva etapa denominada CETYS Alumni, con el objetivo de\u00a0fortalecer la identidad de la comunidad de egresados en un marco global, y que se caracteriza por un mayor impulso a las actividades y el sentido de pertenencia a su Alma Mater.<\/p>\n<p style=\"text-align: justify;\"><strong><a href=\"https:\/\/www.facebook.com\/YosoyExAlumnoCETYS\/?fref=ts\" target=\"_blank\" rel=\"noopener\">\u00a1Los invitamos a sumarse a esta comunidad y a compartir con nosotros todos sus logros!<\/a><\/strong><\/p>\n<p>Para mayor informaci\u00f3n visita:\u00a0<a href=\"https:\/\/www.cetys.mx\/alumni\/\" target=\"_blank\" rel=\"noopener\">www.cetys.mx\/alumni\/<\/a><\/p>\n","protected":false},"excerpt":{"rendered":"<p>CETYS Universidad, conforme a su plan 2020, ha venido realizando diversos esfuerzos para crear un v\u00ednculo m\u00e1s s\u00f3lido con su comunidad de&#8230;<\/p>\n","protected":false},"author":23,"featured_media":51892,"comment_status":"open","ping_status":"open","sticky":false,"template":"","format":"standard","meta":{"footnotes":""},"categories":[107,313],"tags":[],"class_list":["post-51891","post","type-post","status-publish","format-standard","has-post-thumbnail","hentry","category-alumni","category-vocetys-2"],"yoast_head":"<!-- This site is optimized with the Yoast SEO plugin v27.4 - https:\/\/yoast.com\/product\/yoast-seo-wordpress\/ -->\n<title>Comienza nueva etapa para Egresados: CETYS Alumni - CETYS<\/title>\n<meta name=\"description\" content=\"Articulo sobre Comienza nueva etapa para Egresados: CETYS Alumni\" \/>\n<meta name=\"robots\" content=\"index, follow, max-snippet:-1, max-image-preview:large, max-video-preview:-1\" \/>\n<link rel=\"canonical\" href=\"https:\/\/www.cetys.mx\/noticias\/redoblan-esfuerzos-con-la-comunidad-de-egresados-cetys-2\/\" \/>\n<meta property=\"og:locale\" content=\"es_MX\" \/>\n<meta property=\"og:type\" content=\"article\" \/>\n<meta property=\"og:title\" content=\"Comienza nueva etapa para Egresados: CETYS Alumni - CETYS\" \/>\n<meta property=\"og:description\" content=\"Articulo sobre Comienza nueva etapa para Egresados: CETYS Alumni\" \/>\n<meta property=\"og:url\" content=\"https:\/\/www.cetys.mx\/noticias\/redoblan-esfuerzos-con-la-comunidad-de-egresados-cetys-2\/\" \/>\n<meta property=\"og:site_name\" content=\"CETYS\" \/>\n<meta property=\"article:publisher\" content=\"https:\/\/www.facebook.com\/cetysuniversidadmxl\/\" \/>\n<meta property=\"article:published_time\" content=\"2016-06-06T18:11:28+00:00\" \/>\n<meta property=\"article:modified_time\" content=\"2020-01-16T07:12:21+00:00\" \/>\n<meta property=\"og:image\" content=\"https:\/\/www.cetys.mx\/noticias\/wp-content\/uploads\/2016\/06\/alumni_2.jpg\" \/>\n\t<meta property=\"og:image:width\" content=\"958\" \/>\n\t<meta property=\"og:image:height\" content=\"637\" \/>\n\t<meta property=\"og:image:type\" content=\"image\/jpeg\" \/>\n<meta name=\"author\" content=\"Campus Ensenada\" \/>\n<meta name=\"twitter:card\" content=\"summary_large_image\" \/>\n<meta name=\"twitter:creator\" content=\"@cetysuni\" \/>\n<meta name=\"twitter:site\" content=\"@cetysuni\" \/>\n<meta name=\"twitter:label1\" content=\"Escrito por\" \/>\n\t<meta name=\"twitter:data1\" content=\"Campus Ensenada\" \/>\n\t<meta name=\"twitter:label2\" content=\"Tiempo de lectura\" \/>\n\t<meta name=\"twitter:data2\" content=\"1 minuto\" \/>\n<script type=\"application\/ld+json\" class=\"yoast-schema-graph\">{\"@context\":\"https:\\\/\\\/schema.org\",\"@graph\":[{\"@type\":\"Article\",\"@id\":\"https:\\\/\\\/www.cetys.mx\\\/noticias\\\/redoblan-esfuerzos-con-la-comunidad-de-egresados-cetys-2\\\/#article\",\"isPartOf\":{\"@id\":\"https:\\\/\\\/www.cetys.mx\\\/noticias\\\/redoblan-esfuerzos-con-la-comunidad-de-egresados-cetys-2\\\/\"},\"author\":{\"name\":\"Campus Ensenada\",\"@id\":\"https:\\\/\\\/www.cetys.mx\\\/noticias\\\/#\\\/schema\\\/person\\\/1a1a88c0b6586e66a2e9e88e07afc712\"},\"headline\":\"Comienza nueva etapa para Egresados: CETYS Alumni\",\"datePublished\":\"2016-06-06T18:11:28+00:00\",\"dateModified\":\"2020-01-16T07:12:21+00:00\",\"mainEntityOfPage\":{\"@id\":\"https:\\\/\\\/www.cetys.mx\\\/noticias\\\/redoblan-esfuerzos-con-la-comunidad-de-egresados-cetys-2\\\/\"},\"wordCount\":138,\"commentCount\":5,\"image\":{\"@id\":\"https:\\\/\\\/www.cetys.mx\\\/noticias\\\/redoblan-esfuerzos-con-la-comunidad-de-egresados-cetys-2\\\/#primaryimage\"},\"thumbnailUrl\":\"https:\\\/\\\/www.cetys.mx\\\/noticias\\\/wp-content\\\/uploads\\\/2016\\\/06\\\/alumni_2.jpg\",\"articleSection\":[\"Alumni\",\"VoCETYS\"],\"inLanguage\":\"es\",\"potentialAction\":[{\"@type\":\"CommentAction\",\"name\":\"Comment\",\"target\":[\"https:\\\/\\\/www.cetys.mx\\\/noticias\\\/redoblan-esfuerzos-con-la-comunidad-de-egresados-cetys-2\\\/#respond\"]}]},{\"@type\":\"WebPage\",\"@id\":\"https:\\\/\\\/www.cetys.mx\\\/noticias\\\/redoblan-esfuerzos-con-la-comunidad-de-egresados-cetys-2\\\/\",\"url\":\"https:\\\/\\\/www.cetys.mx\\\/noticias\\\/redoblan-esfuerzos-con-la-comunidad-de-egresados-cetys-2\\\/\",\"name\":\"Comienza nueva etapa para Egresados: CETYS Alumni - CETYS\",\"isPartOf\":{\"@id\":\"https:\\\/\\\/www.cetys.mx\\\/noticias\\\/#website\"},\"primaryImageOfPage\":{\"@id\":\"https:\\\/\\\/www.cetys.mx\\\/noticias\\\/redoblan-esfuerzos-con-la-comunidad-de-egresados-cetys-2\\\/#primaryimage\"},\"image\":{\"@id\":\"https:\\\/\\\/www.cetys.mx\\\/noticias\\\/redoblan-esfuerzos-con-la-comunidad-de-egresados-cetys-2\\\/#primaryimage\"},\"thumbnailUrl\":\"https:\\\/\\\/www.cetys.mx\\\/noticias\\\/wp-content\\\/uploads\\\/2016\\\/06\\\/alumni_2.jpg\",\"datePublished\":\"2016-06-06T18:11:28+00:00\",\"dateModified\":\"2020-01-16T07:12:21+00:00\",\"author\":{\"@id\":\"https:\\\/\\\/www.cetys.mx\\\/noticias\\\/#\\\/schema\\\/person\\\/1a1a88c0b6586e66a2e9e88e07afc712\"},\"description\":\"Articulo sobre Comienza nueva etapa para Egresados: CETYS Alumni\",\"breadcrumb\":{\"@id\":\"https:\\\/\\\/www.cetys.mx\\\/noticias\\\/redoblan-esfuerzos-con-la-comunidad-de-egresados-cetys-2\\\/#breadcrumb\"},\"inLanguage\":\"es\",\"potentialAction\":[{\"@type\":\"ReadAction\",\"target\":[\"https:\\\/\\\/www.cetys.mx\\\/noticias\\\/redoblan-esfuerzos-con-la-comunidad-de-egresados-cetys-2\\\/\"]}]},{\"@type\":\"ImageObject\",\"inLanguage\":\"es\",\"@id\":\"https:\\\/\\\/www.cetys.mx\\\/noticias\\\/redoblan-esfuerzos-con-la-comunidad-de-egresados-cetys-2\\\/#primaryimage\",\"url\":\"https:\\\/\\\/www.cetys.mx\\\/noticias\\\/wp-content\\\/uploads\\\/2016\\\/06\\\/alumni_2.jpg\",\"contentUrl\":\"https:\\\/\\\/www.cetys.mx\\\/noticias\\\/wp-content\\\/uploads\\\/2016\\\/06\\\/alumni_2.jpg\",\"width\":958,\"height\":637},{\"@type\":\"BreadcrumbList\",\"@id\":\"https:\\\/\\\/www.cetys.mx\\\/noticias\\\/redoblan-esfuerzos-con-la-comunidad-de-egresados-cetys-2\\\/#breadcrumb\",\"itemListElement\":[{\"@type\":\"ListItem\",\"position\":1,\"name\":\"Inicio\",\"item\":\"https:\\\/\\\/www.cetys.mx\\\/noticias\\\/\"},{\"@type\":\"ListItem\",\"position\":2,\"name\":\"Comienza nueva etapa para Egresados: CETYS Alumni\"}]},{\"@type\":\"WebSite\",\"@id\":\"https:\\\/\\\/www.cetys.mx\\\/noticias\\\/#website\",\"url\":\"https:\\\/\\\/www.cetys.mx\\\/noticias\\\/\",\"name\":\"CETYS\",\"description\":\"\",\"potentialAction\":[{\"@type\":\"SearchAction\",\"target\":{\"@type\":\"EntryPoint\",\"urlTemplate\":\"https:\\\/\\\/www.cetys.mx\\\/noticias\\\/?s={search_term_string}\"},\"query-input\":{\"@type\":\"PropertyValueSpecification\",\"valueRequired\":true,\"valueName\":\"search_term_string\"}}],\"inLanguage\":\"es\"},{\"@type\":\"Person\",\"@id\":\"https:\\\/\\\/www.cetys.mx\\\/noticias\\\/#\\\/schema\\\/person\\\/1a1a88c0b6586e66a2e9e88e07afc712\",\"name\":\"Campus Ensenada\",\"url\":\"https:\\\/\\\/www.cetys.mx\\\/noticias\\\/author\\\/campusensenada\\\/\"}]}<\/script>\n<!-- \/ Yoast SEO plugin. -->","yoast_head_json":{"title":"Comienza nueva etapa para Egresados: CETYS Alumni - CETYS","description":"Articulo sobre Comienza nueva etapa para Egresados: CETYS Alumni","robots":{"index":"index","follow":"follow","max-snippet":"max-snippet:-1","max-image-preview":"max-image-preview:large","max-video-preview":"max-video-preview:-1"},"canonical":"https:\/\/www.cetys.mx\/noticias\/redoblan-esfuerzos-con-la-comunidad-de-egresados-cetys-2\/","og_locale":"es_MX","og_type":"article","og_title":"Comienza nueva etapa para Egresados: CETYS Alumni - CETYS","og_description":"Articulo sobre Comienza nueva etapa para Egresados: CETYS Alumni","og_url":"https:\/\/www.cetys.mx\/noticias\/redoblan-esfuerzos-con-la-comunidad-de-egresados-cetys-2\/","og_site_name":"CETYS","article_publisher":"https:\/\/www.facebook.com\/cetysuniversidadmxl\/","article_published_time":"2016-06-06T18:11:28+00:00","article_modified_time":"2020-01-16T07:12:21+00:00","og_image":[{"width":958,"height":637,"url":"https:\/\/www.cetys.mx\/noticias\/wp-content\/uploads\/2016\/06\/alumni_2.jpg","type":"image\/jpeg"}],"author":"Campus Ensenada","twitter_card":"summary_large_image","twitter_creator":"@cetysuni","twitter_site":"@cetysuni","twitter_misc":{"Escrito por":"Campus Ensenada","Tiempo de lectura":"1 minuto"},"schema":{"@context":"https:\/\/schema.org","@graph":[{"@type":"Article","@id":"https:\/\/www.cetys.mx\/noticias\/redoblan-esfuerzos-con-la-comunidad-de-egresados-cetys-2\/#article","isPartOf":{"@id":"https:\/\/www.cetys.mx\/noticias\/redoblan-esfuerzos-con-la-comunidad-de-egresados-cetys-2\/"},"author":{"name":"Campus Ensenada","@id":"https:\/\/www.cetys.mx\/noticias\/#\/schema\/person\/1a1a88c0b6586e66a2e9e88e07afc712"},"headline":"Comienza nueva etapa para Egresados: CETYS Alumni","datePublished":"2016-06-06T18:11:28+00:00","dateModified":"2020-01-16T07:12:21+00:00","mainEntityOfPage":{"@id":"https:\/\/www.cetys.mx\/noticias\/redoblan-esfuerzos-con-la-comunidad-de-egresados-cetys-2\/"},"wordCount":138,"commentCount":5,"image":{"@id":"https:\/\/www.cetys.mx\/noticias\/redoblan-esfuerzos-con-la-comunidad-de-egresados-cetys-2\/#primaryimage"},"thumbnailUrl":"https:\/\/www.cetys.mx\/noticias\/wp-content\/uploads\/2016\/06\/alumni_2.jpg","articleSection":["Alumni","VoCETYS"],"inLanguage":"es","potentialAction":[{"@type":"CommentAction","name":"Comment","target":["https:\/\/www.cetys.mx\/noticias\/redoblan-esfuerzos-con-la-comunidad-de-egresados-cetys-2\/#respond"]}]},{"@type":"WebPage","@id":"https:\/\/www.cetys.mx\/noticias\/redoblan-esfuerzos-con-la-comunidad-de-egresados-cetys-2\/","url":"https:\/\/www.cetys.mx\/noticias\/redoblan-esfuerzos-con-la-comunidad-de-egresados-cetys-2\/","name":"Comienza nueva etapa para Egresados: CETYS Alumni - CETYS","isPartOf":{"@id":"https:\/\/www.cetys.mx\/noticias\/#website"},"primaryImageOfPage":{"@id":"https:\/\/www.cetys.mx\/noticias\/redoblan-esfuerzos-con-la-comunidad-de-egresados-cetys-2\/#primaryimage"},"image":{"@id":"https:\/\/www.cetys.mx\/noticias\/redoblan-esfuerzos-con-la-comunidad-de-egresados-cetys-2\/#primaryimage"},"thumbnailUrl":"https:\/\/www.cetys.mx\/noticias\/wp-content\/uploads\/2016\/06\/alumni_2.jpg","datePublished":"2016-06-06T18:11:28+00:00","dateModified":"2020-01-16T07:12:21+00:00","author":{"@id":"https:\/\/www.cetys.mx\/noticias\/#\/schema\/person\/1a1a88c0b6586e66a2e9e88e07afc712"},"description":"Articulo sobre Comienza nueva etapa para Egresados: CETYS Alumni","breadcrumb":{"@id":"https:\/\/www.cetys.mx\/noticias\/redoblan-esfuerzos-con-la-comunidad-de-egresados-cetys-2\/#breadcrumb"},"inLanguage":"es","potentialAction":[{"@type":"ReadAction","target":["https:\/\/www.cetys.mx\/noticias\/redoblan-esfuerzos-con-la-comunidad-de-egresados-cetys-2\/"]}]},{"@type":"ImageObject","inLanguage":"es","@id":"https:\/\/www.cetys.mx\/noticias\/redoblan-esfuerzos-con-la-comunidad-de-egresados-cetys-2\/#primaryimage","url":"https:\/\/www.cetys.mx\/noticias\/wp-content\/uploads\/2016\/06\/alumni_2.jpg","contentUrl":"https:\/\/www.cetys.mx\/noticias\/wp-content\/uploads\/2016\/06\/alumni_2.jpg","width":958,"height":637},{"@type":"BreadcrumbList","@id":"https:\/\/www.cetys.mx\/noticias\/redoblan-esfuerzos-con-la-comunidad-de-egresados-cetys-2\/#breadcrumb","itemListElement":[{"@type":"ListItem","position":1,"name":"Inicio","item":"https:\/\/www.cetys.mx\/noticias\/"},{"@type":"ListItem","position":2,"name":"Comienza nueva etapa para Egresados: CETYS Alumni"}]},{"@type":"WebSite","@id":"https:\/\/www.cetys.mx\/noticias\/#website","url":"https:\/\/www.cetys.mx\/noticias\/","name":"CETYS","description":"","potentialAction":[{"@type":"SearchAction","target":{"@type":"EntryPoint","urlTemplate":"https:\/\/www.cetys.mx\/noticias\/?s={search_term_string}"},"query-input":{"@type":"PropertyValueSpecification","valueRequired":true,"valueName":"search_term_string"}}],"inLanguage":"es"},{"@type":"Person","@id":"https:\/\/www.cetys.mx\/noticias\/#\/schema\/person\/1a1a88c0b6586e66a2e9e88e07afc712","name":"Campus Ensenada","url":"https:\/\/www.cetys.mx\/noticias\/author\/campusensenada\/"}]}},"_links":{"self":[{"href":"https:\/\/www.cetys.mx\/noticias\/wp-json\/wp\/v2\/posts\/51891","targetHints":{"allow":["GET"]}}],"collection":[{"href":"https:\/\/www.cetys.mx\/noticias\/wp-json\/wp\/v2\/posts"}],"about":[{"href":"https:\/\/www.cetys.mx\/noticias\/wp-json\/wp\/v2\/types\/post"}],"author":[{"embeddable":true,"href":"https:\/\/www.cetys.mx\/noticias\/wp-json\/wp\/v2\/users\/23"}],"replies":[{"embeddable":true,"href":"https:\/\/www.cetys.mx\/noticias\/wp-json\/wp\/v2\/comments?post=51891"}],"version-history":[{"count":0,"href":"https:\/\/www.cetys.mx\/noticias\/wp-json\/wp\/v2\/posts\/51891\/revisions"}],"wp:featuredmedia":[{"embeddable":true,"href":"https:\/\/www.cetys.mx\/noticias\/wp-json\/wp\/v2\/media\/51892"}],"wp:attachment":[{"href":"https:\/\/www.cetys.mx\/noticias\/wp-json\/wp\/v2\/media?parent=51891"}],"wp:term":[{"taxonomy":"category","embeddable":true,"href":"https:\/\/www.cetys.mx\/noticias\/wp-json\/wp\/v2\/categories?post=51891"},{"taxonomy":"post_tag","embeddable":true,"href":"https:\/\/www.cetys.mx\/noticias\/wp-json\/wp\/v2\/tags?post=51891"}],"curies":[{"name":"wp","href":"https:\/\/api.w.org\/{rel}","templated":true}]}}