{"id":51838,"date":"2016-05-31T16:05:29","date_gmt":"2016-05-31T23:05:29","guid":{"rendered":"http:\/\/vocetys.mx\/?p=51838"},"modified":"2016-07-14T20:33:12","modified_gmt":"2016-07-15T03:33:12","slug":"contadores-celebran-su-dia-en-tijuana","status":"publish","type":"post","link":"https:\/\/www.cetys.mx\/noticias\/contadores-celebran-su-dia-en-tijuana\/","title":{"rendered":"Contadores celebran con &#8220;Un minuto para ganar\u201d"},"content":{"rendered":"<div id=\"attachment_51842\" style=\"width: 330px\" class=\"wp-caption alignright\"><img loading=\"lazy\" decoding=\"async\" aria-describedby=\"caption-attachment-51842\" class=\"wp-image-51842\" src=\"https:\/\/www.cetys.mx\/noticias\/wp-content\/uploads\/2016\/05\/cetys_retocontable3.jpg\" alt=\"\" width=\"320\" height=\"213\" \/><p id=\"caption-attachment-51842\" class=\"wp-caption-text\">Universitarios pusieron a prueba sus habilidades.<\/p><\/div>\n<p>La firma internacional <a href=\"https:\/\/www2.deloitte.com\/mx\/es.html\">Deloitte <\/a>y la Coordinaci\u00f3n de la <a href=\"https:\/\/www.cetys.mx\/22-licenciado-en-contador-publico-internacional\/\">Licenciatura en Contador P\u00fablico Internacional<\/a> hicieron mancuerna para celebrar a los contadores del <a href=\"https:\/\/www.cetys.mx\/\">CETYS Campus Tijuana<\/a> a trav\u00e9s del concurso <strong>\u201c1 Minuto para ganar: Reto VIP Contable\u201d<\/strong>; trayendo el conocido formato televisivo al Auditorio \u201cCorporaci\u00f3n del Fuerte\u201d donde cerca de lucharon por el primer lugar.<\/p>\n<p><strong>Los equipos<\/strong> conformados por 4 miembros de la comunidad de contadur\u00eda <strong>pusieron a prueba su potencial y conocimientos a trav\u00e9s de diversas din\u00e1micas<\/strong>; donde destacaron rondas de preguntas con datos espec\u00edficos y retos con habilidades f\u00edsicas, como crear una pir\u00e1mide de vasos y cadena de ganchos en el menor tiempo posible.<\/p>\n<div id=\"attachment_51841\" style=\"width: 330px\" class=\"wp-caption alignleft\"><img loading=\"lazy\" decoding=\"async\" aria-describedby=\"caption-attachment-51841\" class=\"wp-image-51841\" src=\"https:\/\/www.cetys.mx\/noticias\/wp-content\/uploads\/2016\/05\/cetys_retocontable2.jpg\" alt=\"cetys_retocontable2\" width=\"320\" height=\"213\" \/><p id=\"caption-attachment-51841\" class=\"wp-caption-text\">Ellos fueron los contadores ganadores de &#8220;1 minuto para ganar&#8221;.<\/p><\/div>\n<p>Durante la competencia, adem\u00e1s de los participantes, <strong>las porras de los concursantes se hicieron presentes y cada una de ellas luch\u00f3 por un premio como \u201cLa mejor porra\u201d<\/strong>. En la \u00faltima ronda las cosas se pusieron re\u00f1idas, sin embargo, s\u00f3lo hubo un equipo ganador.<\/p>\n<p>Siendo <em>Viviana Kennedy, Lorena Guti\u00e9rrez, Guillermo y Eduardo Sotelo<\/em> los <strong>alumnos ganadores<\/strong> de la primera edici\u00f3n en Baja California de \u201c1 Minuto para ganar: Reto VIP Contable\u201d.<\/p>\n","protected":false},"excerpt":{"rendered":"<p>La firma internacional Deloitte y la Coordinaci\u00f3n de la Licenciatura en Contador P\u00fablico Internacional hicieron mancuerna para celebrar a los contadores del&#8230;<\/p>\n","protected":false},"author":24,"featured_media":51840,"comment_status":"open","ping_status":"open","sticky":false,"template":"","format":"standard","meta":{"footnotes":""},"categories":[110],"tags":[328,638,637,554,176,824,823],"class_list":["post-51838","post","type-post","status-publish","format-standard","has-post-thumbnail","hentry","category-academia","tag-campustijuana","tag-contador","tag-contaduria","tag-deloitte","tag-profesional","tag-unminutoparaganar","tag-vocetys-2016-05-31"],"yoast_head":"<!-- This site is optimized with the Yoast SEO plugin v27.4 - https:\/\/yoast.com\/product\/yoast-seo-wordpress\/ -->\n<title>Contadores celebran con &quot;Un minuto para ganar\u201d - CETYS<\/title>\n<meta name=\"description\" content=\"En el marco de su d\u00eda, los contadores del CETYS pusieron a prueba sus habilidades en conjunto con la firma Deloitte.\" \/>\n<meta name=\"robots\" content=\"index, follow, max-snippet:-1, max-image-preview:large, max-video-preview:-1\" \/>\n<link rel=\"canonical\" href=\"https:\/\/www.cetys.mx\/noticias\/contadores-celebran-su-dia-en-tijuana\/\" \/>\n<meta property=\"og:locale\" content=\"es_MX\" \/>\n<meta property=\"og:type\" content=\"article\" \/>\n<meta property=\"og:title\" content=\"Contadores celebran con &quot;Un minuto para ganar\u201d - CETYS\" \/>\n<meta property=\"og:description\" content=\"En el marco de su d\u00eda, los contadores del CETYS pusieron a prueba sus habilidades en conjunto con la firma Deloitte.\" \/>\n<meta property=\"og:url\" content=\"https:\/\/www.cetys.mx\/noticias\/contadores-celebran-su-dia-en-tijuana\/\" \/>\n<meta property=\"og:site_name\" content=\"CETYS\" \/>\n<meta property=\"article:publisher\" content=\"https:\/\/www.facebook.com\/cetysuniversidadmxl\/\" \/>\n<meta property=\"article:published_time\" content=\"2016-05-31T23:05:29+00:00\" \/>\n<meta property=\"article:modified_time\" content=\"2016-07-15T03:33:12+00:00\" \/>\n<meta property=\"og:image\" content=\"https:\/\/www.cetys.mx\/noticias\/wp-content\/uploads\/2016\/05\/cetys_retocontable1.jpg\" \/>\n\t<meta property=\"og:image:width\" content=\"958\" \/>\n\t<meta property=\"og:image:height\" content=\"637\" \/>\n\t<meta property=\"og:image:type\" content=\"image\/jpeg\" \/>\n<meta name=\"author\" content=\"Campus Tijuana\" \/>\n<meta name=\"twitter:card\" content=\"summary_large_image\" \/>\n<meta name=\"twitter:creator\" content=\"@cetysuni\" \/>\n<meta name=\"twitter:site\" content=\"@cetysuni\" \/>\n<meta name=\"twitter:label1\" content=\"Escrito por\" \/>\n\t<meta name=\"twitter:data1\" content=\"Campus Tijuana\" \/>\n\t<meta name=\"twitter:label2\" content=\"Tiempo de lectura\" \/>\n\t<meta name=\"twitter:data2\" content=\"1 minuto\" \/>\n<script type=\"application\/ld+json\" class=\"yoast-schema-graph\">{\"@context\":\"https:\\\/\\\/schema.org\",\"@graph\":[{\"@type\":\"Article\",\"@id\":\"https:\\\/\\\/www.cetys.mx\\\/noticias\\\/contadores-celebran-su-dia-en-tijuana\\\/#article\",\"isPartOf\":{\"@id\":\"https:\\\/\\\/www.cetys.mx\\\/noticias\\\/contadores-celebran-su-dia-en-tijuana\\\/\"},\"author\":{\"name\":\"Campus Tijuana\",\"@id\":\"https:\\\/\\\/www.cetys.mx\\\/noticias\\\/#\\\/schema\\\/person\\\/e790051ce60e18ae47cfa87011c8653f\"},\"headline\":\"Contadores celebran con &#8220;Un minuto para ganar\u201d\",\"datePublished\":\"2016-05-31T23:05:29+00:00\",\"dateModified\":\"2016-07-15T03:33:12+00:00\",\"mainEntityOfPage\":{\"@id\":\"https:\\\/\\\/www.cetys.mx\\\/noticias\\\/contadores-celebran-su-dia-en-tijuana\\\/\"},\"wordCount\":224,\"commentCount\":0,\"image\":{\"@id\":\"https:\\\/\\\/www.cetys.mx\\\/noticias\\\/contadores-celebran-su-dia-en-tijuana\\\/#primaryimage\"},\"thumbnailUrl\":\"https:\\\/\\\/www.cetys.mx\\\/noticias\\\/wp-content\\\/uploads\\\/2016\\\/05\\\/cetys_retocontable1.jpg\",\"keywords\":[\"campustijuana\",\"Contador\",\"Contadur\u00eda\",\"Deloitte\",\"profesional\",\"unminutoparaganar\",\"vocetys-2016-05-31\"],\"articleSection\":[\"Academia\"],\"inLanguage\":\"es\",\"potentialAction\":[{\"@type\":\"CommentAction\",\"name\":\"Comment\",\"target\":[\"https:\\\/\\\/www.cetys.mx\\\/noticias\\\/contadores-celebran-su-dia-en-tijuana\\\/#respond\"]}]},{\"@type\":\"WebPage\",\"@id\":\"https:\\\/\\\/www.cetys.mx\\\/noticias\\\/contadores-celebran-su-dia-en-tijuana\\\/\",\"url\":\"https:\\\/\\\/www.cetys.mx\\\/noticias\\\/contadores-celebran-su-dia-en-tijuana\\\/\",\"name\":\"Contadores celebran con \\\"Un minuto para ganar\u201d - CETYS\",\"isPartOf\":{\"@id\":\"https:\\\/\\\/www.cetys.mx\\\/noticias\\\/#website\"},\"primaryImageOfPage\":{\"@id\":\"https:\\\/\\\/www.cetys.mx\\\/noticias\\\/contadores-celebran-su-dia-en-tijuana\\\/#primaryimage\"},\"image\":{\"@id\":\"https:\\\/\\\/www.cetys.mx\\\/noticias\\\/contadores-celebran-su-dia-en-tijuana\\\/#primaryimage\"},\"thumbnailUrl\":\"https:\\\/\\\/www.cetys.mx\\\/noticias\\\/wp-content\\\/uploads\\\/2016\\\/05\\\/cetys_retocontable1.jpg\",\"datePublished\":\"2016-05-31T23:05:29+00:00\",\"dateModified\":\"2016-07-15T03:33:12+00:00\",\"author\":{\"@id\":\"https:\\\/\\\/www.cetys.mx\\\/noticias\\\/#\\\/schema\\\/person\\\/e790051ce60e18ae47cfa87011c8653f\"},\"description\":\"En el marco de su d\u00eda, los contadores del CETYS pusieron a prueba sus habilidades en conjunto con la firma Deloitte.\",\"breadcrumb\":{\"@id\":\"https:\\\/\\\/www.cetys.mx\\\/noticias\\\/contadores-celebran-su-dia-en-tijuana\\\/#breadcrumb\"},\"inLanguage\":\"es\",\"potentialAction\":[{\"@type\":\"ReadAction\",\"target\":[\"https:\\\/\\\/www.cetys.mx\\\/noticias\\\/contadores-celebran-su-dia-en-tijuana\\\/\"]}]},{\"@type\":\"ImageObject\",\"inLanguage\":\"es\",\"@id\":\"https:\\\/\\\/www.cetys.mx\\\/noticias\\\/contadores-celebran-su-dia-en-tijuana\\\/#primaryimage\",\"url\":\"https:\\\/\\\/www.cetys.mx\\\/noticias\\\/wp-content\\\/uploads\\\/2016\\\/05\\\/cetys_retocontable1.jpg\",\"contentUrl\":\"https:\\\/\\\/www.cetys.mx\\\/noticias\\\/wp-content\\\/uploads\\\/2016\\\/05\\\/cetys_retocontable1.jpg\",\"width\":958,\"height\":637},{\"@type\":\"BreadcrumbList\",\"@id\":\"https:\\\/\\\/www.cetys.mx\\\/noticias\\\/contadores-celebran-su-dia-en-tijuana\\\/#breadcrumb\",\"itemListElement\":[{\"@type\":\"ListItem\",\"position\":1,\"name\":\"Inicio\",\"item\":\"https:\\\/\\\/www.cetys.mx\\\/noticias\\\/\"},{\"@type\":\"ListItem\",\"position\":2,\"name\":\"Contadores celebran con &#8220;Un minuto para ganar\u201d\"}]},{\"@type\":\"WebSite\",\"@id\":\"https:\\\/\\\/www.cetys.mx\\\/noticias\\\/#website\",\"url\":\"https:\\\/\\\/www.cetys.mx\\\/noticias\\\/\",\"name\":\"CETYS\",\"description\":\"\",\"potentialAction\":[{\"@type\":\"SearchAction\",\"target\":{\"@type\":\"EntryPoint\",\"urlTemplate\":\"https:\\\/\\\/www.cetys.mx\\\/noticias\\\/?s={search_term_string}\"},\"query-input\":{\"@type\":\"PropertyValueSpecification\",\"valueRequired\":true,\"valueName\":\"search_term_string\"}}],\"inLanguage\":\"es\"},{\"@type\":\"Person\",\"@id\":\"https:\\\/\\\/www.cetys.mx\\\/noticias\\\/#\\\/schema\\\/person\\\/e790051ce60e18ae47cfa87011c8653f\",\"name\":\"Campus Tijuana\",\"url\":\"https:\\\/\\\/www.cetys.mx\\\/noticias\\\/author\\\/campustijuana\\\/\"}]}<\/script>\n<!-- \/ Yoast SEO plugin. -->","yoast_head_json":{"title":"Contadores celebran con \"Un minuto para ganar\u201d - CETYS","description":"En el marco de su d\u00eda, los contadores del CETYS pusieron a prueba sus habilidades en conjunto con la firma Deloitte.","robots":{"index":"index","follow":"follow","max-snippet":"max-snippet:-1","max-image-preview":"max-image-preview:large","max-video-preview":"max-video-preview:-1"},"canonical":"https:\/\/www.cetys.mx\/noticias\/contadores-celebran-su-dia-en-tijuana\/","og_locale":"es_MX","og_type":"article","og_title":"Contadores celebran con \"Un minuto para ganar\u201d - CETYS","og_description":"En el marco de su d\u00eda, los contadores del CETYS pusieron a prueba sus habilidades en conjunto con la firma Deloitte.","og_url":"https:\/\/www.cetys.mx\/noticias\/contadores-celebran-su-dia-en-tijuana\/","og_site_name":"CETYS","article_publisher":"https:\/\/www.facebook.com\/cetysuniversidadmxl\/","article_published_time":"2016-05-31T23:05:29+00:00","article_modified_time":"2016-07-15T03:33:12+00:00","og_image":[{"width":958,"height":637,"url":"https:\/\/www.cetys.mx\/noticias\/wp-content\/uploads\/2016\/05\/cetys_retocontable1.jpg","type":"image\/jpeg"}],"author":"Campus Tijuana","twitter_card":"summary_large_image","twitter_creator":"@cetysuni","twitter_site":"@cetysuni","twitter_misc":{"Escrito por":"Campus Tijuana","Tiempo de lectura":"1 minuto"},"schema":{"@context":"https:\/\/schema.org","@graph":[{"@type":"Article","@id":"https:\/\/www.cetys.mx\/noticias\/contadores-celebran-su-dia-en-tijuana\/#article","isPartOf":{"@id":"https:\/\/www.cetys.mx\/noticias\/contadores-celebran-su-dia-en-tijuana\/"},"author":{"name":"Campus Tijuana","@id":"https:\/\/www.cetys.mx\/noticias\/#\/schema\/person\/e790051ce60e18ae47cfa87011c8653f"},"headline":"Contadores celebran con &#8220;Un minuto para ganar\u201d","datePublished":"2016-05-31T23:05:29+00:00","dateModified":"2016-07-15T03:33:12+00:00","mainEntityOfPage":{"@id":"https:\/\/www.cetys.mx\/noticias\/contadores-celebran-su-dia-en-tijuana\/"},"wordCount":224,"commentCount":0,"image":{"@id":"https:\/\/www.cetys.mx\/noticias\/contadores-celebran-su-dia-en-tijuana\/#primaryimage"},"thumbnailUrl":"https:\/\/www.cetys.mx\/noticias\/wp-content\/uploads\/2016\/05\/cetys_retocontable1.jpg","keywords":["campustijuana","Contador","Contadur\u00eda","Deloitte","profesional","unminutoparaganar","vocetys-2016-05-31"],"articleSection":["Academia"],"inLanguage":"es","potentialAction":[{"@type":"CommentAction","name":"Comment","target":["https:\/\/www.cetys.mx\/noticias\/contadores-celebran-su-dia-en-tijuana\/#respond"]}]},{"@type":"WebPage","@id":"https:\/\/www.cetys.mx\/noticias\/contadores-celebran-su-dia-en-tijuana\/","url":"https:\/\/www.cetys.mx\/noticias\/contadores-celebran-su-dia-en-tijuana\/","name":"Contadores celebran con \"Un minuto para ganar\u201d - CETYS","isPartOf":{"@id":"https:\/\/www.cetys.mx\/noticias\/#website"},"primaryImageOfPage":{"@id":"https:\/\/www.cetys.mx\/noticias\/contadores-celebran-su-dia-en-tijuana\/#primaryimage"},"image":{"@id":"https:\/\/www.cetys.mx\/noticias\/contadores-celebran-su-dia-en-tijuana\/#primaryimage"},"thumbnailUrl":"https:\/\/www.cetys.mx\/noticias\/wp-content\/uploads\/2016\/05\/cetys_retocontable1.jpg","datePublished":"2016-05-31T23:05:29+00:00","dateModified":"2016-07-15T03:33:12+00:00","author":{"@id":"https:\/\/www.cetys.mx\/noticias\/#\/schema\/person\/e790051ce60e18ae47cfa87011c8653f"},"description":"En el marco de su d\u00eda, los contadores del CETYS pusieron a prueba sus habilidades en conjunto con la firma Deloitte.","breadcrumb":{"@id":"https:\/\/www.cetys.mx\/noticias\/contadores-celebran-su-dia-en-tijuana\/#breadcrumb"},"inLanguage":"es","potentialAction":[{"@type":"ReadAction","target":["https:\/\/www.cetys.mx\/noticias\/contadores-celebran-su-dia-en-tijuana\/"]}]},{"@type":"ImageObject","inLanguage":"es","@id":"https:\/\/www.cetys.mx\/noticias\/contadores-celebran-su-dia-en-tijuana\/#primaryimage","url":"https:\/\/www.cetys.mx\/noticias\/wp-content\/uploads\/2016\/05\/cetys_retocontable1.jpg","contentUrl":"https:\/\/www.cetys.mx\/noticias\/wp-content\/uploads\/2016\/05\/cetys_retocontable1.jpg","width":958,"height":637},{"@type":"BreadcrumbList","@id":"https:\/\/www.cetys.mx\/noticias\/contadores-celebran-su-dia-en-tijuana\/#breadcrumb","itemListElement":[{"@type":"ListItem","position":1,"name":"Inicio","item":"https:\/\/www.cetys.mx\/noticias\/"},{"@type":"ListItem","position":2,"name":"Contadores celebran con &#8220;Un minuto para ganar\u201d"}]},{"@type":"WebSite","@id":"https:\/\/www.cetys.mx\/noticias\/#website","url":"https:\/\/www.cetys.mx\/noticias\/","name":"CETYS","description":"","potentialAction":[{"@type":"SearchAction","target":{"@type":"EntryPoint","urlTemplate":"https:\/\/www.cetys.mx\/noticias\/?s={search_term_string}"},"query-input":{"@type":"PropertyValueSpecification","valueRequired":true,"valueName":"search_term_string"}}],"inLanguage":"es"},{"@type":"Person","@id":"https:\/\/www.cetys.mx\/noticias\/#\/schema\/person\/e790051ce60e18ae47cfa87011c8653f","name":"Campus Tijuana","url":"https:\/\/www.cetys.mx\/noticias\/author\/campustijuana\/"}]}},"_links":{"self":[{"href":"https:\/\/www.cetys.mx\/noticias\/wp-json\/wp\/v2\/posts\/51838","targetHints":{"allow":["GET"]}}],"collection":[{"href":"https:\/\/www.cetys.mx\/noticias\/wp-json\/wp\/v2\/posts"}],"about":[{"href":"https:\/\/www.cetys.mx\/noticias\/wp-json\/wp\/v2\/types\/post"}],"author":[{"embeddable":true,"href":"https:\/\/www.cetys.mx\/noticias\/wp-json\/wp\/v2\/users\/24"}],"replies":[{"embeddable":true,"href":"https:\/\/www.cetys.mx\/noticias\/wp-json\/wp\/v2\/comments?post=51838"}],"version-history":[{"count":0,"href":"https:\/\/www.cetys.mx\/noticias\/wp-json\/wp\/v2\/posts\/51838\/revisions"}],"wp:featuredmedia":[{"embeddable":true,"href":"https:\/\/www.cetys.mx\/noticias\/wp-json\/wp\/v2\/media\/51840"}],"wp:attachment":[{"href":"https:\/\/www.cetys.mx\/noticias\/wp-json\/wp\/v2\/media?parent=51838"}],"wp:term":[{"taxonomy":"category","embeddable":true,"href":"https:\/\/www.cetys.mx\/noticias\/wp-json\/wp\/v2\/categories?post=51838"},{"taxonomy":"post_tag","embeddable":true,"href":"https:\/\/www.cetys.mx\/noticias\/wp-json\/wp\/v2\/tags?post=51838"}],"curies":[{"name":"wp","href":"https:\/\/api.w.org\/{rel}","templated":true}]}}