{"id":51816,"date":"2016-05-30T13:44:40","date_gmt":"2016-05-30T20:44:40","guid":{"rendered":"http:\/\/vocetys.mx\/?p=51816"},"modified":"2016-05-31T15:26:06","modified_gmt":"2016-05-31T22:26:06","slug":"formalizan-alianza-con-la-utep","status":"publish","type":"post","link":"https:\/\/www.cetys.mx\/noticias\/formalizan-alianza-con-la-utep\/","title":{"rendered":"Formalizan alianza con la UTEP"},"content":{"rendered":"<p align=\"justify\">Ante profesores y estudiantes de la <strong><a href=\"https:\/\/www.google.com.mx\/url?sa=t&amp;rct=j&amp;q=&amp;esrc=s&amp;source=web&amp;cd=1&amp;cad=rja&amp;uact=8&amp;ved=0ahUKEwjzj7ms04LNAhUBzWMKHaMRCxQQFgglMAA&amp;url=http%3A%2F%2Fwww.utep.edu%2F&amp;usg=AFQjCNHBwP_9U9b14yrKSVOon9C_sYR1qw&amp;sig2=MIBV1rU9afedXt271AMiYA\">Universidad de Texas, El Paso (UTEP) <\/a><\/strong>y de <strong>CETYS Universidad<\/strong> como testigos de honor, el 27 de mayo se formaliz\u00f3 un convenio de colaboraci\u00f3n entre ambas instituciones. El acuerdo fue firmado por la<strong> <a href=\"https:\/\/noticias.entravision.com\/el-centro\/2016\/04\/21\/dra-diana-natalicio-entre-los-mas-influyentes-del-mundo\/\">Dra. Diana Natalicio<\/a><\/strong>, Rectora de UTEP, y el Dr. Fernando Le\u00f3n Garc\u00eda, Rector del CETYS.<\/p>\n<p align=\"justify\">El Dr. Le\u00f3n Garc\u00eda se\u00f1al\u00f3 que este ha sido un paso m\u00e1s en la relaci\u00f3n entre las dos universidades, que a trav\u00e9s de <strong><a href=\"https:\/\/www.cetys.mx\/noticias\/cetys-y-utep-realizan-proyectos-de-ingenieria\/\">proyectos en conjunto<\/a><\/strong> han trabajado para fortalecer la relaci\u00f3n acad\u00e9mica entre M\u00e9xico y Estados Unidos, creando mayores oportunidades de intercambio de conocimiento en ambos lados de la frontera.<\/p>\n<blockquote>\n<p align=\"justify\">\u201cUn equipo binacional de profesores y estudiantes de UTEP y CETYS ha venido desarrollando <strong><a href=\"https:\/\/www.cetys.mx\/noticias\/proyectos-sustentables-para-el-valle-de-guadalupe-2\/\">un proyecto de comunidades sustentables<\/a><\/strong> enfocado a la industria vitivin\u00edcola del Valle de Guadalupe, como parte de la Iniciativa de la<strong><a href=\"https:\/\/www.100kstrongamericas.org\/es\"> Fuerza de los 100,000 para las Am\u00e9ricas<\/a><\/strong>\u201d, expres\u00f3 el Rector.<\/p>\n<\/blockquote>\n<p align=\"justify\">Destac\u00f3 que la UTEP es una instituci\u00f3n con m\u00e1s de 23,000 alumnos, considerada entre las diez mejores en investigaci\u00f3n en EUA, y entre las m\u00e1s activas en colaboraci\u00f3n con M\u00e9xico.<\/p>\n<p align=\"justify\">La relaci\u00f3n de CETYS y UTEP se extiende tambi\u00e9n al profesorado: recientemente concluy\u00f3 su estancia en la universidad texana la Dra. Patricia Vald\u00e9s, Directora Acad\u00e9mica del CETYS Campus Tijuana, qui\u00e9n form\u00f3 parte del programa de <a href=\"https:\/\/www.acenet.edu\/leadership\/programs\/Pages\/ACE-Fellows-Program.aspx\">desarrollo de liderazgo<\/a> del <strong><a href=\"https:\/\/www.acenet.edu\/Pages\/default.aspx\">American Council on Education.<\/a><\/strong><\/p>\n","protected":false},"excerpt":{"rendered":"<p>Ante profesores y estudiantes de la Universidad de Texas, El Paso (UTEP) y de CETYS Universidad como testigos de honor, el 27&#8230;<\/p>\n","protected":false},"author":1,"featured_media":51817,"comment_status":"open","ping_status":"open","sticky":false,"template":"","format":"standard","meta":{"footnotes":""},"categories":[209,108,313],"tags":[820,679,221,823],"class_list":["post-51816","post","type-post","status-publish","format-standard","has-post-thumbnail","hentry","category-institucional","category-internacionales","category-vocetys-2","tag-binacional","tag-convenios","tag-internacional","tag-vocetys-2016-05-31","univesidades-utep"],"yoast_head":"<!-- This site is optimized with the Yoast SEO plugin v27.4 - https:\/\/yoast.com\/product\/yoast-seo-wordpress\/ -->\n<title>Formalizan alianza con la UTEP - CETYS<\/title>\n<meta name=\"description\" content=\"Articulo sobre Formalizan alianza con la UTEP\" \/>\n<meta name=\"robots\" content=\"index, follow, max-snippet:-1, max-image-preview:large, max-video-preview:-1\" \/>\n<link rel=\"canonical\" href=\"https:\/\/www.cetys.mx\/noticias\/formalizan-alianza-con-la-utep\/\" \/>\n<meta property=\"og:locale\" content=\"es_MX\" \/>\n<meta property=\"og:type\" content=\"article\" \/>\n<meta property=\"og:title\" content=\"Formalizan alianza con la UTEP - CETYS\" \/>\n<meta property=\"og:description\" content=\"Articulo sobre Formalizan alianza con la UTEP\" \/>\n<meta property=\"og:url\" content=\"https:\/\/www.cetys.mx\/noticias\/formalizan-alianza-con-la-utep\/\" \/>\n<meta property=\"og:site_name\" content=\"CETYS\" \/>\n<meta property=\"article:publisher\" content=\"https:\/\/www.facebook.com\/cetysuniversidadmxl\/\" \/>\n<meta property=\"article:published_time\" content=\"2016-05-30T20:44:40+00:00\" \/>\n<meta property=\"article:modified_time\" content=\"2016-05-31T22:26:06+00:00\" \/>\n<meta property=\"og:image\" content=\"https:\/\/www.cetys.mx\/noticias\/wp-content\/uploads\/2016\/05\/Image-1.jpg\" \/>\n\t<meta property=\"og:image:width\" content=\"1280\" \/>\n\t<meta property=\"og:image:height\" content=\"932\" \/>\n\t<meta property=\"og:image:type\" content=\"image\/jpeg\" \/>\n<meta name=\"author\" content=\"Sistema CETYS Universidad\" \/>\n<meta name=\"twitter:card\" content=\"summary_large_image\" \/>\n<meta name=\"twitter:creator\" content=\"@cetysuni\" \/>\n<meta name=\"twitter:site\" content=\"@cetysuni\" \/>\n<meta name=\"twitter:label1\" content=\"Escrito por\" \/>\n\t<meta name=\"twitter:data1\" content=\"Sistema CETYS Universidad\" \/>\n\t<meta name=\"twitter:label2\" content=\"Tiempo de lectura\" \/>\n\t<meta name=\"twitter:data2\" content=\"1 minuto\" \/>\n<script type=\"application\/ld+json\" class=\"yoast-schema-graph\">{\"@context\":\"https:\\\/\\\/schema.org\",\"@graph\":[{\"@type\":\"Article\",\"@id\":\"https:\\\/\\\/www.cetys.mx\\\/noticias\\\/formalizan-alianza-con-la-utep\\\/#article\",\"isPartOf\":{\"@id\":\"https:\\\/\\\/www.cetys.mx\\\/noticias\\\/formalizan-alianza-con-la-utep\\\/\"},\"author\":{\"name\":\"Sistema CETYS Universidad\",\"@id\":\"https:\\\/\\\/www.cetys.mx\\\/noticias\\\/#\\\/schema\\\/person\\\/c4eb69b020e39dc99cef8335a64ccb4b\"},\"headline\":\"Formalizan alianza con la UTEP\",\"datePublished\":\"2016-05-30T20:44:40+00:00\",\"dateModified\":\"2016-05-31T22:26:06+00:00\",\"mainEntityOfPage\":{\"@id\":\"https:\\\/\\\/www.cetys.mx\\\/noticias\\\/formalizan-alianza-con-la-utep\\\/\"},\"wordCount\":250,\"commentCount\":1,\"image\":{\"@id\":\"https:\\\/\\\/www.cetys.mx\\\/noticias\\\/formalizan-alianza-con-la-utep\\\/#primaryimage\"},\"thumbnailUrl\":\"https:\\\/\\\/www.cetys.mx\\\/noticias\\\/wp-content\\\/uploads\\\/2016\\\/05\\\/Image-1.jpg\",\"keywords\":[\"binacional\",\"convenios\",\"internacional\",\"vocetys-2016-05-31\"],\"articleSection\":[\"Institucional\",\"Internacionales\",\"VoCETYS\"],\"inLanguage\":\"es\",\"potentialAction\":[{\"@type\":\"CommentAction\",\"name\":\"Comment\",\"target\":[\"https:\\\/\\\/www.cetys.mx\\\/noticias\\\/formalizan-alianza-con-la-utep\\\/#respond\"]}]},{\"@type\":\"WebPage\",\"@id\":\"https:\\\/\\\/www.cetys.mx\\\/noticias\\\/formalizan-alianza-con-la-utep\\\/\",\"url\":\"https:\\\/\\\/www.cetys.mx\\\/noticias\\\/formalizan-alianza-con-la-utep\\\/\",\"name\":\"Formalizan alianza con la UTEP - CETYS\",\"isPartOf\":{\"@id\":\"https:\\\/\\\/www.cetys.mx\\\/noticias\\\/#website\"},\"primaryImageOfPage\":{\"@id\":\"https:\\\/\\\/www.cetys.mx\\\/noticias\\\/formalizan-alianza-con-la-utep\\\/#primaryimage\"},\"image\":{\"@id\":\"https:\\\/\\\/www.cetys.mx\\\/noticias\\\/formalizan-alianza-con-la-utep\\\/#primaryimage\"},\"thumbnailUrl\":\"https:\\\/\\\/www.cetys.mx\\\/noticias\\\/wp-content\\\/uploads\\\/2016\\\/05\\\/Image-1.jpg\",\"datePublished\":\"2016-05-30T20:44:40+00:00\",\"dateModified\":\"2016-05-31T22:26:06+00:00\",\"author\":{\"@id\":\"https:\\\/\\\/www.cetys.mx\\\/noticias\\\/#\\\/schema\\\/person\\\/c4eb69b020e39dc99cef8335a64ccb4b\"},\"description\":\"Articulo sobre Formalizan alianza con la UTEP\",\"breadcrumb\":{\"@id\":\"https:\\\/\\\/www.cetys.mx\\\/noticias\\\/formalizan-alianza-con-la-utep\\\/#breadcrumb\"},\"inLanguage\":\"es\",\"potentialAction\":[{\"@type\":\"ReadAction\",\"target\":[\"https:\\\/\\\/www.cetys.mx\\\/noticias\\\/formalizan-alianza-con-la-utep\\\/\"]}]},{\"@type\":\"ImageObject\",\"inLanguage\":\"es\",\"@id\":\"https:\\\/\\\/www.cetys.mx\\\/noticias\\\/formalizan-alianza-con-la-utep\\\/#primaryimage\",\"url\":\"https:\\\/\\\/www.cetys.mx\\\/noticias\\\/wp-content\\\/uploads\\\/2016\\\/05\\\/Image-1.jpg\",\"contentUrl\":\"https:\\\/\\\/www.cetys.mx\\\/noticias\\\/wp-content\\\/uploads\\\/2016\\\/05\\\/Image-1.jpg\",\"width\":1280,\"height\":932,\"caption\":\"cetys_utep\"},{\"@type\":\"BreadcrumbList\",\"@id\":\"https:\\\/\\\/www.cetys.mx\\\/noticias\\\/formalizan-alianza-con-la-utep\\\/#breadcrumb\",\"itemListElement\":[{\"@type\":\"ListItem\",\"position\":1,\"name\":\"Inicio\",\"item\":\"https:\\\/\\\/www.cetys.mx\\\/noticias\\\/\"},{\"@type\":\"ListItem\",\"position\":2,\"name\":\"Formalizan alianza con la UTEP\"}]},{\"@type\":\"WebSite\",\"@id\":\"https:\\\/\\\/www.cetys.mx\\\/noticias\\\/#website\",\"url\":\"https:\\\/\\\/www.cetys.mx\\\/noticias\\\/\",\"name\":\"CETYS\",\"description\":\"\",\"potentialAction\":[{\"@type\":\"SearchAction\",\"target\":{\"@type\":\"EntryPoint\",\"urlTemplate\":\"https:\\\/\\\/www.cetys.mx\\\/noticias\\\/?s={search_term_string}\"},\"query-input\":{\"@type\":\"PropertyValueSpecification\",\"valueRequired\":true,\"valueName\":\"search_term_string\"}}],\"inLanguage\":\"es\"},{\"@type\":\"Person\",\"@id\":\"https:\\\/\\\/www.cetys.mx\\\/noticias\\\/#\\\/schema\\\/person\\\/c4eb69b020e39dc99cef8335a64ccb4b\",\"name\":\"Sistema CETYS Universidad\",\"url\":\"https:\\\/\\\/www.cetys.mx\\\/noticias\\\/author\\\/lorenaruiz\\\/\"}]}<\/script>\n<!-- \/ Yoast SEO plugin. -->","yoast_head_json":{"title":"Formalizan alianza con la UTEP - CETYS","description":"Articulo sobre Formalizan alianza con la UTEP","robots":{"index":"index","follow":"follow","max-snippet":"max-snippet:-1","max-image-preview":"max-image-preview:large","max-video-preview":"max-video-preview:-1"},"canonical":"https:\/\/www.cetys.mx\/noticias\/formalizan-alianza-con-la-utep\/","og_locale":"es_MX","og_type":"article","og_title":"Formalizan alianza con la UTEP - CETYS","og_description":"Articulo sobre Formalizan alianza con la UTEP","og_url":"https:\/\/www.cetys.mx\/noticias\/formalizan-alianza-con-la-utep\/","og_site_name":"CETYS","article_publisher":"https:\/\/www.facebook.com\/cetysuniversidadmxl\/","article_published_time":"2016-05-30T20:44:40+00:00","article_modified_time":"2016-05-31T22:26:06+00:00","og_image":[{"width":1280,"height":932,"url":"https:\/\/www.cetys.mx\/noticias\/wp-content\/uploads\/2016\/05\/Image-1.jpg","type":"image\/jpeg"}],"author":"Sistema CETYS Universidad","twitter_card":"summary_large_image","twitter_creator":"@cetysuni","twitter_site":"@cetysuni","twitter_misc":{"Escrito por":"Sistema CETYS Universidad","Tiempo de lectura":"1 minuto"},"schema":{"@context":"https:\/\/schema.org","@graph":[{"@type":"Article","@id":"https:\/\/www.cetys.mx\/noticias\/formalizan-alianza-con-la-utep\/#article","isPartOf":{"@id":"https:\/\/www.cetys.mx\/noticias\/formalizan-alianza-con-la-utep\/"},"author":{"name":"Sistema CETYS Universidad","@id":"https:\/\/www.cetys.mx\/noticias\/#\/schema\/person\/c4eb69b020e39dc99cef8335a64ccb4b"},"headline":"Formalizan alianza con la UTEP","datePublished":"2016-05-30T20:44:40+00:00","dateModified":"2016-05-31T22:26:06+00:00","mainEntityOfPage":{"@id":"https:\/\/www.cetys.mx\/noticias\/formalizan-alianza-con-la-utep\/"},"wordCount":250,"commentCount":1,"image":{"@id":"https:\/\/www.cetys.mx\/noticias\/formalizan-alianza-con-la-utep\/#primaryimage"},"thumbnailUrl":"https:\/\/www.cetys.mx\/noticias\/wp-content\/uploads\/2016\/05\/Image-1.jpg","keywords":["binacional","convenios","internacional","vocetys-2016-05-31"],"articleSection":["Institucional","Internacionales","VoCETYS"],"inLanguage":"es","potentialAction":[{"@type":"CommentAction","name":"Comment","target":["https:\/\/www.cetys.mx\/noticias\/formalizan-alianza-con-la-utep\/#respond"]}]},{"@type":"WebPage","@id":"https:\/\/www.cetys.mx\/noticias\/formalizan-alianza-con-la-utep\/","url":"https:\/\/www.cetys.mx\/noticias\/formalizan-alianza-con-la-utep\/","name":"Formalizan alianza con la UTEP - CETYS","isPartOf":{"@id":"https:\/\/www.cetys.mx\/noticias\/#website"},"primaryImageOfPage":{"@id":"https:\/\/www.cetys.mx\/noticias\/formalizan-alianza-con-la-utep\/#primaryimage"},"image":{"@id":"https:\/\/www.cetys.mx\/noticias\/formalizan-alianza-con-la-utep\/#primaryimage"},"thumbnailUrl":"https:\/\/www.cetys.mx\/noticias\/wp-content\/uploads\/2016\/05\/Image-1.jpg","datePublished":"2016-05-30T20:44:40+00:00","dateModified":"2016-05-31T22:26:06+00:00","author":{"@id":"https:\/\/www.cetys.mx\/noticias\/#\/schema\/person\/c4eb69b020e39dc99cef8335a64ccb4b"},"description":"Articulo sobre Formalizan alianza con la UTEP","breadcrumb":{"@id":"https:\/\/www.cetys.mx\/noticias\/formalizan-alianza-con-la-utep\/#breadcrumb"},"inLanguage":"es","potentialAction":[{"@type":"ReadAction","target":["https:\/\/www.cetys.mx\/noticias\/formalizan-alianza-con-la-utep\/"]}]},{"@type":"ImageObject","inLanguage":"es","@id":"https:\/\/www.cetys.mx\/noticias\/formalizan-alianza-con-la-utep\/#primaryimage","url":"https:\/\/www.cetys.mx\/noticias\/wp-content\/uploads\/2016\/05\/Image-1.jpg","contentUrl":"https:\/\/www.cetys.mx\/noticias\/wp-content\/uploads\/2016\/05\/Image-1.jpg","width":1280,"height":932,"caption":"cetys_utep"},{"@type":"BreadcrumbList","@id":"https:\/\/www.cetys.mx\/noticias\/formalizan-alianza-con-la-utep\/#breadcrumb","itemListElement":[{"@type":"ListItem","position":1,"name":"Inicio","item":"https:\/\/www.cetys.mx\/noticias\/"},{"@type":"ListItem","position":2,"name":"Formalizan alianza con la UTEP"}]},{"@type":"WebSite","@id":"https:\/\/www.cetys.mx\/noticias\/#website","url":"https:\/\/www.cetys.mx\/noticias\/","name":"CETYS","description":"","potentialAction":[{"@type":"SearchAction","target":{"@type":"EntryPoint","urlTemplate":"https:\/\/www.cetys.mx\/noticias\/?s={search_term_string}"},"query-input":{"@type":"PropertyValueSpecification","valueRequired":true,"valueName":"search_term_string"}}],"inLanguage":"es"},{"@type":"Person","@id":"https:\/\/www.cetys.mx\/noticias\/#\/schema\/person\/c4eb69b020e39dc99cef8335a64ccb4b","name":"Sistema CETYS Universidad","url":"https:\/\/www.cetys.mx\/noticias\/author\/lorenaruiz\/"}]}},"_links":{"self":[{"href":"https:\/\/www.cetys.mx\/noticias\/wp-json\/wp\/v2\/posts\/51816","targetHints":{"allow":["GET"]}}],"collection":[{"href":"https:\/\/www.cetys.mx\/noticias\/wp-json\/wp\/v2\/posts"}],"about":[{"href":"https:\/\/www.cetys.mx\/noticias\/wp-json\/wp\/v2\/types\/post"}],"author":[{"embeddable":true,"href":"https:\/\/www.cetys.mx\/noticias\/wp-json\/wp\/v2\/users\/1"}],"replies":[{"embeddable":true,"href":"https:\/\/www.cetys.mx\/noticias\/wp-json\/wp\/v2\/comments?post=51816"}],"version-history":[{"count":0,"href":"https:\/\/www.cetys.mx\/noticias\/wp-json\/wp\/v2\/posts\/51816\/revisions"}],"wp:featuredmedia":[{"embeddable":true,"href":"https:\/\/www.cetys.mx\/noticias\/wp-json\/wp\/v2\/media\/51817"}],"wp:attachment":[{"href":"https:\/\/www.cetys.mx\/noticias\/wp-json\/wp\/v2\/media?parent=51816"}],"wp:term":[{"taxonomy":"category","embeddable":true,"href":"https:\/\/www.cetys.mx\/noticias\/wp-json\/wp\/v2\/categories?post=51816"},{"taxonomy":"post_tag","embeddable":true,"href":"https:\/\/www.cetys.mx\/noticias\/wp-json\/wp\/v2\/tags?post=51816"}],"curies":[{"name":"wp","href":"https:\/\/api.w.org\/{rel}","templated":true}]}}