{"id":51647,"date":"2016-05-20T17:00:01","date_gmt":"2016-05-21T00:00:01","guid":{"rendered":"http:\/\/vocetys.mx\/?p=51647"},"modified":"2016-05-24T18:13:50","modified_gmt":"2016-05-25T01:13:50","slug":"candidatos-participan-en-foro-tijuana","status":"publish","type":"post","link":"https:\/\/www.cetys.mx\/noticias\/candidatos-participan-en-foro-tijuana\/","title":{"rendered":"Candidatos a la alcald\u00eda de Tijuana exponen propuestas"},"content":{"rendered":"<div id=\"attachment_51650\" style=\"width: 382px\" class=\"wp-caption alignleft\"><a href=\"https:\/\/www.cetys.mx\/noticias\/wp-content\/uploads\/2016\/05\/cetys_foroalcaldia2016-3.jpg\"><img loading=\"lazy\" decoding=\"async\" aria-describedby=\"caption-attachment-51650\" class=\"wp-image-51650\" src=\"https:\/\/www.cetys.mx\/noticias\/wp-content\/uploads\/2016\/05\/cetys_foroalcaldia2016-3.jpg\" alt=\"\" width=\"372\" height=\"248\" \/><\/a><p id=\"caption-attachment-51650\" class=\"wp-caption-text\">Compartieron mensaje con los universitarios.<\/p><\/div>\n<p align=\"justify\"><strong>S\u00f3lo 6 de los postulantes a la alcald\u00eda de la ciudad visitaron<\/strong> el <a href=\"https:\/\/www.cetys.mx\/13-tijuana\/\">CETYS Universidad Campus Tijuana<\/a> para participar en el <strong>\u201cForo de Candidatos a la Presidencia Municipal\u201d<\/strong>; esto con el objetivo de que los bachilleres y universitarios de la instituci\u00f3n conocieran a grandes rasgos las propuestas de trabajo a favor de la localidad, adem\u00e1s de compartir sus dudas sobre el actual proceso electoral.<\/p>\n<p align=\"justify\"><a href=\"https:\/\/www.facebook.com\/octaviogonzaleztj\/\">Octavio Gonz\u00e1lez Carrillo<\/a>, del Partido Municipalista de Buenos Ciudadanos; <a href=\"https:\/\/www.facebook.com\/jesusmedinacrespo\">Jes\u00fas Medina Crespo<\/a>, perteneciente al Partido Peninsular de las California; <a href=\"https:\/\/www.facebook.com\/OsunaJaime\/?fref=ts\">H\u00e9ctor Osuna Jaime<\/a>, del Partido de Baja California; <a href=\"https:\/\/www.facebook.com\/jleyzaola\/?fref=ts\">Juli\u00e1n Leyzaola P\u00e9rez<\/a>, postulante del Partido Encuentro Social; as\u00ed como <a href=\"https:\/\/www.facebook.com\/CarolinaAubanelRiedel\/?fref=ts\">Carolina Aubanel Riedel<\/a> y <a href=\"https:\/\/www.facebook.com\/gastonluken\/?fref=ts\">Gast\u00f3n Luken Garz<\/a>a, ambos candidatos independientes, acudieron al llamado de la comunidad estudiantil y acad\u00e9mica.<\/p>\n<p align=\"justify\"><em>La necesidad de trabajo en conjunto entre gobierno y sociedad, la exigencia de resultados a los pol\u00edticos; as\u00ed como una recalcada preocupaci\u00f3n por el tema ecol\u00f3gico, transporte p\u00fablico y mayores oportunidades para los j\u00f3venes fueron las principales ideas en las que coincidieron los candidatos.<\/em><\/p>\n<div id=\"attachment_51653\" style=\"width: 381px\" class=\"wp-caption alignright\"><img loading=\"lazy\" decoding=\"async\" aria-describedby=\"caption-attachment-51653\" class=\"wp-image-51653\" src=\"https:\/\/www.cetys.mx\/noticias\/wp-content\/uploads\/2016\/05\/cetys_foroalcaldia2016-2.jpg\" alt=\"\" width=\"371\" height=\"247\" \/><p id=\"caption-attachment-51653\" class=\"wp-caption-text\">Uno a uno respondieron las dudas de los universitarios.<\/p><\/div>\n<p align=\"justify\">Por su parte<em> los universitarios expusieron<\/em> la necesidad de <strong>mayor impulso a los proyectos emprendedores<\/strong> de la ciudad, su inter\u00e9s en <strong>proyectos de infraestructura<\/strong> a favor de la regi\u00f3n como el \u201cPlan Estrat\u00e9gico Metropolitano\u201d, as\u00ed como la necesidad de un <strong>equipo de gobierno decente y capaz de dar soluci\u00f3n<\/strong> a los problemas que acongojan a la comunidad.<\/p>\n<p align=\"justify\">Este <em>foro de di\u00e1logo<\/em> es resultado de los esfuerzos de CETYS Universidad a favor de la <strong>autocr\u00edtica y la diversidad de opini\u00f3n en un marco de tolerancia<\/strong>, adem\u00e1s de promover el principal reto de la educaci\u00f3n actual: <em>ense\u00f1ar a c\u00f3mo pensar, no a qu\u00e9 pensar, y promover la construcci\u00f3n de perspectivas en los j\u00f3venes.<\/em>\u00a0Cabe mencionar que a partir de esta actividad <strong>se busca crear conciencia e invitar a la comunidad universitaria a ser part\u00edcipes en uno de los procesos democr\u00e1ticos m\u00e1s importantes para la sociedad<\/strong>, fortaleciendo los los esfuerzos contra el aumento del abstencionismo en Baja California.<\/p>\n","protected":false},"excerpt":{"rendered":"<p>S\u00f3lo 6 de los postulantes a la alcald\u00eda de la ciudad visitaron el CETYS Universidad Campus Tijuana para participar en el \u201cForo&#8230;<\/p>\n","protected":false},"author":24,"featured_media":51649,"comment_status":"open","ping_status":"open","sticky":false,"template":"","format":"standard","meta":{"footnotes":""},"categories":[134,313],"tags":[772,771,739,226,773,787],"class_list":["post-51647","post","type-post","status-publish","format-standard","has-post-thumbnail","hentry","category-campus-tijuana","category-vocetys-2","tag-alcaldia","tag-candidatos","tag-foro","tag-tijuana","tag-universitarios","tag-vocetys-top-2016-05-25"],"yoast_head":"<!-- This site is optimized with the Yoast SEO plugin v27.4 - https:\/\/yoast.com\/product\/yoast-seo-wordpress\/ -->\n<title>Candidatos a la alcald\u00eda de Tijuana exponen propuestas - CETYS<\/title>\n<meta name=\"description\" content=\"Apoyo a mprendedores, infraestructura y soluciones reales son las principales preocupaciones que los universitarios compartieron a los candidatos.\" \/>\n<meta name=\"robots\" content=\"index, follow, max-snippet:-1, max-image-preview:large, max-video-preview:-1\" \/>\n<link rel=\"canonical\" href=\"https:\/\/www.cetys.mx\/noticias\/candidatos-participan-en-foro-tijuana\/\" \/>\n<meta property=\"og:locale\" content=\"es_MX\" \/>\n<meta property=\"og:type\" content=\"article\" \/>\n<meta property=\"og:title\" content=\"Candidatos a la alcald\u00eda de Tijuana exponen propuestas - CETYS\" \/>\n<meta property=\"og:description\" content=\"Apoyo a mprendedores, infraestructura y soluciones reales son las principales preocupaciones que los universitarios compartieron a los candidatos.\" \/>\n<meta property=\"og:url\" content=\"https:\/\/www.cetys.mx\/noticias\/candidatos-participan-en-foro-tijuana\/\" \/>\n<meta property=\"og:site_name\" content=\"CETYS\" \/>\n<meta property=\"article:publisher\" content=\"https:\/\/www.facebook.com\/cetysuniversidadmxl\/\" \/>\n<meta property=\"article:published_time\" content=\"2016-05-21T00:00:01+00:00\" \/>\n<meta property=\"article:modified_time\" content=\"2016-05-25T01:13:50+00:00\" \/>\n<meta property=\"og:image\" content=\"https:\/\/www.cetys.mx\/noticias\/wp-content\/uploads\/2016\/05\/cetys_foroalcaldia2016-1.jpg\" \/>\n\t<meta property=\"og:image:width\" content=\"958\" \/>\n\t<meta property=\"og:image:height\" content=\"637\" \/>\n\t<meta property=\"og:image:type\" content=\"image\/jpeg\" \/>\n<meta name=\"author\" content=\"Campus Tijuana\" \/>\n<meta name=\"twitter:card\" content=\"summary_large_image\" \/>\n<meta name=\"twitter:creator\" content=\"@cetysuni\" \/>\n<meta name=\"twitter:site\" content=\"@cetysuni\" \/>\n<meta name=\"twitter:label1\" content=\"Escrito por\" \/>\n\t<meta name=\"twitter:data1\" content=\"Campus Tijuana\" \/>\n\t<meta name=\"twitter:label2\" content=\"Tiempo de lectura\" \/>\n\t<meta name=\"twitter:data2\" content=\"2 minutos\" \/>\n<script type=\"application\/ld+json\" class=\"yoast-schema-graph\">{\"@context\":\"https:\\\/\\\/schema.org\",\"@graph\":[{\"@type\":\"Article\",\"@id\":\"https:\\\/\\\/www.cetys.mx\\\/noticias\\\/candidatos-participan-en-foro-tijuana\\\/#article\",\"isPartOf\":{\"@id\":\"https:\\\/\\\/www.cetys.mx\\\/noticias\\\/candidatos-participan-en-foro-tijuana\\\/\"},\"author\":{\"name\":\"Campus Tijuana\",\"@id\":\"https:\\\/\\\/www.cetys.mx\\\/noticias\\\/#\\\/schema\\\/person\\\/e790051ce60e18ae47cfa87011c8653f\"},\"headline\":\"Candidatos a la alcald\u00eda de Tijuana exponen propuestas\",\"datePublished\":\"2016-05-21T00:00:01+00:00\",\"dateModified\":\"2016-05-25T01:13:50+00:00\",\"mainEntityOfPage\":{\"@id\":\"https:\\\/\\\/www.cetys.mx\\\/noticias\\\/candidatos-participan-en-foro-tijuana\\\/\"},\"wordCount\":387,\"commentCount\":0,\"image\":{\"@id\":\"https:\\\/\\\/www.cetys.mx\\\/noticias\\\/candidatos-participan-en-foro-tijuana\\\/#primaryimage\"},\"thumbnailUrl\":\"https:\\\/\\\/www.cetys.mx\\\/noticias\\\/wp-content\\\/uploads\\\/2016\\\/05\\\/cetys_foroalcaldia2016-1.jpg\",\"keywords\":[\"alcaldia\",\"candidatos\",\"Foro\",\"tijuana\",\"universitarios\",\"Vocetys-TOP-2016-05-25\"],\"articleSection\":[\"Campus Tijuana\",\"VoCETYS\"],\"inLanguage\":\"es\",\"potentialAction\":[{\"@type\":\"CommentAction\",\"name\":\"Comment\",\"target\":[\"https:\\\/\\\/www.cetys.mx\\\/noticias\\\/candidatos-participan-en-foro-tijuana\\\/#respond\"]}]},{\"@type\":\"WebPage\",\"@id\":\"https:\\\/\\\/www.cetys.mx\\\/noticias\\\/candidatos-participan-en-foro-tijuana\\\/\",\"url\":\"https:\\\/\\\/www.cetys.mx\\\/noticias\\\/candidatos-participan-en-foro-tijuana\\\/\",\"name\":\"Candidatos a la alcald\u00eda de Tijuana exponen propuestas - CETYS\",\"isPartOf\":{\"@id\":\"https:\\\/\\\/www.cetys.mx\\\/noticias\\\/#website\"},\"primaryImageOfPage\":{\"@id\":\"https:\\\/\\\/www.cetys.mx\\\/noticias\\\/candidatos-participan-en-foro-tijuana\\\/#primaryimage\"},\"image\":{\"@id\":\"https:\\\/\\\/www.cetys.mx\\\/noticias\\\/candidatos-participan-en-foro-tijuana\\\/#primaryimage\"},\"thumbnailUrl\":\"https:\\\/\\\/www.cetys.mx\\\/noticias\\\/wp-content\\\/uploads\\\/2016\\\/05\\\/cetys_foroalcaldia2016-1.jpg\",\"datePublished\":\"2016-05-21T00:00:01+00:00\",\"dateModified\":\"2016-05-25T01:13:50+00:00\",\"author\":{\"@id\":\"https:\\\/\\\/www.cetys.mx\\\/noticias\\\/#\\\/schema\\\/person\\\/e790051ce60e18ae47cfa87011c8653f\"},\"description\":\"Apoyo a mprendedores, infraestructura y soluciones reales son las principales preocupaciones que los universitarios compartieron a los candidatos.\",\"breadcrumb\":{\"@id\":\"https:\\\/\\\/www.cetys.mx\\\/noticias\\\/candidatos-participan-en-foro-tijuana\\\/#breadcrumb\"},\"inLanguage\":\"es\",\"potentialAction\":[{\"@type\":\"ReadAction\",\"target\":[\"https:\\\/\\\/www.cetys.mx\\\/noticias\\\/candidatos-participan-en-foro-tijuana\\\/\"]}]},{\"@type\":\"ImageObject\",\"inLanguage\":\"es\",\"@id\":\"https:\\\/\\\/www.cetys.mx\\\/noticias\\\/candidatos-participan-en-foro-tijuana\\\/#primaryimage\",\"url\":\"https:\\\/\\\/www.cetys.mx\\\/noticias\\\/wp-content\\\/uploads\\\/2016\\\/05\\\/cetys_foroalcaldia2016-1.jpg\",\"contentUrl\":\"https:\\\/\\\/www.cetys.mx\\\/noticias\\\/wp-content\\\/uploads\\\/2016\\\/05\\\/cetys_foroalcaldia2016-1.jpg\",\"width\":958,\"height\":637},{\"@type\":\"BreadcrumbList\",\"@id\":\"https:\\\/\\\/www.cetys.mx\\\/noticias\\\/candidatos-participan-en-foro-tijuana\\\/#breadcrumb\",\"itemListElement\":[{\"@type\":\"ListItem\",\"position\":1,\"name\":\"Inicio\",\"item\":\"https:\\\/\\\/www.cetys.mx\\\/noticias\\\/\"},{\"@type\":\"ListItem\",\"position\":2,\"name\":\"Candidatos a la alcald\u00eda de Tijuana exponen propuestas\"}]},{\"@type\":\"WebSite\",\"@id\":\"https:\\\/\\\/www.cetys.mx\\\/noticias\\\/#website\",\"url\":\"https:\\\/\\\/www.cetys.mx\\\/noticias\\\/\",\"name\":\"CETYS\",\"description\":\"\",\"potentialAction\":[{\"@type\":\"SearchAction\",\"target\":{\"@type\":\"EntryPoint\",\"urlTemplate\":\"https:\\\/\\\/www.cetys.mx\\\/noticias\\\/?s={search_term_string}\"},\"query-input\":{\"@type\":\"PropertyValueSpecification\",\"valueRequired\":true,\"valueName\":\"search_term_string\"}}],\"inLanguage\":\"es\"},{\"@type\":\"Person\",\"@id\":\"https:\\\/\\\/www.cetys.mx\\\/noticias\\\/#\\\/schema\\\/person\\\/e790051ce60e18ae47cfa87011c8653f\",\"name\":\"Campus Tijuana\",\"url\":\"https:\\\/\\\/www.cetys.mx\\\/noticias\\\/author\\\/campustijuana\\\/\"}]}<\/script>\n<!-- \/ Yoast SEO plugin. -->","yoast_head_json":{"title":"Candidatos a la alcald\u00eda de Tijuana exponen propuestas - CETYS","description":"Apoyo a mprendedores, infraestructura y soluciones reales son las principales preocupaciones que los universitarios compartieron a los candidatos.","robots":{"index":"index","follow":"follow","max-snippet":"max-snippet:-1","max-image-preview":"max-image-preview:large","max-video-preview":"max-video-preview:-1"},"canonical":"https:\/\/www.cetys.mx\/noticias\/candidatos-participan-en-foro-tijuana\/","og_locale":"es_MX","og_type":"article","og_title":"Candidatos a la alcald\u00eda de Tijuana exponen propuestas - CETYS","og_description":"Apoyo a mprendedores, infraestructura y soluciones reales son las principales preocupaciones que los universitarios compartieron a los candidatos.","og_url":"https:\/\/www.cetys.mx\/noticias\/candidatos-participan-en-foro-tijuana\/","og_site_name":"CETYS","article_publisher":"https:\/\/www.facebook.com\/cetysuniversidadmxl\/","article_published_time":"2016-05-21T00:00:01+00:00","article_modified_time":"2016-05-25T01:13:50+00:00","og_image":[{"width":958,"height":637,"url":"https:\/\/www.cetys.mx\/noticias\/wp-content\/uploads\/2016\/05\/cetys_foroalcaldia2016-1.jpg","type":"image\/jpeg"}],"author":"Campus Tijuana","twitter_card":"summary_large_image","twitter_creator":"@cetysuni","twitter_site":"@cetysuni","twitter_misc":{"Escrito por":"Campus Tijuana","Tiempo de lectura":"2 minutos"},"schema":{"@context":"https:\/\/schema.org","@graph":[{"@type":"Article","@id":"https:\/\/www.cetys.mx\/noticias\/candidatos-participan-en-foro-tijuana\/#article","isPartOf":{"@id":"https:\/\/www.cetys.mx\/noticias\/candidatos-participan-en-foro-tijuana\/"},"author":{"name":"Campus Tijuana","@id":"https:\/\/www.cetys.mx\/noticias\/#\/schema\/person\/e790051ce60e18ae47cfa87011c8653f"},"headline":"Candidatos a la alcald\u00eda de Tijuana exponen propuestas","datePublished":"2016-05-21T00:00:01+00:00","dateModified":"2016-05-25T01:13:50+00:00","mainEntityOfPage":{"@id":"https:\/\/www.cetys.mx\/noticias\/candidatos-participan-en-foro-tijuana\/"},"wordCount":387,"commentCount":0,"image":{"@id":"https:\/\/www.cetys.mx\/noticias\/candidatos-participan-en-foro-tijuana\/#primaryimage"},"thumbnailUrl":"https:\/\/www.cetys.mx\/noticias\/wp-content\/uploads\/2016\/05\/cetys_foroalcaldia2016-1.jpg","keywords":["alcaldia","candidatos","Foro","tijuana","universitarios","Vocetys-TOP-2016-05-25"],"articleSection":["Campus Tijuana","VoCETYS"],"inLanguage":"es","potentialAction":[{"@type":"CommentAction","name":"Comment","target":["https:\/\/www.cetys.mx\/noticias\/candidatos-participan-en-foro-tijuana\/#respond"]}]},{"@type":"WebPage","@id":"https:\/\/www.cetys.mx\/noticias\/candidatos-participan-en-foro-tijuana\/","url":"https:\/\/www.cetys.mx\/noticias\/candidatos-participan-en-foro-tijuana\/","name":"Candidatos a la alcald\u00eda de Tijuana exponen propuestas - CETYS","isPartOf":{"@id":"https:\/\/www.cetys.mx\/noticias\/#website"},"primaryImageOfPage":{"@id":"https:\/\/www.cetys.mx\/noticias\/candidatos-participan-en-foro-tijuana\/#primaryimage"},"image":{"@id":"https:\/\/www.cetys.mx\/noticias\/candidatos-participan-en-foro-tijuana\/#primaryimage"},"thumbnailUrl":"https:\/\/www.cetys.mx\/noticias\/wp-content\/uploads\/2016\/05\/cetys_foroalcaldia2016-1.jpg","datePublished":"2016-05-21T00:00:01+00:00","dateModified":"2016-05-25T01:13:50+00:00","author":{"@id":"https:\/\/www.cetys.mx\/noticias\/#\/schema\/person\/e790051ce60e18ae47cfa87011c8653f"},"description":"Apoyo a mprendedores, infraestructura y soluciones reales son las principales preocupaciones que los universitarios compartieron a los candidatos.","breadcrumb":{"@id":"https:\/\/www.cetys.mx\/noticias\/candidatos-participan-en-foro-tijuana\/#breadcrumb"},"inLanguage":"es","potentialAction":[{"@type":"ReadAction","target":["https:\/\/www.cetys.mx\/noticias\/candidatos-participan-en-foro-tijuana\/"]}]},{"@type":"ImageObject","inLanguage":"es","@id":"https:\/\/www.cetys.mx\/noticias\/candidatos-participan-en-foro-tijuana\/#primaryimage","url":"https:\/\/www.cetys.mx\/noticias\/wp-content\/uploads\/2016\/05\/cetys_foroalcaldia2016-1.jpg","contentUrl":"https:\/\/www.cetys.mx\/noticias\/wp-content\/uploads\/2016\/05\/cetys_foroalcaldia2016-1.jpg","width":958,"height":637},{"@type":"BreadcrumbList","@id":"https:\/\/www.cetys.mx\/noticias\/candidatos-participan-en-foro-tijuana\/#breadcrumb","itemListElement":[{"@type":"ListItem","position":1,"name":"Inicio","item":"https:\/\/www.cetys.mx\/noticias\/"},{"@type":"ListItem","position":2,"name":"Candidatos a la alcald\u00eda de Tijuana exponen propuestas"}]},{"@type":"WebSite","@id":"https:\/\/www.cetys.mx\/noticias\/#website","url":"https:\/\/www.cetys.mx\/noticias\/","name":"CETYS","description":"","potentialAction":[{"@type":"SearchAction","target":{"@type":"EntryPoint","urlTemplate":"https:\/\/www.cetys.mx\/noticias\/?s={search_term_string}"},"query-input":{"@type":"PropertyValueSpecification","valueRequired":true,"valueName":"search_term_string"}}],"inLanguage":"es"},{"@type":"Person","@id":"https:\/\/www.cetys.mx\/noticias\/#\/schema\/person\/e790051ce60e18ae47cfa87011c8653f","name":"Campus Tijuana","url":"https:\/\/www.cetys.mx\/noticias\/author\/campustijuana\/"}]}},"_links":{"self":[{"href":"https:\/\/www.cetys.mx\/noticias\/wp-json\/wp\/v2\/posts\/51647","targetHints":{"allow":["GET"]}}],"collection":[{"href":"https:\/\/www.cetys.mx\/noticias\/wp-json\/wp\/v2\/posts"}],"about":[{"href":"https:\/\/www.cetys.mx\/noticias\/wp-json\/wp\/v2\/types\/post"}],"author":[{"embeddable":true,"href":"https:\/\/www.cetys.mx\/noticias\/wp-json\/wp\/v2\/users\/24"}],"replies":[{"embeddable":true,"href":"https:\/\/www.cetys.mx\/noticias\/wp-json\/wp\/v2\/comments?post=51647"}],"version-history":[{"count":0,"href":"https:\/\/www.cetys.mx\/noticias\/wp-json\/wp\/v2\/posts\/51647\/revisions"}],"wp:featuredmedia":[{"embeddable":true,"href":"https:\/\/www.cetys.mx\/noticias\/wp-json\/wp\/v2\/media\/51649"}],"wp:attachment":[{"href":"https:\/\/www.cetys.mx\/noticias\/wp-json\/wp\/v2\/media?parent=51647"}],"wp:term":[{"taxonomy":"category","embeddable":true,"href":"https:\/\/www.cetys.mx\/noticias\/wp-json\/wp\/v2\/categories?post=51647"},{"taxonomy":"post_tag","embeddable":true,"href":"https:\/\/www.cetys.mx\/noticias\/wp-json\/wp\/v2\/tags?post=51647"}],"curies":[{"name":"wp","href":"https:\/\/api.w.org\/{rel}","templated":true}]}}