{"id":51556,"date":"2016-05-19T14:12:24","date_gmt":"2016-05-19T21:12:24","guid":{"rendered":"http:\/\/vocetys.mx\/?p=51556"},"modified":"2016-07-18T00:50:38","modified_gmt":"2016-07-18T07:50:38","slug":"invitan-a-cetys-color-run-2016","status":"publish","type":"post","link":"https:\/\/www.cetys.mx\/noticias\/invitan-a-cetys-color-run-2016\/","title":{"rendered":"Invitan a CETYS Color Run 2016"},"content":{"rendered":"<div id=\"attachment_51617\" style=\"width: 381px\" class=\"wp-caption alignleft\"><a href=\"https:\/\/www.cetys.mx\/noticias\/wp-content\/uploads\/2016\/05\/cetys_colorrun2016-2.jpg\"><img loading=\"lazy\" decoding=\"async\" aria-describedby=\"caption-attachment-51617\" class=\"wp-image-51617\" src=\"https:\/\/www.cetys.mx\/noticias\/wp-content\/uploads\/2016\/05\/cetys_colorrun2016-2.jpg\" alt=\"\" width=\"371\" height=\"247\" \/><\/a><p id=\"caption-attachment-51617\" class=\"wp-caption-text\">Todo listo para el 3er. Color Run el 5 de junio.<\/p><\/div>\n<p align=\"justify\">Por tercer a\u00f1o consecutivo CETYS Universidad convoca a la comunidad a participar en la ya tradicional <strong>\u201cCETYS Color Run\u201d<\/strong>, una carrera 100% familiar que tendr\u00e1 lugar el pr\u00f3ximo <strong>domingo 5 de junio<\/strong> en el Campus<strong> Tijuana<\/strong> a partir de las <strong>9:00 a.m.<\/strong>; donde se <strong>espera la asistencia de poco m\u00e1s de 1,200 corredores<\/strong>.<\/p>\n<p align=\"justify\">La <em>Mtra. Jessica Ibarra Ramonet<\/em>, Directora Zona Costa del CETYS Universidad; la <em>Mtra. Mariana G\u00fc\u00e9mez Carrillo<\/em>, Coordinadora de Eventos Productivos, y el <em>Lic. Yav\u00e9 Castellanos Villanueva<\/em>, Director de Asuntos Estudiantiles, todos miembros del comit\u00e9 organizador, dieron a conocer que este 2016 <strong>los fondos recaudados ir\u00e1n a favor de la adquisici\u00f3n de material deportivo para los 16 equipos representativos y atletas de disciplinas individuales del Campus Tijuana<\/strong>; fortaleciendo as\u00ed el nivel y participaci\u00f3n de los Zorros del CETYS en competencias regionales, nacionales e internacionales.<\/p>\n<div id=\"attachment_51619\" style=\"width: 270px\" class=\"wp-caption alignright\"><img loading=\"lazy\" decoding=\"async\" aria-describedby=\"caption-attachment-51619\" class=\"wp-image-51619\" src=\"https:\/\/www.cetys.mx\/noticias\/wp-content\/uploads\/2016\/05\/5b8eceb1-dd2a-44a1-b20b-e34a20b9d9a3.jpg\" alt=\"\" width=\"260\" height=\"402\" \/><p id=\"caption-attachment-51619\" class=\"wp-caption-text\">CETYS Color Run es una actividad para toda la familia.<\/p><\/div>\n<p align=\"justify\"><em>\u201cCETYS Color Run\u201d es parte de los esfuerzos que la instituci\u00f3n desarrolla en pro de la actividad f\u00edsica, el deporte y la sana convivencia en la ciudad, convirti\u00e9ndose en un punto de encuentro anual para familias de Tijuana, Tecate, Rosarito e incluso San Diego, California<\/em>, comparti\u00f3 la <strong>Mtra. Ibarra Ramonet<\/strong>. Adem\u00e1s de la activa participaci\u00f3n de alumnos, acad\u00e9micos y colaboradores de los diversos campus en el estado.<\/p>\n<p>De acuerdo con la Mtra. G\u00fc\u00e9mez, <strong>las ediciones 2014 y 2015 lograron reunir a cerca de 3,000 asistentes<\/strong> que recorrieron los 6 kil\u00f3metros de duraci\u00f3n; en dichas ocasiones los recursos fueron destinos al proyecto del Gimnasio \u2013 Auditorio \u201cRodrigo Valle Hern\u00e1ndez\u201d, reforzando la infraestructura deportiva de calidad que distingue al CETYS Tijuana.<\/p>\n<p>Este 2016 la <strong>inscripci\u00f3n<\/strong> tendr\u00e1 un costo de <strong>$150 pesos para adultos<\/strong>, <strong>$100 pesos para ni\u00f1os de 7 a 12 a\u00f1os<\/strong> y <strong>ni\u00f1os menores de 7 a\u00f1os tendr\u00e1n entrada<\/strong> <strong>libre<\/strong>; la cuota de recuperaci\u00f3n incluye camiseta, n\u00famero de corredor y 1 bolsa de color, el Lic. Castellanos agreg\u00f3 que <strong>se premiar\u00e1 a los 3 primeros lugares<\/strong> en las categor\u00edas de general, alumnos CETYS, exalumnos CETYS, as\u00ed como docentes y administrativos CETYS (Todas en ramas femenil y varonil).<\/p>\n<p align=\"justify\">Los interesados puedan realizar ya su inscripci\u00f3n en los departamentos de Deportes, Exalumnos y Asuntos Estudiantiles del Campus Tijuana, as\u00ed como en 10 sucursales de Farmacias Roma: La Mesa, Otay, Chapultepec, Palacio, Plaza Giramar Ju\u00e1rez \u2013 Rosarito, Palacio-Tecate, Santa Fe, El Refugio, Hip\u00f3dromo y Paseo de los H\u00e9roes.<\/p>\n<p align=\"justify\">\u201cCETYS Color Run\u201d cuenta con el patrocinio de Coca Cola, Mini Cooper, Total Fitness, D\u2019Volada, Yo tambi\u00e9n corro en Tijuana y Mama Mia Pizza. Si se desean conocer m\u00e1s detalles de inscripci\u00f3n o informaci\u00f3n general invitan a marcar al 903-1800 Ext. 350, 228 y 200.<\/p>\n","protected":false},"excerpt":{"rendered":"<p>Por tercer a\u00f1o consecutivo CETYS Universidad convoca a la comunidad a participar en la ya tradicional \u201cCETYS Color Run\u201d, una carrera 100%&#8230;<\/p>\n","protected":false},"author":24,"featured_media":51616,"comment_status":"open","ping_status":"open","sticky":false,"template":"","format":"standard","meta":{"footnotes":""},"categories":[105],"tags":[328,255,761,762,233,769],"class_list":["post-51556","post","type-post","status-publish","format-standard","has-post-thumbnail","hentry","category-vida-estudiantil","tag-campustijuana","tag-carrera","tag-color","tag-colorrun","tag-deportes","tag-vocetys-top-2016-05-19"],"yoast_head":"<!-- This site is optimized with the Yoast SEO plugin v27.4 - https:\/\/yoast.com\/product\/yoast-seo-wordpress\/ -->\n<title>Invitan a CETYS Color Run 2016 - CETYS<\/title>\n<meta name=\"description\" content=\"Los fondos recaudados de CETYS Color Run ser\u00e1n destinados a favor del deporte en Campus Tijuana.\" \/>\n<meta name=\"robots\" content=\"index, follow, max-snippet:-1, max-image-preview:large, max-video-preview:-1\" \/>\n<link rel=\"canonical\" href=\"https:\/\/www.cetys.mx\/noticias\/invitan-a-cetys-color-run-2016\/\" \/>\n<meta property=\"og:locale\" content=\"es_MX\" \/>\n<meta property=\"og:type\" content=\"article\" \/>\n<meta property=\"og:title\" content=\"Invitan a CETYS Color Run 2016 - CETYS\" \/>\n<meta property=\"og:description\" content=\"Los fondos recaudados de CETYS Color Run ser\u00e1n destinados a favor del deporte en Campus Tijuana.\" \/>\n<meta property=\"og:url\" content=\"https:\/\/www.cetys.mx\/noticias\/invitan-a-cetys-color-run-2016\/\" \/>\n<meta property=\"og:site_name\" content=\"CETYS\" \/>\n<meta property=\"article:publisher\" content=\"https:\/\/www.facebook.com\/cetysuniversidadmxl\/\" \/>\n<meta property=\"article:published_time\" content=\"2016-05-19T21:12:24+00:00\" \/>\n<meta property=\"article:modified_time\" content=\"2016-07-18T07:50:38+00:00\" \/>\n<meta property=\"og:image\" content=\"https:\/\/www.cetys.mx\/noticias\/wp-content\/uploads\/2016\/05\/DSC0113.jpg\" \/>\n\t<meta property=\"og:image:width\" content=\"958\" \/>\n\t<meta property=\"og:image:height\" content=\"637\" \/>\n\t<meta property=\"og:image:type\" content=\"image\/jpeg\" \/>\n<meta name=\"author\" content=\"Campus Tijuana\" \/>\n<meta name=\"twitter:card\" content=\"summary_large_image\" \/>\n<meta name=\"twitter:creator\" content=\"@cetysuni\" \/>\n<meta name=\"twitter:site\" content=\"@cetysuni\" \/>\n<meta name=\"twitter:label1\" content=\"Escrito por\" \/>\n\t<meta name=\"twitter:data1\" content=\"Campus Tijuana\" \/>\n\t<meta name=\"twitter:label2\" content=\"Tiempo de lectura\" \/>\n\t<meta name=\"twitter:data2\" content=\"2 minutos\" \/>\n<script type=\"application\/ld+json\" class=\"yoast-schema-graph\">{\"@context\":\"https:\\\/\\\/schema.org\",\"@graph\":[{\"@type\":\"Article\",\"@id\":\"https:\\\/\\\/www.cetys.mx\\\/noticias\\\/invitan-a-cetys-color-run-2016\\\/#article\",\"isPartOf\":{\"@id\":\"https:\\\/\\\/www.cetys.mx\\\/noticias\\\/invitan-a-cetys-color-run-2016\\\/\"},\"author\":{\"name\":\"Campus Tijuana\",\"@id\":\"https:\\\/\\\/www.cetys.mx\\\/noticias\\\/#\\\/schema\\\/person\\\/e790051ce60e18ae47cfa87011c8653f\"},\"headline\":\"Invitan a CETYS Color Run 2016\",\"datePublished\":\"2016-05-19T21:12:24+00:00\",\"dateModified\":\"2016-07-18T07:50:38+00:00\",\"mainEntityOfPage\":{\"@id\":\"https:\\\/\\\/www.cetys.mx\\\/noticias\\\/invitan-a-cetys-color-run-2016\\\/\"},\"wordCount\":476,\"commentCount\":0,\"image\":{\"@id\":\"https:\\\/\\\/www.cetys.mx\\\/noticias\\\/invitan-a-cetys-color-run-2016\\\/#primaryimage\"},\"thumbnailUrl\":\"https:\\\/\\\/www.cetys.mx\\\/noticias\\\/wp-content\\\/uploads\\\/2016\\\/05\\\/DSC0113.jpg\",\"keywords\":[\"campustijuana\",\"carrera\",\"color\",\"colorrun\",\"Deportes\",\"vocetys-top-2016-05-19\"],\"articleSection\":[\"Vida Estudiantil\"],\"inLanguage\":\"es\",\"potentialAction\":[{\"@type\":\"CommentAction\",\"name\":\"Comment\",\"target\":[\"https:\\\/\\\/www.cetys.mx\\\/noticias\\\/invitan-a-cetys-color-run-2016\\\/#respond\"]}]},{\"@type\":\"WebPage\",\"@id\":\"https:\\\/\\\/www.cetys.mx\\\/noticias\\\/invitan-a-cetys-color-run-2016\\\/\",\"url\":\"https:\\\/\\\/www.cetys.mx\\\/noticias\\\/invitan-a-cetys-color-run-2016\\\/\",\"name\":\"Invitan a CETYS Color Run 2016 - CETYS\",\"isPartOf\":{\"@id\":\"https:\\\/\\\/www.cetys.mx\\\/noticias\\\/#website\"},\"primaryImageOfPage\":{\"@id\":\"https:\\\/\\\/www.cetys.mx\\\/noticias\\\/invitan-a-cetys-color-run-2016\\\/#primaryimage\"},\"image\":{\"@id\":\"https:\\\/\\\/www.cetys.mx\\\/noticias\\\/invitan-a-cetys-color-run-2016\\\/#primaryimage\"},\"thumbnailUrl\":\"https:\\\/\\\/www.cetys.mx\\\/noticias\\\/wp-content\\\/uploads\\\/2016\\\/05\\\/DSC0113.jpg\",\"datePublished\":\"2016-05-19T21:12:24+00:00\",\"dateModified\":\"2016-07-18T07:50:38+00:00\",\"author\":{\"@id\":\"https:\\\/\\\/www.cetys.mx\\\/noticias\\\/#\\\/schema\\\/person\\\/e790051ce60e18ae47cfa87011c8653f\"},\"description\":\"Los fondos recaudados de CETYS Color Run ser\u00e1n destinados a favor del deporte en Campus Tijuana.\",\"breadcrumb\":{\"@id\":\"https:\\\/\\\/www.cetys.mx\\\/noticias\\\/invitan-a-cetys-color-run-2016\\\/#breadcrumb\"},\"inLanguage\":\"es\",\"potentialAction\":[{\"@type\":\"ReadAction\",\"target\":[\"https:\\\/\\\/www.cetys.mx\\\/noticias\\\/invitan-a-cetys-color-run-2016\\\/\"]}]},{\"@type\":\"ImageObject\",\"inLanguage\":\"es\",\"@id\":\"https:\\\/\\\/www.cetys.mx\\\/noticias\\\/invitan-a-cetys-color-run-2016\\\/#primaryimage\",\"url\":\"https:\\\/\\\/www.cetys.mx\\\/noticias\\\/wp-content\\\/uploads\\\/2016\\\/05\\\/DSC0113.jpg\",\"contentUrl\":\"https:\\\/\\\/www.cetys.mx\\\/noticias\\\/wp-content\\\/uploads\\\/2016\\\/05\\\/DSC0113.jpg\",\"width\":958,\"height\":637},{\"@type\":\"BreadcrumbList\",\"@id\":\"https:\\\/\\\/www.cetys.mx\\\/noticias\\\/invitan-a-cetys-color-run-2016\\\/#breadcrumb\",\"itemListElement\":[{\"@type\":\"ListItem\",\"position\":1,\"name\":\"Inicio\",\"item\":\"https:\\\/\\\/www.cetys.mx\\\/noticias\\\/\"},{\"@type\":\"ListItem\",\"position\":2,\"name\":\"Invitan a CETYS Color Run 2016\"}]},{\"@type\":\"WebSite\",\"@id\":\"https:\\\/\\\/www.cetys.mx\\\/noticias\\\/#website\",\"url\":\"https:\\\/\\\/www.cetys.mx\\\/noticias\\\/\",\"name\":\"CETYS\",\"description\":\"\",\"potentialAction\":[{\"@type\":\"SearchAction\",\"target\":{\"@type\":\"EntryPoint\",\"urlTemplate\":\"https:\\\/\\\/www.cetys.mx\\\/noticias\\\/?s={search_term_string}\"},\"query-input\":{\"@type\":\"PropertyValueSpecification\",\"valueRequired\":true,\"valueName\":\"search_term_string\"}}],\"inLanguage\":\"es\"},{\"@type\":\"Person\",\"@id\":\"https:\\\/\\\/www.cetys.mx\\\/noticias\\\/#\\\/schema\\\/person\\\/e790051ce60e18ae47cfa87011c8653f\",\"name\":\"Campus Tijuana\",\"url\":\"https:\\\/\\\/www.cetys.mx\\\/noticias\\\/author\\\/campustijuana\\\/\"}]}<\/script>\n<!-- \/ Yoast SEO plugin. -->","yoast_head_json":{"title":"Invitan a CETYS Color Run 2016 - CETYS","description":"Los fondos recaudados de CETYS Color Run ser\u00e1n destinados a favor del deporte en Campus Tijuana.","robots":{"index":"index","follow":"follow","max-snippet":"max-snippet:-1","max-image-preview":"max-image-preview:large","max-video-preview":"max-video-preview:-1"},"canonical":"https:\/\/www.cetys.mx\/noticias\/invitan-a-cetys-color-run-2016\/","og_locale":"es_MX","og_type":"article","og_title":"Invitan a CETYS Color Run 2016 - CETYS","og_description":"Los fondos recaudados de CETYS Color Run ser\u00e1n destinados a favor del deporte en Campus Tijuana.","og_url":"https:\/\/www.cetys.mx\/noticias\/invitan-a-cetys-color-run-2016\/","og_site_name":"CETYS","article_publisher":"https:\/\/www.facebook.com\/cetysuniversidadmxl\/","article_published_time":"2016-05-19T21:12:24+00:00","article_modified_time":"2016-07-18T07:50:38+00:00","og_image":[{"width":958,"height":637,"url":"https:\/\/www.cetys.mx\/noticias\/wp-content\/uploads\/2016\/05\/DSC0113.jpg","type":"image\/jpeg"}],"author":"Campus Tijuana","twitter_card":"summary_large_image","twitter_creator":"@cetysuni","twitter_site":"@cetysuni","twitter_misc":{"Escrito por":"Campus Tijuana","Tiempo de lectura":"2 minutos"},"schema":{"@context":"https:\/\/schema.org","@graph":[{"@type":"Article","@id":"https:\/\/www.cetys.mx\/noticias\/invitan-a-cetys-color-run-2016\/#article","isPartOf":{"@id":"https:\/\/www.cetys.mx\/noticias\/invitan-a-cetys-color-run-2016\/"},"author":{"name":"Campus Tijuana","@id":"https:\/\/www.cetys.mx\/noticias\/#\/schema\/person\/e790051ce60e18ae47cfa87011c8653f"},"headline":"Invitan a CETYS Color Run 2016","datePublished":"2016-05-19T21:12:24+00:00","dateModified":"2016-07-18T07:50:38+00:00","mainEntityOfPage":{"@id":"https:\/\/www.cetys.mx\/noticias\/invitan-a-cetys-color-run-2016\/"},"wordCount":476,"commentCount":0,"image":{"@id":"https:\/\/www.cetys.mx\/noticias\/invitan-a-cetys-color-run-2016\/#primaryimage"},"thumbnailUrl":"https:\/\/www.cetys.mx\/noticias\/wp-content\/uploads\/2016\/05\/DSC0113.jpg","keywords":["campustijuana","carrera","color","colorrun","Deportes","vocetys-top-2016-05-19"],"articleSection":["Vida Estudiantil"],"inLanguage":"es","potentialAction":[{"@type":"CommentAction","name":"Comment","target":["https:\/\/www.cetys.mx\/noticias\/invitan-a-cetys-color-run-2016\/#respond"]}]},{"@type":"WebPage","@id":"https:\/\/www.cetys.mx\/noticias\/invitan-a-cetys-color-run-2016\/","url":"https:\/\/www.cetys.mx\/noticias\/invitan-a-cetys-color-run-2016\/","name":"Invitan a CETYS Color Run 2016 - CETYS","isPartOf":{"@id":"https:\/\/www.cetys.mx\/noticias\/#website"},"primaryImageOfPage":{"@id":"https:\/\/www.cetys.mx\/noticias\/invitan-a-cetys-color-run-2016\/#primaryimage"},"image":{"@id":"https:\/\/www.cetys.mx\/noticias\/invitan-a-cetys-color-run-2016\/#primaryimage"},"thumbnailUrl":"https:\/\/www.cetys.mx\/noticias\/wp-content\/uploads\/2016\/05\/DSC0113.jpg","datePublished":"2016-05-19T21:12:24+00:00","dateModified":"2016-07-18T07:50:38+00:00","author":{"@id":"https:\/\/www.cetys.mx\/noticias\/#\/schema\/person\/e790051ce60e18ae47cfa87011c8653f"},"description":"Los fondos recaudados de CETYS Color Run ser\u00e1n destinados a favor del deporte en Campus Tijuana.","breadcrumb":{"@id":"https:\/\/www.cetys.mx\/noticias\/invitan-a-cetys-color-run-2016\/#breadcrumb"},"inLanguage":"es","potentialAction":[{"@type":"ReadAction","target":["https:\/\/www.cetys.mx\/noticias\/invitan-a-cetys-color-run-2016\/"]}]},{"@type":"ImageObject","inLanguage":"es","@id":"https:\/\/www.cetys.mx\/noticias\/invitan-a-cetys-color-run-2016\/#primaryimage","url":"https:\/\/www.cetys.mx\/noticias\/wp-content\/uploads\/2016\/05\/DSC0113.jpg","contentUrl":"https:\/\/www.cetys.mx\/noticias\/wp-content\/uploads\/2016\/05\/DSC0113.jpg","width":958,"height":637},{"@type":"BreadcrumbList","@id":"https:\/\/www.cetys.mx\/noticias\/invitan-a-cetys-color-run-2016\/#breadcrumb","itemListElement":[{"@type":"ListItem","position":1,"name":"Inicio","item":"https:\/\/www.cetys.mx\/noticias\/"},{"@type":"ListItem","position":2,"name":"Invitan a CETYS Color Run 2016"}]},{"@type":"WebSite","@id":"https:\/\/www.cetys.mx\/noticias\/#website","url":"https:\/\/www.cetys.mx\/noticias\/","name":"CETYS","description":"","potentialAction":[{"@type":"SearchAction","target":{"@type":"EntryPoint","urlTemplate":"https:\/\/www.cetys.mx\/noticias\/?s={search_term_string}"},"query-input":{"@type":"PropertyValueSpecification","valueRequired":true,"valueName":"search_term_string"}}],"inLanguage":"es"},{"@type":"Person","@id":"https:\/\/www.cetys.mx\/noticias\/#\/schema\/person\/e790051ce60e18ae47cfa87011c8653f","name":"Campus Tijuana","url":"https:\/\/www.cetys.mx\/noticias\/author\/campustijuana\/"}]}},"_links":{"self":[{"href":"https:\/\/www.cetys.mx\/noticias\/wp-json\/wp\/v2\/posts\/51556","targetHints":{"allow":["GET"]}}],"collection":[{"href":"https:\/\/www.cetys.mx\/noticias\/wp-json\/wp\/v2\/posts"}],"about":[{"href":"https:\/\/www.cetys.mx\/noticias\/wp-json\/wp\/v2\/types\/post"}],"author":[{"embeddable":true,"href":"https:\/\/www.cetys.mx\/noticias\/wp-json\/wp\/v2\/users\/24"}],"replies":[{"embeddable":true,"href":"https:\/\/www.cetys.mx\/noticias\/wp-json\/wp\/v2\/comments?post=51556"}],"version-history":[{"count":0,"href":"https:\/\/www.cetys.mx\/noticias\/wp-json\/wp\/v2\/posts\/51556\/revisions"}],"wp:featuredmedia":[{"embeddable":true,"href":"https:\/\/www.cetys.mx\/noticias\/wp-json\/wp\/v2\/media\/51616"}],"wp:attachment":[{"href":"https:\/\/www.cetys.mx\/noticias\/wp-json\/wp\/v2\/media?parent=51556"}],"wp:term":[{"taxonomy":"category","embeddable":true,"href":"https:\/\/www.cetys.mx\/noticias\/wp-json\/wp\/v2\/categories?post=51556"},{"taxonomy":"post_tag","embeddable":true,"href":"https:\/\/www.cetys.mx\/noticias\/wp-json\/wp\/v2\/tags?post=51556"}],"curies":[{"name":"wp","href":"https:\/\/api.w.org\/{rel}","templated":true}]}}