{"id":51307,"date":"2016-05-09T17:50:06","date_gmt":"2016-05-10T00:50:06","guid":{"rendered":"http:\/\/vocetys.mx\/?p=51307"},"modified":"2016-05-09T17:50:06","modified_gmt":"2016-05-10T00:50:06","slug":"obtienen-certificacion-docente-cetys","status":"publish","type":"post","link":"https:\/\/www.cetys.mx\/noticias\/obtienen-certificacion-docente-cetys\/","title":{"rendered":"Obtienen Certificaci\u00f3n Docente CETYS"},"content":{"rendered":"<p style=\"text-align: justify;\">Recientemente y en el marco de la celebraci\u00f3n del D\u00eda del Maestro, se llev\u00f3 a cabo la entrega de constancias a los profesores que concluyeron el Programa de Certificaci\u00f3n Docente CETYS, lo cual es digno de reconocerse y valorarse en forma p\u00fablica. En total fueron 15 docentes que lograron la <strong>Certificaci\u00f3n, <\/strong>para lo cual\u00a0habr\u00e1n invertido 440 horas de capacitaci\u00f3n y formaci\u00f3n en las \u00e1reas: Pedag\u00f3gica, Tecnol\u00f3gica, Valoral, Cultural y estilo de vida saludable.<\/p>\n<p style=\"text-align: justify;\">Dicha certificaci\u00f3n surge del <strong>Programa de Formaci\u00f3n Integral del<\/strong> <strong>Profesorado<\/strong>,<strong>\u00a0<\/strong>el cual tiene el prop\u00f3sito principal desarrollar en los maestros las competencias requeridas, para cumplir con el perfil docente CETYS. En este programa\u00a0se\u00a0verifican niveles de desempe\u00f1o en cinco \u00e1reas:\u00a0Desarrollo Profesional (a cargo de los Colegios);\u00a0Formaci\u00f3n Pedag\u00f3gica y Tecnol\u00f3gica (a cargo de Formaci\u00f3n Integral del Profesorado);\u00a0Formaci\u00f3n Valoral (a cargo del \u00e1rea de Ciencias Sociales y Humanidades); y Formaci\u00f3n Cultural y estilo de vida saludable (a cargo de Recursos Humanos).<\/p>\n<p style=\"text-align: justify;\"><a href=\"https:\/\/www.cetys.mx\/noticias\/wp-content\/uploads\/2016\/05\/docentes_cetys3.jpg\"><img loading=\"lazy\" decoding=\"async\" class=\"wp-image-51327 aligncenter\" src=\"https:\/\/www.cetys.mx\/noticias\/wp-content\/uploads\/2016\/05\/docentes_cetys3.jpg\" alt=\"certificaci\u00f3n\" width=\"797\" height=\"530\" \/><\/a><\/p>\n<p style=\"text-align: justify;\">La\u00a0<strong>Certificaci\u00f3n Docente CETYS<\/strong> (conocida como CDC), a trav\u00e9s de la cual se exige al profesorado un papel activo en su proceso de formaci\u00f3n, la disposici\u00f3n por incorporar nuevos y diversos m\u00e9todos y actividades a su quehacer docente, estar dispuesto a reflexionar de manera sistem\u00e1tica en su actuar, as\u00ed como mostrar apertura al di\u00e1logo y evidencia de sus logros en las \u00e1reas anteriormente mencionadas.<\/p>\n<p style=\"text-align: justify;\">Cabe se\u00f1alar que son tres los niveles para la obtenci\u00f3n final de la Certificaci\u00f3n atendiendo a criterios espec\u00edficos, por ejemplo:\u00a0<strong>Nivel 1, <\/strong>contar con 80 horas de capacitaci\u00f3n en la formaci\u00f3n pedag\u00f3gica y 20 horas de capacitaci\u00f3n en la formaci\u00f3n tecnol\u00f3gica.<\/p>\n<p style=\"text-align: justify;\">Para el<strong> Nivel 2,\u00a0<\/strong>contar con 180 horas de capacitaci\u00f3n en la formaci\u00f3n pedag\u00f3gica y 60 horas de capacitaci\u00f3n en la formaci\u00f3n tecnol\u00f3gica. En el caso del\u00a0<strong>Nivel<\/strong> 3,<strong>\u00a0<\/strong>contar con 210 horas de capacitaci\u00f3n en la formaci\u00f3n pedag\u00f3gica, 180 horas de capacitaci\u00f3n en la formaci\u00f3n tecnol\u00f3gica, 30 horas en la formaci\u00f3n valoral y 20 horas en la formaci\u00f3n cultural y estilo de vida saludable.<\/p>\n","protected":false},"excerpt":{"rendered":"<p>Recientemente y en el marco de la celebraci\u00f3n del D\u00eda del Maestro, se llev\u00f3 a cabo la entrega de constancias a los&#8230;<\/p>\n","protected":false},"author":20,"featured_media":51329,"comment_status":"open","ping_status":"open","sticky":false,"template":"","format":"standard","meta":{"footnotes":""},"categories":[110,133,125],"tags":[122,525,683,281,685,263,398,400,684],"class_list":["post-51307","post","type-post","status-publish","format-standard","has-post-thumbnail","hentry","category-academia","category-campus-mexicali","category-portada","tag-academia","tag-catedra","tag-certificacion","tag-ciencia","tag-colegio","tag-cultura","tag-docentes","tag-maestro","tag-profesores"],"yoast_head":"<!-- This site is optimized with the Yoast SEO plugin v27.4 - https:\/\/yoast.com\/product\/yoast-seo-wordpress\/ -->\n<title>Obtienen Certificaci\u00f3n Docente CETYS - CETYS<\/title>\n<meta name=\"description\" content=\"En el marco de la celebraci\u00f3n del D\u00eda del Maestro, se llev\u00f3 a cabo la entrega de constancias a los profesores que concluyeron la Certificaci\u00f3n Docente CETYS\" \/>\n<meta name=\"robots\" content=\"index, follow, max-snippet:-1, max-image-preview:large, max-video-preview:-1\" \/>\n<link rel=\"canonical\" href=\"https:\/\/www.cetys.mx\/noticias\/obtienen-certificacion-docente-cetys\/\" \/>\n<meta property=\"og:locale\" content=\"es_MX\" \/>\n<meta property=\"og:type\" content=\"article\" \/>\n<meta property=\"og:title\" content=\"Obtienen Certificaci\u00f3n Docente CETYS - CETYS\" \/>\n<meta property=\"og:description\" content=\"En el marco de la celebraci\u00f3n del D\u00eda del Maestro, se llev\u00f3 a cabo la entrega de constancias a los profesores que concluyeron la Certificaci\u00f3n Docente CETYS\" \/>\n<meta property=\"og:url\" content=\"https:\/\/www.cetys.mx\/noticias\/obtienen-certificacion-docente-cetys\/\" \/>\n<meta property=\"og:site_name\" content=\"CETYS\" \/>\n<meta property=\"article:publisher\" content=\"https:\/\/www.facebook.com\/cetysuniversidadmxl\/\" \/>\n<meta property=\"article:published_time\" content=\"2016-05-10T00:50:06+00:00\" \/>\n<meta property=\"og:image\" content=\"https:\/\/www.cetys.mx\/noticias\/wp-content\/uploads\/2016\/05\/docentes_cetys2.jpg\" \/>\n\t<meta property=\"og:image:width\" content=\"958\" \/>\n\t<meta property=\"og:image:height\" content=\"637\" \/>\n\t<meta property=\"og:image:type\" content=\"image\/jpeg\" \/>\n<meta name=\"author\" content=\"Campus Mexicali\" \/>\n<meta name=\"twitter:card\" content=\"summary_large_image\" \/>\n<meta name=\"twitter:creator\" content=\"@cetysuni\" \/>\n<meta name=\"twitter:site\" content=\"@cetysuni\" \/>\n<meta name=\"twitter:label1\" content=\"Escrito por\" \/>\n\t<meta name=\"twitter:data1\" content=\"Campus Mexicali\" \/>\n\t<meta name=\"twitter:label2\" content=\"Tiempo de lectura\" \/>\n\t<meta name=\"twitter:data2\" content=\"2 minutos\" \/>\n<script type=\"application\/ld+json\" class=\"yoast-schema-graph\">{\"@context\":\"https:\\\/\\\/schema.org\",\"@graph\":[{\"@type\":\"Article\",\"@id\":\"https:\\\/\\\/www.cetys.mx\\\/noticias\\\/obtienen-certificacion-docente-cetys\\\/#article\",\"isPartOf\":{\"@id\":\"https:\\\/\\\/www.cetys.mx\\\/noticias\\\/obtienen-certificacion-docente-cetys\\\/\"},\"author\":{\"name\":\"Campus Mexicali\",\"@id\":\"https:\\\/\\\/www.cetys.mx\\\/noticias\\\/#\\\/schema\\\/person\\\/79a95c4ac185f3705cf1b9c9340a5f70\"},\"headline\":\"Obtienen Certificaci\u00f3n Docente CETYS\",\"datePublished\":\"2016-05-10T00:50:06+00:00\",\"mainEntityOfPage\":{\"@id\":\"https:\\\/\\\/www.cetys.mx\\\/noticias\\\/obtienen-certificacion-docente-cetys\\\/\"},\"wordCount\":370,\"commentCount\":0,\"image\":{\"@id\":\"https:\\\/\\\/www.cetys.mx\\\/noticias\\\/obtienen-certificacion-docente-cetys\\\/#primaryimage\"},\"thumbnailUrl\":\"https:\\\/\\\/www.cetys.mx\\\/noticias\\\/wp-content\\\/uploads\\\/2016\\\/05\\\/docentes_cetys2.jpg\",\"keywords\":[\"Academia\",\"catedra\",\"certificaci\u00f3n\",\"Ciencia\",\"colegio\",\"cultura\",\"Docentes\",\"Maestro\",\"profesores\"],\"articleSection\":[\"Academia\",\"Campus Mexicali\",\"Portada\"],\"inLanguage\":\"es\",\"potentialAction\":[{\"@type\":\"CommentAction\",\"name\":\"Comment\",\"target\":[\"https:\\\/\\\/www.cetys.mx\\\/noticias\\\/obtienen-certificacion-docente-cetys\\\/#respond\"]}]},{\"@type\":\"WebPage\",\"@id\":\"https:\\\/\\\/www.cetys.mx\\\/noticias\\\/obtienen-certificacion-docente-cetys\\\/\",\"url\":\"https:\\\/\\\/www.cetys.mx\\\/noticias\\\/obtienen-certificacion-docente-cetys\\\/\",\"name\":\"Obtienen Certificaci\u00f3n Docente CETYS - CETYS\",\"isPartOf\":{\"@id\":\"https:\\\/\\\/www.cetys.mx\\\/noticias\\\/#website\"},\"primaryImageOfPage\":{\"@id\":\"https:\\\/\\\/www.cetys.mx\\\/noticias\\\/obtienen-certificacion-docente-cetys\\\/#primaryimage\"},\"image\":{\"@id\":\"https:\\\/\\\/www.cetys.mx\\\/noticias\\\/obtienen-certificacion-docente-cetys\\\/#primaryimage\"},\"thumbnailUrl\":\"https:\\\/\\\/www.cetys.mx\\\/noticias\\\/wp-content\\\/uploads\\\/2016\\\/05\\\/docentes_cetys2.jpg\",\"datePublished\":\"2016-05-10T00:50:06+00:00\",\"author\":{\"@id\":\"https:\\\/\\\/www.cetys.mx\\\/noticias\\\/#\\\/schema\\\/person\\\/79a95c4ac185f3705cf1b9c9340a5f70\"},\"description\":\"En el marco de la celebraci\u00f3n del D\u00eda del Maestro, se llev\u00f3 a cabo la entrega de constancias a los profesores que concluyeron la Certificaci\u00f3n Docente CETYS\",\"breadcrumb\":{\"@id\":\"https:\\\/\\\/www.cetys.mx\\\/noticias\\\/obtienen-certificacion-docente-cetys\\\/#breadcrumb\"},\"inLanguage\":\"es\",\"potentialAction\":[{\"@type\":\"ReadAction\",\"target\":[\"https:\\\/\\\/www.cetys.mx\\\/noticias\\\/obtienen-certificacion-docente-cetys\\\/\"]}]},{\"@type\":\"ImageObject\",\"inLanguage\":\"es\",\"@id\":\"https:\\\/\\\/www.cetys.mx\\\/noticias\\\/obtienen-certificacion-docente-cetys\\\/#primaryimage\",\"url\":\"https:\\\/\\\/www.cetys.mx\\\/noticias\\\/wp-content\\\/uploads\\\/2016\\\/05\\\/docentes_cetys2.jpg\",\"contentUrl\":\"https:\\\/\\\/www.cetys.mx\\\/noticias\\\/wp-content\\\/uploads\\\/2016\\\/05\\\/docentes_cetys2.jpg\",\"width\":958,\"height\":637,\"caption\":\"certificaci\u00f3n\"},{\"@type\":\"BreadcrumbList\",\"@id\":\"https:\\\/\\\/www.cetys.mx\\\/noticias\\\/obtienen-certificacion-docente-cetys\\\/#breadcrumb\",\"itemListElement\":[{\"@type\":\"ListItem\",\"position\":1,\"name\":\"Inicio\",\"item\":\"https:\\\/\\\/www.cetys.mx\\\/noticias\\\/\"},{\"@type\":\"ListItem\",\"position\":2,\"name\":\"Obtienen Certificaci\u00f3n Docente CETYS\"}]},{\"@type\":\"WebSite\",\"@id\":\"https:\\\/\\\/www.cetys.mx\\\/noticias\\\/#website\",\"url\":\"https:\\\/\\\/www.cetys.mx\\\/noticias\\\/\",\"name\":\"CETYS\",\"description\":\"\",\"potentialAction\":[{\"@type\":\"SearchAction\",\"target\":{\"@type\":\"EntryPoint\",\"urlTemplate\":\"https:\\\/\\\/www.cetys.mx\\\/noticias\\\/?s={search_term_string}\"},\"query-input\":{\"@type\":\"PropertyValueSpecification\",\"valueRequired\":true,\"valueName\":\"search_term_string\"}}],\"inLanguage\":\"es\"},{\"@type\":\"Person\",\"@id\":\"https:\\\/\\\/www.cetys.mx\\\/noticias\\\/#\\\/schema\\\/person\\\/79a95c4ac185f3705cf1b9c9340a5f70\",\"name\":\"Campus Mexicali\",\"url\":\"https:\\\/\\\/www.cetys.mx\\\/noticias\\\/author\\\/campusmexicali\\\/\"}]}<\/script>\n<!-- \/ Yoast SEO plugin. -->","yoast_head_json":{"title":"Obtienen Certificaci\u00f3n Docente CETYS - CETYS","description":"En el marco de la celebraci\u00f3n del D\u00eda del Maestro, se llev\u00f3 a cabo la entrega de constancias a los profesores que concluyeron la Certificaci\u00f3n Docente CETYS","robots":{"index":"index","follow":"follow","max-snippet":"max-snippet:-1","max-image-preview":"max-image-preview:large","max-video-preview":"max-video-preview:-1"},"canonical":"https:\/\/www.cetys.mx\/noticias\/obtienen-certificacion-docente-cetys\/","og_locale":"es_MX","og_type":"article","og_title":"Obtienen Certificaci\u00f3n Docente CETYS - CETYS","og_description":"En el marco de la celebraci\u00f3n del D\u00eda del Maestro, se llev\u00f3 a cabo la entrega de constancias a los profesores que concluyeron la Certificaci\u00f3n Docente CETYS","og_url":"https:\/\/www.cetys.mx\/noticias\/obtienen-certificacion-docente-cetys\/","og_site_name":"CETYS","article_publisher":"https:\/\/www.facebook.com\/cetysuniversidadmxl\/","article_published_time":"2016-05-10T00:50:06+00:00","og_image":[{"width":958,"height":637,"url":"https:\/\/www.cetys.mx\/noticias\/wp-content\/uploads\/2016\/05\/docentes_cetys2.jpg","type":"image\/jpeg"}],"author":"Campus Mexicali","twitter_card":"summary_large_image","twitter_creator":"@cetysuni","twitter_site":"@cetysuni","twitter_misc":{"Escrito por":"Campus Mexicali","Tiempo de lectura":"2 minutos"},"schema":{"@context":"https:\/\/schema.org","@graph":[{"@type":"Article","@id":"https:\/\/www.cetys.mx\/noticias\/obtienen-certificacion-docente-cetys\/#article","isPartOf":{"@id":"https:\/\/www.cetys.mx\/noticias\/obtienen-certificacion-docente-cetys\/"},"author":{"name":"Campus Mexicali","@id":"https:\/\/www.cetys.mx\/noticias\/#\/schema\/person\/79a95c4ac185f3705cf1b9c9340a5f70"},"headline":"Obtienen Certificaci\u00f3n Docente CETYS","datePublished":"2016-05-10T00:50:06+00:00","mainEntityOfPage":{"@id":"https:\/\/www.cetys.mx\/noticias\/obtienen-certificacion-docente-cetys\/"},"wordCount":370,"commentCount":0,"image":{"@id":"https:\/\/www.cetys.mx\/noticias\/obtienen-certificacion-docente-cetys\/#primaryimage"},"thumbnailUrl":"https:\/\/www.cetys.mx\/noticias\/wp-content\/uploads\/2016\/05\/docentes_cetys2.jpg","keywords":["Academia","catedra","certificaci\u00f3n","Ciencia","colegio","cultura","Docentes","Maestro","profesores"],"articleSection":["Academia","Campus Mexicali","Portada"],"inLanguage":"es","potentialAction":[{"@type":"CommentAction","name":"Comment","target":["https:\/\/www.cetys.mx\/noticias\/obtienen-certificacion-docente-cetys\/#respond"]}]},{"@type":"WebPage","@id":"https:\/\/www.cetys.mx\/noticias\/obtienen-certificacion-docente-cetys\/","url":"https:\/\/www.cetys.mx\/noticias\/obtienen-certificacion-docente-cetys\/","name":"Obtienen Certificaci\u00f3n Docente CETYS - CETYS","isPartOf":{"@id":"https:\/\/www.cetys.mx\/noticias\/#website"},"primaryImageOfPage":{"@id":"https:\/\/www.cetys.mx\/noticias\/obtienen-certificacion-docente-cetys\/#primaryimage"},"image":{"@id":"https:\/\/www.cetys.mx\/noticias\/obtienen-certificacion-docente-cetys\/#primaryimage"},"thumbnailUrl":"https:\/\/www.cetys.mx\/noticias\/wp-content\/uploads\/2016\/05\/docentes_cetys2.jpg","datePublished":"2016-05-10T00:50:06+00:00","author":{"@id":"https:\/\/www.cetys.mx\/noticias\/#\/schema\/person\/79a95c4ac185f3705cf1b9c9340a5f70"},"description":"En el marco de la celebraci\u00f3n del D\u00eda del Maestro, se llev\u00f3 a cabo la entrega de constancias a los profesores que concluyeron la Certificaci\u00f3n Docente CETYS","breadcrumb":{"@id":"https:\/\/www.cetys.mx\/noticias\/obtienen-certificacion-docente-cetys\/#breadcrumb"},"inLanguage":"es","potentialAction":[{"@type":"ReadAction","target":["https:\/\/www.cetys.mx\/noticias\/obtienen-certificacion-docente-cetys\/"]}]},{"@type":"ImageObject","inLanguage":"es","@id":"https:\/\/www.cetys.mx\/noticias\/obtienen-certificacion-docente-cetys\/#primaryimage","url":"https:\/\/www.cetys.mx\/noticias\/wp-content\/uploads\/2016\/05\/docentes_cetys2.jpg","contentUrl":"https:\/\/www.cetys.mx\/noticias\/wp-content\/uploads\/2016\/05\/docentes_cetys2.jpg","width":958,"height":637,"caption":"certificaci\u00f3n"},{"@type":"BreadcrumbList","@id":"https:\/\/www.cetys.mx\/noticias\/obtienen-certificacion-docente-cetys\/#breadcrumb","itemListElement":[{"@type":"ListItem","position":1,"name":"Inicio","item":"https:\/\/www.cetys.mx\/noticias\/"},{"@type":"ListItem","position":2,"name":"Obtienen Certificaci\u00f3n Docente CETYS"}]},{"@type":"WebSite","@id":"https:\/\/www.cetys.mx\/noticias\/#website","url":"https:\/\/www.cetys.mx\/noticias\/","name":"CETYS","description":"","potentialAction":[{"@type":"SearchAction","target":{"@type":"EntryPoint","urlTemplate":"https:\/\/www.cetys.mx\/noticias\/?s={search_term_string}"},"query-input":{"@type":"PropertyValueSpecification","valueRequired":true,"valueName":"search_term_string"}}],"inLanguage":"es"},{"@type":"Person","@id":"https:\/\/www.cetys.mx\/noticias\/#\/schema\/person\/79a95c4ac185f3705cf1b9c9340a5f70","name":"Campus Mexicali","url":"https:\/\/www.cetys.mx\/noticias\/author\/campusmexicali\/"}]}},"_links":{"self":[{"href":"https:\/\/www.cetys.mx\/noticias\/wp-json\/wp\/v2\/posts\/51307","targetHints":{"allow":["GET"]}}],"collection":[{"href":"https:\/\/www.cetys.mx\/noticias\/wp-json\/wp\/v2\/posts"}],"about":[{"href":"https:\/\/www.cetys.mx\/noticias\/wp-json\/wp\/v2\/types\/post"}],"author":[{"embeddable":true,"href":"https:\/\/www.cetys.mx\/noticias\/wp-json\/wp\/v2\/users\/20"}],"replies":[{"embeddable":true,"href":"https:\/\/www.cetys.mx\/noticias\/wp-json\/wp\/v2\/comments?post=51307"}],"version-history":[{"count":0,"href":"https:\/\/www.cetys.mx\/noticias\/wp-json\/wp\/v2\/posts\/51307\/revisions"}],"wp:featuredmedia":[{"embeddable":true,"href":"https:\/\/www.cetys.mx\/noticias\/wp-json\/wp\/v2\/media\/51329"}],"wp:attachment":[{"href":"https:\/\/www.cetys.mx\/noticias\/wp-json\/wp\/v2\/media?parent=51307"}],"wp:term":[{"taxonomy":"category","embeddable":true,"href":"https:\/\/www.cetys.mx\/noticias\/wp-json\/wp\/v2\/categories?post=51307"},{"taxonomy":"post_tag","embeddable":true,"href":"https:\/\/www.cetys.mx\/noticias\/wp-json\/wp\/v2\/tags?post=51307"}],"curies":[{"name":"wp","href":"https:\/\/api.w.org\/{rel}","templated":true}]}}