{"id":51234,"date":"2016-05-05T16:28:46","date_gmt":"2016-05-05T23:28:46","guid":{"rendered":"http:\/\/vocetys.mx\/?p=51234"},"modified":"2016-07-14T20:33:16","modified_gmt":"2016-07-15T03:33:16","slug":"impulsan-en-lan-caracter-emprendedor","status":"publish","type":"post","link":"https:\/\/www.cetys.mx\/noticias\/impulsan-en-lan-caracter-emprendedor\/","title":{"rendered":"Impulsan en LAN car\u00e1cter emprendedor"},"content":{"rendered":"<p style=\"text-align: justify;\">Recientemente, alumnos de la materia Proyecto Integrador de la Licenciatura en Administraci\u00f3n de Negocios (LAN), participaron en una pl\u00e1tica con\u00a0 la Licenciada <strong>Ana Paula Maytorena<\/strong> fundadora de la empresa local <strong>Secado Express<\/strong> con m\u00e1s de 13 a\u00f1os en el mercado.<\/p>\n<p style=\"text-align: justify;\">La actividad se dio con la intenci\u00f3n de que el alumno explorara otros horizontes y despertara su lado emprendedor con la finalidad de que todo lo aprendido en su carrera lo ejerza, lo ponga en pr\u00e1ctica y le d\u00e9 un valor agregado a su perfil profesional.\u00a0En la actividad, la invitada comparti\u00f3 experiencias, recomendaciones y dio muchos consejos de lo valioso que es emprender y poder invertir en nuestra comunidad abriendo oportunidades no solo para uno mismo, si no para otorgar mas empleos.<\/p>\n<p style=\"text-align: justify;\"><a href=\"https:\/\/www.cetys.mx\/noticias\/wp-content\/uploads\/2016\/05\/secado.jpg\"><img loading=\"lazy\" decoding=\"async\" class=\"wp-image-51241 aligncenter\" src=\"https:\/\/www.cetys.mx\/noticias\/wp-content\/uploads\/2016\/05\/secado.jpg\" alt=\"emprendedor\" width=\"861\" height=\"572\" \/><\/a><\/p>\n<p style=\"text-align: justify;\">La Mtra. <b><span lang=\"ES\">Melani V\u00e1squez<\/span><\/b><span lang=\"ES\"><strong> Medina<\/strong>, encargada de la materia coment\u00f3 que<\/span>\u00a0algunos de los trabajos que los alumnos est\u00e1n desarrollando este trimestre, tienen la finalidad de desarrollar su perfil emprendedor; otros son referentes a manuales de mejora continua; proyectos empresariales; consultor\u00edas; etc\u00e9tera.<\/p>\n<p style=\"text-align: justify;\">&#8220;CETYS es una instituci\u00f3n que apuesta por el crecimiento de nuestros estudiantes, desarrolla l\u00edderes, los canaliza para que cada d\u00eda se vayan desarrollando como mejores profesionistas y personas. Aqu\u00ed estamos preocupados por la comunidad; y si forjamos alumnos con car\u00e1cter emprendedor nos enriquece como ciudad y como instituci\u00f3n educativa&#8221;, se\u00f1al\u00f3 la docente.<\/p>\n<p style=\"text-align: justify;\">Finalmente, V\u00e1squez Medina recomend\u00f3 que las personas se animen a estudiar su Licenciatura y\/o una segunda carrera. Ya que es importante que se siga invirtiendo en cada uno haciendo un compromiso de crecimiento personal y profesional.<\/p>\n<hr \/>\n<p style=\"text-align: justify;\">\n<p style=\"text-align: justify;\"><strong>Para mayores informes sobre la Licenciatura en Administraci\u00f3n de Negocios (LAN), comun\u00edcate al (686) 567 3786 o al correo electr\u00f3nico infocetys@cetys.mx<\/strong><\/p>\n","protected":false},"excerpt":{"rendered":"<p>Recientemente, alumnos de la materia Proyecto Integrador de la Licenciatura en Administraci\u00f3n de Negocios (LAN), participaron en una pl\u00e1tica con\u00a0 la Licenciada&#8230;<\/p>\n","protected":false},"author":20,"featured_media":51242,"comment_status":"open","ping_status":"open","sticky":false,"template":"","format":"standard","meta":{"footnotes":""},"categories":[110],"tags":[373,346,670,560,99,669],"class_list":["post-51234","post","type-post","status-publish","format-standard","has-post-thumbnail","hentry","category-academia","tag-administracion","tag-emprendedor","tag-empresarios","tag-lan","tag-negocios","tag-platicas"],"yoast_head":"<!-- This site is optimized with the Yoast SEO plugin v27.4 - https:\/\/yoast.com\/product\/yoast-seo-wordpress\/ -->\n<title>Impulsan en LAN car\u00e1cter emprendedor - CETYS<\/title>\n<meta name=\"description\" content=\"...algunos de los trabajos que los alumnos est\u00e1n desarrollando este trimestre en LAN, tienen la finalidad de desarrollar su perfil y car\u00e1cter emprendedor...\" \/>\n<meta name=\"robots\" content=\"index, follow, max-snippet:-1, max-image-preview:large, max-video-preview:-1\" \/>\n<link rel=\"canonical\" href=\"https:\/\/www.cetys.mx\/noticias\/impulsan-en-lan-caracter-emprendedor\/\" \/>\n<meta property=\"og:locale\" content=\"es_MX\" \/>\n<meta property=\"og:type\" content=\"article\" \/>\n<meta property=\"og:title\" content=\"Impulsan en LAN car\u00e1cter emprendedor - CETYS\" \/>\n<meta property=\"og:description\" content=\"...algunos de los trabajos que los alumnos est\u00e1n desarrollando este trimestre en LAN, tienen la finalidad de desarrollar su perfil y car\u00e1cter emprendedor...\" \/>\n<meta property=\"og:url\" content=\"https:\/\/www.cetys.mx\/noticias\/impulsan-en-lan-caracter-emprendedor\/\" \/>\n<meta property=\"og:site_name\" content=\"CETYS\" \/>\n<meta property=\"article:publisher\" content=\"https:\/\/www.facebook.com\/cetysuniversidadmxl\/\" \/>\n<meta property=\"article:published_time\" content=\"2016-05-05T23:28:46+00:00\" \/>\n<meta property=\"article:modified_time\" content=\"2016-07-15T03:33:16+00:00\" \/>\n<meta property=\"og:image\" content=\"https:\/\/www.cetys.mx\/noticias\/wp-content\/uploads\/2016\/05\/secado2.jpg\" \/>\n\t<meta property=\"og:image:width\" content=\"958\" \/>\n\t<meta property=\"og:image:height\" content=\"637\" \/>\n\t<meta property=\"og:image:type\" content=\"image\/jpeg\" \/>\n<meta name=\"author\" content=\"Campus Mexicali\" \/>\n<meta name=\"twitter:card\" content=\"summary_large_image\" \/>\n<meta name=\"twitter:creator\" content=\"@cetysuni\" \/>\n<meta name=\"twitter:site\" content=\"@cetysuni\" \/>\n<meta name=\"twitter:label1\" content=\"Escrito por\" \/>\n\t<meta name=\"twitter:data1\" content=\"Campus Mexicali\" \/>\n\t<meta name=\"twitter:label2\" content=\"Tiempo de lectura\" \/>\n\t<meta name=\"twitter:data2\" content=\"1 minuto\" \/>\n<script type=\"application\/ld+json\" class=\"yoast-schema-graph\">{\"@context\":\"https:\\\/\\\/schema.org\",\"@graph\":[{\"@type\":\"Article\",\"@id\":\"https:\\\/\\\/www.cetys.mx\\\/noticias\\\/impulsan-en-lan-caracter-emprendedor\\\/#article\",\"isPartOf\":{\"@id\":\"https:\\\/\\\/www.cetys.mx\\\/noticias\\\/impulsan-en-lan-caracter-emprendedor\\\/\"},\"author\":{\"name\":\"Campus Mexicali\",\"@id\":\"https:\\\/\\\/www.cetys.mx\\\/noticias\\\/#\\\/schema\\\/person\\\/79a95c4ac185f3705cf1b9c9340a5f70\"},\"headline\":\"Impulsan en LAN car\u00e1cter emprendedor\",\"datePublished\":\"2016-05-05T23:28:46+00:00\",\"dateModified\":\"2016-07-15T03:33:16+00:00\",\"mainEntityOfPage\":{\"@id\":\"https:\\\/\\\/www.cetys.mx\\\/noticias\\\/impulsan-en-lan-caracter-emprendedor\\\/\"},\"wordCount\":299,\"commentCount\":0,\"image\":{\"@id\":\"https:\\\/\\\/www.cetys.mx\\\/noticias\\\/impulsan-en-lan-caracter-emprendedor\\\/#primaryimage\"},\"thumbnailUrl\":\"https:\\\/\\\/www.cetys.mx\\\/noticias\\\/wp-content\\\/uploads\\\/2016\\\/05\\\/secado2.jpg\",\"keywords\":[\"Administraci\u00f3n\",\"Emprendedor\",\"Empresarios\",\"lan\",\"Negocios\",\"Platicas\"],\"articleSection\":[\"Academia\"],\"inLanguage\":\"es\",\"potentialAction\":[{\"@type\":\"CommentAction\",\"name\":\"Comment\",\"target\":[\"https:\\\/\\\/www.cetys.mx\\\/noticias\\\/impulsan-en-lan-caracter-emprendedor\\\/#respond\"]}]},{\"@type\":\"WebPage\",\"@id\":\"https:\\\/\\\/www.cetys.mx\\\/noticias\\\/impulsan-en-lan-caracter-emprendedor\\\/\",\"url\":\"https:\\\/\\\/www.cetys.mx\\\/noticias\\\/impulsan-en-lan-caracter-emprendedor\\\/\",\"name\":\"Impulsan en LAN car\u00e1cter emprendedor - CETYS\",\"isPartOf\":{\"@id\":\"https:\\\/\\\/www.cetys.mx\\\/noticias\\\/#website\"},\"primaryImageOfPage\":{\"@id\":\"https:\\\/\\\/www.cetys.mx\\\/noticias\\\/impulsan-en-lan-caracter-emprendedor\\\/#primaryimage\"},\"image\":{\"@id\":\"https:\\\/\\\/www.cetys.mx\\\/noticias\\\/impulsan-en-lan-caracter-emprendedor\\\/#primaryimage\"},\"thumbnailUrl\":\"https:\\\/\\\/www.cetys.mx\\\/noticias\\\/wp-content\\\/uploads\\\/2016\\\/05\\\/secado2.jpg\",\"datePublished\":\"2016-05-05T23:28:46+00:00\",\"dateModified\":\"2016-07-15T03:33:16+00:00\",\"author\":{\"@id\":\"https:\\\/\\\/www.cetys.mx\\\/noticias\\\/#\\\/schema\\\/person\\\/79a95c4ac185f3705cf1b9c9340a5f70\"},\"description\":\"...algunos de los trabajos que los alumnos est\u00e1n desarrollando este trimestre en LAN, tienen la finalidad de desarrollar su perfil y car\u00e1cter emprendedor...\",\"breadcrumb\":{\"@id\":\"https:\\\/\\\/www.cetys.mx\\\/noticias\\\/impulsan-en-lan-caracter-emprendedor\\\/#breadcrumb\"},\"inLanguage\":\"es\",\"potentialAction\":[{\"@type\":\"ReadAction\",\"target\":[\"https:\\\/\\\/www.cetys.mx\\\/noticias\\\/impulsan-en-lan-caracter-emprendedor\\\/\"]}]},{\"@type\":\"ImageObject\",\"inLanguage\":\"es\",\"@id\":\"https:\\\/\\\/www.cetys.mx\\\/noticias\\\/impulsan-en-lan-caracter-emprendedor\\\/#primaryimage\",\"url\":\"https:\\\/\\\/www.cetys.mx\\\/noticias\\\/wp-content\\\/uploads\\\/2016\\\/05\\\/secado2.jpg\",\"contentUrl\":\"https:\\\/\\\/www.cetys.mx\\\/noticias\\\/wp-content\\\/uploads\\\/2016\\\/05\\\/secado2.jpg\",\"width\":958,\"height\":637,\"caption\":\"emprendedor\"},{\"@type\":\"BreadcrumbList\",\"@id\":\"https:\\\/\\\/www.cetys.mx\\\/noticias\\\/impulsan-en-lan-caracter-emprendedor\\\/#breadcrumb\",\"itemListElement\":[{\"@type\":\"ListItem\",\"position\":1,\"name\":\"Inicio\",\"item\":\"https:\\\/\\\/www.cetys.mx\\\/noticias\\\/\"},{\"@type\":\"ListItem\",\"position\":2,\"name\":\"Impulsan en LAN car\u00e1cter emprendedor\"}]},{\"@type\":\"WebSite\",\"@id\":\"https:\\\/\\\/www.cetys.mx\\\/noticias\\\/#website\",\"url\":\"https:\\\/\\\/www.cetys.mx\\\/noticias\\\/\",\"name\":\"CETYS\",\"description\":\"\",\"potentialAction\":[{\"@type\":\"SearchAction\",\"target\":{\"@type\":\"EntryPoint\",\"urlTemplate\":\"https:\\\/\\\/www.cetys.mx\\\/noticias\\\/?s={search_term_string}\"},\"query-input\":{\"@type\":\"PropertyValueSpecification\",\"valueRequired\":true,\"valueName\":\"search_term_string\"}}],\"inLanguage\":\"es\"},{\"@type\":\"Person\",\"@id\":\"https:\\\/\\\/www.cetys.mx\\\/noticias\\\/#\\\/schema\\\/person\\\/79a95c4ac185f3705cf1b9c9340a5f70\",\"name\":\"Campus Mexicali\",\"url\":\"https:\\\/\\\/www.cetys.mx\\\/noticias\\\/author\\\/campusmexicali\\\/\"}]}<\/script>\n<!-- \/ Yoast SEO plugin. -->","yoast_head_json":{"title":"Impulsan en LAN car\u00e1cter emprendedor - CETYS","description":"...algunos de los trabajos que los alumnos est\u00e1n desarrollando este trimestre en LAN, tienen la finalidad de desarrollar su perfil y car\u00e1cter emprendedor...","robots":{"index":"index","follow":"follow","max-snippet":"max-snippet:-1","max-image-preview":"max-image-preview:large","max-video-preview":"max-video-preview:-1"},"canonical":"https:\/\/www.cetys.mx\/noticias\/impulsan-en-lan-caracter-emprendedor\/","og_locale":"es_MX","og_type":"article","og_title":"Impulsan en LAN car\u00e1cter emprendedor - CETYS","og_description":"...algunos de los trabajos que los alumnos est\u00e1n desarrollando este trimestre en LAN, tienen la finalidad de desarrollar su perfil y car\u00e1cter emprendedor...","og_url":"https:\/\/www.cetys.mx\/noticias\/impulsan-en-lan-caracter-emprendedor\/","og_site_name":"CETYS","article_publisher":"https:\/\/www.facebook.com\/cetysuniversidadmxl\/","article_published_time":"2016-05-05T23:28:46+00:00","article_modified_time":"2016-07-15T03:33:16+00:00","og_image":[{"width":958,"height":637,"url":"https:\/\/www.cetys.mx\/noticias\/wp-content\/uploads\/2016\/05\/secado2.jpg","type":"image\/jpeg"}],"author":"Campus Mexicali","twitter_card":"summary_large_image","twitter_creator":"@cetysuni","twitter_site":"@cetysuni","twitter_misc":{"Escrito por":"Campus Mexicali","Tiempo de lectura":"1 minuto"},"schema":{"@context":"https:\/\/schema.org","@graph":[{"@type":"Article","@id":"https:\/\/www.cetys.mx\/noticias\/impulsan-en-lan-caracter-emprendedor\/#article","isPartOf":{"@id":"https:\/\/www.cetys.mx\/noticias\/impulsan-en-lan-caracter-emprendedor\/"},"author":{"name":"Campus Mexicali","@id":"https:\/\/www.cetys.mx\/noticias\/#\/schema\/person\/79a95c4ac185f3705cf1b9c9340a5f70"},"headline":"Impulsan en LAN car\u00e1cter emprendedor","datePublished":"2016-05-05T23:28:46+00:00","dateModified":"2016-07-15T03:33:16+00:00","mainEntityOfPage":{"@id":"https:\/\/www.cetys.mx\/noticias\/impulsan-en-lan-caracter-emprendedor\/"},"wordCount":299,"commentCount":0,"image":{"@id":"https:\/\/www.cetys.mx\/noticias\/impulsan-en-lan-caracter-emprendedor\/#primaryimage"},"thumbnailUrl":"https:\/\/www.cetys.mx\/noticias\/wp-content\/uploads\/2016\/05\/secado2.jpg","keywords":["Administraci\u00f3n","Emprendedor","Empresarios","lan","Negocios","Platicas"],"articleSection":["Academia"],"inLanguage":"es","potentialAction":[{"@type":"CommentAction","name":"Comment","target":["https:\/\/www.cetys.mx\/noticias\/impulsan-en-lan-caracter-emprendedor\/#respond"]}]},{"@type":"WebPage","@id":"https:\/\/www.cetys.mx\/noticias\/impulsan-en-lan-caracter-emprendedor\/","url":"https:\/\/www.cetys.mx\/noticias\/impulsan-en-lan-caracter-emprendedor\/","name":"Impulsan en LAN car\u00e1cter emprendedor - CETYS","isPartOf":{"@id":"https:\/\/www.cetys.mx\/noticias\/#website"},"primaryImageOfPage":{"@id":"https:\/\/www.cetys.mx\/noticias\/impulsan-en-lan-caracter-emprendedor\/#primaryimage"},"image":{"@id":"https:\/\/www.cetys.mx\/noticias\/impulsan-en-lan-caracter-emprendedor\/#primaryimage"},"thumbnailUrl":"https:\/\/www.cetys.mx\/noticias\/wp-content\/uploads\/2016\/05\/secado2.jpg","datePublished":"2016-05-05T23:28:46+00:00","dateModified":"2016-07-15T03:33:16+00:00","author":{"@id":"https:\/\/www.cetys.mx\/noticias\/#\/schema\/person\/79a95c4ac185f3705cf1b9c9340a5f70"},"description":"...algunos de los trabajos que los alumnos est\u00e1n desarrollando este trimestre en LAN, tienen la finalidad de desarrollar su perfil y car\u00e1cter emprendedor...","breadcrumb":{"@id":"https:\/\/www.cetys.mx\/noticias\/impulsan-en-lan-caracter-emprendedor\/#breadcrumb"},"inLanguage":"es","potentialAction":[{"@type":"ReadAction","target":["https:\/\/www.cetys.mx\/noticias\/impulsan-en-lan-caracter-emprendedor\/"]}]},{"@type":"ImageObject","inLanguage":"es","@id":"https:\/\/www.cetys.mx\/noticias\/impulsan-en-lan-caracter-emprendedor\/#primaryimage","url":"https:\/\/www.cetys.mx\/noticias\/wp-content\/uploads\/2016\/05\/secado2.jpg","contentUrl":"https:\/\/www.cetys.mx\/noticias\/wp-content\/uploads\/2016\/05\/secado2.jpg","width":958,"height":637,"caption":"emprendedor"},{"@type":"BreadcrumbList","@id":"https:\/\/www.cetys.mx\/noticias\/impulsan-en-lan-caracter-emprendedor\/#breadcrumb","itemListElement":[{"@type":"ListItem","position":1,"name":"Inicio","item":"https:\/\/www.cetys.mx\/noticias\/"},{"@type":"ListItem","position":2,"name":"Impulsan en LAN car\u00e1cter emprendedor"}]},{"@type":"WebSite","@id":"https:\/\/www.cetys.mx\/noticias\/#website","url":"https:\/\/www.cetys.mx\/noticias\/","name":"CETYS","description":"","potentialAction":[{"@type":"SearchAction","target":{"@type":"EntryPoint","urlTemplate":"https:\/\/www.cetys.mx\/noticias\/?s={search_term_string}"},"query-input":{"@type":"PropertyValueSpecification","valueRequired":true,"valueName":"search_term_string"}}],"inLanguage":"es"},{"@type":"Person","@id":"https:\/\/www.cetys.mx\/noticias\/#\/schema\/person\/79a95c4ac185f3705cf1b9c9340a5f70","name":"Campus Mexicali","url":"https:\/\/www.cetys.mx\/noticias\/author\/campusmexicali\/"}]}},"_links":{"self":[{"href":"https:\/\/www.cetys.mx\/noticias\/wp-json\/wp\/v2\/posts\/51234","targetHints":{"allow":["GET"]}}],"collection":[{"href":"https:\/\/www.cetys.mx\/noticias\/wp-json\/wp\/v2\/posts"}],"about":[{"href":"https:\/\/www.cetys.mx\/noticias\/wp-json\/wp\/v2\/types\/post"}],"author":[{"embeddable":true,"href":"https:\/\/www.cetys.mx\/noticias\/wp-json\/wp\/v2\/users\/20"}],"replies":[{"embeddable":true,"href":"https:\/\/www.cetys.mx\/noticias\/wp-json\/wp\/v2\/comments?post=51234"}],"version-history":[{"count":0,"href":"https:\/\/www.cetys.mx\/noticias\/wp-json\/wp\/v2\/posts\/51234\/revisions"}],"wp:featuredmedia":[{"embeddable":true,"href":"https:\/\/www.cetys.mx\/noticias\/wp-json\/wp\/v2\/media\/51242"}],"wp:attachment":[{"href":"https:\/\/www.cetys.mx\/noticias\/wp-json\/wp\/v2\/media?parent=51234"}],"wp:term":[{"taxonomy":"category","embeddable":true,"href":"https:\/\/www.cetys.mx\/noticias\/wp-json\/wp\/v2\/categories?post=51234"},{"taxonomy":"post_tag","embeddable":true,"href":"https:\/\/www.cetys.mx\/noticias\/wp-json\/wp\/v2\/tags?post=51234"}],"curies":[{"name":"wp","href":"https:\/\/api.w.org\/{rel}","templated":true}]}}