{"id":51229,"date":"2016-05-05T13:07:10","date_gmt":"2016-05-05T20:07:10","guid":{"rendered":"http:\/\/vocetys.mx\/?p=51229"},"modified":"2016-05-05T13:08:58","modified_gmt":"2016-05-05T20:08:58","slug":"concluyen-bachilleres-trabajo-comunitario","status":"publish","type":"post","link":"https:\/\/www.cetys.mx\/noticias\/concluyen-bachilleres-trabajo-comunitario\/","title":{"rendered":"Concluyen bachilleres trabajo comunitario"},"content":{"rendered":"<p style=\"text-align: justify;\"><span lang=\"ES-US\">El pasado 29 de abril \u00a0se realiz\u00f3 \u00a0el cierre del proyecto comunitario &#8216;<strong>Club de Tareas<\/strong>&#8216;, a trav\u00e9s \u00a0de un festejo \u00a0tem\u00e1tico de ciencia e historia. Esta actividad realizada en la colonia Valle del \u00c1lamo, fue organizada por los j\u00f3venes de cuarto semestre, grupo 2413 de la Preparatoria CETYS luego de unos meses de asesor\u00edas acad\u00e9micas y de valores.<\/span><\/p>\n<p style=\"text-align: justify;\">El evento se llev\u00f3 a cabo dentro de la Iglesia Asunci\u00f3n de Mar\u00eda en donde 40 ni\u00f1os festejaron al mismo tiempo el D\u00eda del Ni\u00f1o recibiendo regalos y una comida con instalaciones de brincolinas y juegos. Cabe se\u00f1alar que algunos de los infantes provienen de colonias cercanas como Corregidora, Fracc el Porvenir y colonia Compuertas.<\/p>\n<p style=\"text-align: justify;\"><a href=\"https:\/\/www.cetys.mx\/noticias\/wp-content\/uploads\/2016\/05\/ni2.jpg\"><img loading=\"lazy\" decoding=\"async\" class=\"size-full wp-image-51230 aligncenter\" src=\"https:\/\/www.cetys.mx\/noticias\/wp-content\/uploads\/2016\/05\/ni2.jpg\" alt=\"comunitario\" width=\"709\" height=\"471\" \/><\/a><\/p>\n<p style=\"text-align: justify;\">La Mtra. Imelda Gonz\u00e1lez, responsable del evento, dijo que tras un gran esfuerzo \u00a0de \u00a0planificaci\u00f3n, se logr\u00f3 un hermoso evento en el cual los alumnos CETYS pudieron obtener \u00a0la pureza de la sonrisa de todos los ni\u00f1os. &#8220;Esto lo hacemos cada semestre y cerramos trabajos en la zona el pr\u00f3ximo 11 de mayo con motivo del D\u00eda de las Madres donde participar\u00e1n las mam\u00e1s de estos mismos ni\u00f1os&#8221;, agreg\u00f3.<\/p>\n<p style=\"text-align: justify;\"><span lang=\"ES-US\">Por su parte, la estudiante Yoela Garc\u00eda coment\u00f3 que e<\/span>se d\u00eda llegaron desde temprano para poder tener todo listo para los ni\u00f1os, acomodando carpas y adornos.<\/p>\n<blockquote>\n<p style=\"text-align: justify;\">&#8220;Me sent\u00ed muy emocionada y nerviosa a la vez, ya que\u00a0quer\u00edamos\u00a0que todo saliera perfecto para estos hermosos ni\u00f1os\u00a0que en verdad lo\u00a0merecen\u00a0despu\u00e9s de tanto tiempo que nos han\u00a0demostrado que sus actitudes han cambiado mucho y lo mejor de todo es que son para bien. \u00a0Estoy sumamente orgullosa de ellos y de m\u00ed, ya que eso dice que no debemos rendirnos ante la situaci\u00f3n porque nunca sabemos\u00a0qui\u00e9n\u00a0est\u00e1\u00a0detr\u00e1s de\u00a0nosotros tomando nuestro ejemplo&#8221;, expres\u00f3.<\/p>\n<\/blockquote>\n","protected":false},"excerpt":{"rendered":"<p>El pasado 29 de abril \u00a0se realiz\u00f3 \u00a0el cierre del proyecto comunitario &#8216;Club de Tareas&#8216;, a trav\u00e9s \u00a0de un festejo \u00a0tem\u00e1tico de&#8230;<\/p>\n","protected":false},"author":20,"featured_media":51231,"comment_status":"open","ping_status":"open","sticky":false,"template":"","format":"standard","meta":{"footnotes":""},"categories":[133,106],"tags":[665,281,404,664,401,92,423],"class_list":["post-51229","post","type-post","status-publish","format-standard","has-post-thumbnail","hentry","category-campus-mexicali","category-comunidad","tag-bachilleres","tag-ciencia","tag-comunidad","tag-comunitario","tag-historia","tag-preparatoria","tag-social"],"yoast_head":"<!-- This site is optimized with the Yoast SEO plugin v27.4 - https:\/\/yoast.com\/product\/yoast-seo-wordpress\/ -->\n<title>Concluyen bachilleres trabajo comunitario - CETYS<\/title>\n<meta name=\"description\" content=\"El pasado 29 de abril se realiz\u00f3 el cierre del proyecto comunitario &#039;Club de Tareas&#039;, a trav\u00e9s de un festejo tem\u00e1tico de ciencia e historia.\" \/>\n<meta name=\"robots\" content=\"index, follow, max-snippet:-1, max-image-preview:large, max-video-preview:-1\" \/>\n<link rel=\"canonical\" href=\"https:\/\/www.cetys.mx\/noticias\/concluyen-bachilleres-trabajo-comunitario\/\" \/>\n<meta property=\"og:locale\" content=\"es_MX\" \/>\n<meta property=\"og:type\" content=\"article\" \/>\n<meta property=\"og:title\" content=\"Concluyen bachilleres trabajo comunitario - CETYS\" \/>\n<meta property=\"og:description\" content=\"El pasado 29 de abril se realiz\u00f3 el cierre del proyecto comunitario &#039;Club de Tareas&#039;, a trav\u00e9s de un festejo tem\u00e1tico de ciencia e historia.\" \/>\n<meta property=\"og:url\" content=\"https:\/\/www.cetys.mx\/noticias\/concluyen-bachilleres-trabajo-comunitario\/\" \/>\n<meta property=\"og:site_name\" content=\"CETYS\" \/>\n<meta property=\"article:publisher\" content=\"https:\/\/www.facebook.com\/cetysuniversidadmxl\/\" \/>\n<meta property=\"article:published_time\" content=\"2016-05-05T20:07:10+00:00\" \/>\n<meta property=\"article:modified_time\" content=\"2016-05-05T20:08:58+00:00\" \/>\n<meta property=\"og:image\" content=\"https:\/\/www.cetys.mx\/noticias\/wp-content\/uploads\/2016\/05\/ni.jpg\" \/>\n\t<meta property=\"og:image:width\" content=\"958\" \/>\n\t<meta property=\"og:image:height\" content=\"637\" \/>\n\t<meta property=\"og:image:type\" content=\"image\/jpeg\" \/>\n<meta name=\"author\" content=\"Campus Mexicali\" \/>\n<meta name=\"twitter:card\" content=\"summary_large_image\" \/>\n<meta name=\"twitter:creator\" content=\"@cetysuni\" \/>\n<meta name=\"twitter:site\" content=\"@cetysuni\" \/>\n<meta name=\"twitter:label1\" content=\"Escrito por\" \/>\n\t<meta name=\"twitter:data1\" content=\"Campus Mexicali\" \/>\n\t<meta name=\"twitter:label2\" content=\"Tiempo de lectura\" \/>\n\t<meta name=\"twitter:data2\" content=\"2 minutos\" \/>\n<script type=\"application\/ld+json\" class=\"yoast-schema-graph\">{\"@context\":\"https:\\\/\\\/schema.org\",\"@graph\":[{\"@type\":\"Article\",\"@id\":\"https:\\\/\\\/www.cetys.mx\\\/noticias\\\/concluyen-bachilleres-trabajo-comunitario\\\/#article\",\"isPartOf\":{\"@id\":\"https:\\\/\\\/www.cetys.mx\\\/noticias\\\/concluyen-bachilleres-trabajo-comunitario\\\/\"},\"author\":{\"name\":\"Campus Mexicali\",\"@id\":\"https:\\\/\\\/www.cetys.mx\\\/noticias\\\/#\\\/schema\\\/person\\\/79a95c4ac185f3705cf1b9c9340a5f70\"},\"headline\":\"Concluyen bachilleres trabajo comunitario\",\"datePublished\":\"2016-05-05T20:07:10+00:00\",\"dateModified\":\"2016-05-05T20:08:58+00:00\",\"mainEntityOfPage\":{\"@id\":\"https:\\\/\\\/www.cetys.mx\\\/noticias\\\/concluyen-bachilleres-trabajo-comunitario\\\/\"},\"wordCount\":316,\"commentCount\":0,\"image\":{\"@id\":\"https:\\\/\\\/www.cetys.mx\\\/noticias\\\/concluyen-bachilleres-trabajo-comunitario\\\/#primaryimage\"},\"thumbnailUrl\":\"https:\\\/\\\/www.cetys.mx\\\/noticias\\\/wp-content\\\/uploads\\\/2016\\\/05\\\/ni.jpg\",\"keywords\":[\"Bachilleres\",\"Ciencia\",\"Comunidad\",\"Comunitario\",\"Historia\",\"Preparatoria\",\"Social\"],\"articleSection\":[\"Campus Mexicali\",\"Comunidad\"],\"inLanguage\":\"es\",\"potentialAction\":[{\"@type\":\"CommentAction\",\"name\":\"Comment\",\"target\":[\"https:\\\/\\\/www.cetys.mx\\\/noticias\\\/concluyen-bachilleres-trabajo-comunitario\\\/#respond\"]}]},{\"@type\":\"WebPage\",\"@id\":\"https:\\\/\\\/www.cetys.mx\\\/noticias\\\/concluyen-bachilleres-trabajo-comunitario\\\/\",\"url\":\"https:\\\/\\\/www.cetys.mx\\\/noticias\\\/concluyen-bachilleres-trabajo-comunitario\\\/\",\"name\":\"Concluyen bachilleres trabajo comunitario - CETYS\",\"isPartOf\":{\"@id\":\"https:\\\/\\\/www.cetys.mx\\\/noticias\\\/#website\"},\"primaryImageOfPage\":{\"@id\":\"https:\\\/\\\/www.cetys.mx\\\/noticias\\\/concluyen-bachilleres-trabajo-comunitario\\\/#primaryimage\"},\"image\":{\"@id\":\"https:\\\/\\\/www.cetys.mx\\\/noticias\\\/concluyen-bachilleres-trabajo-comunitario\\\/#primaryimage\"},\"thumbnailUrl\":\"https:\\\/\\\/www.cetys.mx\\\/noticias\\\/wp-content\\\/uploads\\\/2016\\\/05\\\/ni.jpg\",\"datePublished\":\"2016-05-05T20:07:10+00:00\",\"dateModified\":\"2016-05-05T20:08:58+00:00\",\"author\":{\"@id\":\"https:\\\/\\\/www.cetys.mx\\\/noticias\\\/#\\\/schema\\\/person\\\/79a95c4ac185f3705cf1b9c9340a5f70\"},\"description\":\"El pasado 29 de abril se realiz\u00f3 el cierre del proyecto comunitario 'Club de Tareas', a trav\u00e9s de un festejo tem\u00e1tico de ciencia e historia.\",\"breadcrumb\":{\"@id\":\"https:\\\/\\\/www.cetys.mx\\\/noticias\\\/concluyen-bachilleres-trabajo-comunitario\\\/#breadcrumb\"},\"inLanguage\":\"es\",\"potentialAction\":[{\"@type\":\"ReadAction\",\"target\":[\"https:\\\/\\\/www.cetys.mx\\\/noticias\\\/concluyen-bachilleres-trabajo-comunitario\\\/\"]}]},{\"@type\":\"ImageObject\",\"inLanguage\":\"es\",\"@id\":\"https:\\\/\\\/www.cetys.mx\\\/noticias\\\/concluyen-bachilleres-trabajo-comunitario\\\/#primaryimage\",\"url\":\"https:\\\/\\\/www.cetys.mx\\\/noticias\\\/wp-content\\\/uploads\\\/2016\\\/05\\\/ni.jpg\",\"contentUrl\":\"https:\\\/\\\/www.cetys.mx\\\/noticias\\\/wp-content\\\/uploads\\\/2016\\\/05\\\/ni.jpg\",\"width\":958,\"height\":637,\"caption\":\"comunitario\"},{\"@type\":\"BreadcrumbList\",\"@id\":\"https:\\\/\\\/www.cetys.mx\\\/noticias\\\/concluyen-bachilleres-trabajo-comunitario\\\/#breadcrumb\",\"itemListElement\":[{\"@type\":\"ListItem\",\"position\":1,\"name\":\"Inicio\",\"item\":\"https:\\\/\\\/www.cetys.mx\\\/noticias\\\/\"},{\"@type\":\"ListItem\",\"position\":2,\"name\":\"Concluyen bachilleres trabajo comunitario\"}]},{\"@type\":\"WebSite\",\"@id\":\"https:\\\/\\\/www.cetys.mx\\\/noticias\\\/#website\",\"url\":\"https:\\\/\\\/www.cetys.mx\\\/noticias\\\/\",\"name\":\"CETYS\",\"description\":\"\",\"potentialAction\":[{\"@type\":\"SearchAction\",\"target\":{\"@type\":\"EntryPoint\",\"urlTemplate\":\"https:\\\/\\\/www.cetys.mx\\\/noticias\\\/?s={search_term_string}\"},\"query-input\":{\"@type\":\"PropertyValueSpecification\",\"valueRequired\":true,\"valueName\":\"search_term_string\"}}],\"inLanguage\":\"es\"},{\"@type\":\"Person\",\"@id\":\"https:\\\/\\\/www.cetys.mx\\\/noticias\\\/#\\\/schema\\\/person\\\/79a95c4ac185f3705cf1b9c9340a5f70\",\"name\":\"Campus Mexicali\",\"url\":\"https:\\\/\\\/www.cetys.mx\\\/noticias\\\/author\\\/campusmexicali\\\/\"}]}<\/script>\n<!-- \/ Yoast SEO plugin. -->","yoast_head_json":{"title":"Concluyen bachilleres trabajo comunitario - CETYS","description":"El pasado 29 de abril se realiz\u00f3 el cierre del proyecto comunitario 'Club de Tareas', a trav\u00e9s de un festejo tem\u00e1tico de ciencia e historia.","robots":{"index":"index","follow":"follow","max-snippet":"max-snippet:-1","max-image-preview":"max-image-preview:large","max-video-preview":"max-video-preview:-1"},"canonical":"https:\/\/www.cetys.mx\/noticias\/concluyen-bachilleres-trabajo-comunitario\/","og_locale":"es_MX","og_type":"article","og_title":"Concluyen bachilleres trabajo comunitario - CETYS","og_description":"El pasado 29 de abril se realiz\u00f3 el cierre del proyecto comunitario 'Club de Tareas', a trav\u00e9s de un festejo tem\u00e1tico de ciencia e historia.","og_url":"https:\/\/www.cetys.mx\/noticias\/concluyen-bachilleres-trabajo-comunitario\/","og_site_name":"CETYS","article_publisher":"https:\/\/www.facebook.com\/cetysuniversidadmxl\/","article_published_time":"2016-05-05T20:07:10+00:00","article_modified_time":"2016-05-05T20:08:58+00:00","og_image":[{"width":958,"height":637,"url":"https:\/\/www.cetys.mx\/noticias\/wp-content\/uploads\/2016\/05\/ni.jpg","type":"image\/jpeg"}],"author":"Campus Mexicali","twitter_card":"summary_large_image","twitter_creator":"@cetysuni","twitter_site":"@cetysuni","twitter_misc":{"Escrito por":"Campus Mexicali","Tiempo de lectura":"2 minutos"},"schema":{"@context":"https:\/\/schema.org","@graph":[{"@type":"Article","@id":"https:\/\/www.cetys.mx\/noticias\/concluyen-bachilleres-trabajo-comunitario\/#article","isPartOf":{"@id":"https:\/\/www.cetys.mx\/noticias\/concluyen-bachilleres-trabajo-comunitario\/"},"author":{"name":"Campus Mexicali","@id":"https:\/\/www.cetys.mx\/noticias\/#\/schema\/person\/79a95c4ac185f3705cf1b9c9340a5f70"},"headline":"Concluyen bachilleres trabajo comunitario","datePublished":"2016-05-05T20:07:10+00:00","dateModified":"2016-05-05T20:08:58+00:00","mainEntityOfPage":{"@id":"https:\/\/www.cetys.mx\/noticias\/concluyen-bachilleres-trabajo-comunitario\/"},"wordCount":316,"commentCount":0,"image":{"@id":"https:\/\/www.cetys.mx\/noticias\/concluyen-bachilleres-trabajo-comunitario\/#primaryimage"},"thumbnailUrl":"https:\/\/www.cetys.mx\/noticias\/wp-content\/uploads\/2016\/05\/ni.jpg","keywords":["Bachilleres","Ciencia","Comunidad","Comunitario","Historia","Preparatoria","Social"],"articleSection":["Campus Mexicali","Comunidad"],"inLanguage":"es","potentialAction":[{"@type":"CommentAction","name":"Comment","target":["https:\/\/www.cetys.mx\/noticias\/concluyen-bachilleres-trabajo-comunitario\/#respond"]}]},{"@type":"WebPage","@id":"https:\/\/www.cetys.mx\/noticias\/concluyen-bachilleres-trabajo-comunitario\/","url":"https:\/\/www.cetys.mx\/noticias\/concluyen-bachilleres-trabajo-comunitario\/","name":"Concluyen bachilleres trabajo comunitario - CETYS","isPartOf":{"@id":"https:\/\/www.cetys.mx\/noticias\/#website"},"primaryImageOfPage":{"@id":"https:\/\/www.cetys.mx\/noticias\/concluyen-bachilleres-trabajo-comunitario\/#primaryimage"},"image":{"@id":"https:\/\/www.cetys.mx\/noticias\/concluyen-bachilleres-trabajo-comunitario\/#primaryimage"},"thumbnailUrl":"https:\/\/www.cetys.mx\/noticias\/wp-content\/uploads\/2016\/05\/ni.jpg","datePublished":"2016-05-05T20:07:10+00:00","dateModified":"2016-05-05T20:08:58+00:00","author":{"@id":"https:\/\/www.cetys.mx\/noticias\/#\/schema\/person\/79a95c4ac185f3705cf1b9c9340a5f70"},"description":"El pasado 29 de abril se realiz\u00f3 el cierre del proyecto comunitario 'Club de Tareas', a trav\u00e9s de un festejo tem\u00e1tico de ciencia e historia.","breadcrumb":{"@id":"https:\/\/www.cetys.mx\/noticias\/concluyen-bachilleres-trabajo-comunitario\/#breadcrumb"},"inLanguage":"es","potentialAction":[{"@type":"ReadAction","target":["https:\/\/www.cetys.mx\/noticias\/concluyen-bachilleres-trabajo-comunitario\/"]}]},{"@type":"ImageObject","inLanguage":"es","@id":"https:\/\/www.cetys.mx\/noticias\/concluyen-bachilleres-trabajo-comunitario\/#primaryimage","url":"https:\/\/www.cetys.mx\/noticias\/wp-content\/uploads\/2016\/05\/ni.jpg","contentUrl":"https:\/\/www.cetys.mx\/noticias\/wp-content\/uploads\/2016\/05\/ni.jpg","width":958,"height":637,"caption":"comunitario"},{"@type":"BreadcrumbList","@id":"https:\/\/www.cetys.mx\/noticias\/concluyen-bachilleres-trabajo-comunitario\/#breadcrumb","itemListElement":[{"@type":"ListItem","position":1,"name":"Inicio","item":"https:\/\/www.cetys.mx\/noticias\/"},{"@type":"ListItem","position":2,"name":"Concluyen bachilleres trabajo comunitario"}]},{"@type":"WebSite","@id":"https:\/\/www.cetys.mx\/noticias\/#website","url":"https:\/\/www.cetys.mx\/noticias\/","name":"CETYS","description":"","potentialAction":[{"@type":"SearchAction","target":{"@type":"EntryPoint","urlTemplate":"https:\/\/www.cetys.mx\/noticias\/?s={search_term_string}"},"query-input":{"@type":"PropertyValueSpecification","valueRequired":true,"valueName":"search_term_string"}}],"inLanguage":"es"},{"@type":"Person","@id":"https:\/\/www.cetys.mx\/noticias\/#\/schema\/person\/79a95c4ac185f3705cf1b9c9340a5f70","name":"Campus Mexicali","url":"https:\/\/www.cetys.mx\/noticias\/author\/campusmexicali\/"}]}},"_links":{"self":[{"href":"https:\/\/www.cetys.mx\/noticias\/wp-json\/wp\/v2\/posts\/51229","targetHints":{"allow":["GET"]}}],"collection":[{"href":"https:\/\/www.cetys.mx\/noticias\/wp-json\/wp\/v2\/posts"}],"about":[{"href":"https:\/\/www.cetys.mx\/noticias\/wp-json\/wp\/v2\/types\/post"}],"author":[{"embeddable":true,"href":"https:\/\/www.cetys.mx\/noticias\/wp-json\/wp\/v2\/users\/20"}],"replies":[{"embeddable":true,"href":"https:\/\/www.cetys.mx\/noticias\/wp-json\/wp\/v2\/comments?post=51229"}],"version-history":[{"count":0,"href":"https:\/\/www.cetys.mx\/noticias\/wp-json\/wp\/v2\/posts\/51229\/revisions"}],"wp:featuredmedia":[{"embeddable":true,"href":"https:\/\/www.cetys.mx\/noticias\/wp-json\/wp\/v2\/media\/51231"}],"wp:attachment":[{"href":"https:\/\/www.cetys.mx\/noticias\/wp-json\/wp\/v2\/media?parent=51229"}],"wp:term":[{"taxonomy":"category","embeddable":true,"href":"https:\/\/www.cetys.mx\/noticias\/wp-json\/wp\/v2\/categories?post=51229"},{"taxonomy":"post_tag","embeddable":true,"href":"https:\/\/www.cetys.mx\/noticias\/wp-json\/wp\/v2\/tags?post=51229"}],"curies":[{"name":"wp","href":"https:\/\/api.w.org\/{rel}","templated":true}]}}