{"id":51213,"date":"2016-05-04T18:03:56","date_gmt":"2016-05-05T01:03:56","guid":{"rendered":"http:\/\/vocetys.mx\/?p=51213"},"modified":"2016-05-06T18:33:11","modified_gmt":"2016-05-07T01:33:11","slug":"para-el-2050-60-de-la-poblacion-mundial-seran-adultos-mayores","status":"publish","type":"post","link":"https:\/\/www.cetys.mx\/noticias\/para-el-2050-60-de-la-poblacion-mundial-seran-adultos-mayores\/","title":{"rendered":"Para el 2050, 60% de la poblaci\u00f3n mundial ser\u00e1n adultos mayores"},"content":{"rendered":"<blockquote><p>\u201cPara 2050 se proyecta que por lo menos el 60% de la poblaci\u00f3n mundial seamos adultos mayores, en ese\u00a0caso se\u00a0ha logrado determinar que los h\u00e1bitos saludables retrasan los periodos de deterioro, evitando as\u00ed, trastornos como la depresi\u00f3n\u201d explic\u00f3 sobre el envejecimiento activo y memoria el Dr. Antonio S\u00e1nchez Cabaco de la Universidad Pontificia de Salamanca, quien participa actualmente en\u00a0el\u00a0programa de C\u00e1tedras\u00a0Distinguidas\u00a0de CETYS Universidad.<img loading=\"lazy\" decoding=\"async\" class=\"wp-image-51214 aligncenter\" src=\"https:\/\/www.cetys.mx\/noticias\/wp-content\/uploads\/2016\/05\/C\u00e1tedra-Distinguida-Psicolog\u00eda-2016.jpg\" alt=\"\" width=\"236\" height=\"157\" \/><\/p><\/blockquote>\n<p>S\u00e1nchez Cabaco,\u00a0especialista en\u00a0Psicolog\u00eda,\u00a0visit\u00f3 por dos d\u00edas el Campus Mexicali de la Instituci\u00f3n Acad\u00e9mica, en el que interactu\u00f3 con el estudiantado, profesorado as\u00ed como autoridades del Colegio de Ciencias Sociales y Humanidades pertenecientes a la Escuela de Psicolog\u00eda de CETYS.<\/p>\n<p>El momento cumbre de la visita del experto en procesos psicol\u00f3gicos b\u00e1sicos, fue la conferencia magistral \u201cEnvejecimiento activo y memoria\u201d que dict\u00f3 el pasado lunes 02 de mayo en el Auditorio de CETYS Universidad, donde el espacio luci\u00f3 lleno de personas interesadas en el tema.<\/p>\n<blockquote>\n<p style=\"text-align: justify;\"><a href=\"https:\/\/www.cetys.mx\/noticias\/wp-content\/uploads\/2016\/05\/Sanchez-con-alumnos.jpg\"><img loading=\"lazy\" decoding=\"async\" class=\" wp-image-51219 alignright\" src=\"https:\/\/www.cetys.mx\/noticias\/wp-content\/uploads\/2016\/05\/Sanchez-con-alumnos.jpg\" alt=\"\" width=\"211\" height=\"140\" \/><\/a>\u201cLa investigaci\u00f3n de procesos cognitivos est\u00e1 en relaci\u00f3n con las dimensiones emocionales y motivacionales de la conducta, que propician seguir el ciclo vital de la vida de una mejor manera, \u00a1No podemos evitar envejecer, pero s\u00ed modificar como lo hacemos intelectualmente!\u201d asever\u00f3 el catedr\u00e1tico espa\u00f1ol.<\/p>\n<\/blockquote>\n<p>Tambi\u00e9n como parte de su itinerario, el acad\u00e9mico imparti\u00f3 dos clases: la primera con alumnos de los diferentes\u00a0programas de \u00a0Licenciatura en Psicolog\u00eda,\u00a0con los que habl\u00f3\u00a0sobre \u201cOptimizaci\u00f3n de los sistemas de memoria en mayores para la prevenci\u00f3n del deterioro cognitivo\u201d, asimismo repiti\u00f3 la acci\u00f3n con los\u00a0estudiantes\u00a0de\u00a0Posgrado, con quienes cerr\u00f3 su agenda por el Campus.<\/p>\n<p>De esta manera el Sistema CETYS Universidad contin\u00faa trabajando por traer a Baja California expertos en temas de inter\u00e9s para la comunidad estudiantil, acad\u00e9micos y profesionistas de la regi\u00f3n, acercando a ellos la posibilidad de interactuar con cient\u00edficos internacionales.\u00a0Cabe mencionar que el Dr. S\u00e1nchez Cabaco es Investigador y coordinador del equipo de Investigaci\u00f3n e Innovaci\u00f3n de la Universidad Pontificia de Salamanca.<\/p>\n<blockquote>\n<p style=\"text-align: justify;\"><a href=\"https:\/\/www.cetys.mx\/noticias\/wp-content\/uploads\/2016\/05\/Dr.-Sanchez-y-Dra.-Marina.jpg\"><img loading=\"lazy\" decoding=\"async\" class=\"wp-image-51217 alignleft\" src=\"https:\/\/www.cetys.mx\/noticias\/wp-content\/uploads\/2016\/05\/Dr.-Sanchez-y-Dra.-Marina.jpg\" alt=\"\" width=\"365\" height=\"243\" \/><\/a>\u201cCon la visita del especialista espa\u00f1ol en el programa de C\u00e1tedra Distinguida,\u00a0buscamos promover la investigaci\u00f3n en \u00e1reas del conocimiento particulares de la\u00a0Psicolog\u00eda, as\u00ed como enriquecer la experiencia educativa que distingue a\u00a0CETYS\u201d\u00a0resalt\u00f3\u00a0la Dra. Marina Alvelais Alarc\u00f3n, Coordinadora de los programas de\u00a0Licenciatura y Posgrado en Psicolog\u00eda\u00a0en\u00a0Campus Mexicali.<\/p>\n<\/blockquote>\n<p>Alvelais Alarc\u00f3n\u00a0finaliz\u00f3 diciendo que aquellos interesados en profundizar sus conocimientos en el \u00e1rea, pueden optar por alguna de las carreras disponibles, como lo son: Psicolog\u00eda Cl\u00ednica, Organizacional, Educativa e Infantil, o inscribirse en la Maestr\u00eda de Psicolog\u00eda o en la de Neuropsicolog\u00eda, esta \u00faltima es el nuevo programa de Posgrado y es la \u00fanica que se ofrece en el Noroeste del pa\u00eds.\u00a0Para mayores informes comunicarse al tel\u00e9fono (686) 567 3700, al correo electr\u00f3nico<a href=\"mailto:infocetys@cetys.mx\">infocetys@cetys.mx<\/a>\u00a0\u00a0\u00f3 visitando las p\u00e1ginas: <a href=\"https:\/\/www.cetys.mx\">www.cetys.mx<\/a> y <a href=\"https:\/\/www.posgrado.mx\">www.posgrado.mx<\/a><\/p>\n<p>&nbsp;<\/p>\n","protected":false},"excerpt":{"rendered":"<p>\u201cPara 2050 se proyecta que por lo menos el 60% de la poblaci\u00f3n mundial seamos adultos mayores, en ese\u00a0caso se\u00a0ha logrado determinar&#8230;<\/p>\n","protected":false},"author":20,"featured_media":51218,"comment_status":"open","ping_status":"open","sticky":false,"template":"","format":"standard","meta":{"footnotes":""},"categories":[133,313],"tags":[662,570,138,661,179,676],"class_list":["post-51213","post","type-post","status-publish","format-standard","has-post-thumbnail","hentry","category-campus-mexicali","category-vocetys-2","tag-adultos","tag-catedra-distinguida","tag-cetys","tag-envejecimiento","tag-psicologia","tag-vocetys-top-2016-05-06"],"yoast_head":"<!-- This site is optimized with the Yoast SEO plugin v27.4 - https:\/\/yoast.com\/product\/yoast-seo-wordpress\/ -->\n<title>Para el 2050, 60% de la poblaci\u00f3n mundial ser\u00e1n adultos mayores - CETYS<\/title>\n<meta name=\"description\" content=\"Como parte del programa de C\u00e1tedras Distinguidas de CETYS, el Dr.S\u00e1nchez especialista en psicolog\u00eda hablo sobre el envejecimiento y cuidado del adulto mayor\" \/>\n<meta name=\"robots\" content=\"index, follow, max-snippet:-1, max-image-preview:large, max-video-preview:-1\" \/>\n<link rel=\"canonical\" href=\"https:\/\/www.cetys.mx\/noticias\/para-el-2050-60-de-la-poblacion-mundial-seran-adultos-mayores\/\" \/>\n<meta property=\"og:locale\" content=\"es_MX\" \/>\n<meta property=\"og:type\" content=\"article\" \/>\n<meta property=\"og:title\" content=\"Para el 2050, 60% de la poblaci\u00f3n mundial ser\u00e1n adultos mayores - CETYS\" \/>\n<meta property=\"og:description\" content=\"Como parte del programa de C\u00e1tedras Distinguidas de CETYS, el Dr.S\u00e1nchez especialista en psicolog\u00eda hablo sobre el envejecimiento y cuidado del adulto mayor\" \/>\n<meta property=\"og:url\" content=\"https:\/\/www.cetys.mx\/noticias\/para-el-2050-60-de-la-poblacion-mundial-seran-adultos-mayores\/\" \/>\n<meta property=\"og:site_name\" content=\"CETYS\" \/>\n<meta property=\"article:publisher\" content=\"https:\/\/www.facebook.com\/cetysuniversidadmxl\/\" \/>\n<meta property=\"article:published_time\" content=\"2016-05-05T01:03:56+00:00\" \/>\n<meta property=\"article:modified_time\" content=\"2016-05-07T01:33:11+00:00\" \/>\n<meta property=\"og:image\" content=\"https:\/\/www.cetys.mx\/noticias\/wp-content\/uploads\/2016\/05\/Dr.-Sanchez.jpg\" \/>\n\t<meta property=\"og:image:width\" content=\"958\" \/>\n\t<meta property=\"og:image:height\" content=\"637\" \/>\n\t<meta property=\"og:image:type\" content=\"image\/jpeg\" \/>\n<meta name=\"author\" content=\"Campus Mexicali\" \/>\n<meta name=\"twitter:card\" content=\"summary_large_image\" \/>\n<meta name=\"twitter:creator\" content=\"@cetysuni\" \/>\n<meta name=\"twitter:site\" content=\"@cetysuni\" \/>\n<meta name=\"twitter:label1\" content=\"Escrito por\" \/>\n\t<meta name=\"twitter:data1\" content=\"Campus Mexicali\" \/>\n\t<meta name=\"twitter:label2\" content=\"Tiempo de lectura\" \/>\n\t<meta name=\"twitter:data2\" content=\"3 minutos\" \/>\n<script type=\"application\/ld+json\" class=\"yoast-schema-graph\">{\"@context\":\"https:\\\/\\\/schema.org\",\"@graph\":[{\"@type\":\"Article\",\"@id\":\"https:\\\/\\\/www.cetys.mx\\\/noticias\\\/para-el-2050-60-de-la-poblacion-mundial-seran-adultos-mayores\\\/#article\",\"isPartOf\":{\"@id\":\"https:\\\/\\\/www.cetys.mx\\\/noticias\\\/para-el-2050-60-de-la-poblacion-mundial-seran-adultos-mayores\\\/\"},\"author\":{\"name\":\"Campus Mexicali\",\"@id\":\"https:\\\/\\\/www.cetys.mx\\\/noticias\\\/#\\\/schema\\\/person\\\/79a95c4ac185f3705cf1b9c9340a5f70\"},\"headline\":\"Para el 2050, 60% de la poblaci\u00f3n mundial ser\u00e1n adultos mayores\",\"datePublished\":\"2016-05-05T01:03:56+00:00\",\"dateModified\":\"2016-05-07T01:33:11+00:00\",\"mainEntityOfPage\":{\"@id\":\"https:\\\/\\\/www.cetys.mx\\\/noticias\\\/para-el-2050-60-de-la-poblacion-mundial-seran-adultos-mayores\\\/\"},\"wordCount\":515,\"commentCount\":1,\"image\":{\"@id\":\"https:\\\/\\\/www.cetys.mx\\\/noticias\\\/para-el-2050-60-de-la-poblacion-mundial-seran-adultos-mayores\\\/#primaryimage\"},\"thumbnailUrl\":\"https:\\\/\\\/www.cetys.mx\\\/noticias\\\/wp-content\\\/uploads\\\/2016\\\/05\\\/Dr.-Sanchez.jpg\",\"keywords\":[\"Adultos\",\"C\u00e1tedra Distinguida\",\"Cetys\",\"envejecimiento\",\"psicolog\u00eda\",\"vocetys-top-2016-05-06\"],\"articleSection\":[\"Campus Mexicali\",\"VoCETYS\"],\"inLanguage\":\"es\",\"potentialAction\":[{\"@type\":\"CommentAction\",\"name\":\"Comment\",\"target\":[\"https:\\\/\\\/www.cetys.mx\\\/noticias\\\/para-el-2050-60-de-la-poblacion-mundial-seran-adultos-mayores\\\/#respond\"]}]},{\"@type\":\"WebPage\",\"@id\":\"https:\\\/\\\/www.cetys.mx\\\/noticias\\\/para-el-2050-60-de-la-poblacion-mundial-seran-adultos-mayores\\\/\",\"url\":\"https:\\\/\\\/www.cetys.mx\\\/noticias\\\/para-el-2050-60-de-la-poblacion-mundial-seran-adultos-mayores\\\/\",\"name\":\"Para el 2050, 60% de la poblaci\u00f3n mundial ser\u00e1n adultos mayores - CETYS\",\"isPartOf\":{\"@id\":\"https:\\\/\\\/www.cetys.mx\\\/noticias\\\/#website\"},\"primaryImageOfPage\":{\"@id\":\"https:\\\/\\\/www.cetys.mx\\\/noticias\\\/para-el-2050-60-de-la-poblacion-mundial-seran-adultos-mayores\\\/#primaryimage\"},\"image\":{\"@id\":\"https:\\\/\\\/www.cetys.mx\\\/noticias\\\/para-el-2050-60-de-la-poblacion-mundial-seran-adultos-mayores\\\/#primaryimage\"},\"thumbnailUrl\":\"https:\\\/\\\/www.cetys.mx\\\/noticias\\\/wp-content\\\/uploads\\\/2016\\\/05\\\/Dr.-Sanchez.jpg\",\"datePublished\":\"2016-05-05T01:03:56+00:00\",\"dateModified\":\"2016-05-07T01:33:11+00:00\",\"author\":{\"@id\":\"https:\\\/\\\/www.cetys.mx\\\/noticias\\\/#\\\/schema\\\/person\\\/79a95c4ac185f3705cf1b9c9340a5f70\"},\"description\":\"Como parte del programa de C\u00e1tedras Distinguidas de CETYS, el Dr.S\u00e1nchez especialista en psicolog\u00eda hablo sobre el envejecimiento y cuidado del adulto mayor\",\"breadcrumb\":{\"@id\":\"https:\\\/\\\/www.cetys.mx\\\/noticias\\\/para-el-2050-60-de-la-poblacion-mundial-seran-adultos-mayores\\\/#breadcrumb\"},\"inLanguage\":\"es\",\"potentialAction\":[{\"@type\":\"ReadAction\",\"target\":[\"https:\\\/\\\/www.cetys.mx\\\/noticias\\\/para-el-2050-60-de-la-poblacion-mundial-seran-adultos-mayores\\\/\"]}]},{\"@type\":\"ImageObject\",\"inLanguage\":\"es\",\"@id\":\"https:\\\/\\\/www.cetys.mx\\\/noticias\\\/para-el-2050-60-de-la-poblacion-mundial-seran-adultos-mayores\\\/#primaryimage\",\"url\":\"https:\\\/\\\/www.cetys.mx\\\/noticias\\\/wp-content\\\/uploads\\\/2016\\\/05\\\/Dr.-Sanchez.jpg\",\"contentUrl\":\"https:\\\/\\\/www.cetys.mx\\\/noticias\\\/wp-content\\\/uploads\\\/2016\\\/05\\\/Dr.-Sanchez.jpg\",\"width\":958,\"height\":637},{\"@type\":\"BreadcrumbList\",\"@id\":\"https:\\\/\\\/www.cetys.mx\\\/noticias\\\/para-el-2050-60-de-la-poblacion-mundial-seran-adultos-mayores\\\/#breadcrumb\",\"itemListElement\":[{\"@type\":\"ListItem\",\"position\":1,\"name\":\"Inicio\",\"item\":\"https:\\\/\\\/www.cetys.mx\\\/noticias\\\/\"},{\"@type\":\"ListItem\",\"position\":2,\"name\":\"Para el 2050, 60% de la poblaci\u00f3n mundial ser\u00e1n adultos mayores\"}]},{\"@type\":\"WebSite\",\"@id\":\"https:\\\/\\\/www.cetys.mx\\\/noticias\\\/#website\",\"url\":\"https:\\\/\\\/www.cetys.mx\\\/noticias\\\/\",\"name\":\"CETYS\",\"description\":\"\",\"potentialAction\":[{\"@type\":\"SearchAction\",\"target\":{\"@type\":\"EntryPoint\",\"urlTemplate\":\"https:\\\/\\\/www.cetys.mx\\\/noticias\\\/?s={search_term_string}\"},\"query-input\":{\"@type\":\"PropertyValueSpecification\",\"valueRequired\":true,\"valueName\":\"search_term_string\"}}],\"inLanguage\":\"es\"},{\"@type\":\"Person\",\"@id\":\"https:\\\/\\\/www.cetys.mx\\\/noticias\\\/#\\\/schema\\\/person\\\/79a95c4ac185f3705cf1b9c9340a5f70\",\"name\":\"Campus Mexicali\",\"url\":\"https:\\\/\\\/www.cetys.mx\\\/noticias\\\/author\\\/campusmexicali\\\/\"}]}<\/script>\n<!-- \/ Yoast SEO plugin. -->","yoast_head_json":{"title":"Para el 2050, 60% de la poblaci\u00f3n mundial ser\u00e1n adultos mayores - CETYS","description":"Como parte del programa de C\u00e1tedras Distinguidas de CETYS, el Dr.S\u00e1nchez especialista en psicolog\u00eda hablo sobre el envejecimiento y cuidado del adulto mayor","robots":{"index":"index","follow":"follow","max-snippet":"max-snippet:-1","max-image-preview":"max-image-preview:large","max-video-preview":"max-video-preview:-1"},"canonical":"https:\/\/www.cetys.mx\/noticias\/para-el-2050-60-de-la-poblacion-mundial-seran-adultos-mayores\/","og_locale":"es_MX","og_type":"article","og_title":"Para el 2050, 60% de la poblaci\u00f3n mundial ser\u00e1n adultos mayores - CETYS","og_description":"Como parte del programa de C\u00e1tedras Distinguidas de CETYS, el Dr.S\u00e1nchez especialista en psicolog\u00eda hablo sobre el envejecimiento y cuidado del adulto mayor","og_url":"https:\/\/www.cetys.mx\/noticias\/para-el-2050-60-de-la-poblacion-mundial-seran-adultos-mayores\/","og_site_name":"CETYS","article_publisher":"https:\/\/www.facebook.com\/cetysuniversidadmxl\/","article_published_time":"2016-05-05T01:03:56+00:00","article_modified_time":"2016-05-07T01:33:11+00:00","og_image":[{"width":958,"height":637,"url":"https:\/\/www.cetys.mx\/noticias\/wp-content\/uploads\/2016\/05\/Dr.-Sanchez.jpg","type":"image\/jpeg"}],"author":"Campus Mexicali","twitter_card":"summary_large_image","twitter_creator":"@cetysuni","twitter_site":"@cetysuni","twitter_misc":{"Escrito por":"Campus Mexicali","Tiempo de lectura":"3 minutos"},"schema":{"@context":"https:\/\/schema.org","@graph":[{"@type":"Article","@id":"https:\/\/www.cetys.mx\/noticias\/para-el-2050-60-de-la-poblacion-mundial-seran-adultos-mayores\/#article","isPartOf":{"@id":"https:\/\/www.cetys.mx\/noticias\/para-el-2050-60-de-la-poblacion-mundial-seran-adultos-mayores\/"},"author":{"name":"Campus Mexicali","@id":"https:\/\/www.cetys.mx\/noticias\/#\/schema\/person\/79a95c4ac185f3705cf1b9c9340a5f70"},"headline":"Para el 2050, 60% de la poblaci\u00f3n mundial ser\u00e1n adultos mayores","datePublished":"2016-05-05T01:03:56+00:00","dateModified":"2016-05-07T01:33:11+00:00","mainEntityOfPage":{"@id":"https:\/\/www.cetys.mx\/noticias\/para-el-2050-60-de-la-poblacion-mundial-seran-adultos-mayores\/"},"wordCount":515,"commentCount":1,"image":{"@id":"https:\/\/www.cetys.mx\/noticias\/para-el-2050-60-de-la-poblacion-mundial-seran-adultos-mayores\/#primaryimage"},"thumbnailUrl":"https:\/\/www.cetys.mx\/noticias\/wp-content\/uploads\/2016\/05\/Dr.-Sanchez.jpg","keywords":["Adultos","C\u00e1tedra Distinguida","Cetys","envejecimiento","psicolog\u00eda","vocetys-top-2016-05-06"],"articleSection":["Campus Mexicali","VoCETYS"],"inLanguage":"es","potentialAction":[{"@type":"CommentAction","name":"Comment","target":["https:\/\/www.cetys.mx\/noticias\/para-el-2050-60-de-la-poblacion-mundial-seran-adultos-mayores\/#respond"]}]},{"@type":"WebPage","@id":"https:\/\/www.cetys.mx\/noticias\/para-el-2050-60-de-la-poblacion-mundial-seran-adultos-mayores\/","url":"https:\/\/www.cetys.mx\/noticias\/para-el-2050-60-de-la-poblacion-mundial-seran-adultos-mayores\/","name":"Para el 2050, 60% de la poblaci\u00f3n mundial ser\u00e1n adultos mayores - CETYS","isPartOf":{"@id":"https:\/\/www.cetys.mx\/noticias\/#website"},"primaryImageOfPage":{"@id":"https:\/\/www.cetys.mx\/noticias\/para-el-2050-60-de-la-poblacion-mundial-seran-adultos-mayores\/#primaryimage"},"image":{"@id":"https:\/\/www.cetys.mx\/noticias\/para-el-2050-60-de-la-poblacion-mundial-seran-adultos-mayores\/#primaryimage"},"thumbnailUrl":"https:\/\/www.cetys.mx\/noticias\/wp-content\/uploads\/2016\/05\/Dr.-Sanchez.jpg","datePublished":"2016-05-05T01:03:56+00:00","dateModified":"2016-05-07T01:33:11+00:00","author":{"@id":"https:\/\/www.cetys.mx\/noticias\/#\/schema\/person\/79a95c4ac185f3705cf1b9c9340a5f70"},"description":"Como parte del programa de C\u00e1tedras Distinguidas de CETYS, el Dr.S\u00e1nchez especialista en psicolog\u00eda hablo sobre el envejecimiento y cuidado del adulto mayor","breadcrumb":{"@id":"https:\/\/www.cetys.mx\/noticias\/para-el-2050-60-de-la-poblacion-mundial-seran-adultos-mayores\/#breadcrumb"},"inLanguage":"es","potentialAction":[{"@type":"ReadAction","target":["https:\/\/www.cetys.mx\/noticias\/para-el-2050-60-de-la-poblacion-mundial-seran-adultos-mayores\/"]}]},{"@type":"ImageObject","inLanguage":"es","@id":"https:\/\/www.cetys.mx\/noticias\/para-el-2050-60-de-la-poblacion-mundial-seran-adultos-mayores\/#primaryimage","url":"https:\/\/www.cetys.mx\/noticias\/wp-content\/uploads\/2016\/05\/Dr.-Sanchez.jpg","contentUrl":"https:\/\/www.cetys.mx\/noticias\/wp-content\/uploads\/2016\/05\/Dr.-Sanchez.jpg","width":958,"height":637},{"@type":"BreadcrumbList","@id":"https:\/\/www.cetys.mx\/noticias\/para-el-2050-60-de-la-poblacion-mundial-seran-adultos-mayores\/#breadcrumb","itemListElement":[{"@type":"ListItem","position":1,"name":"Inicio","item":"https:\/\/www.cetys.mx\/noticias\/"},{"@type":"ListItem","position":2,"name":"Para el 2050, 60% de la poblaci\u00f3n mundial ser\u00e1n adultos mayores"}]},{"@type":"WebSite","@id":"https:\/\/www.cetys.mx\/noticias\/#website","url":"https:\/\/www.cetys.mx\/noticias\/","name":"CETYS","description":"","potentialAction":[{"@type":"SearchAction","target":{"@type":"EntryPoint","urlTemplate":"https:\/\/www.cetys.mx\/noticias\/?s={search_term_string}"},"query-input":{"@type":"PropertyValueSpecification","valueRequired":true,"valueName":"search_term_string"}}],"inLanguage":"es"},{"@type":"Person","@id":"https:\/\/www.cetys.mx\/noticias\/#\/schema\/person\/79a95c4ac185f3705cf1b9c9340a5f70","name":"Campus Mexicali","url":"https:\/\/www.cetys.mx\/noticias\/author\/campusmexicali\/"}]}},"_links":{"self":[{"href":"https:\/\/www.cetys.mx\/noticias\/wp-json\/wp\/v2\/posts\/51213","targetHints":{"allow":["GET"]}}],"collection":[{"href":"https:\/\/www.cetys.mx\/noticias\/wp-json\/wp\/v2\/posts"}],"about":[{"href":"https:\/\/www.cetys.mx\/noticias\/wp-json\/wp\/v2\/types\/post"}],"author":[{"embeddable":true,"href":"https:\/\/www.cetys.mx\/noticias\/wp-json\/wp\/v2\/users\/20"}],"replies":[{"embeddable":true,"href":"https:\/\/www.cetys.mx\/noticias\/wp-json\/wp\/v2\/comments?post=51213"}],"version-history":[{"count":0,"href":"https:\/\/www.cetys.mx\/noticias\/wp-json\/wp\/v2\/posts\/51213\/revisions"}],"wp:featuredmedia":[{"embeddable":true,"href":"https:\/\/www.cetys.mx\/noticias\/wp-json\/wp\/v2\/media\/51218"}],"wp:attachment":[{"href":"https:\/\/www.cetys.mx\/noticias\/wp-json\/wp\/v2\/media?parent=51213"}],"wp:term":[{"taxonomy":"category","embeddable":true,"href":"https:\/\/www.cetys.mx\/noticias\/wp-json\/wp\/v2\/categories?post=51213"},{"taxonomy":"post_tag","embeddable":true,"href":"https:\/\/www.cetys.mx\/noticias\/wp-json\/wp\/v2\/tags?post=51213"}],"curies":[{"name":"wp","href":"https:\/\/api.w.org\/{rel}","templated":true}]}}