{"id":51044,"date":"2016-04-26T17:37:11","date_gmt":"2016-04-27T00:37:11","guid":{"rendered":"http:\/\/vocetys.mx\/?p=51044"},"modified":"2016-07-18T00:51:33","modified_gmt":"2016-07-18T07:51:33","slug":"atletas-del-cetys-con-boleto-a-universiada-nacional","status":"publish","type":"post","link":"https:\/\/www.cetys.mx\/noticias\/atletas-del-cetys-con-boleto-a-universiada-nacional\/","title":{"rendered":"Atletas del CETYS con boleto a Universiada Nacional"},"content":{"rendered":"<div id=\"attachment_51065\" style=\"width: 208px\" class=\"wp-caption alignright\"><img loading=\"lazy\" decoding=\"async\" aria-describedby=\"caption-attachment-51065\" class=\"wp-image-51065\" src=\"https:\/\/www.cetys.mx\/noticias\/wp-content\/uploads\/2016\/04\/Juli\u00e1n-Higuera-3.jpg\" alt=\"\" width=\"198\" height=\"299\" \/><p id=\"caption-attachment-51065\" class=\"wp-caption-text\">50 atletas del CETYS van a la fase nacional.<\/p><\/div>\n<p>Tras 7 d\u00edas de intensas actividades fue que concluy\u00f3 la m\u00e1xima fiesta deportiva en el Noroeste de M\u00e9xico, la <strong>Universiada Regional<\/strong>. Los seleccionados del <a href=\"https:\/\/www.cetys.mx\/\">CETYS Universidad <\/a>dieron muestra de entrega y compromiso en las diversas disciplinas, fue as\u00ed como <strong>50 de ellos lograron obtener su pase a la fase nacional<\/strong> que tendr\u00e1 como sede a la Universidad de Guadalajara (UDG)\u00a0del 1ro al 15 de mayo.<\/p>\n<p>En el caso de los representativos de conjunto Myriam Lara, Daniela Ruiz, Paola Beltr\u00e1n, Heihieli Herrera, Abigail Montes, Priscila Gonz\u00e1lez, Yolanda Espa\u00f1a, Damaris Temores, Estefan\u00eda Flores, Mayte Valencia y Jackeline Mendoza alcanzaron el triunfo en el <strong>Baloncesto Femenil<\/strong>, tras enfrentar a competitivos equipos.<\/p>\n<div id=\"attachment_51063\" style=\"width: 346px\" class=\"wp-caption alignleft\"><img loading=\"lazy\" decoding=\"async\" aria-describedby=\"caption-attachment-51063\" class=\"wp-image-51063\" src=\"https:\/\/www.cetys.mx\/noticias\/wp-content\/uploads\/2016\/04\/IMG_9301.jpg\" alt=\"\" width=\"336\" height=\"211\" \/><p id=\"caption-attachment-51063\" class=\"wp-caption-text\">El equipo femenil de Baloncesto va a la Universiada Nacional.<\/p><\/div>\n<p>En las categor\u00edas varoniles, los seleccionados de<strong> B\u00e9isbol<\/strong> aseguraron su boleto al nacional al derrotar a equipos como los Potros del Instituto Tecnol\u00f3gico de Sonora (ITSON), mostr\u00e1ndose imparables e imponiendo un puntaje de 7-0. Cabe mencionar la destacada participaci\u00f3n de Marcos Mosqueda, Daniel Lafarga y David Gonz\u00e1lez.<\/p>\n<div id=\"attachment_51064\" style=\"width: 310px\" class=\"wp-caption alignright\"><a href=\"https:\/\/www.cetys.mx\/noticias\/wp-content\/uploads\/2016\/04\/91.jpg\"><img loading=\"lazy\" decoding=\"async\" aria-describedby=\"caption-attachment-51064\" class=\"wp-image-51064\" src=\"https:\/\/www.cetys.mx\/noticias\/wp-content\/uploads\/2016\/04\/91.jpg\" alt=\"\" width=\"300\" height=\"199\" \/><\/a><p id=\"caption-attachment-51064\" class=\"wp-caption-text\">Los seleccionados del CETYS alcanzaron importantes preseas.<\/p><\/div>\n<p>Para los jugadores de <strong>F\u00fatbol de Bardas<\/strong> la competencia tampoco fue sencilla, los Zorros del CETYS lograron derrotar con un 9-2 a las \u00c1guilas de la Universidad Aut\u00f3noma de Sinaloa (UAS), asegurando permanecer en la competencia que se dar\u00e1 cita en el estado de Jalisco en su vig\u00e9sima edici\u00f3n.<\/p>\n<p>&nbsp;<\/p>\n<p>Las competencias individuales tambi\u00e9n dieron muestra del talento deportivo que se forja en esta casa de estudios. En atletismo el joven David Carre\u00f3n destac\u00f3 en <strong>lanzamiento de jabalina<\/strong>, Rene V\u00e1zquez en<strong> lanzamiento de martillo,<\/strong> Jos\u00e9 Higuera en el <strong>lanzamiento de disco e impulso de bala<\/strong>, Jocelyn Barrera en <strong>salto con garrocha<\/strong> mientras que Eduardo Esteban Pacheco en<strong> decatl\u00f3n,\u00a0<\/strong>as\u00ed como Azucena Duran en <strong>400 mts. planos, <\/strong>Rogelio Aguilar en<strong> Triatl\u00f3n<\/strong>. Al igual\u00a0que Jes\u00fas Alonso M\u00e1rquez, en <strong>Taekwondo<\/strong>; Jaime Daniel Anaya, en <strong>Karate Do<\/strong>; Fernando M\u00e1rquez y Gabriel Perez, en<strong> Tiro con Arco<\/strong>, alcanzaron las m\u00e1s importantes preseas, sum\u00e1ndose con ello a los atletas que representar\u00e1n al CETYS Universidad en la Universiada Nacional 2016.<\/p>\n","protected":false},"excerpt":{"rendered":"<p>Tras 7 d\u00edas de intensas actividades fue que concluy\u00f3 la m\u00e1xima fiesta deportiva en el Noroeste de M\u00e9xico, la Universiada Regional. Los&#8230;<\/p>\n","protected":false},"author":26,"featured_media":51052,"comment_status":"open","ping_status":"open","sticky":false,"template":"","format":"standard","meta":{"footnotes":""},"categories":[105],"tags":[339,234,233,370,617,616,615,614,636],"class_list":["post-51044","post","type-post","status-publish","format-standard","has-post-thumbnail","hentry","category-vida-estudiantil","tag-baloncesto","tag-beisbol","tag-deportes","tag-futbol","tag-karatedo","tag-taekwondo","tag-universiadanacional","tag-universiadaregional","tag-vocetys-2016-4-27"],"yoast_head":"<!-- This site is optimized with the Yoast SEO plugin v27.4 - https:\/\/yoast.com\/product\/yoast-seo-wordpress\/ -->\n<title>Atletas del CETYS con boleto a Universiada Nacional - CETYS<\/title>\n<meta name=\"description\" content=\"50 atletas del CETYS Universidad ir\u00e1n a Universidad Nacional que tendr\u00e1 como sede el estado de Jalisco.\" \/>\n<meta name=\"robots\" content=\"index, follow, max-snippet:-1, max-image-preview:large, max-video-preview:-1\" \/>\n<link rel=\"canonical\" href=\"https:\/\/www.cetys.mx\/noticias\/atletas-del-cetys-con-boleto-a-universiada-nacional\/\" \/>\n<meta property=\"og:locale\" content=\"es_MX\" \/>\n<meta property=\"og:type\" content=\"article\" \/>\n<meta property=\"og:title\" content=\"Atletas del CETYS con boleto a Universiada Nacional - CETYS\" \/>\n<meta property=\"og:description\" content=\"50 atletas del CETYS Universidad ir\u00e1n a Universidad Nacional que tendr\u00e1 como sede el estado de Jalisco.\" \/>\n<meta property=\"og:url\" content=\"https:\/\/www.cetys.mx\/noticias\/atletas-del-cetys-con-boleto-a-universiada-nacional\/\" \/>\n<meta property=\"og:site_name\" content=\"CETYS\" \/>\n<meta property=\"article:publisher\" content=\"https:\/\/www.facebook.com\/cetysuniversidadmxl\/\" \/>\n<meta property=\"article:published_time\" content=\"2016-04-27T00:37:11+00:00\" \/>\n<meta property=\"article:modified_time\" content=\"2016-07-18T07:51:33+00:00\" \/>\n<meta property=\"og:image\" content=\"https:\/\/www.cetys.mx\/noticias\/wp-content\/uploads\/2016\/04\/cetys_universiadafinal2016.jpg\" \/>\n\t<meta property=\"og:image:width\" content=\"958\" \/>\n\t<meta property=\"og:image:height\" content=\"637\" \/>\n\t<meta property=\"og:image:type\" content=\"image\/jpeg\" \/>\n<meta name=\"author\" content=\"CETYS Institucional\" \/>\n<meta name=\"twitter:card\" content=\"summary_large_image\" \/>\n<meta name=\"twitter:creator\" content=\"@cetysuni\" \/>\n<meta name=\"twitter:site\" content=\"@cetysuni\" \/>\n<meta name=\"twitter:label1\" content=\"Escrito por\" \/>\n\t<meta name=\"twitter:data1\" content=\"CETYS Institucional\" \/>\n\t<meta name=\"twitter:label2\" content=\"Tiempo de lectura\" \/>\n\t<meta name=\"twitter:data2\" content=\"2 minutos\" \/>\n<script type=\"application\/ld+json\" class=\"yoast-schema-graph\">{\"@context\":\"https:\\\/\\\/schema.org\",\"@graph\":[{\"@type\":\"Article\",\"@id\":\"https:\\\/\\\/www.cetys.mx\\\/noticias\\\/atletas-del-cetys-con-boleto-a-universiada-nacional\\\/#article\",\"isPartOf\":{\"@id\":\"https:\\\/\\\/www.cetys.mx\\\/noticias\\\/atletas-del-cetys-con-boleto-a-universiada-nacional\\\/\"},\"author\":{\"name\":\"CETYS Institucional\",\"@id\":\"https:\\\/\\\/www.cetys.mx\\\/noticias\\\/#\\\/schema\\\/person\\\/e9d2b35265b64aa454df57a2828eb2ac\"},\"headline\":\"Atletas del CETYS con boleto a Universiada Nacional\",\"datePublished\":\"2016-04-27T00:37:11+00:00\",\"dateModified\":\"2016-07-18T07:51:33+00:00\",\"mainEntityOfPage\":{\"@id\":\"https:\\\/\\\/www.cetys.mx\\\/noticias\\\/atletas-del-cetys-con-boleto-a-universiada-nacional\\\/\"},\"wordCount\":397,\"commentCount\":0,\"image\":{\"@id\":\"https:\\\/\\\/www.cetys.mx\\\/noticias\\\/atletas-del-cetys-con-boleto-a-universiada-nacional\\\/#primaryimage\"},\"thumbnailUrl\":\"https:\\\/\\\/www.cetys.mx\\\/noticias\\\/wp-content\\\/uploads\\\/2016\\\/04\\\/cetys_universiadafinal2016.jpg\",\"keywords\":[\"baloncesto\",\"beisbol\",\"Deportes\",\"futbol\",\"karatedo\",\"taekwondo\",\"universiadanacional\",\"universiadaregional\",\"vocetys-2016-4-27\"],\"articleSection\":[\"Vida Estudiantil\"],\"inLanguage\":\"es\",\"potentialAction\":[{\"@type\":\"CommentAction\",\"name\":\"Comment\",\"target\":[\"https:\\\/\\\/www.cetys.mx\\\/noticias\\\/atletas-del-cetys-con-boleto-a-universiada-nacional\\\/#respond\"]}]},{\"@type\":\"WebPage\",\"@id\":\"https:\\\/\\\/www.cetys.mx\\\/noticias\\\/atletas-del-cetys-con-boleto-a-universiada-nacional\\\/\",\"url\":\"https:\\\/\\\/www.cetys.mx\\\/noticias\\\/atletas-del-cetys-con-boleto-a-universiada-nacional\\\/\",\"name\":\"Atletas del CETYS con boleto a Universiada Nacional - CETYS\",\"isPartOf\":{\"@id\":\"https:\\\/\\\/www.cetys.mx\\\/noticias\\\/#website\"},\"primaryImageOfPage\":{\"@id\":\"https:\\\/\\\/www.cetys.mx\\\/noticias\\\/atletas-del-cetys-con-boleto-a-universiada-nacional\\\/#primaryimage\"},\"image\":{\"@id\":\"https:\\\/\\\/www.cetys.mx\\\/noticias\\\/atletas-del-cetys-con-boleto-a-universiada-nacional\\\/#primaryimage\"},\"thumbnailUrl\":\"https:\\\/\\\/www.cetys.mx\\\/noticias\\\/wp-content\\\/uploads\\\/2016\\\/04\\\/cetys_universiadafinal2016.jpg\",\"datePublished\":\"2016-04-27T00:37:11+00:00\",\"dateModified\":\"2016-07-18T07:51:33+00:00\",\"author\":{\"@id\":\"https:\\\/\\\/www.cetys.mx\\\/noticias\\\/#\\\/schema\\\/person\\\/e9d2b35265b64aa454df57a2828eb2ac\"},\"description\":\"50 atletas del CETYS Universidad ir\u00e1n a Universidad Nacional que tendr\u00e1 como sede el estado de Jalisco.\",\"breadcrumb\":{\"@id\":\"https:\\\/\\\/www.cetys.mx\\\/noticias\\\/atletas-del-cetys-con-boleto-a-universiada-nacional\\\/#breadcrumb\"},\"inLanguage\":\"es\",\"potentialAction\":[{\"@type\":\"ReadAction\",\"target\":[\"https:\\\/\\\/www.cetys.mx\\\/noticias\\\/atletas-del-cetys-con-boleto-a-universiada-nacional\\\/\"]}]},{\"@type\":\"ImageObject\",\"inLanguage\":\"es\",\"@id\":\"https:\\\/\\\/www.cetys.mx\\\/noticias\\\/atletas-del-cetys-con-boleto-a-universiada-nacional\\\/#primaryimage\",\"url\":\"https:\\\/\\\/www.cetys.mx\\\/noticias\\\/wp-content\\\/uploads\\\/2016\\\/04\\\/cetys_universiadafinal2016.jpg\",\"contentUrl\":\"https:\\\/\\\/www.cetys.mx\\\/noticias\\\/wp-content\\\/uploads\\\/2016\\\/04\\\/cetys_universiadafinal2016.jpg\",\"width\":958,\"height\":637},{\"@type\":\"BreadcrumbList\",\"@id\":\"https:\\\/\\\/www.cetys.mx\\\/noticias\\\/atletas-del-cetys-con-boleto-a-universiada-nacional\\\/#breadcrumb\",\"itemListElement\":[{\"@type\":\"ListItem\",\"position\":1,\"name\":\"Inicio\",\"item\":\"https:\\\/\\\/www.cetys.mx\\\/noticias\\\/\"},{\"@type\":\"ListItem\",\"position\":2,\"name\":\"Atletas del CETYS con boleto a Universiada Nacional\"}]},{\"@type\":\"WebSite\",\"@id\":\"https:\\\/\\\/www.cetys.mx\\\/noticias\\\/#website\",\"url\":\"https:\\\/\\\/www.cetys.mx\\\/noticias\\\/\",\"name\":\"CETYS\",\"description\":\"\",\"potentialAction\":[{\"@type\":\"SearchAction\",\"target\":{\"@type\":\"EntryPoint\",\"urlTemplate\":\"https:\\\/\\\/www.cetys.mx\\\/noticias\\\/?s={search_term_string}\"},\"query-input\":{\"@type\":\"PropertyValueSpecification\",\"valueRequired\":true,\"valueName\":\"search_term_string\"}}],\"inLanguage\":\"es\"},{\"@type\":\"Person\",\"@id\":\"https:\\\/\\\/www.cetys.mx\\\/noticias\\\/#\\\/schema\\\/person\\\/e9d2b35265b64aa454df57a2828eb2ac\",\"name\":\"CETYS Institucional\",\"url\":\"https:\\\/\\\/www.cetys.mx\\\/noticias\\\/author\\\/cetysinstitucional\\\/\"}]}<\/script>\n<!-- \/ Yoast SEO plugin. -->","yoast_head_json":{"title":"Atletas del CETYS con boleto a Universiada Nacional - CETYS","description":"50 atletas del CETYS Universidad ir\u00e1n a Universidad Nacional que tendr\u00e1 como sede el estado de Jalisco.","robots":{"index":"index","follow":"follow","max-snippet":"max-snippet:-1","max-image-preview":"max-image-preview:large","max-video-preview":"max-video-preview:-1"},"canonical":"https:\/\/www.cetys.mx\/noticias\/atletas-del-cetys-con-boleto-a-universiada-nacional\/","og_locale":"es_MX","og_type":"article","og_title":"Atletas del CETYS con boleto a Universiada Nacional - CETYS","og_description":"50 atletas del CETYS Universidad ir\u00e1n a Universidad Nacional que tendr\u00e1 como sede el estado de Jalisco.","og_url":"https:\/\/www.cetys.mx\/noticias\/atletas-del-cetys-con-boleto-a-universiada-nacional\/","og_site_name":"CETYS","article_publisher":"https:\/\/www.facebook.com\/cetysuniversidadmxl\/","article_published_time":"2016-04-27T00:37:11+00:00","article_modified_time":"2016-07-18T07:51:33+00:00","og_image":[{"width":958,"height":637,"url":"https:\/\/www.cetys.mx\/noticias\/wp-content\/uploads\/2016\/04\/cetys_universiadafinal2016.jpg","type":"image\/jpeg"}],"author":"CETYS Institucional","twitter_card":"summary_large_image","twitter_creator":"@cetysuni","twitter_site":"@cetysuni","twitter_misc":{"Escrito por":"CETYS Institucional","Tiempo de lectura":"2 minutos"},"schema":{"@context":"https:\/\/schema.org","@graph":[{"@type":"Article","@id":"https:\/\/www.cetys.mx\/noticias\/atletas-del-cetys-con-boleto-a-universiada-nacional\/#article","isPartOf":{"@id":"https:\/\/www.cetys.mx\/noticias\/atletas-del-cetys-con-boleto-a-universiada-nacional\/"},"author":{"name":"CETYS Institucional","@id":"https:\/\/www.cetys.mx\/noticias\/#\/schema\/person\/e9d2b35265b64aa454df57a2828eb2ac"},"headline":"Atletas del CETYS con boleto a Universiada Nacional","datePublished":"2016-04-27T00:37:11+00:00","dateModified":"2016-07-18T07:51:33+00:00","mainEntityOfPage":{"@id":"https:\/\/www.cetys.mx\/noticias\/atletas-del-cetys-con-boleto-a-universiada-nacional\/"},"wordCount":397,"commentCount":0,"image":{"@id":"https:\/\/www.cetys.mx\/noticias\/atletas-del-cetys-con-boleto-a-universiada-nacional\/#primaryimage"},"thumbnailUrl":"https:\/\/www.cetys.mx\/noticias\/wp-content\/uploads\/2016\/04\/cetys_universiadafinal2016.jpg","keywords":["baloncesto","beisbol","Deportes","futbol","karatedo","taekwondo","universiadanacional","universiadaregional","vocetys-2016-4-27"],"articleSection":["Vida Estudiantil"],"inLanguage":"es","potentialAction":[{"@type":"CommentAction","name":"Comment","target":["https:\/\/www.cetys.mx\/noticias\/atletas-del-cetys-con-boleto-a-universiada-nacional\/#respond"]}]},{"@type":"WebPage","@id":"https:\/\/www.cetys.mx\/noticias\/atletas-del-cetys-con-boleto-a-universiada-nacional\/","url":"https:\/\/www.cetys.mx\/noticias\/atletas-del-cetys-con-boleto-a-universiada-nacional\/","name":"Atletas del CETYS con boleto a Universiada Nacional - CETYS","isPartOf":{"@id":"https:\/\/www.cetys.mx\/noticias\/#website"},"primaryImageOfPage":{"@id":"https:\/\/www.cetys.mx\/noticias\/atletas-del-cetys-con-boleto-a-universiada-nacional\/#primaryimage"},"image":{"@id":"https:\/\/www.cetys.mx\/noticias\/atletas-del-cetys-con-boleto-a-universiada-nacional\/#primaryimage"},"thumbnailUrl":"https:\/\/www.cetys.mx\/noticias\/wp-content\/uploads\/2016\/04\/cetys_universiadafinal2016.jpg","datePublished":"2016-04-27T00:37:11+00:00","dateModified":"2016-07-18T07:51:33+00:00","author":{"@id":"https:\/\/www.cetys.mx\/noticias\/#\/schema\/person\/e9d2b35265b64aa454df57a2828eb2ac"},"description":"50 atletas del CETYS Universidad ir\u00e1n a Universidad Nacional que tendr\u00e1 como sede el estado de Jalisco.","breadcrumb":{"@id":"https:\/\/www.cetys.mx\/noticias\/atletas-del-cetys-con-boleto-a-universiada-nacional\/#breadcrumb"},"inLanguage":"es","potentialAction":[{"@type":"ReadAction","target":["https:\/\/www.cetys.mx\/noticias\/atletas-del-cetys-con-boleto-a-universiada-nacional\/"]}]},{"@type":"ImageObject","inLanguage":"es","@id":"https:\/\/www.cetys.mx\/noticias\/atletas-del-cetys-con-boleto-a-universiada-nacional\/#primaryimage","url":"https:\/\/www.cetys.mx\/noticias\/wp-content\/uploads\/2016\/04\/cetys_universiadafinal2016.jpg","contentUrl":"https:\/\/www.cetys.mx\/noticias\/wp-content\/uploads\/2016\/04\/cetys_universiadafinal2016.jpg","width":958,"height":637},{"@type":"BreadcrumbList","@id":"https:\/\/www.cetys.mx\/noticias\/atletas-del-cetys-con-boleto-a-universiada-nacional\/#breadcrumb","itemListElement":[{"@type":"ListItem","position":1,"name":"Inicio","item":"https:\/\/www.cetys.mx\/noticias\/"},{"@type":"ListItem","position":2,"name":"Atletas del CETYS con boleto a Universiada Nacional"}]},{"@type":"WebSite","@id":"https:\/\/www.cetys.mx\/noticias\/#website","url":"https:\/\/www.cetys.mx\/noticias\/","name":"CETYS","description":"","potentialAction":[{"@type":"SearchAction","target":{"@type":"EntryPoint","urlTemplate":"https:\/\/www.cetys.mx\/noticias\/?s={search_term_string}"},"query-input":{"@type":"PropertyValueSpecification","valueRequired":true,"valueName":"search_term_string"}}],"inLanguage":"es"},{"@type":"Person","@id":"https:\/\/www.cetys.mx\/noticias\/#\/schema\/person\/e9d2b35265b64aa454df57a2828eb2ac","name":"CETYS Institucional","url":"https:\/\/www.cetys.mx\/noticias\/author\/cetysinstitucional\/"}]}},"_links":{"self":[{"href":"https:\/\/www.cetys.mx\/noticias\/wp-json\/wp\/v2\/posts\/51044","targetHints":{"allow":["GET"]}}],"collection":[{"href":"https:\/\/www.cetys.mx\/noticias\/wp-json\/wp\/v2\/posts"}],"about":[{"href":"https:\/\/www.cetys.mx\/noticias\/wp-json\/wp\/v2\/types\/post"}],"author":[{"embeddable":true,"href":"https:\/\/www.cetys.mx\/noticias\/wp-json\/wp\/v2\/users\/26"}],"replies":[{"embeddable":true,"href":"https:\/\/www.cetys.mx\/noticias\/wp-json\/wp\/v2\/comments?post=51044"}],"version-history":[{"count":0,"href":"https:\/\/www.cetys.mx\/noticias\/wp-json\/wp\/v2\/posts\/51044\/revisions"}],"wp:featuredmedia":[{"embeddable":true,"href":"https:\/\/www.cetys.mx\/noticias\/wp-json\/wp\/v2\/media\/51052"}],"wp:attachment":[{"href":"https:\/\/www.cetys.mx\/noticias\/wp-json\/wp\/v2\/media?parent=51044"}],"wp:term":[{"taxonomy":"category","embeddable":true,"href":"https:\/\/www.cetys.mx\/noticias\/wp-json\/wp\/v2\/categories?post=51044"},{"taxonomy":"post_tag","embeddable":true,"href":"https:\/\/www.cetys.mx\/noticias\/wp-json\/wp\/v2\/tags?post=51044"}],"curies":[{"name":"wp","href":"https:\/\/api.w.org\/{rel}","templated":true}]}}