{"id":51037,"date":"2016-04-26T16:48:40","date_gmt":"2016-04-26T23:48:40","guid":{"rendered":"http:\/\/vocetys.mx\/?p=51037"},"modified":"2016-04-26T16:48:40","modified_gmt":"2016-04-26T23:48:40","slug":"se-reconectan-egresados-con-su-alma-mater","status":"publish","type":"post","link":"https:\/\/www.cetys.mx\/noticias\/se-reconectan-egresados-con-su-alma-mater\/","title":{"rendered":"Se reconectan egresados con su Alma Mater"},"content":{"rendered":"<div id=\"attachment_51047\" style=\"width: 316px\" class=\"wp-caption alignleft\"><a href=\"https:\/\/www.cetys.mx\/noticias\/wp-content\/uploads\/2016\/04\/egresados2.jpg\"><img loading=\"lazy\" decoding=\"async\" aria-describedby=\"caption-attachment-51047\" class=\" wp-image-51047\" src=\"https:\/\/www.cetys.mx\/noticias\/wp-content\/uploads\/2016\/04\/egresados2.jpg\" alt=\"egresados\" width=\"306\" height=\"460\" \/><\/a><p id=\"caption-attachment-51047\" class=\"wp-caption-text\">Los asistentes recibieron una camiseta con la nueva imagen del Zorro CETYS.<\/p><\/div>\n<p style=\"text-align: justify;\">\n<p style=\"text-align: justify;\">Con un excelente clima se llev\u00f3 a cabo la reuni\u00f3n de egresados de Profesional y Posgrado denominado <strong><a href=\"https:\/\/www.facebook.com\/media\/set\/?set=a.964884823565311.1073742067.203187653068369&amp;type=3\" target=\"_blank\">Generaciones CETYS<\/a><\/strong>, la cual se realiz\u00f3 en la explanada de Preparatoria y que reuni\u00f3 a 166 ex alumnos de la instituci\u00f3n quienes disfrutaron de una bonita tarde llena de recuerdos y reencuentros con amigos.<\/p>\n<p style=\"text-align: justify;\">Dentro de los grupos m\u00e1s antiguos se encontraban los MAO&#8217;s de Ingenier\u00eda Industrial que estaban celebrando 40 a\u00f1os de haber egresado, asimismo un peque\u00f1o grupo de\u00a0Contadores P\u00fablicos de la generaci\u00f3n 1981 sumando as\u00ed 35 a\u00f1os de egreso. Entre los m\u00e1s j\u00f3venes asistieron diversos alumnos de la generaci\u00f3n que concluy\u00f3 sus estudios en 2015.<\/p>\n<p style=\"text-align: justify;\">Los egresados presentes pudieron degustar de rica comida entre la que figuraron hamburguesas, tacos diversos, hot dogs, postres, crepas y botanas. Adem\u00e1s obtuvieron diverso regalos al participar en actividades de animaci\u00f3n como lo fue un concurso de vencidas, karaoke y chistes.<\/p>\n<p style=\"text-align: justify;\">\n<p style=\"text-align: justify;\">\n<p style=\"text-align: justify;\">\n<p style=\"text-align: justify;\">En el evento, el Mtro. Mario Dipp N\u00fa\u00f1ez dirigi\u00f3 un mensaje de bienvenida recordando a los asistentes a participar en las actividades CETYS y estar m\u00e1s al pendiente de ella, sobre todo ahora que se est\u00e1 transformando en un nuevo campus. En este sentido, el Dr. Carlos Castellanos, Director de la Escuela de Administraci\u00f3n, fue el responsable de un recorrido guiado por las instalaciones del Centro de Excelencia en Competitividad y Emprendimiento (CECE), la m\u00e1s reciente edificaci\u00f3n de la universidad.<\/p>\n<p style=\"text-align: justify;\">La actividad tambi\u00e9n cont\u00f3 con la participaci\u00f3n de m\u00f3dulos informativos y stands de parte de la Alianza Francesa de Mexicali, el equipo de rob\u00f3tica Sentinel Fox, el carro off road Z Racing, as\u00ed como de promoci\u00f3n de Posgrado.<\/p>\n<p style=\"text-align: justify;\">En el marco de Generaciones CETYS, se dio a conocer el programa SIEMBRA, una iniciativa filantr\u00f3pica para la recaudaci\u00f3n de fondos dirigidos a CETYS Universidad y en el que podr\u00e1n participar todos los miembros de la Comunidad CETYS.<\/p>\n<blockquote>\n<p style=\"text-align: justify;\">&#8220;Lo importante no es una meta num\u00e9rica, sino una de donadores, nos interesa tener m\u00e1s donadores no importa el monto de su donativo. Con ello haremos m\u00e1s cosas para nuestro querido CETYS&#8221;, anunci\u00f3 Juan Antonio Ort\u00edz, coordinador del proyecto.<\/p>\n<p style=\"text-align: justify;\"><a href=\"https:\/\/www.cetys.mx\/noticias\/wp-content\/uploads\/2016\/04\/egresados.jpg\"><img loading=\"lazy\" decoding=\"async\" class=\" wp-image-51046 aligncenter\" src=\"https:\/\/www.cetys.mx\/noticias\/wp-content\/uploads\/2016\/04\/egresados.jpg\" alt=\"egresados\" width=\"763\" height=\"508\" \/><\/a><\/p>\n<\/blockquote>\n<p style=\"text-align: justify;\">\n<p>&nbsp;<\/p>\n","protected":false},"excerpt":{"rendered":"<p>Con un excelente clima se llev\u00f3 a cabo la reuni\u00f3n de egresados de Profesional y Posgrado denominado Generaciones CETYS, la cual se&#8230;<\/p>\n","protected":false},"author":20,"featured_media":51045,"comment_status":"open","ping_status":"open","sticky":false,"template":"","format":"standard","meta":{"footnotes":""},"categories":[107,133,125],"tags":[609,138,424,584,608,613,612,610,611],"class_list":["post-51037","post","type-post","status-publish","format-standard","has-post-thumbnail","hentry","category-alumni","category-campus-mexicali","category-portada","tag-alma-mater","tag-cetys","tag-egresados","tag-ex-alumnos","tag-generaciones","tag-juan-rivera","tag-mario-dipp","tag-reencuentro","tag-siembra"],"yoast_head":"<!-- This site is optimized with the Yoast SEO plugin v27.4 - https:\/\/yoast.com\/product\/yoast-seo-wordpress\/ -->\n<title>Se reconectan egresados con su Alma Mater - CETYS<\/title>\n<meta name=\"description\" content=\"Con un excelente clima se llev\u00f3 a cabo la reuni\u00f3n de egresados de Profesional y Posgrado denominado Generaciones CETYS realizada en la explanada de Prepa.\" \/>\n<meta name=\"robots\" content=\"index, follow, max-snippet:-1, max-image-preview:large, max-video-preview:-1\" \/>\n<link rel=\"canonical\" href=\"https:\/\/www.cetys.mx\/noticias\/se-reconectan-egresados-con-su-alma-mater\/\" \/>\n<meta property=\"og:locale\" content=\"es_MX\" \/>\n<meta property=\"og:type\" content=\"article\" \/>\n<meta property=\"og:title\" content=\"Se reconectan egresados con su Alma Mater - CETYS\" \/>\n<meta property=\"og:description\" content=\"Con un excelente clima se llev\u00f3 a cabo la reuni\u00f3n de egresados de Profesional y Posgrado denominado Generaciones CETYS realizada en la explanada de Prepa.\" \/>\n<meta property=\"og:url\" content=\"https:\/\/www.cetys.mx\/noticias\/se-reconectan-egresados-con-su-alma-mater\/\" \/>\n<meta property=\"og:site_name\" content=\"CETYS\" \/>\n<meta property=\"article:publisher\" content=\"https:\/\/www.facebook.com\/cetysuniversidadmxl\/\" \/>\n<meta property=\"article:published_time\" content=\"2016-04-26T23:48:40+00:00\" \/>\n<meta property=\"og:image\" content=\"https:\/\/www.cetys.mx\/noticias\/wp-content\/uploads\/2016\/04\/egresados3.jpg\" \/>\n\t<meta property=\"og:image:width\" content=\"958\" \/>\n\t<meta property=\"og:image:height\" content=\"637\" \/>\n\t<meta property=\"og:image:type\" content=\"image\/jpeg\" \/>\n<meta name=\"author\" content=\"Campus Mexicali\" \/>\n<meta name=\"twitter:card\" content=\"summary_large_image\" \/>\n<meta name=\"twitter:creator\" content=\"@cetysuni\" \/>\n<meta name=\"twitter:site\" content=\"@cetysuni\" \/>\n<meta name=\"twitter:label1\" content=\"Escrito por\" \/>\n\t<meta name=\"twitter:data1\" content=\"Campus Mexicali\" \/>\n\t<meta name=\"twitter:label2\" content=\"Tiempo de lectura\" \/>\n\t<meta name=\"twitter:data2\" content=\"2 minutos\" \/>\n<script type=\"application\/ld+json\" class=\"yoast-schema-graph\">{\"@context\":\"https:\\\/\\\/schema.org\",\"@graph\":[{\"@type\":\"Article\",\"@id\":\"https:\\\/\\\/www.cetys.mx\\\/noticias\\\/se-reconectan-egresados-con-su-alma-mater\\\/#article\",\"isPartOf\":{\"@id\":\"https:\\\/\\\/www.cetys.mx\\\/noticias\\\/se-reconectan-egresados-con-su-alma-mater\\\/\"},\"author\":{\"name\":\"Campus Mexicali\",\"@id\":\"https:\\\/\\\/www.cetys.mx\\\/noticias\\\/#\\\/schema\\\/person\\\/79a95c4ac185f3705cf1b9c9340a5f70\"},\"headline\":\"Se reconectan egresados con su Alma Mater\",\"datePublished\":\"2016-04-26T23:48:40+00:00\",\"mainEntityOfPage\":{\"@id\":\"https:\\\/\\\/www.cetys.mx\\\/noticias\\\/se-reconectan-egresados-con-su-alma-mater\\\/\"},\"wordCount\":394,\"commentCount\":0,\"image\":{\"@id\":\"https:\\\/\\\/www.cetys.mx\\\/noticias\\\/se-reconectan-egresados-con-su-alma-mater\\\/#primaryimage\"},\"thumbnailUrl\":\"https:\\\/\\\/www.cetys.mx\\\/noticias\\\/wp-content\\\/uploads\\\/2016\\\/04\\\/egresados3.jpg\",\"keywords\":[\"Alma Mater\",\"Cetys\",\"Egresados\",\"Ex Alumnos\",\"Generaciones\",\"Juan Rivera\",\"Mario Dipp\",\"Reencuentro\",\"Siembra\"],\"articleSection\":[\"Alumni\",\"Campus Mexicali\",\"Portada\"],\"inLanguage\":\"es\",\"potentialAction\":[{\"@type\":\"CommentAction\",\"name\":\"Comment\",\"target\":[\"https:\\\/\\\/www.cetys.mx\\\/noticias\\\/se-reconectan-egresados-con-su-alma-mater\\\/#respond\"]}]},{\"@type\":\"WebPage\",\"@id\":\"https:\\\/\\\/www.cetys.mx\\\/noticias\\\/se-reconectan-egresados-con-su-alma-mater\\\/\",\"url\":\"https:\\\/\\\/www.cetys.mx\\\/noticias\\\/se-reconectan-egresados-con-su-alma-mater\\\/\",\"name\":\"Se reconectan egresados con su Alma Mater - CETYS\",\"isPartOf\":{\"@id\":\"https:\\\/\\\/www.cetys.mx\\\/noticias\\\/#website\"},\"primaryImageOfPage\":{\"@id\":\"https:\\\/\\\/www.cetys.mx\\\/noticias\\\/se-reconectan-egresados-con-su-alma-mater\\\/#primaryimage\"},\"image\":{\"@id\":\"https:\\\/\\\/www.cetys.mx\\\/noticias\\\/se-reconectan-egresados-con-su-alma-mater\\\/#primaryimage\"},\"thumbnailUrl\":\"https:\\\/\\\/www.cetys.mx\\\/noticias\\\/wp-content\\\/uploads\\\/2016\\\/04\\\/egresados3.jpg\",\"datePublished\":\"2016-04-26T23:48:40+00:00\",\"author\":{\"@id\":\"https:\\\/\\\/www.cetys.mx\\\/noticias\\\/#\\\/schema\\\/person\\\/79a95c4ac185f3705cf1b9c9340a5f70\"},\"description\":\"Con un excelente clima se llev\u00f3 a cabo la reuni\u00f3n de egresados de Profesional y Posgrado denominado Generaciones CETYS realizada en la explanada de Prepa.\",\"breadcrumb\":{\"@id\":\"https:\\\/\\\/www.cetys.mx\\\/noticias\\\/se-reconectan-egresados-con-su-alma-mater\\\/#breadcrumb\"},\"inLanguage\":\"es\",\"potentialAction\":[{\"@type\":\"ReadAction\",\"target\":[\"https:\\\/\\\/www.cetys.mx\\\/noticias\\\/se-reconectan-egresados-con-su-alma-mater\\\/\"]}]},{\"@type\":\"ImageObject\",\"inLanguage\":\"es\",\"@id\":\"https:\\\/\\\/www.cetys.mx\\\/noticias\\\/se-reconectan-egresados-con-su-alma-mater\\\/#primaryimage\",\"url\":\"https:\\\/\\\/www.cetys.mx\\\/noticias\\\/wp-content\\\/uploads\\\/2016\\\/04\\\/egresados3.jpg\",\"contentUrl\":\"https:\\\/\\\/www.cetys.mx\\\/noticias\\\/wp-content\\\/uploads\\\/2016\\\/04\\\/egresados3.jpg\",\"width\":958,\"height\":637,\"caption\":\"egresados\"},{\"@type\":\"BreadcrumbList\",\"@id\":\"https:\\\/\\\/www.cetys.mx\\\/noticias\\\/se-reconectan-egresados-con-su-alma-mater\\\/#breadcrumb\",\"itemListElement\":[{\"@type\":\"ListItem\",\"position\":1,\"name\":\"Inicio\",\"item\":\"https:\\\/\\\/www.cetys.mx\\\/noticias\\\/\"},{\"@type\":\"ListItem\",\"position\":2,\"name\":\"Se reconectan egresados con su Alma Mater\"}]},{\"@type\":\"WebSite\",\"@id\":\"https:\\\/\\\/www.cetys.mx\\\/noticias\\\/#website\",\"url\":\"https:\\\/\\\/www.cetys.mx\\\/noticias\\\/\",\"name\":\"CETYS\",\"description\":\"\",\"potentialAction\":[{\"@type\":\"SearchAction\",\"target\":{\"@type\":\"EntryPoint\",\"urlTemplate\":\"https:\\\/\\\/www.cetys.mx\\\/noticias\\\/?s={search_term_string}\"},\"query-input\":{\"@type\":\"PropertyValueSpecification\",\"valueRequired\":true,\"valueName\":\"search_term_string\"}}],\"inLanguage\":\"es\"},{\"@type\":\"Person\",\"@id\":\"https:\\\/\\\/www.cetys.mx\\\/noticias\\\/#\\\/schema\\\/person\\\/79a95c4ac185f3705cf1b9c9340a5f70\",\"name\":\"Campus Mexicali\",\"url\":\"https:\\\/\\\/www.cetys.mx\\\/noticias\\\/author\\\/campusmexicali\\\/\"}]}<\/script>\n<!-- \/ Yoast SEO plugin. -->","yoast_head_json":{"title":"Se reconectan egresados con su Alma Mater - CETYS","description":"Con un excelente clima se llev\u00f3 a cabo la reuni\u00f3n de egresados de Profesional y Posgrado denominado Generaciones CETYS realizada en la explanada de Prepa.","robots":{"index":"index","follow":"follow","max-snippet":"max-snippet:-1","max-image-preview":"max-image-preview:large","max-video-preview":"max-video-preview:-1"},"canonical":"https:\/\/www.cetys.mx\/noticias\/se-reconectan-egresados-con-su-alma-mater\/","og_locale":"es_MX","og_type":"article","og_title":"Se reconectan egresados con su Alma Mater - CETYS","og_description":"Con un excelente clima se llev\u00f3 a cabo la reuni\u00f3n de egresados de Profesional y Posgrado denominado Generaciones CETYS realizada en la explanada de Prepa.","og_url":"https:\/\/www.cetys.mx\/noticias\/se-reconectan-egresados-con-su-alma-mater\/","og_site_name":"CETYS","article_publisher":"https:\/\/www.facebook.com\/cetysuniversidadmxl\/","article_published_time":"2016-04-26T23:48:40+00:00","og_image":[{"width":958,"height":637,"url":"https:\/\/www.cetys.mx\/noticias\/wp-content\/uploads\/2016\/04\/egresados3.jpg","type":"image\/jpeg"}],"author":"Campus Mexicali","twitter_card":"summary_large_image","twitter_creator":"@cetysuni","twitter_site":"@cetysuni","twitter_misc":{"Escrito por":"Campus Mexicali","Tiempo de lectura":"2 minutos"},"schema":{"@context":"https:\/\/schema.org","@graph":[{"@type":"Article","@id":"https:\/\/www.cetys.mx\/noticias\/se-reconectan-egresados-con-su-alma-mater\/#article","isPartOf":{"@id":"https:\/\/www.cetys.mx\/noticias\/se-reconectan-egresados-con-su-alma-mater\/"},"author":{"name":"Campus Mexicali","@id":"https:\/\/www.cetys.mx\/noticias\/#\/schema\/person\/79a95c4ac185f3705cf1b9c9340a5f70"},"headline":"Se reconectan egresados con su Alma Mater","datePublished":"2016-04-26T23:48:40+00:00","mainEntityOfPage":{"@id":"https:\/\/www.cetys.mx\/noticias\/se-reconectan-egresados-con-su-alma-mater\/"},"wordCount":394,"commentCount":0,"image":{"@id":"https:\/\/www.cetys.mx\/noticias\/se-reconectan-egresados-con-su-alma-mater\/#primaryimage"},"thumbnailUrl":"https:\/\/www.cetys.mx\/noticias\/wp-content\/uploads\/2016\/04\/egresados3.jpg","keywords":["Alma Mater","Cetys","Egresados","Ex Alumnos","Generaciones","Juan Rivera","Mario Dipp","Reencuentro","Siembra"],"articleSection":["Alumni","Campus Mexicali","Portada"],"inLanguage":"es","potentialAction":[{"@type":"CommentAction","name":"Comment","target":["https:\/\/www.cetys.mx\/noticias\/se-reconectan-egresados-con-su-alma-mater\/#respond"]}]},{"@type":"WebPage","@id":"https:\/\/www.cetys.mx\/noticias\/se-reconectan-egresados-con-su-alma-mater\/","url":"https:\/\/www.cetys.mx\/noticias\/se-reconectan-egresados-con-su-alma-mater\/","name":"Se reconectan egresados con su Alma Mater - CETYS","isPartOf":{"@id":"https:\/\/www.cetys.mx\/noticias\/#website"},"primaryImageOfPage":{"@id":"https:\/\/www.cetys.mx\/noticias\/se-reconectan-egresados-con-su-alma-mater\/#primaryimage"},"image":{"@id":"https:\/\/www.cetys.mx\/noticias\/se-reconectan-egresados-con-su-alma-mater\/#primaryimage"},"thumbnailUrl":"https:\/\/www.cetys.mx\/noticias\/wp-content\/uploads\/2016\/04\/egresados3.jpg","datePublished":"2016-04-26T23:48:40+00:00","author":{"@id":"https:\/\/www.cetys.mx\/noticias\/#\/schema\/person\/79a95c4ac185f3705cf1b9c9340a5f70"},"description":"Con un excelente clima se llev\u00f3 a cabo la reuni\u00f3n de egresados de Profesional y Posgrado denominado Generaciones CETYS realizada en la explanada de Prepa.","breadcrumb":{"@id":"https:\/\/www.cetys.mx\/noticias\/se-reconectan-egresados-con-su-alma-mater\/#breadcrumb"},"inLanguage":"es","potentialAction":[{"@type":"ReadAction","target":["https:\/\/www.cetys.mx\/noticias\/se-reconectan-egresados-con-su-alma-mater\/"]}]},{"@type":"ImageObject","inLanguage":"es","@id":"https:\/\/www.cetys.mx\/noticias\/se-reconectan-egresados-con-su-alma-mater\/#primaryimage","url":"https:\/\/www.cetys.mx\/noticias\/wp-content\/uploads\/2016\/04\/egresados3.jpg","contentUrl":"https:\/\/www.cetys.mx\/noticias\/wp-content\/uploads\/2016\/04\/egresados3.jpg","width":958,"height":637,"caption":"egresados"},{"@type":"BreadcrumbList","@id":"https:\/\/www.cetys.mx\/noticias\/se-reconectan-egresados-con-su-alma-mater\/#breadcrumb","itemListElement":[{"@type":"ListItem","position":1,"name":"Inicio","item":"https:\/\/www.cetys.mx\/noticias\/"},{"@type":"ListItem","position":2,"name":"Se reconectan egresados con su Alma Mater"}]},{"@type":"WebSite","@id":"https:\/\/www.cetys.mx\/noticias\/#website","url":"https:\/\/www.cetys.mx\/noticias\/","name":"CETYS","description":"","potentialAction":[{"@type":"SearchAction","target":{"@type":"EntryPoint","urlTemplate":"https:\/\/www.cetys.mx\/noticias\/?s={search_term_string}"},"query-input":{"@type":"PropertyValueSpecification","valueRequired":true,"valueName":"search_term_string"}}],"inLanguage":"es"},{"@type":"Person","@id":"https:\/\/www.cetys.mx\/noticias\/#\/schema\/person\/79a95c4ac185f3705cf1b9c9340a5f70","name":"Campus Mexicali","url":"https:\/\/www.cetys.mx\/noticias\/author\/campusmexicali\/"}]}},"_links":{"self":[{"href":"https:\/\/www.cetys.mx\/noticias\/wp-json\/wp\/v2\/posts\/51037","targetHints":{"allow":["GET"]}}],"collection":[{"href":"https:\/\/www.cetys.mx\/noticias\/wp-json\/wp\/v2\/posts"}],"about":[{"href":"https:\/\/www.cetys.mx\/noticias\/wp-json\/wp\/v2\/types\/post"}],"author":[{"embeddable":true,"href":"https:\/\/www.cetys.mx\/noticias\/wp-json\/wp\/v2\/users\/20"}],"replies":[{"embeddable":true,"href":"https:\/\/www.cetys.mx\/noticias\/wp-json\/wp\/v2\/comments?post=51037"}],"version-history":[{"count":0,"href":"https:\/\/www.cetys.mx\/noticias\/wp-json\/wp\/v2\/posts\/51037\/revisions"}],"wp:featuredmedia":[{"embeddable":true,"href":"https:\/\/www.cetys.mx\/noticias\/wp-json\/wp\/v2\/media\/51045"}],"wp:attachment":[{"href":"https:\/\/www.cetys.mx\/noticias\/wp-json\/wp\/v2\/media?parent=51037"}],"wp:term":[{"taxonomy":"category","embeddable":true,"href":"https:\/\/www.cetys.mx\/noticias\/wp-json\/wp\/v2\/categories?post=51037"},{"taxonomy":"post_tag","embeddable":true,"href":"https:\/\/www.cetys.mx\/noticias\/wp-json\/wp\/v2\/tags?post=51037"}],"curies":[{"name":"wp","href":"https:\/\/api.w.org\/{rel}","templated":true}]}}