{"id":50900,"date":"2016-04-19T18:32:44","date_gmt":"2016-04-20T01:32:44","guid":{"rendered":"http:\/\/vocetys.mx\/?p=50900"},"modified":"2016-04-27T09:39:50","modified_gmt":"2016-04-27T16:39:50","slug":"cetys-listo-para-universiada-regional-2016","status":"publish","type":"post","link":"https:\/\/www.cetys.mx\/noticias\/cetys-listo-para-universiada-regional-2016\/","title":{"rendered":"CETYS listo para Universiada Regional 2016"},"content":{"rendered":"<p style=\"text-align: justify;\">Del 16 al 22 de abril Mexicali vivir\u00e1 la m\u00e1xima fiesta deportiva: <strong>Universiada Regional 2016<\/strong>; competencia donde el Sistema <strong>CETYS Universidad<\/strong> contar\u00e1 con la participaci\u00f3n de 103 destacados atletas y 19 miembros del staff de apoyo, que uniendo esfuerzos buscar\u00e1n alcanzar boleto a la fase nacional.<\/p>\n<p style=\"text-align: justify;\">Las capacidades de los j\u00f3venes deportistas se ver\u00e1n reflejadas en las disciplinas de f\u00fatbol de bardas, b\u00e9isbol, baloncesto, tiro con arco, atletismo, tenis, tae kwon do, karate do y voleibol de sala; teniendo en este \u00faltimo una nueva participaci\u00f3n que se da gracias a los destacados resultados obtenidos en los \u00faltimos a\u00f1os. Cabe mencionar que 52 de ellos pertenecen a Campus Tijuana, 43 a Campus Mexicali y 8 a Campus Ensenada.<\/p>\n<p style=\"text-align: justify;\"><a href=\"https:\/\/www.cetys.mx\/noticias\/wp-content\/uploads\/2016\/04\/universiada_cetys3.jpg\"><img loading=\"lazy\" decoding=\"async\" class=\"size-full wp-image-50902 aligncenter\" src=\"https:\/\/www.cetys.mx\/noticias\/wp-content\/uploads\/2016\/04\/universiada_cetys3.jpg\" alt=\"universiada\" width=\"800\" height=\"532\" \/><\/a><\/p>\n<blockquote>\n<p style=\"text-align: justify;\">\u201cNos declaramos listos para esta competencia, es una oportunidad muy buena la que tenemos en B\u00e9isbol luego de participar en la liga americana NCAA, esperamos ganarnos dos lugares en la Universiada. En el basquetbol creemos que podemos tener buenos resultados sobre todo porque es tradici\u00f3n en la instituci\u00f3n al igual que el fuerte candidato para clasificar que es el voleibol\u201d, comparti\u00f3 el Prof. Roberto Quintero M\u00e1rmol, Director de Deportes del Campus Mexicali.<\/p>\n<\/blockquote>\n<p style=\"text-align: justify;\">Ejemplo del avance es el equipo de baloncesto femenil que por segundo a\u00f1o consecutivo logr\u00f3 ingresar a los 8 grandes nacionales de la Liga ABE, en el caso de las competencias individuales, el crecimiento fue igual de destacado en disciplinas como el atletismo gracias a fogueos como el realizado recientemente en el Encuentro Atl\u00e9tico Selectivo donde se tuvo una destacada participaci\u00f3n del alumno David Carre\u00f3n en lanzamiento de Jabalina, as\u00ed como de Ren\u00e9 V\u00e1zquez en Martillo.<\/p>\n<p style=\"text-align: justify;\"><strong>La infraestructura<\/strong> del Sistema CETYS Universidad jug\u00f3 un papel muy importante durante el proceso de preparaci\u00f3n, pues el compromiso de la instituci\u00f3n con el deporte se ha venido reflejando en crear los espacios necesarios para su pr\u00e1ctica. Adem\u00e1s de abrir camino en competencias del otro lado de la frontera y el interior de la rep\u00fablica.<\/p>\n","protected":false},"excerpt":{"rendered":"<p>Del 16 al 22 de abril Mexicali vivir\u00e1 la m\u00e1xima fiesta deportiva: Universiada Regional 2016; competencia donde el Sistema CETYS Universidad contar\u00e1&#8230;<\/p>\n","protected":false},"author":26,"featured_media":50901,"comment_status":"open","ping_status":"open","sticky":false,"template":"","format":"standard","meta":{"footnotes":""},"categories":[209],"tags":[569,566,438,233,568,567,565],"class_list":["post-50900","post","type-post","status-publish","format-standard","has-post-thumbnail","hentry","category-institucional","tag-569","tag-atletismo","tag-basquetbol","tag-deportes","tag-regional","tag-tiro-con-arco","tag-universiada"],"yoast_head":"<!-- This site is optimized with the Yoast SEO plugin v27.4 - https:\/\/yoast.com\/product\/yoast-seo-wordpress\/ -->\n<title>CETYS listo para Universiada Regional 2016 - CETYS<\/title>\n<meta name=\"description\" content=\"Del 16 al 22 de abril Mexicali vivir\u00e1 la Universiada Regional donde el Sistema CETYS Universidad contar\u00e1 con la participaci\u00f3n de 103 destacados atletas.\" \/>\n<meta name=\"robots\" content=\"index, follow, max-snippet:-1, max-image-preview:large, max-video-preview:-1\" \/>\n<link rel=\"canonical\" href=\"https:\/\/www.cetys.mx\/noticias\/cetys-listo-para-universiada-regional-2016\/\" \/>\n<meta property=\"og:locale\" content=\"es_MX\" \/>\n<meta property=\"og:type\" content=\"article\" \/>\n<meta property=\"og:title\" content=\"CETYS listo para Universiada Regional 2016 - CETYS\" \/>\n<meta property=\"og:description\" content=\"Del 16 al 22 de abril Mexicali vivir\u00e1 la Universiada Regional donde el Sistema CETYS Universidad contar\u00e1 con la participaci\u00f3n de 103 destacados atletas.\" \/>\n<meta property=\"og:url\" content=\"https:\/\/www.cetys.mx\/noticias\/cetys-listo-para-universiada-regional-2016\/\" \/>\n<meta property=\"og:site_name\" content=\"CETYS\" \/>\n<meta property=\"article:publisher\" content=\"https:\/\/www.facebook.com\/cetysuniversidadmxl\/\" \/>\n<meta property=\"article:published_time\" content=\"2016-04-20T01:32:44+00:00\" \/>\n<meta property=\"article:modified_time\" content=\"2016-04-27T16:39:50+00:00\" \/>\n<meta property=\"og:image\" content=\"https:\/\/www.cetys.mx\/noticias\/wp-content\/uploads\/2016\/04\/cetysp.jpg\" \/>\n\t<meta property=\"og:image:width\" content=\"958\" \/>\n\t<meta property=\"og:image:height\" content=\"637\" \/>\n\t<meta property=\"og:image:type\" content=\"image\/jpeg\" \/>\n<meta name=\"author\" content=\"CETYS Institucional\" \/>\n<meta name=\"twitter:card\" content=\"summary_large_image\" \/>\n<meta name=\"twitter:creator\" content=\"@cetysuni\" \/>\n<meta name=\"twitter:site\" content=\"@cetysuni\" \/>\n<meta name=\"twitter:label1\" content=\"Escrito por\" \/>\n\t<meta name=\"twitter:data1\" content=\"CETYS Institucional\" \/>\n\t<meta name=\"twitter:label2\" content=\"Tiempo de lectura\" \/>\n\t<meta name=\"twitter:data2\" content=\"2 minutos\" \/>\n<script type=\"application\/ld+json\" class=\"yoast-schema-graph\">{\"@context\":\"https:\\\/\\\/schema.org\",\"@graph\":[{\"@type\":\"Article\",\"@id\":\"https:\\\/\\\/www.cetys.mx\\\/noticias\\\/cetys-listo-para-universiada-regional-2016\\\/#article\",\"isPartOf\":{\"@id\":\"https:\\\/\\\/www.cetys.mx\\\/noticias\\\/cetys-listo-para-universiada-regional-2016\\\/\"},\"author\":{\"name\":\"CETYS Institucional\",\"@id\":\"https:\\\/\\\/www.cetys.mx\\\/noticias\\\/#\\\/schema\\\/person\\\/e9d2b35265b64aa454df57a2828eb2ac\"},\"headline\":\"CETYS listo para Universiada Regional 2016\",\"datePublished\":\"2016-04-20T01:32:44+00:00\",\"dateModified\":\"2016-04-27T16:39:50+00:00\",\"mainEntityOfPage\":{\"@id\":\"https:\\\/\\\/www.cetys.mx\\\/noticias\\\/cetys-listo-para-universiada-regional-2016\\\/\"},\"wordCount\":339,\"commentCount\":0,\"image\":{\"@id\":\"https:\\\/\\\/www.cetys.mx\\\/noticias\\\/cetys-listo-para-universiada-regional-2016\\\/#primaryimage\"},\"thumbnailUrl\":\"https:\\\/\\\/www.cetys.mx\\\/noticias\\\/wp-content\\\/uploads\\\/2016\\\/04\\\/cetysp.jpg\",\"keywords\":[\"2016\",\"Atletismo\",\"Basquetbol\",\"Deportes\",\"Regional\",\"Tiro Con Arco\",\"Universiada\"],\"articleSection\":[\"Institucional\"],\"inLanguage\":\"es\",\"potentialAction\":[{\"@type\":\"CommentAction\",\"name\":\"Comment\",\"target\":[\"https:\\\/\\\/www.cetys.mx\\\/noticias\\\/cetys-listo-para-universiada-regional-2016\\\/#respond\"]}]},{\"@type\":\"WebPage\",\"@id\":\"https:\\\/\\\/www.cetys.mx\\\/noticias\\\/cetys-listo-para-universiada-regional-2016\\\/\",\"url\":\"https:\\\/\\\/www.cetys.mx\\\/noticias\\\/cetys-listo-para-universiada-regional-2016\\\/\",\"name\":\"CETYS listo para Universiada Regional 2016 - CETYS\",\"isPartOf\":{\"@id\":\"https:\\\/\\\/www.cetys.mx\\\/noticias\\\/#website\"},\"primaryImageOfPage\":{\"@id\":\"https:\\\/\\\/www.cetys.mx\\\/noticias\\\/cetys-listo-para-universiada-regional-2016\\\/#primaryimage\"},\"image\":{\"@id\":\"https:\\\/\\\/www.cetys.mx\\\/noticias\\\/cetys-listo-para-universiada-regional-2016\\\/#primaryimage\"},\"thumbnailUrl\":\"https:\\\/\\\/www.cetys.mx\\\/noticias\\\/wp-content\\\/uploads\\\/2016\\\/04\\\/cetysp.jpg\",\"datePublished\":\"2016-04-20T01:32:44+00:00\",\"dateModified\":\"2016-04-27T16:39:50+00:00\",\"author\":{\"@id\":\"https:\\\/\\\/www.cetys.mx\\\/noticias\\\/#\\\/schema\\\/person\\\/e9d2b35265b64aa454df57a2828eb2ac\"},\"description\":\"Del 16 al 22 de abril Mexicali vivir\u00e1 la Universiada Regional donde el Sistema CETYS Universidad contar\u00e1 con la participaci\u00f3n de 103 destacados atletas.\",\"breadcrumb\":{\"@id\":\"https:\\\/\\\/www.cetys.mx\\\/noticias\\\/cetys-listo-para-universiada-regional-2016\\\/#breadcrumb\"},\"inLanguage\":\"es\",\"potentialAction\":[{\"@type\":\"ReadAction\",\"target\":[\"https:\\\/\\\/www.cetys.mx\\\/noticias\\\/cetys-listo-para-universiada-regional-2016\\\/\"]}]},{\"@type\":\"ImageObject\",\"inLanguage\":\"es\",\"@id\":\"https:\\\/\\\/www.cetys.mx\\\/noticias\\\/cetys-listo-para-universiada-regional-2016\\\/#primaryimage\",\"url\":\"https:\\\/\\\/www.cetys.mx\\\/noticias\\\/wp-content\\\/uploads\\\/2016\\\/04\\\/cetysp.jpg\",\"contentUrl\":\"https:\\\/\\\/www.cetys.mx\\\/noticias\\\/wp-content\\\/uploads\\\/2016\\\/04\\\/cetysp.jpg\",\"width\":958,\"height\":637,\"caption\":\"universiada\"},{\"@type\":\"BreadcrumbList\",\"@id\":\"https:\\\/\\\/www.cetys.mx\\\/noticias\\\/cetys-listo-para-universiada-regional-2016\\\/#breadcrumb\",\"itemListElement\":[{\"@type\":\"ListItem\",\"position\":1,\"name\":\"Inicio\",\"item\":\"https:\\\/\\\/www.cetys.mx\\\/noticias\\\/\"},{\"@type\":\"ListItem\",\"position\":2,\"name\":\"CETYS listo para Universiada Regional 2016\"}]},{\"@type\":\"WebSite\",\"@id\":\"https:\\\/\\\/www.cetys.mx\\\/noticias\\\/#website\",\"url\":\"https:\\\/\\\/www.cetys.mx\\\/noticias\\\/\",\"name\":\"CETYS\",\"description\":\"\",\"potentialAction\":[{\"@type\":\"SearchAction\",\"target\":{\"@type\":\"EntryPoint\",\"urlTemplate\":\"https:\\\/\\\/www.cetys.mx\\\/noticias\\\/?s={search_term_string}\"},\"query-input\":{\"@type\":\"PropertyValueSpecification\",\"valueRequired\":true,\"valueName\":\"search_term_string\"}}],\"inLanguage\":\"es\"},{\"@type\":\"Person\",\"@id\":\"https:\\\/\\\/www.cetys.mx\\\/noticias\\\/#\\\/schema\\\/person\\\/e9d2b35265b64aa454df57a2828eb2ac\",\"name\":\"CETYS Institucional\",\"url\":\"https:\\\/\\\/www.cetys.mx\\\/noticias\\\/author\\\/cetysinstitucional\\\/\"}]}<\/script>\n<!-- \/ Yoast SEO plugin. -->","yoast_head_json":{"title":"CETYS listo para Universiada Regional 2016 - CETYS","description":"Del 16 al 22 de abril Mexicali vivir\u00e1 la Universiada Regional donde el Sistema CETYS Universidad contar\u00e1 con la participaci\u00f3n de 103 destacados atletas.","robots":{"index":"index","follow":"follow","max-snippet":"max-snippet:-1","max-image-preview":"max-image-preview:large","max-video-preview":"max-video-preview:-1"},"canonical":"https:\/\/www.cetys.mx\/noticias\/cetys-listo-para-universiada-regional-2016\/","og_locale":"es_MX","og_type":"article","og_title":"CETYS listo para Universiada Regional 2016 - CETYS","og_description":"Del 16 al 22 de abril Mexicali vivir\u00e1 la Universiada Regional donde el Sistema CETYS Universidad contar\u00e1 con la participaci\u00f3n de 103 destacados atletas.","og_url":"https:\/\/www.cetys.mx\/noticias\/cetys-listo-para-universiada-regional-2016\/","og_site_name":"CETYS","article_publisher":"https:\/\/www.facebook.com\/cetysuniversidadmxl\/","article_published_time":"2016-04-20T01:32:44+00:00","article_modified_time":"2016-04-27T16:39:50+00:00","og_image":[{"width":958,"height":637,"url":"https:\/\/www.cetys.mx\/noticias\/wp-content\/uploads\/2016\/04\/cetysp.jpg","type":"image\/jpeg"}],"author":"CETYS Institucional","twitter_card":"summary_large_image","twitter_creator":"@cetysuni","twitter_site":"@cetysuni","twitter_misc":{"Escrito por":"CETYS Institucional","Tiempo de lectura":"2 minutos"},"schema":{"@context":"https:\/\/schema.org","@graph":[{"@type":"Article","@id":"https:\/\/www.cetys.mx\/noticias\/cetys-listo-para-universiada-regional-2016\/#article","isPartOf":{"@id":"https:\/\/www.cetys.mx\/noticias\/cetys-listo-para-universiada-regional-2016\/"},"author":{"name":"CETYS Institucional","@id":"https:\/\/www.cetys.mx\/noticias\/#\/schema\/person\/e9d2b35265b64aa454df57a2828eb2ac"},"headline":"CETYS listo para Universiada Regional 2016","datePublished":"2016-04-20T01:32:44+00:00","dateModified":"2016-04-27T16:39:50+00:00","mainEntityOfPage":{"@id":"https:\/\/www.cetys.mx\/noticias\/cetys-listo-para-universiada-regional-2016\/"},"wordCount":339,"commentCount":0,"image":{"@id":"https:\/\/www.cetys.mx\/noticias\/cetys-listo-para-universiada-regional-2016\/#primaryimage"},"thumbnailUrl":"https:\/\/www.cetys.mx\/noticias\/wp-content\/uploads\/2016\/04\/cetysp.jpg","keywords":["2016","Atletismo","Basquetbol","Deportes","Regional","Tiro Con Arco","Universiada"],"articleSection":["Institucional"],"inLanguage":"es","potentialAction":[{"@type":"CommentAction","name":"Comment","target":["https:\/\/www.cetys.mx\/noticias\/cetys-listo-para-universiada-regional-2016\/#respond"]}]},{"@type":"WebPage","@id":"https:\/\/www.cetys.mx\/noticias\/cetys-listo-para-universiada-regional-2016\/","url":"https:\/\/www.cetys.mx\/noticias\/cetys-listo-para-universiada-regional-2016\/","name":"CETYS listo para Universiada Regional 2016 - CETYS","isPartOf":{"@id":"https:\/\/www.cetys.mx\/noticias\/#website"},"primaryImageOfPage":{"@id":"https:\/\/www.cetys.mx\/noticias\/cetys-listo-para-universiada-regional-2016\/#primaryimage"},"image":{"@id":"https:\/\/www.cetys.mx\/noticias\/cetys-listo-para-universiada-regional-2016\/#primaryimage"},"thumbnailUrl":"https:\/\/www.cetys.mx\/noticias\/wp-content\/uploads\/2016\/04\/cetysp.jpg","datePublished":"2016-04-20T01:32:44+00:00","dateModified":"2016-04-27T16:39:50+00:00","author":{"@id":"https:\/\/www.cetys.mx\/noticias\/#\/schema\/person\/e9d2b35265b64aa454df57a2828eb2ac"},"description":"Del 16 al 22 de abril Mexicali vivir\u00e1 la Universiada Regional donde el Sistema CETYS Universidad contar\u00e1 con la participaci\u00f3n de 103 destacados atletas.","breadcrumb":{"@id":"https:\/\/www.cetys.mx\/noticias\/cetys-listo-para-universiada-regional-2016\/#breadcrumb"},"inLanguage":"es","potentialAction":[{"@type":"ReadAction","target":["https:\/\/www.cetys.mx\/noticias\/cetys-listo-para-universiada-regional-2016\/"]}]},{"@type":"ImageObject","inLanguage":"es","@id":"https:\/\/www.cetys.mx\/noticias\/cetys-listo-para-universiada-regional-2016\/#primaryimage","url":"https:\/\/www.cetys.mx\/noticias\/wp-content\/uploads\/2016\/04\/cetysp.jpg","contentUrl":"https:\/\/www.cetys.mx\/noticias\/wp-content\/uploads\/2016\/04\/cetysp.jpg","width":958,"height":637,"caption":"universiada"},{"@type":"BreadcrumbList","@id":"https:\/\/www.cetys.mx\/noticias\/cetys-listo-para-universiada-regional-2016\/#breadcrumb","itemListElement":[{"@type":"ListItem","position":1,"name":"Inicio","item":"https:\/\/www.cetys.mx\/noticias\/"},{"@type":"ListItem","position":2,"name":"CETYS listo para Universiada Regional 2016"}]},{"@type":"WebSite","@id":"https:\/\/www.cetys.mx\/noticias\/#website","url":"https:\/\/www.cetys.mx\/noticias\/","name":"CETYS","description":"","potentialAction":[{"@type":"SearchAction","target":{"@type":"EntryPoint","urlTemplate":"https:\/\/www.cetys.mx\/noticias\/?s={search_term_string}"},"query-input":{"@type":"PropertyValueSpecification","valueRequired":true,"valueName":"search_term_string"}}],"inLanguage":"es"},{"@type":"Person","@id":"https:\/\/www.cetys.mx\/noticias\/#\/schema\/person\/e9d2b35265b64aa454df57a2828eb2ac","name":"CETYS Institucional","url":"https:\/\/www.cetys.mx\/noticias\/author\/cetysinstitucional\/"}]}},"_links":{"self":[{"href":"https:\/\/www.cetys.mx\/noticias\/wp-json\/wp\/v2\/posts\/50900","targetHints":{"allow":["GET"]}}],"collection":[{"href":"https:\/\/www.cetys.mx\/noticias\/wp-json\/wp\/v2\/posts"}],"about":[{"href":"https:\/\/www.cetys.mx\/noticias\/wp-json\/wp\/v2\/types\/post"}],"author":[{"embeddable":true,"href":"https:\/\/www.cetys.mx\/noticias\/wp-json\/wp\/v2\/users\/26"}],"replies":[{"embeddable":true,"href":"https:\/\/www.cetys.mx\/noticias\/wp-json\/wp\/v2\/comments?post=50900"}],"version-history":[{"count":0,"href":"https:\/\/www.cetys.mx\/noticias\/wp-json\/wp\/v2\/posts\/50900\/revisions"}],"wp:featuredmedia":[{"embeddable":true,"href":"https:\/\/www.cetys.mx\/noticias\/wp-json\/wp\/v2\/media\/50901"}],"wp:attachment":[{"href":"https:\/\/www.cetys.mx\/noticias\/wp-json\/wp\/v2\/media?parent=50900"}],"wp:term":[{"taxonomy":"category","embeddable":true,"href":"https:\/\/www.cetys.mx\/noticias\/wp-json\/wp\/v2\/categories?post=50900"},{"taxonomy":"post_tag","embeddable":true,"href":"https:\/\/www.cetys.mx\/noticias\/wp-json\/wp\/v2\/tags?post=50900"}],"curies":[{"name":"wp","href":"https:\/\/api.w.org\/{rel}","templated":true}]}}