{"id":50879,"date":"2016-04-19T17:52:54","date_gmt":"2016-04-20T00:52:54","guid":{"rendered":"http:\/\/vocetys.mx\/?p=50879"},"modified":"2016-04-19T17:58:46","modified_gmt":"2016-04-20T00:58:46","slug":"se-capacitan-en-andragogia","status":"publish","type":"post","link":"https:\/\/www.cetys.mx\/noticias\/se-capacitan-en-andragogia\/","title":{"rendered":"Se capacitan en Andragog\u00eda"},"content":{"rendered":"<p>Acad\u00e9micos de la <a href=\"https:\/\/www.cetys.mx\/?page=345\">Licenciatura en Administraci\u00f3n de Negocios<\/a> (LAN) del Campus Tijuana recibieron constancia de culminaci\u00f3n del <strong>diplomado Andragog\u00eda: Docentes y Did\u00e1ctica<\/strong>, \u00a0curso que tiene como objetivo promover un proceso de profesionalizaci\u00f3n de la labor docente, fomentar su participaci\u00f3n, vincularlo con el m\u00e9todo de ense\u00f1anza andrag\u00f3gico y fortalecer el manejo de las TIC.<\/p>\n<p>La duraci\u00f3n del curso fue de cuatro m\u00f3dulos interrelacionados, donde se integran clases presenciales y horas en actividades en l\u00ednea a trav\u00e9s de la plataforma blackboard; abordando los <span style=\"text-decoration: underline;\">temas de m\u00e9todo de aprendizaje y ense\u00f1anza de los adultos, teor\u00edas educativas y la formaci\u00f3n de adultos, esquemas de formaci\u00f3n de adultos y la tecnolog\u00eda educativa desde la mirada andrag\u00f3gica<\/span>.<\/p>\n<p>Los docentes participantes mostraron su inter\u00e9s en mejor el rendimiento did\u00e1ctico de cada una de sus clases, logrando as\u00ed una mayor integraci\u00f3n y participaci\u00f3n del alumnado.<\/p>\n\n            <style type='text\/css'>\n                #gallery-1 {\n                    margin: auto;\n                }\n                #gallery-1 .gallery-item {\n                    float: left;\n                    margin-top: 10px;\n                    text-align: center;\n                    width: 33%;\n                }\n                #gallery-1 img {\n                    border: 2px solid #cfcfcf;\n                }\n                #gallery-1 .gallery-caption {\n                    margin-left: 0;\n                }\n                \/* see gallery_shortcode() in wp-includes\/media.php *\/\n            <\/style>\n\t\t<div id='gallery-1' class='gallery galleryid-50879 gallery-columns-3 gallery-size-thumbnail'><dl class='gallery-item'>\n                <dt class='gallery-icon landscape'>\n                    <a href='https:\/\/www.cetys.mx\/noticias\/se-capacitan-en-andragogia\/cetys_portada-2\/'><img loading=\"lazy\" decoding=\"async\" width=\"128\" height=\"85\" src=\"https:\/\/www.cetys.mx\/noticias\/wp-content\/uploads\/2016\/04\/cetys_portada1.jpg\" class=\"attachment-thumbnail size-thumbnail\" alt=\"\" \/><\/a>\n                <\/dt><\/dl><dl class='gallery-item'>\n                <dt class='gallery-icon landscape'>\n                    <a href='https:\/\/www.cetys.mx\/noticias\/se-capacitan-en-andragogia\/dsc_0013\/'><img loading=\"lazy\" decoding=\"async\" width=\"128\" height=\"85\" src=\"https:\/\/www.cetys.mx\/noticias\/wp-content\/uploads\/2016\/04\/DSC_0013.jpg\" class=\"attachment-thumbnail size-thumbnail\" alt=\"\" \/><\/a>\n                <\/dt><\/dl><dl class='gallery-item'>\n                <dt class='gallery-icon landscape'>\n                    <a href='https:\/\/www.cetys.mx\/noticias\/se-capacitan-en-andragogia\/dsc_0019-2\/'><img loading=\"lazy\" decoding=\"async\" width=\"128\" height=\"85\" src=\"https:\/\/www.cetys.mx\/noticias\/wp-content\/uploads\/2016\/04\/DSC_0019.jpg\" class=\"attachment-thumbnail size-thumbnail\" alt=\"\" \/><\/a>\n                <\/dt><\/dl><br style=\"clear: both\" \/><dl class='gallery-item'>\n                <dt class='gallery-icon landscape'>\n                    <a href='https:\/\/www.cetys.mx\/noticias\/se-capacitan-en-andragogia\/dsc_0026\/'><img loading=\"lazy\" decoding=\"async\" width=\"128\" height=\"85\" src=\"https:\/\/www.cetys.mx\/noticias\/wp-content\/uploads\/2016\/04\/DSC_0026.jpg\" class=\"attachment-thumbnail size-thumbnail\" alt=\"\" \/><\/a>\n                <\/dt><\/dl><dl class='gallery-item'>\n                <dt class='gallery-icon landscape'>\n                    <a href='https:\/\/www.cetys.mx\/noticias\/se-capacitan-en-andragogia\/dsc_0030\/'><img loading=\"lazy\" decoding=\"async\" width=\"128\" height=\"85\" src=\"https:\/\/www.cetys.mx\/noticias\/wp-content\/uploads\/2016\/04\/DSC_0030.jpg\" class=\"attachment-thumbnail size-thumbnail\" alt=\"\" \/><\/a>\n                <\/dt><\/dl><dl class='gallery-item'>\n                <dt class='gallery-icon landscape'>\n                    <a href='https:\/\/www.cetys.mx\/noticias\/se-capacitan-en-andragogia\/dsc_0031-3\/'><img loading=\"lazy\" decoding=\"async\" width=\"128\" height=\"85\" src=\"https:\/\/www.cetys.mx\/noticias\/wp-content\/uploads\/2016\/04\/DSC_0031.jpg\" class=\"attachment-thumbnail size-thumbnail\" alt=\"\" \/><\/a>\n                <\/dt><\/dl><br style=\"clear: both\" \/><dl class='gallery-item'>\n                <dt class='gallery-icon landscape'>\n                    <a href='https:\/\/www.cetys.mx\/noticias\/se-capacitan-en-andragogia\/dsc_0033-2\/'><img loading=\"lazy\" decoding=\"async\" width=\"128\" height=\"85\" src=\"https:\/\/www.cetys.mx\/noticias\/wp-content\/uploads\/2016\/04\/DSC_0033.jpg\" class=\"attachment-thumbnail size-thumbnail\" alt=\"\" \/><\/a>\n                <\/dt><\/dl><dl class='gallery-item'>\n                <dt class='gallery-icon landscape'>\n                    <a href='https:\/\/www.cetys.mx\/noticias\/se-capacitan-en-andragogia\/dsc_0036-2\/'><img loading=\"lazy\" decoding=\"async\" width=\"128\" height=\"85\" src=\"https:\/\/www.cetys.mx\/noticias\/wp-content\/uploads\/2016\/04\/DSC_0036.jpg\" class=\"attachment-thumbnail size-thumbnail\" alt=\"\" \/><\/a>\n                <\/dt><\/dl><dl class='gallery-item'>\n                <dt class='gallery-icon landscape'>\n                    <a href='https:\/\/www.cetys.mx\/noticias\/se-capacitan-en-andragogia\/dsc_0038\/'><img loading=\"lazy\" decoding=\"async\" width=\"128\" height=\"85\" src=\"https:\/\/www.cetys.mx\/noticias\/wp-content\/uploads\/2016\/04\/DSC_0038.jpg\" class=\"attachment-thumbnail size-thumbnail\" alt=\"\" \/><\/a>\n                <\/dt><\/dl><br style=\"clear: both\" \/><dl class='gallery-item'>\n                <dt class='gallery-icon landscape'>\n                    <a href='https:\/\/www.cetys.mx\/noticias\/se-capacitan-en-andragogia\/dsc_0044\/'><img loading=\"lazy\" decoding=\"async\" width=\"128\" height=\"85\" src=\"https:\/\/www.cetys.mx\/noticias\/wp-content\/uploads\/2016\/04\/DSC_0044.jpg\" class=\"attachment-thumbnail size-thumbnail\" alt=\"\" \/><\/a>\n                <\/dt><\/dl><dl class='gallery-item'>\n                <dt class='gallery-icon landscape'>\n                    <a href='https:\/\/www.cetys.mx\/noticias\/se-capacitan-en-andragogia\/dsc_0046-2\/'><img loading=\"lazy\" decoding=\"async\" width=\"128\" height=\"85\" src=\"https:\/\/www.cetys.mx\/noticias\/wp-content\/uploads\/2016\/04\/DSC_0046.jpg\" class=\"attachment-thumbnail size-thumbnail\" alt=\"\" \/><\/a>\n                <\/dt><\/dl><dl class='gallery-item'>\n                <dt class='gallery-icon landscape'>\n                    <a href='https:\/\/www.cetys.mx\/noticias\/se-capacitan-en-andragogia\/dsc_0048\/'><img loading=\"lazy\" decoding=\"async\" width=\"128\" height=\"85\" src=\"https:\/\/www.cetys.mx\/noticias\/wp-content\/uploads\/2016\/04\/DSC_0048.jpg\" class=\"attachment-thumbnail size-thumbnail\" alt=\"\" \/><\/a>\n                <\/dt><\/dl><br style=\"clear: both\" \/><dl class='gallery-item'>\n                <dt class='gallery-icon landscape'>\n                    <a href='https:\/\/www.cetys.mx\/noticias\/se-capacitan-en-andragogia\/dsc_0059\/'><img loading=\"lazy\" decoding=\"async\" width=\"128\" height=\"85\" src=\"https:\/\/www.cetys.mx\/noticias\/wp-content\/uploads\/2016\/04\/DSC_0059.jpg\" class=\"attachment-thumbnail size-thumbnail\" alt=\"\" \/><\/a>\n                <\/dt><\/dl><dl class='gallery-item'>\n                <dt class='gallery-icon landscape'>\n                    <a href='https:\/\/www.cetys.mx\/noticias\/se-capacitan-en-andragogia\/dsc_0068\/'><img loading=\"lazy\" decoding=\"async\" width=\"128\" height=\"85\" src=\"https:\/\/www.cetys.mx\/noticias\/wp-content\/uploads\/2016\/04\/DSC_0068.jpg\" class=\"attachment-thumbnail size-thumbnail\" alt=\"\" \/><\/a>\n                <\/dt><\/dl><dl class='gallery-item'>\n                <dt class='gallery-icon landscape'>\n                    <a href='https:\/\/www.cetys.mx\/noticias\/se-capacitan-en-andragogia\/dsc_0073\/'><img loading=\"lazy\" decoding=\"async\" width=\"128\" height=\"85\" src=\"https:\/\/www.cetys.mx\/noticias\/wp-content\/uploads\/2016\/04\/DSC_0073.jpg\" class=\"attachment-thumbnail size-thumbnail\" alt=\"\" \/><\/a>\n                <\/dt><\/dl><br style=\"clear: both\" \/>\n            <\/div>\n\n","protected":false},"excerpt":{"rendered":"<p>Acad\u00e9micos de la Licenciatura en Administraci\u00f3n de Negocios (LAN) del Campus Tijuana recibieron constancia de culminaci\u00f3n del diplomado Andragog\u00eda: Docentes y Did\u00e1ctica,&#8230;<\/p>\n","protected":false},"author":24,"featured_media":50880,"comment_status":"open","ping_status":"open","sticky":false,"template":"","format":"gallery","meta":{"footnotes":""},"categories":[143,313],"tags":[561,328,562,560],"class_list":["post-50879","post","type-post","status-publish","format-gallery","has-post-thumbnail","hentry","category-galeria","category-vocetys-2","tag-andragogia","tag-campustijuana","tag-dadd","tag-lan","post_format-post-format-gallery"],"yoast_head":"<!-- This site is optimized with the Yoast SEO plugin v27.4 - https:\/\/yoast.com\/product\/yoast-seo-wordpress\/ -->\n<title>Se capacitan en Andragog\u00eda - CETYS<\/title>\n<meta name=\"description\" content=\"Docentes del programa LAN aprendieron conocieron las formas de ense\u00f1anza para alumnos adultos a trav\u00e9s de la Andragog\u00eda.\" \/>\n<meta name=\"robots\" content=\"index, follow, max-snippet:-1, max-image-preview:large, max-video-preview:-1\" \/>\n<link rel=\"canonical\" href=\"https:\/\/www.cetys.mx\/noticias\/se-capacitan-en-andragogia\/\" \/>\n<meta property=\"og:locale\" content=\"es_MX\" \/>\n<meta property=\"og:type\" content=\"article\" \/>\n<meta property=\"og:title\" content=\"Se capacitan en Andragog\u00eda - CETYS\" \/>\n<meta property=\"og:description\" content=\"Docentes del programa LAN aprendieron conocieron las formas de ense\u00f1anza para alumnos adultos a trav\u00e9s de la Andragog\u00eda.\" \/>\n<meta property=\"og:url\" content=\"https:\/\/www.cetys.mx\/noticias\/se-capacitan-en-andragogia\/\" \/>\n<meta property=\"og:site_name\" content=\"CETYS\" \/>\n<meta property=\"article:publisher\" content=\"https:\/\/www.facebook.com\/cetysuniversidadmxl\/\" \/>\n<meta property=\"article:published_time\" content=\"2016-04-20T00:52:54+00:00\" \/>\n<meta property=\"article:modified_time\" content=\"2016-04-20T00:58:46+00:00\" \/>\n<meta property=\"og:image\" content=\"https:\/\/www.cetys.mx\/noticias\/wp-content\/uploads\/2016\/04\/cetys_portada.jpg\" \/>\n\t<meta property=\"og:image:width\" content=\"958\" \/>\n\t<meta property=\"og:image:height\" content=\"637\" \/>\n\t<meta property=\"og:image:type\" content=\"image\/jpeg\" \/>\n<meta name=\"author\" content=\"Campus Tijuana\" \/>\n<meta name=\"twitter:card\" content=\"summary_large_image\" \/>\n<meta name=\"twitter:creator\" content=\"@cetysuni\" \/>\n<meta name=\"twitter:site\" content=\"@cetysuni\" \/>\n<meta name=\"twitter:label1\" content=\"Escrito por\" \/>\n\t<meta name=\"twitter:data1\" content=\"Campus Tijuana\" \/>\n\t<meta name=\"twitter:label2\" content=\"Tiempo de lectura\" \/>\n\t<meta name=\"twitter:data2\" content=\"1 minuto\" \/>\n<script type=\"application\/ld+json\" class=\"yoast-schema-graph\">{\"@context\":\"https:\\\/\\\/schema.org\",\"@graph\":[{\"@type\":\"Article\",\"@id\":\"https:\\\/\\\/www.cetys.mx\\\/noticias\\\/se-capacitan-en-andragogia\\\/#article\",\"isPartOf\":{\"@id\":\"https:\\\/\\\/www.cetys.mx\\\/noticias\\\/se-capacitan-en-andragogia\\\/\"},\"author\":{\"name\":\"Campus Tijuana\",\"@id\":\"https:\\\/\\\/www.cetys.mx\\\/noticias\\\/#\\\/schema\\\/person\\\/e790051ce60e18ae47cfa87011c8653f\"},\"headline\":\"Se capacitan en Andragog\u00eda\",\"datePublished\":\"2016-04-20T00:52:54+00:00\",\"dateModified\":\"2016-04-20T00:58:46+00:00\",\"mainEntityOfPage\":{\"@id\":\"https:\\\/\\\/www.cetys.mx\\\/noticias\\\/se-capacitan-en-andragogia\\\/\"},\"wordCount\":169,\"commentCount\":0,\"image\":{\"@id\":\"https:\\\/\\\/www.cetys.mx\\\/noticias\\\/se-capacitan-en-andragogia\\\/#primaryimage\"},\"thumbnailUrl\":\"https:\\\/\\\/www.cetys.mx\\\/noticias\\\/wp-content\\\/uploads\\\/2016\\\/04\\\/cetys_portada.jpg\",\"keywords\":[\"andragogia\",\"campustijuana\",\"dadd\",\"lan\"],\"articleSection\":[\"Galer\u00eda\",\"VoCETYS\"],\"inLanguage\":\"es\",\"potentialAction\":[{\"@type\":\"CommentAction\",\"name\":\"Comment\",\"target\":[\"https:\\\/\\\/www.cetys.mx\\\/noticias\\\/se-capacitan-en-andragogia\\\/#respond\"]}]},{\"@type\":\"WebPage\",\"@id\":\"https:\\\/\\\/www.cetys.mx\\\/noticias\\\/se-capacitan-en-andragogia\\\/\",\"url\":\"https:\\\/\\\/www.cetys.mx\\\/noticias\\\/se-capacitan-en-andragogia\\\/\",\"name\":\"Se capacitan en Andragog\u00eda - CETYS\",\"isPartOf\":{\"@id\":\"https:\\\/\\\/www.cetys.mx\\\/noticias\\\/#website\"},\"primaryImageOfPage\":{\"@id\":\"https:\\\/\\\/www.cetys.mx\\\/noticias\\\/se-capacitan-en-andragogia\\\/#primaryimage\"},\"image\":{\"@id\":\"https:\\\/\\\/www.cetys.mx\\\/noticias\\\/se-capacitan-en-andragogia\\\/#primaryimage\"},\"thumbnailUrl\":\"https:\\\/\\\/www.cetys.mx\\\/noticias\\\/wp-content\\\/uploads\\\/2016\\\/04\\\/cetys_portada.jpg\",\"datePublished\":\"2016-04-20T00:52:54+00:00\",\"dateModified\":\"2016-04-20T00:58:46+00:00\",\"author\":{\"@id\":\"https:\\\/\\\/www.cetys.mx\\\/noticias\\\/#\\\/schema\\\/person\\\/e790051ce60e18ae47cfa87011c8653f\"},\"description\":\"Docentes del programa LAN aprendieron conocieron las formas de ense\u00f1anza para alumnos adultos a trav\u00e9s de la Andragog\u00eda.\",\"breadcrumb\":{\"@id\":\"https:\\\/\\\/www.cetys.mx\\\/noticias\\\/se-capacitan-en-andragogia\\\/#breadcrumb\"},\"inLanguage\":\"es\",\"potentialAction\":[{\"@type\":\"ReadAction\",\"target\":[\"https:\\\/\\\/www.cetys.mx\\\/noticias\\\/se-capacitan-en-andragogia\\\/\"]}]},{\"@type\":\"ImageObject\",\"inLanguage\":\"es\",\"@id\":\"https:\\\/\\\/www.cetys.mx\\\/noticias\\\/se-capacitan-en-andragogia\\\/#primaryimage\",\"url\":\"https:\\\/\\\/www.cetys.mx\\\/noticias\\\/wp-content\\\/uploads\\\/2016\\\/04\\\/cetys_portada.jpg\",\"contentUrl\":\"https:\\\/\\\/www.cetys.mx\\\/noticias\\\/wp-content\\\/uploads\\\/2016\\\/04\\\/cetys_portada.jpg\",\"width\":958,\"height\":637},{\"@type\":\"BreadcrumbList\",\"@id\":\"https:\\\/\\\/www.cetys.mx\\\/noticias\\\/se-capacitan-en-andragogia\\\/#breadcrumb\",\"itemListElement\":[{\"@type\":\"ListItem\",\"position\":1,\"name\":\"Inicio\",\"item\":\"https:\\\/\\\/www.cetys.mx\\\/noticias\\\/\"},{\"@type\":\"ListItem\",\"position\":2,\"name\":\"Se capacitan en Andragog\u00eda\"}]},{\"@type\":\"WebSite\",\"@id\":\"https:\\\/\\\/www.cetys.mx\\\/noticias\\\/#website\",\"url\":\"https:\\\/\\\/www.cetys.mx\\\/noticias\\\/\",\"name\":\"CETYS\",\"description\":\"\",\"potentialAction\":[{\"@type\":\"SearchAction\",\"target\":{\"@type\":\"EntryPoint\",\"urlTemplate\":\"https:\\\/\\\/www.cetys.mx\\\/noticias\\\/?s={search_term_string}\"},\"query-input\":{\"@type\":\"PropertyValueSpecification\",\"valueRequired\":true,\"valueName\":\"search_term_string\"}}],\"inLanguage\":\"es\"},{\"@type\":\"Person\",\"@id\":\"https:\\\/\\\/www.cetys.mx\\\/noticias\\\/#\\\/schema\\\/person\\\/e790051ce60e18ae47cfa87011c8653f\",\"name\":\"Campus Tijuana\",\"url\":\"https:\\\/\\\/www.cetys.mx\\\/noticias\\\/author\\\/campustijuana\\\/\"}]}<\/script>\n<!-- \/ Yoast SEO plugin. -->","yoast_head_json":{"title":"Se capacitan en Andragog\u00eda - CETYS","description":"Docentes del programa LAN aprendieron conocieron las formas de ense\u00f1anza para alumnos adultos a trav\u00e9s de la Andragog\u00eda.","robots":{"index":"index","follow":"follow","max-snippet":"max-snippet:-1","max-image-preview":"max-image-preview:large","max-video-preview":"max-video-preview:-1"},"canonical":"https:\/\/www.cetys.mx\/noticias\/se-capacitan-en-andragogia\/","og_locale":"es_MX","og_type":"article","og_title":"Se capacitan en Andragog\u00eda - CETYS","og_description":"Docentes del programa LAN aprendieron conocieron las formas de ense\u00f1anza para alumnos adultos a trav\u00e9s de la Andragog\u00eda.","og_url":"https:\/\/www.cetys.mx\/noticias\/se-capacitan-en-andragogia\/","og_site_name":"CETYS","article_publisher":"https:\/\/www.facebook.com\/cetysuniversidadmxl\/","article_published_time":"2016-04-20T00:52:54+00:00","article_modified_time":"2016-04-20T00:58:46+00:00","og_image":[{"width":958,"height":637,"url":"https:\/\/www.cetys.mx\/noticias\/wp-content\/uploads\/2016\/04\/cetys_portada.jpg","type":"image\/jpeg"}],"author":"Campus Tijuana","twitter_card":"summary_large_image","twitter_creator":"@cetysuni","twitter_site":"@cetysuni","twitter_misc":{"Escrito por":"Campus Tijuana","Tiempo de lectura":"1 minuto"},"schema":{"@context":"https:\/\/schema.org","@graph":[{"@type":"Article","@id":"https:\/\/www.cetys.mx\/noticias\/se-capacitan-en-andragogia\/#article","isPartOf":{"@id":"https:\/\/www.cetys.mx\/noticias\/se-capacitan-en-andragogia\/"},"author":{"name":"Campus Tijuana","@id":"https:\/\/www.cetys.mx\/noticias\/#\/schema\/person\/e790051ce60e18ae47cfa87011c8653f"},"headline":"Se capacitan en Andragog\u00eda","datePublished":"2016-04-20T00:52:54+00:00","dateModified":"2016-04-20T00:58:46+00:00","mainEntityOfPage":{"@id":"https:\/\/www.cetys.mx\/noticias\/se-capacitan-en-andragogia\/"},"wordCount":169,"commentCount":0,"image":{"@id":"https:\/\/www.cetys.mx\/noticias\/se-capacitan-en-andragogia\/#primaryimage"},"thumbnailUrl":"https:\/\/www.cetys.mx\/noticias\/wp-content\/uploads\/2016\/04\/cetys_portada.jpg","keywords":["andragogia","campustijuana","dadd","lan"],"articleSection":["Galer\u00eda","VoCETYS"],"inLanguage":"es","potentialAction":[{"@type":"CommentAction","name":"Comment","target":["https:\/\/www.cetys.mx\/noticias\/se-capacitan-en-andragogia\/#respond"]}]},{"@type":"WebPage","@id":"https:\/\/www.cetys.mx\/noticias\/se-capacitan-en-andragogia\/","url":"https:\/\/www.cetys.mx\/noticias\/se-capacitan-en-andragogia\/","name":"Se capacitan en Andragog\u00eda - CETYS","isPartOf":{"@id":"https:\/\/www.cetys.mx\/noticias\/#website"},"primaryImageOfPage":{"@id":"https:\/\/www.cetys.mx\/noticias\/se-capacitan-en-andragogia\/#primaryimage"},"image":{"@id":"https:\/\/www.cetys.mx\/noticias\/se-capacitan-en-andragogia\/#primaryimage"},"thumbnailUrl":"https:\/\/www.cetys.mx\/noticias\/wp-content\/uploads\/2016\/04\/cetys_portada.jpg","datePublished":"2016-04-20T00:52:54+00:00","dateModified":"2016-04-20T00:58:46+00:00","author":{"@id":"https:\/\/www.cetys.mx\/noticias\/#\/schema\/person\/e790051ce60e18ae47cfa87011c8653f"},"description":"Docentes del programa LAN aprendieron conocieron las formas de ense\u00f1anza para alumnos adultos a trav\u00e9s de la Andragog\u00eda.","breadcrumb":{"@id":"https:\/\/www.cetys.mx\/noticias\/se-capacitan-en-andragogia\/#breadcrumb"},"inLanguage":"es","potentialAction":[{"@type":"ReadAction","target":["https:\/\/www.cetys.mx\/noticias\/se-capacitan-en-andragogia\/"]}]},{"@type":"ImageObject","inLanguage":"es","@id":"https:\/\/www.cetys.mx\/noticias\/se-capacitan-en-andragogia\/#primaryimage","url":"https:\/\/www.cetys.mx\/noticias\/wp-content\/uploads\/2016\/04\/cetys_portada.jpg","contentUrl":"https:\/\/www.cetys.mx\/noticias\/wp-content\/uploads\/2016\/04\/cetys_portada.jpg","width":958,"height":637},{"@type":"BreadcrumbList","@id":"https:\/\/www.cetys.mx\/noticias\/se-capacitan-en-andragogia\/#breadcrumb","itemListElement":[{"@type":"ListItem","position":1,"name":"Inicio","item":"https:\/\/www.cetys.mx\/noticias\/"},{"@type":"ListItem","position":2,"name":"Se capacitan en Andragog\u00eda"}]},{"@type":"WebSite","@id":"https:\/\/www.cetys.mx\/noticias\/#website","url":"https:\/\/www.cetys.mx\/noticias\/","name":"CETYS","description":"","potentialAction":[{"@type":"SearchAction","target":{"@type":"EntryPoint","urlTemplate":"https:\/\/www.cetys.mx\/noticias\/?s={search_term_string}"},"query-input":{"@type":"PropertyValueSpecification","valueRequired":true,"valueName":"search_term_string"}}],"inLanguage":"es"},{"@type":"Person","@id":"https:\/\/www.cetys.mx\/noticias\/#\/schema\/person\/e790051ce60e18ae47cfa87011c8653f","name":"Campus Tijuana","url":"https:\/\/www.cetys.mx\/noticias\/author\/campustijuana\/"}]}},"_links":{"self":[{"href":"https:\/\/www.cetys.mx\/noticias\/wp-json\/wp\/v2\/posts\/50879","targetHints":{"allow":["GET"]}}],"collection":[{"href":"https:\/\/www.cetys.mx\/noticias\/wp-json\/wp\/v2\/posts"}],"about":[{"href":"https:\/\/www.cetys.mx\/noticias\/wp-json\/wp\/v2\/types\/post"}],"author":[{"embeddable":true,"href":"https:\/\/www.cetys.mx\/noticias\/wp-json\/wp\/v2\/users\/24"}],"replies":[{"embeddable":true,"href":"https:\/\/www.cetys.mx\/noticias\/wp-json\/wp\/v2\/comments?post=50879"}],"version-history":[{"count":0,"href":"https:\/\/www.cetys.mx\/noticias\/wp-json\/wp\/v2\/posts\/50879\/revisions"}],"wp:featuredmedia":[{"embeddable":true,"href":"https:\/\/www.cetys.mx\/noticias\/wp-json\/wp\/v2\/media\/50880"}],"wp:attachment":[{"href":"https:\/\/www.cetys.mx\/noticias\/wp-json\/wp\/v2\/media?parent=50879"}],"wp:term":[{"taxonomy":"category","embeddable":true,"href":"https:\/\/www.cetys.mx\/noticias\/wp-json\/wp\/v2\/categories?post=50879"},{"taxonomy":"post_tag","embeddable":true,"href":"https:\/\/www.cetys.mx\/noticias\/wp-json\/wp\/v2\/tags?post=50879"}],"curies":[{"name":"wp","href":"https:\/\/api.w.org\/{rel}","templated":true}]}}