{"id":50865,"date":"2016-04-19T16:52:48","date_gmt":"2016-04-19T23:52:48","guid":{"rendered":"http:\/\/vocetys.mx\/?p=50865"},"modified":"2016-08-07T15:54:29","modified_gmt":"2016-08-07T22:54:29","slug":"pasillo-del-arte-con-color","status":"publish","type":"post","link":"https:\/\/www.cetys.mx\/noticias\/pasillo-del-arte-con-color\/","title":{"rendered":"Pasillo del Arte se llena de color"},"content":{"rendered":"<div id=\"attachment_50867\" style=\"width: 397px\" class=\"wp-caption alignleft\"><a href=\"https:\/\/www.cetys.mx\/noticias\/wp-content\/uploads\/2016\/04\/DSC_0101.jpg\"><img loading=\"lazy\" decoding=\"async\" aria-describedby=\"caption-attachment-50867\" class=\"wp-image-50867\" src=\"https:\/\/www.cetys.mx\/noticias\/wp-content\/uploads\/2016\/04\/DSC_0101.jpg\" alt=\"DSC_0101\" width=\"387\" height=\"258\" \/><\/a><p id=\"caption-attachment-50867\" class=\"wp-caption-text\">La comunidad se dio cita para conocer el trabajo del artista.<\/p><\/div>\n<p>La Direcci\u00f3n de Asuntos Estudiantiles del Campus Tijuana, a trav\u00e9s de Difusi\u00f3n Cultural, realizaron la inauguraci\u00f3n oficial de la exposici\u00f3n pict\u00f3rica <strong>\u201cMi expresi\u00f3n del color\u201d<\/strong> a cargo del artista tijuanense <span style=\"text-decoration: underline;\">Carlos Rodr\u00edguez<\/span>, alumno del maestro y reconocido pintor <a href=\"https:\/\/www.mxl.cetys.mx\/noticiassNV.php?elfolio=0000025730\">Juan Z\u00fa\u00f1iga Padilla<\/a>, en el Pasillo del Arte.<\/p>\n<blockquote><p>\u201cEl arte que hago es una expresi\u00f3n de m\u00ed mismo, soy una persona colorida, la mayor\u00eda de mis trabajos est\u00e1n influenciados por ideas crudas y emociones; para m\u00ed el arte es una expresi\u00f3n de libertad, algo que nadie te puede quitar, excepto t\u00fa mismo\u201d, comparti\u00f3 el autor de \u201cMi expresi\u00f3n del color\u201d.<\/p><\/blockquote>\n<div id=\"attachment_50868\" style=\"width: 422px\" class=\"wp-caption alignright\"><img loading=\"lazy\" decoding=\"async\" aria-describedby=\"caption-attachment-50868\" class=\"wp-image-50868\" src=\"https:\/\/www.cetys.mx\/noticias\/wp-content\/uploads\/2016\/04\/DSC_0130.jpg\" alt=\"DSC_0130\" width=\"412\" height=\"284\" \/><p id=\"caption-attachment-50868\" class=\"wp-caption-text\">Autoridades y acad\u00e9micos se dieron cita en la inauguraci\u00f3n.<\/p><\/div>\n<p>Adem\u00e1s de esta destacada participaci\u00f3n en <strong>Campus Tijuana<\/strong>, recientemente inaugur\u00f3 la exposici\u00f3n de pintura <strong>\u201cMy life, my history\u201d en el vest\u00edbulo del Instituto Cultural de Baja California<\/strong>. \u201cQuisiera que la gente vea mis cuadros, que comparta esta felicidad, que disfrute de los colores, que se transmita esa tranquilidad del color vivo\u201d, concluy\u00f3.<\/p>\n<p>El <strong>Pasillo del Arte<\/strong> se encuentra en el primer piso del Edificio de Aulas 1; el trabajo de Carlos Rodr\u00edguez <strong>permanecer\u00e1 montado hasta finales de mayo<\/strong>, por lo que se extiende la invitaci\u00f3n a conocer de cerca su trabajo.<\/p>\n<p>&nbsp;<\/p>\n","protected":false},"excerpt":{"rendered":"<p>La Direcci\u00f3n de Asuntos Estudiantiles del Campus Tijuana, a trav\u00e9s de Difusi\u00f3n Cultural, realizaron la inauguraci\u00f3n oficial de la exposici\u00f3n pict\u00f3rica \u201cMi&#8230;<\/p>\n","protected":false},"author":24,"featured_media":50866,"comment_status":"open","ping_status":"open","sticky":false,"template":"","format":"standard","meta":{"footnotes":""},"categories":[134,105,313],"tags":[264,328,263,557,266,564],"class_list":["post-50865","post","type-post","status-publish","format-standard","has-post-thumbnail","hentry","category-campus-tijuana","category-vida-estudiantil","category-vocetys-2","tag-arte","tag-campustijuana","tag-cultura","tag-pasillodelarte","tag-pintura","tag-vocetys-2016-04-20"],"yoast_head":"<!-- This site is optimized with the Yoast SEO plugin v27.4 - https:\/\/yoast.com\/product\/yoast-seo-wordpress\/ -->\n<title>Pasillo del Arte se llena de color - CETYS<\/title>\n<meta name=\"description\" content=\"Inauguraron la exposici\u00f3n de arte pict\u00f3rica \u201cMi expresi\u00f3n del Color\u201d en Campus Tijuana.\" \/>\n<meta name=\"robots\" content=\"index, follow, max-snippet:-1, max-image-preview:large, max-video-preview:-1\" \/>\n<link rel=\"canonical\" href=\"https:\/\/www.cetys.mx\/noticias\/pasillo-del-arte-con-color\/\" \/>\n<meta property=\"og:locale\" content=\"es_MX\" \/>\n<meta property=\"og:type\" content=\"article\" \/>\n<meta property=\"og:title\" content=\"Pasillo del Arte se llena de color - CETYS\" \/>\n<meta property=\"og:description\" content=\"Inauguraron la exposici\u00f3n de arte pict\u00f3rica \u201cMi expresi\u00f3n del Color\u201d en Campus Tijuana.\" \/>\n<meta property=\"og:url\" content=\"https:\/\/www.cetys.mx\/noticias\/pasillo-del-arte-con-color\/\" \/>\n<meta property=\"og:site_name\" content=\"CETYS\" \/>\n<meta property=\"article:publisher\" content=\"https:\/\/www.facebook.com\/cetysuniversidadmxl\/\" \/>\n<meta property=\"article:published_time\" content=\"2016-04-19T23:52:48+00:00\" \/>\n<meta property=\"article:modified_time\" content=\"2016-08-07T22:54:29+00:00\" \/>\n<meta property=\"og:image\" content=\"https:\/\/www.cetys.mx\/noticias\/wp-content\/uploads\/2016\/04\/cetys_expresioncolor1.jpg\" \/>\n\t<meta property=\"og:image:width\" content=\"958\" \/>\n\t<meta property=\"og:image:height\" content=\"637\" \/>\n\t<meta property=\"og:image:type\" content=\"image\/jpeg\" \/>\n<meta name=\"author\" content=\"Campus Tijuana\" \/>\n<meta name=\"twitter:card\" content=\"summary_large_image\" \/>\n<meta name=\"twitter:creator\" content=\"@cetysuni\" \/>\n<meta name=\"twitter:site\" content=\"@cetysuni\" \/>\n<meta name=\"twitter:label1\" content=\"Escrito por\" \/>\n\t<meta name=\"twitter:data1\" content=\"Campus Tijuana\" \/>\n\t<meta name=\"twitter:label2\" content=\"Tiempo de lectura\" \/>\n\t<meta name=\"twitter:data2\" content=\"1 minuto\" \/>\n<script type=\"application\/ld+json\" class=\"yoast-schema-graph\">{\"@context\":\"https:\\\/\\\/schema.org\",\"@graph\":[{\"@type\":\"Article\",\"@id\":\"https:\\\/\\\/www.cetys.mx\\\/noticias\\\/pasillo-del-arte-con-color\\\/#article\",\"isPartOf\":{\"@id\":\"https:\\\/\\\/www.cetys.mx\\\/noticias\\\/pasillo-del-arte-con-color\\\/\"},\"author\":{\"name\":\"Campus Tijuana\",\"@id\":\"https:\\\/\\\/www.cetys.mx\\\/noticias\\\/#\\\/schema\\\/person\\\/e790051ce60e18ae47cfa87011c8653f\"},\"headline\":\"Pasillo del Arte se llena de color\",\"datePublished\":\"2016-04-19T23:52:48+00:00\",\"dateModified\":\"2016-08-07T22:54:29+00:00\",\"mainEntityOfPage\":{\"@id\":\"https:\\\/\\\/www.cetys.mx\\\/noticias\\\/pasillo-del-arte-con-color\\\/\"},\"wordCount\":252,\"commentCount\":0,\"image\":{\"@id\":\"https:\\\/\\\/www.cetys.mx\\\/noticias\\\/pasillo-del-arte-con-color\\\/#primaryimage\"},\"thumbnailUrl\":\"https:\\\/\\\/www.cetys.mx\\\/noticias\\\/wp-content\\\/uploads\\\/2016\\\/04\\\/cetys_expresioncolor1.jpg\",\"keywords\":[\"arte\",\"campustijuana\",\"cultura\",\"pasillodelarte\",\"pintura\",\"vocetys-2016-04-20\"],\"articleSection\":[\"Campus Tijuana\",\"Vida Estudiantil\",\"VoCETYS\"],\"inLanguage\":\"es\",\"potentialAction\":[{\"@type\":\"CommentAction\",\"name\":\"Comment\",\"target\":[\"https:\\\/\\\/www.cetys.mx\\\/noticias\\\/pasillo-del-arte-con-color\\\/#respond\"]}]},{\"@type\":\"WebPage\",\"@id\":\"https:\\\/\\\/www.cetys.mx\\\/noticias\\\/pasillo-del-arte-con-color\\\/\",\"url\":\"https:\\\/\\\/www.cetys.mx\\\/noticias\\\/pasillo-del-arte-con-color\\\/\",\"name\":\"Pasillo del Arte se llena de color - CETYS\",\"isPartOf\":{\"@id\":\"https:\\\/\\\/www.cetys.mx\\\/noticias\\\/#website\"},\"primaryImageOfPage\":{\"@id\":\"https:\\\/\\\/www.cetys.mx\\\/noticias\\\/pasillo-del-arte-con-color\\\/#primaryimage\"},\"image\":{\"@id\":\"https:\\\/\\\/www.cetys.mx\\\/noticias\\\/pasillo-del-arte-con-color\\\/#primaryimage\"},\"thumbnailUrl\":\"https:\\\/\\\/www.cetys.mx\\\/noticias\\\/wp-content\\\/uploads\\\/2016\\\/04\\\/cetys_expresioncolor1.jpg\",\"datePublished\":\"2016-04-19T23:52:48+00:00\",\"dateModified\":\"2016-08-07T22:54:29+00:00\",\"author\":{\"@id\":\"https:\\\/\\\/www.cetys.mx\\\/noticias\\\/#\\\/schema\\\/person\\\/e790051ce60e18ae47cfa87011c8653f\"},\"description\":\"Inauguraron la exposici\u00f3n de arte pict\u00f3rica \u201cMi expresi\u00f3n del Color\u201d en Campus Tijuana.\",\"breadcrumb\":{\"@id\":\"https:\\\/\\\/www.cetys.mx\\\/noticias\\\/pasillo-del-arte-con-color\\\/#breadcrumb\"},\"inLanguage\":\"es\",\"potentialAction\":[{\"@type\":\"ReadAction\",\"target\":[\"https:\\\/\\\/www.cetys.mx\\\/noticias\\\/pasillo-del-arte-con-color\\\/\"]}]},{\"@type\":\"ImageObject\",\"inLanguage\":\"es\",\"@id\":\"https:\\\/\\\/www.cetys.mx\\\/noticias\\\/pasillo-del-arte-con-color\\\/#primaryimage\",\"url\":\"https:\\\/\\\/www.cetys.mx\\\/noticias\\\/wp-content\\\/uploads\\\/2016\\\/04\\\/cetys_expresioncolor1.jpg\",\"contentUrl\":\"https:\\\/\\\/www.cetys.mx\\\/noticias\\\/wp-content\\\/uploads\\\/2016\\\/04\\\/cetys_expresioncolor1.jpg\",\"width\":958,\"height\":637},{\"@type\":\"BreadcrumbList\",\"@id\":\"https:\\\/\\\/www.cetys.mx\\\/noticias\\\/pasillo-del-arte-con-color\\\/#breadcrumb\",\"itemListElement\":[{\"@type\":\"ListItem\",\"position\":1,\"name\":\"Inicio\",\"item\":\"https:\\\/\\\/www.cetys.mx\\\/noticias\\\/\"},{\"@type\":\"ListItem\",\"position\":2,\"name\":\"Pasillo del Arte se llena de color\"}]},{\"@type\":\"WebSite\",\"@id\":\"https:\\\/\\\/www.cetys.mx\\\/noticias\\\/#website\",\"url\":\"https:\\\/\\\/www.cetys.mx\\\/noticias\\\/\",\"name\":\"CETYS\",\"description\":\"\",\"potentialAction\":[{\"@type\":\"SearchAction\",\"target\":{\"@type\":\"EntryPoint\",\"urlTemplate\":\"https:\\\/\\\/www.cetys.mx\\\/noticias\\\/?s={search_term_string}\"},\"query-input\":{\"@type\":\"PropertyValueSpecification\",\"valueRequired\":true,\"valueName\":\"search_term_string\"}}],\"inLanguage\":\"es\"},{\"@type\":\"Person\",\"@id\":\"https:\\\/\\\/www.cetys.mx\\\/noticias\\\/#\\\/schema\\\/person\\\/e790051ce60e18ae47cfa87011c8653f\",\"name\":\"Campus Tijuana\",\"url\":\"https:\\\/\\\/www.cetys.mx\\\/noticias\\\/author\\\/campustijuana\\\/\"}]}<\/script>\n<!-- \/ Yoast SEO plugin. -->","yoast_head_json":{"title":"Pasillo del Arte se llena de color - CETYS","description":"Inauguraron la exposici\u00f3n de arte pict\u00f3rica \u201cMi expresi\u00f3n del Color\u201d en Campus Tijuana.","robots":{"index":"index","follow":"follow","max-snippet":"max-snippet:-1","max-image-preview":"max-image-preview:large","max-video-preview":"max-video-preview:-1"},"canonical":"https:\/\/www.cetys.mx\/noticias\/pasillo-del-arte-con-color\/","og_locale":"es_MX","og_type":"article","og_title":"Pasillo del Arte se llena de color - CETYS","og_description":"Inauguraron la exposici\u00f3n de arte pict\u00f3rica \u201cMi expresi\u00f3n del Color\u201d en Campus Tijuana.","og_url":"https:\/\/www.cetys.mx\/noticias\/pasillo-del-arte-con-color\/","og_site_name":"CETYS","article_publisher":"https:\/\/www.facebook.com\/cetysuniversidadmxl\/","article_published_time":"2016-04-19T23:52:48+00:00","article_modified_time":"2016-08-07T22:54:29+00:00","og_image":[{"width":958,"height":637,"url":"https:\/\/www.cetys.mx\/noticias\/wp-content\/uploads\/2016\/04\/cetys_expresioncolor1.jpg","type":"image\/jpeg"}],"author":"Campus Tijuana","twitter_card":"summary_large_image","twitter_creator":"@cetysuni","twitter_site":"@cetysuni","twitter_misc":{"Escrito por":"Campus Tijuana","Tiempo de lectura":"1 minuto"},"schema":{"@context":"https:\/\/schema.org","@graph":[{"@type":"Article","@id":"https:\/\/www.cetys.mx\/noticias\/pasillo-del-arte-con-color\/#article","isPartOf":{"@id":"https:\/\/www.cetys.mx\/noticias\/pasillo-del-arte-con-color\/"},"author":{"name":"Campus Tijuana","@id":"https:\/\/www.cetys.mx\/noticias\/#\/schema\/person\/e790051ce60e18ae47cfa87011c8653f"},"headline":"Pasillo del Arte se llena de color","datePublished":"2016-04-19T23:52:48+00:00","dateModified":"2016-08-07T22:54:29+00:00","mainEntityOfPage":{"@id":"https:\/\/www.cetys.mx\/noticias\/pasillo-del-arte-con-color\/"},"wordCount":252,"commentCount":0,"image":{"@id":"https:\/\/www.cetys.mx\/noticias\/pasillo-del-arte-con-color\/#primaryimage"},"thumbnailUrl":"https:\/\/www.cetys.mx\/noticias\/wp-content\/uploads\/2016\/04\/cetys_expresioncolor1.jpg","keywords":["arte","campustijuana","cultura","pasillodelarte","pintura","vocetys-2016-04-20"],"articleSection":["Campus Tijuana","Vida Estudiantil","VoCETYS"],"inLanguage":"es","potentialAction":[{"@type":"CommentAction","name":"Comment","target":["https:\/\/www.cetys.mx\/noticias\/pasillo-del-arte-con-color\/#respond"]}]},{"@type":"WebPage","@id":"https:\/\/www.cetys.mx\/noticias\/pasillo-del-arte-con-color\/","url":"https:\/\/www.cetys.mx\/noticias\/pasillo-del-arte-con-color\/","name":"Pasillo del Arte se llena de color - CETYS","isPartOf":{"@id":"https:\/\/www.cetys.mx\/noticias\/#website"},"primaryImageOfPage":{"@id":"https:\/\/www.cetys.mx\/noticias\/pasillo-del-arte-con-color\/#primaryimage"},"image":{"@id":"https:\/\/www.cetys.mx\/noticias\/pasillo-del-arte-con-color\/#primaryimage"},"thumbnailUrl":"https:\/\/www.cetys.mx\/noticias\/wp-content\/uploads\/2016\/04\/cetys_expresioncolor1.jpg","datePublished":"2016-04-19T23:52:48+00:00","dateModified":"2016-08-07T22:54:29+00:00","author":{"@id":"https:\/\/www.cetys.mx\/noticias\/#\/schema\/person\/e790051ce60e18ae47cfa87011c8653f"},"description":"Inauguraron la exposici\u00f3n de arte pict\u00f3rica \u201cMi expresi\u00f3n del Color\u201d en Campus Tijuana.","breadcrumb":{"@id":"https:\/\/www.cetys.mx\/noticias\/pasillo-del-arte-con-color\/#breadcrumb"},"inLanguage":"es","potentialAction":[{"@type":"ReadAction","target":["https:\/\/www.cetys.mx\/noticias\/pasillo-del-arte-con-color\/"]}]},{"@type":"ImageObject","inLanguage":"es","@id":"https:\/\/www.cetys.mx\/noticias\/pasillo-del-arte-con-color\/#primaryimage","url":"https:\/\/www.cetys.mx\/noticias\/wp-content\/uploads\/2016\/04\/cetys_expresioncolor1.jpg","contentUrl":"https:\/\/www.cetys.mx\/noticias\/wp-content\/uploads\/2016\/04\/cetys_expresioncolor1.jpg","width":958,"height":637},{"@type":"BreadcrumbList","@id":"https:\/\/www.cetys.mx\/noticias\/pasillo-del-arte-con-color\/#breadcrumb","itemListElement":[{"@type":"ListItem","position":1,"name":"Inicio","item":"https:\/\/www.cetys.mx\/noticias\/"},{"@type":"ListItem","position":2,"name":"Pasillo del Arte se llena de color"}]},{"@type":"WebSite","@id":"https:\/\/www.cetys.mx\/noticias\/#website","url":"https:\/\/www.cetys.mx\/noticias\/","name":"CETYS","description":"","potentialAction":[{"@type":"SearchAction","target":{"@type":"EntryPoint","urlTemplate":"https:\/\/www.cetys.mx\/noticias\/?s={search_term_string}"},"query-input":{"@type":"PropertyValueSpecification","valueRequired":true,"valueName":"search_term_string"}}],"inLanguage":"es"},{"@type":"Person","@id":"https:\/\/www.cetys.mx\/noticias\/#\/schema\/person\/e790051ce60e18ae47cfa87011c8653f","name":"Campus Tijuana","url":"https:\/\/www.cetys.mx\/noticias\/author\/campustijuana\/"}]}},"_links":{"self":[{"href":"https:\/\/www.cetys.mx\/noticias\/wp-json\/wp\/v2\/posts\/50865","targetHints":{"allow":["GET"]}}],"collection":[{"href":"https:\/\/www.cetys.mx\/noticias\/wp-json\/wp\/v2\/posts"}],"about":[{"href":"https:\/\/www.cetys.mx\/noticias\/wp-json\/wp\/v2\/types\/post"}],"author":[{"embeddable":true,"href":"https:\/\/www.cetys.mx\/noticias\/wp-json\/wp\/v2\/users\/24"}],"replies":[{"embeddable":true,"href":"https:\/\/www.cetys.mx\/noticias\/wp-json\/wp\/v2\/comments?post=50865"}],"version-history":[{"count":0,"href":"https:\/\/www.cetys.mx\/noticias\/wp-json\/wp\/v2\/posts\/50865\/revisions"}],"wp:featuredmedia":[{"embeddable":true,"href":"https:\/\/www.cetys.mx\/noticias\/wp-json\/wp\/v2\/media\/50866"}],"wp:attachment":[{"href":"https:\/\/www.cetys.mx\/noticias\/wp-json\/wp\/v2\/media?parent=50865"}],"wp:term":[{"taxonomy":"category","embeddable":true,"href":"https:\/\/www.cetys.mx\/noticias\/wp-json\/wp\/v2\/categories?post=50865"},{"taxonomy":"post_tag","embeddable":true,"href":"https:\/\/www.cetys.mx\/noticias\/wp-json\/wp\/v2\/tags?post=50865"}],"curies":[{"name":"wp","href":"https:\/\/api.w.org\/{rel}","templated":true}]}}