{"id":50553,"date":"2016-04-07T18:40:32","date_gmt":"2016-04-08T01:40:32","guid":{"rendered":"http:\/\/vocetys.mx\/?p=50553"},"modified":"2016-04-08T10:17:46","modified_gmt":"2016-04-08T17:17:46","slug":"reciben-primavera-a-ritmo-de-rock","status":"publish","type":"post","link":"https:\/\/www.cetys.mx\/noticias\/reciben-primavera-a-ritmo-de-rock\/","title":{"rendered":"Reciben primavera a ritmo de Rock"},"content":{"rendered":"<p align=\"justify\"><a href=\"https:\/\/www.cetys.mx\/noticias\/wp-content\/uploads\/2016\/04\/DSC_0120.jpg\"><img loading=\"lazy\" decoding=\"async\" class=\"wp-image-50558 alignright\" src=\"https:\/\/www.cetys.mx\/noticias\/wp-content\/uploads\/2016\/04\/DSC_0120.jpg\" alt=\"DSC_0120\" width=\"211\" height=\"125\" \/><\/a>La explanada de la <a href=\"https:\/\/www.facebook.com\/bibliocetysmexicali\/?fref=ts\" target=\"_blank\">Biblioteca Norberto Corella Gil Samaniego<\/a> de CETYS, se lleno de ritmo musical, talento, convivencia y diversi\u00f3n, gracias al tradicional &#8220;Concierto de Primavera&#8221;, efectuado el 31 de marzo y organizado por el \u00e1rea de Difusi\u00f3n Cultural.<\/p>\n<p align=\"justify\">A son de Rock Cl\u00e1sico y Contempor\u00e1neo, los integrantes del Grupo Representativo de Canto &#8220;Solsticio&#8221;, pusieron en ambiente la tarde de ese jueves; as\u00ed como los estudiantes del Taller de Canto, integrado por j\u00f3venes de la Preparatoria y Profesional.<\/p>\n<p align=\"justify\"><a href=\"https:\/\/www.cetys.mx\/noticias\/wp-content\/uploads\/2016\/04\/DSC_0122.jpg\"><img loading=\"lazy\" decoding=\"async\" class=\"wp-image-50559 alignleft\" src=\"https:\/\/www.cetys.mx\/noticias\/wp-content\/uploads\/2016\/04\/DSC_0122.jpg\" alt=\"\" width=\"268\" height=\"178\" \/><\/a>\u00c9xitos en ingl\u00e9s y espa\u00f1ol, tributos a bandas como <em>Queen<\/em> y otras, se escucharon conforme iba cayendo la tarde, hasta que a eso de las 8 de la noche hizo su entrada el grupo estelar <em>&#8220;Los 8 Tracks&#8221;<\/em>, quienes cerraron con broche de oro deleitando a los presentes con sus dotes musicales.<\/p>\n<p align=\"justify\">\n","protected":false},"excerpt":{"rendered":"<p>La explanada de la Biblioteca Norberto Corella Gil Samaniego de CETYS, se lleno de ritmo musical, talento, convivencia y diversi\u00f3n, gracias al&#8230;<\/p>\n","protected":false},"author":20,"featured_media":50557,"comment_status":"open","ping_status":"open","sticky":false,"template":"","format":"standard","meta":{"footnotes":""},"categories":[133],"tags":[504,138,102,419,92,505,176,503],"class_list":["post-50553","post","type-post","status-publish","format-standard","has-post-thumbnail","hentry","category-campus-mexicali","tag-canto","tag-cetys","tag-concierto","tag-cultural","tag-preparatoria","tag-primavera","tag-profesional","tag-voz"],"yoast_head":"<!-- This site is optimized with the Yoast SEO plugin v27.4 - https:\/\/yoast.com\/product\/yoast-seo-wordpress\/ -->\n<title>Reciben primavera a ritmo de Rock - CETYS<\/title>\n<meta name=\"description\" content=\"Se realiz\u00f3 una edici\u00f3n m\u00e1s del tradicional concierto de primavera CETYS a ritmo de Rock Cl\u00e1sico.\" \/>\n<meta name=\"robots\" content=\"index, follow, max-snippet:-1, max-image-preview:large, max-video-preview:-1\" \/>\n<link rel=\"canonical\" href=\"https:\/\/www.cetys.mx\/noticias\/reciben-primavera-a-ritmo-de-rock\/\" \/>\n<meta property=\"og:locale\" content=\"es_MX\" \/>\n<meta property=\"og:type\" content=\"article\" \/>\n<meta property=\"og:title\" content=\"Reciben primavera a ritmo de Rock - CETYS\" \/>\n<meta property=\"og:description\" content=\"Se realiz\u00f3 una edici\u00f3n m\u00e1s del tradicional concierto de primavera CETYS a ritmo de Rock Cl\u00e1sico.\" \/>\n<meta property=\"og:url\" content=\"https:\/\/www.cetys.mx\/noticias\/reciben-primavera-a-ritmo-de-rock\/\" \/>\n<meta property=\"og:site_name\" content=\"CETYS\" \/>\n<meta property=\"article:publisher\" content=\"https:\/\/www.facebook.com\/cetysuniversidadmxl\/\" \/>\n<meta property=\"article:published_time\" content=\"2016-04-08T01:40:32+00:00\" \/>\n<meta property=\"article:modified_time\" content=\"2016-04-08T17:17:46+00:00\" \/>\n<meta property=\"og:image\" content=\"https:\/\/www.cetys.mx\/noticias\/wp-content\/uploads\/2016\/04\/DSC_0109.jpg\" \/>\n\t<meta property=\"og:image:width\" content=\"958\" \/>\n\t<meta property=\"og:image:height\" content=\"637\" \/>\n\t<meta property=\"og:image:type\" content=\"image\/jpeg\" \/>\n<meta name=\"author\" content=\"Campus Mexicali\" \/>\n<meta name=\"twitter:card\" content=\"summary_large_image\" \/>\n<meta name=\"twitter:creator\" content=\"@cetysuni\" \/>\n<meta name=\"twitter:site\" content=\"@cetysuni\" \/>\n<meta name=\"twitter:label1\" content=\"Escrito por\" \/>\n\t<meta name=\"twitter:data1\" content=\"Campus Mexicali\" \/>\n\t<meta name=\"twitter:label2\" content=\"Tiempo de lectura\" \/>\n\t<meta name=\"twitter:data2\" content=\"1 minuto\" \/>\n<script type=\"application\/ld+json\" class=\"yoast-schema-graph\">{\"@context\":\"https:\\\/\\\/schema.org\",\"@graph\":[{\"@type\":\"Article\",\"@id\":\"https:\\\/\\\/www.cetys.mx\\\/noticias\\\/reciben-primavera-a-ritmo-de-rock\\\/#article\",\"isPartOf\":{\"@id\":\"https:\\\/\\\/www.cetys.mx\\\/noticias\\\/reciben-primavera-a-ritmo-de-rock\\\/\"},\"author\":{\"name\":\"Campus Mexicali\",\"@id\":\"https:\\\/\\\/www.cetys.mx\\\/noticias\\\/#\\\/schema\\\/person\\\/79a95c4ac185f3705cf1b9c9340a5f70\"},\"headline\":\"Reciben primavera a ritmo de Rock\",\"datePublished\":\"2016-04-08T01:40:32+00:00\",\"dateModified\":\"2016-04-08T17:17:46+00:00\",\"mainEntityOfPage\":{\"@id\":\"https:\\\/\\\/www.cetys.mx\\\/noticias\\\/reciben-primavera-a-ritmo-de-rock\\\/\"},\"wordCount\":140,\"commentCount\":0,\"image\":{\"@id\":\"https:\\\/\\\/www.cetys.mx\\\/noticias\\\/reciben-primavera-a-ritmo-de-rock\\\/#primaryimage\"},\"thumbnailUrl\":\"https:\\\/\\\/www.cetys.mx\\\/noticias\\\/wp-content\\\/uploads\\\/2016\\\/04\\\/DSC_0109.jpg\",\"keywords\":[\"Canto\",\"Cetys\",\"concierto\",\"Cultural\",\"Preparatoria\",\"Primavera\",\"profesional\",\"Voz\"],\"articleSection\":[\"Campus Mexicali\"],\"inLanguage\":\"es\",\"potentialAction\":[{\"@type\":\"CommentAction\",\"name\":\"Comment\",\"target\":[\"https:\\\/\\\/www.cetys.mx\\\/noticias\\\/reciben-primavera-a-ritmo-de-rock\\\/#respond\"]}]},{\"@type\":\"WebPage\",\"@id\":\"https:\\\/\\\/www.cetys.mx\\\/noticias\\\/reciben-primavera-a-ritmo-de-rock\\\/\",\"url\":\"https:\\\/\\\/www.cetys.mx\\\/noticias\\\/reciben-primavera-a-ritmo-de-rock\\\/\",\"name\":\"Reciben primavera a ritmo de Rock - CETYS\",\"isPartOf\":{\"@id\":\"https:\\\/\\\/www.cetys.mx\\\/noticias\\\/#website\"},\"primaryImageOfPage\":{\"@id\":\"https:\\\/\\\/www.cetys.mx\\\/noticias\\\/reciben-primavera-a-ritmo-de-rock\\\/#primaryimage\"},\"image\":{\"@id\":\"https:\\\/\\\/www.cetys.mx\\\/noticias\\\/reciben-primavera-a-ritmo-de-rock\\\/#primaryimage\"},\"thumbnailUrl\":\"https:\\\/\\\/www.cetys.mx\\\/noticias\\\/wp-content\\\/uploads\\\/2016\\\/04\\\/DSC_0109.jpg\",\"datePublished\":\"2016-04-08T01:40:32+00:00\",\"dateModified\":\"2016-04-08T17:17:46+00:00\",\"author\":{\"@id\":\"https:\\\/\\\/www.cetys.mx\\\/noticias\\\/#\\\/schema\\\/person\\\/79a95c4ac185f3705cf1b9c9340a5f70\"},\"description\":\"Se realiz\u00f3 una edici\u00f3n m\u00e1s del tradicional concierto de primavera CETYS a ritmo de Rock Cl\u00e1sico.\",\"breadcrumb\":{\"@id\":\"https:\\\/\\\/www.cetys.mx\\\/noticias\\\/reciben-primavera-a-ritmo-de-rock\\\/#breadcrumb\"},\"inLanguage\":\"es\",\"potentialAction\":[{\"@type\":\"ReadAction\",\"target\":[\"https:\\\/\\\/www.cetys.mx\\\/noticias\\\/reciben-primavera-a-ritmo-de-rock\\\/\"]}]},{\"@type\":\"ImageObject\",\"inLanguage\":\"es\",\"@id\":\"https:\\\/\\\/www.cetys.mx\\\/noticias\\\/reciben-primavera-a-ritmo-de-rock\\\/#primaryimage\",\"url\":\"https:\\\/\\\/www.cetys.mx\\\/noticias\\\/wp-content\\\/uploads\\\/2016\\\/04\\\/DSC_0109.jpg\",\"contentUrl\":\"https:\\\/\\\/www.cetys.mx\\\/noticias\\\/wp-content\\\/uploads\\\/2016\\\/04\\\/DSC_0109.jpg\",\"width\":958,\"height\":637},{\"@type\":\"BreadcrumbList\",\"@id\":\"https:\\\/\\\/www.cetys.mx\\\/noticias\\\/reciben-primavera-a-ritmo-de-rock\\\/#breadcrumb\",\"itemListElement\":[{\"@type\":\"ListItem\",\"position\":1,\"name\":\"Inicio\",\"item\":\"https:\\\/\\\/www.cetys.mx\\\/noticias\\\/\"},{\"@type\":\"ListItem\",\"position\":2,\"name\":\"Reciben primavera a ritmo de Rock\"}]},{\"@type\":\"WebSite\",\"@id\":\"https:\\\/\\\/www.cetys.mx\\\/noticias\\\/#website\",\"url\":\"https:\\\/\\\/www.cetys.mx\\\/noticias\\\/\",\"name\":\"CETYS\",\"description\":\"\",\"potentialAction\":[{\"@type\":\"SearchAction\",\"target\":{\"@type\":\"EntryPoint\",\"urlTemplate\":\"https:\\\/\\\/www.cetys.mx\\\/noticias\\\/?s={search_term_string}\"},\"query-input\":{\"@type\":\"PropertyValueSpecification\",\"valueRequired\":true,\"valueName\":\"search_term_string\"}}],\"inLanguage\":\"es\"},{\"@type\":\"Person\",\"@id\":\"https:\\\/\\\/www.cetys.mx\\\/noticias\\\/#\\\/schema\\\/person\\\/79a95c4ac185f3705cf1b9c9340a5f70\",\"name\":\"Campus Mexicali\",\"url\":\"https:\\\/\\\/www.cetys.mx\\\/noticias\\\/author\\\/campusmexicali\\\/\"}]}<\/script>\n<!-- \/ Yoast SEO plugin. -->","yoast_head_json":{"title":"Reciben primavera a ritmo de Rock - CETYS","description":"Se realiz\u00f3 una edici\u00f3n m\u00e1s del tradicional concierto de primavera CETYS a ritmo de Rock Cl\u00e1sico.","robots":{"index":"index","follow":"follow","max-snippet":"max-snippet:-1","max-image-preview":"max-image-preview:large","max-video-preview":"max-video-preview:-1"},"canonical":"https:\/\/www.cetys.mx\/noticias\/reciben-primavera-a-ritmo-de-rock\/","og_locale":"es_MX","og_type":"article","og_title":"Reciben primavera a ritmo de Rock - CETYS","og_description":"Se realiz\u00f3 una edici\u00f3n m\u00e1s del tradicional concierto de primavera CETYS a ritmo de Rock Cl\u00e1sico.","og_url":"https:\/\/www.cetys.mx\/noticias\/reciben-primavera-a-ritmo-de-rock\/","og_site_name":"CETYS","article_publisher":"https:\/\/www.facebook.com\/cetysuniversidadmxl\/","article_published_time":"2016-04-08T01:40:32+00:00","article_modified_time":"2016-04-08T17:17:46+00:00","og_image":[{"width":958,"height":637,"url":"https:\/\/www.cetys.mx\/noticias\/wp-content\/uploads\/2016\/04\/DSC_0109.jpg","type":"image\/jpeg"}],"author":"Campus Mexicali","twitter_card":"summary_large_image","twitter_creator":"@cetysuni","twitter_site":"@cetysuni","twitter_misc":{"Escrito por":"Campus Mexicali","Tiempo de lectura":"1 minuto"},"schema":{"@context":"https:\/\/schema.org","@graph":[{"@type":"Article","@id":"https:\/\/www.cetys.mx\/noticias\/reciben-primavera-a-ritmo-de-rock\/#article","isPartOf":{"@id":"https:\/\/www.cetys.mx\/noticias\/reciben-primavera-a-ritmo-de-rock\/"},"author":{"name":"Campus Mexicali","@id":"https:\/\/www.cetys.mx\/noticias\/#\/schema\/person\/79a95c4ac185f3705cf1b9c9340a5f70"},"headline":"Reciben primavera a ritmo de Rock","datePublished":"2016-04-08T01:40:32+00:00","dateModified":"2016-04-08T17:17:46+00:00","mainEntityOfPage":{"@id":"https:\/\/www.cetys.mx\/noticias\/reciben-primavera-a-ritmo-de-rock\/"},"wordCount":140,"commentCount":0,"image":{"@id":"https:\/\/www.cetys.mx\/noticias\/reciben-primavera-a-ritmo-de-rock\/#primaryimage"},"thumbnailUrl":"https:\/\/www.cetys.mx\/noticias\/wp-content\/uploads\/2016\/04\/DSC_0109.jpg","keywords":["Canto","Cetys","concierto","Cultural","Preparatoria","Primavera","profesional","Voz"],"articleSection":["Campus Mexicali"],"inLanguage":"es","potentialAction":[{"@type":"CommentAction","name":"Comment","target":["https:\/\/www.cetys.mx\/noticias\/reciben-primavera-a-ritmo-de-rock\/#respond"]}]},{"@type":"WebPage","@id":"https:\/\/www.cetys.mx\/noticias\/reciben-primavera-a-ritmo-de-rock\/","url":"https:\/\/www.cetys.mx\/noticias\/reciben-primavera-a-ritmo-de-rock\/","name":"Reciben primavera a ritmo de Rock - CETYS","isPartOf":{"@id":"https:\/\/www.cetys.mx\/noticias\/#website"},"primaryImageOfPage":{"@id":"https:\/\/www.cetys.mx\/noticias\/reciben-primavera-a-ritmo-de-rock\/#primaryimage"},"image":{"@id":"https:\/\/www.cetys.mx\/noticias\/reciben-primavera-a-ritmo-de-rock\/#primaryimage"},"thumbnailUrl":"https:\/\/www.cetys.mx\/noticias\/wp-content\/uploads\/2016\/04\/DSC_0109.jpg","datePublished":"2016-04-08T01:40:32+00:00","dateModified":"2016-04-08T17:17:46+00:00","author":{"@id":"https:\/\/www.cetys.mx\/noticias\/#\/schema\/person\/79a95c4ac185f3705cf1b9c9340a5f70"},"description":"Se realiz\u00f3 una edici\u00f3n m\u00e1s del tradicional concierto de primavera CETYS a ritmo de Rock Cl\u00e1sico.","breadcrumb":{"@id":"https:\/\/www.cetys.mx\/noticias\/reciben-primavera-a-ritmo-de-rock\/#breadcrumb"},"inLanguage":"es","potentialAction":[{"@type":"ReadAction","target":["https:\/\/www.cetys.mx\/noticias\/reciben-primavera-a-ritmo-de-rock\/"]}]},{"@type":"ImageObject","inLanguage":"es","@id":"https:\/\/www.cetys.mx\/noticias\/reciben-primavera-a-ritmo-de-rock\/#primaryimage","url":"https:\/\/www.cetys.mx\/noticias\/wp-content\/uploads\/2016\/04\/DSC_0109.jpg","contentUrl":"https:\/\/www.cetys.mx\/noticias\/wp-content\/uploads\/2016\/04\/DSC_0109.jpg","width":958,"height":637},{"@type":"BreadcrumbList","@id":"https:\/\/www.cetys.mx\/noticias\/reciben-primavera-a-ritmo-de-rock\/#breadcrumb","itemListElement":[{"@type":"ListItem","position":1,"name":"Inicio","item":"https:\/\/www.cetys.mx\/noticias\/"},{"@type":"ListItem","position":2,"name":"Reciben primavera a ritmo de Rock"}]},{"@type":"WebSite","@id":"https:\/\/www.cetys.mx\/noticias\/#website","url":"https:\/\/www.cetys.mx\/noticias\/","name":"CETYS","description":"","potentialAction":[{"@type":"SearchAction","target":{"@type":"EntryPoint","urlTemplate":"https:\/\/www.cetys.mx\/noticias\/?s={search_term_string}"},"query-input":{"@type":"PropertyValueSpecification","valueRequired":true,"valueName":"search_term_string"}}],"inLanguage":"es"},{"@type":"Person","@id":"https:\/\/www.cetys.mx\/noticias\/#\/schema\/person\/79a95c4ac185f3705cf1b9c9340a5f70","name":"Campus Mexicali","url":"https:\/\/www.cetys.mx\/noticias\/author\/campusmexicali\/"}]}},"_links":{"self":[{"href":"https:\/\/www.cetys.mx\/noticias\/wp-json\/wp\/v2\/posts\/50553","targetHints":{"allow":["GET"]}}],"collection":[{"href":"https:\/\/www.cetys.mx\/noticias\/wp-json\/wp\/v2\/posts"}],"about":[{"href":"https:\/\/www.cetys.mx\/noticias\/wp-json\/wp\/v2\/types\/post"}],"author":[{"embeddable":true,"href":"https:\/\/www.cetys.mx\/noticias\/wp-json\/wp\/v2\/users\/20"}],"replies":[{"embeddable":true,"href":"https:\/\/www.cetys.mx\/noticias\/wp-json\/wp\/v2\/comments?post=50553"}],"version-history":[{"count":0,"href":"https:\/\/www.cetys.mx\/noticias\/wp-json\/wp\/v2\/posts\/50553\/revisions"}],"wp:featuredmedia":[{"embeddable":true,"href":"https:\/\/www.cetys.mx\/noticias\/wp-json\/wp\/v2\/media\/50557"}],"wp:attachment":[{"href":"https:\/\/www.cetys.mx\/noticias\/wp-json\/wp\/v2\/media?parent=50553"}],"wp:term":[{"taxonomy":"category","embeddable":true,"href":"https:\/\/www.cetys.mx\/noticias\/wp-json\/wp\/v2\/categories?post=50553"},{"taxonomy":"post_tag","embeddable":true,"href":"https:\/\/www.cetys.mx\/noticias\/wp-json\/wp\/v2\/tags?post=50553"}],"curies":[{"name":"wp","href":"https:\/\/api.w.org\/{rel}","templated":true}]}}