{"id":49847,"date":"2016-03-10T16:08:19","date_gmt":"2016-03-11T00:08:19","guid":{"rendered":"http:\/\/vocetys.mx\/?p=49847"},"modified":"2016-08-09T19:44:22","modified_gmt":"2016-08-10T02:44:22","slug":"invitan-a-no-dejar-el-futuro-al-azar","status":"publish","type":"post","link":"https:\/\/www.cetys.mx\/noticias\/invitan-a-no-dejar-el-futuro-al-azar\/","title":{"rendered":"Invitan a &#8220;No dejar el futuro al azar&#8221;"},"content":{"rendered":"<p align=\"justify\">Con el lema \u201cNo lo dejes al azar\u201d el\u00a0Campus Tijuana invita a la comunidad estudiantil de<strong> secundaria y preparatoria<\/strong>, que est\u00e1 por egresar de las aulas, a informarse correctamente y tomar una decisi\u00f3n objetiva a favor de su futuro; es por ello que este <strong>viernes 11 de marzo<\/strong> se realizar\u00e1 en el campus la tradicional <strong><span class=\"il\">Expo<\/span> <span class=\"il\">CETYS 2016<\/span>.<\/strong><\/p>\n<blockquote>\n<p align=\"justify\">\u201cA diferencia de otros eventos, en <span class=\"il\">Expo<\/span> <span class=\"il\">CETYS<\/span> todos los j\u00f3venes de secundaria y preparatoria tienen la oportunidad de convivir con alumnos que actualmente cursan el bachillerato o una carrera universitaria con nosotros, apoy\u00e1ndolos as\u00ed a resolver sus dudas sobre los programas, vida universitaria, experiencia en el campo laboral y m\u00e1s\u201d, comparti\u00f3 el Mtro. Samuel D\u00edaz G\u00f3mez, Coordinador de Promoci\u00f3n Acad\u00e9mica en el Campus Tijuana.<\/p>\n<\/blockquote>\n<p align=\"justify\">Los asistentes ser\u00e1n recibidos en el <strong>Gimnasio \u2013 Auditorio \u201cRodrigo Valle Hern\u00e1ndez\u201d<\/strong>, espacio donde encontrar\u00e1n un piso de exhibici\u00f3n con los programas de Bachillerato General e Internacional (BI), as\u00ed como las diversas carreras en las \u00e1reas de Ingenier\u00eda, Psicolog\u00eda, Administraci\u00f3n y Negocios. Adem\u00e1s en otras \u00e1reas del campus se desarrollar\u00e1n una serie de conferencias para conocer los programas internacionales y toda la vida estudiantil en <span class=\"il\">CETYS<\/span>.<\/p>\n<p align=\"justify\">A favor del alumnado y de los padres de familia preocupados por apoyar a sus hijos a realizar una correcta toma de decisi\u00f3n, por primera ocasi\u00f3n la <span class=\"il\">Expo<\/span> <span class=\"il\">CETYS<\/span> se desarrollar\u00e1 en <strong>dos horarios<\/strong>: <strong>9:00 am a 1:00 pm y de 4:00 pm a 6:00 pm<\/strong>; es importante mencionar que el evento es <strong>abierto al p\u00fablico en general y es sin costo<\/strong>.<\/p>\n","protected":false},"excerpt":{"rendered":"<p>Con el lema \u201cNo lo dejes al azar\u201d el\u00a0Campus Tijuana invita a la comunidad estudiantil de secundaria y preparatoria, que est\u00e1 por&#8230;<\/p>\n","protected":false},"author":24,"featured_media":49866,"comment_status":"open","ping_status":"open","sticky":false,"template":"","format":"standard","meta":{"footnotes":""},"categories":[134,946],"tags":[289,366,92,367],"class_list":["post-49847","post","type-post","status-publish","format-standard","has-post-thumbnail","hentry","category-campus-tijuana","category-promocion-academica","tag-expocetys","tag-orientacionvocacional","tag-preparatoria","tag-universidad"],"yoast_head":"<!-- This site is optimized with the Yoast SEO plugin v27.4 - https:\/\/yoast.com\/product\/yoast-seo-wordpress\/ -->\n<title>Invitan a &quot;No dejar el futuro al azar&quot; - CETYS<\/title>\n<meta name=\"description\" content=\"La Expo CETYS 2016 tiene como fin orientar a los joven es en su futuro educativo y profesional.\" \/>\n<meta name=\"robots\" content=\"index, follow, max-snippet:-1, max-image-preview:large, max-video-preview:-1\" \/>\n<link rel=\"canonical\" href=\"https:\/\/www.cetys.mx\/noticias\/invitan-a-no-dejar-el-futuro-al-azar\/\" \/>\n<meta property=\"og:locale\" content=\"es_MX\" \/>\n<meta property=\"og:type\" content=\"article\" \/>\n<meta property=\"og:title\" content=\"Invitan a &quot;No dejar el futuro al azar&quot; - CETYS\" \/>\n<meta property=\"og:description\" content=\"La Expo CETYS 2016 tiene como fin orientar a los joven es en su futuro educativo y profesional.\" \/>\n<meta property=\"og:url\" content=\"https:\/\/www.cetys.mx\/noticias\/invitan-a-no-dejar-el-futuro-al-azar\/\" \/>\n<meta property=\"og:site_name\" content=\"CETYS\" \/>\n<meta property=\"article:publisher\" content=\"https:\/\/www.facebook.com\/cetysuniversidadmxl\/\" \/>\n<meta property=\"article:published_time\" content=\"2016-03-11T00:08:19+00:00\" \/>\n<meta property=\"article:modified_time\" content=\"2016-08-10T02:44:22+00:00\" \/>\n<meta property=\"og:image\" content=\"https:\/\/www.cetys.mx\/noticias\/wp-content\/uploads\/2016\/03\/cetys_expocetys2016-1.jpg\" \/>\n\t<meta property=\"og:image:width\" content=\"958\" \/>\n\t<meta property=\"og:image:height\" content=\"637\" \/>\n\t<meta property=\"og:image:type\" content=\"image\/jpeg\" \/>\n<meta name=\"author\" content=\"Campus Tijuana\" \/>\n<meta name=\"twitter:card\" content=\"summary_large_image\" \/>\n<meta name=\"twitter:creator\" content=\"@cetysuni\" \/>\n<meta name=\"twitter:site\" content=\"@cetysuni\" \/>\n<meta name=\"twitter:label1\" content=\"Escrito por\" \/>\n\t<meta name=\"twitter:data1\" content=\"Campus Tijuana\" \/>\n\t<meta name=\"twitter:label2\" content=\"Tiempo de lectura\" \/>\n\t<meta name=\"twitter:data2\" content=\"1 minuto\" \/>\n<script type=\"application\/ld+json\" class=\"yoast-schema-graph\">{\"@context\":\"https:\\\/\\\/schema.org\",\"@graph\":[{\"@type\":\"Article\",\"@id\":\"https:\\\/\\\/www.cetys.mx\\\/noticias\\\/invitan-a-no-dejar-el-futuro-al-azar\\\/#article\",\"isPartOf\":{\"@id\":\"https:\\\/\\\/www.cetys.mx\\\/noticias\\\/invitan-a-no-dejar-el-futuro-al-azar\\\/\"},\"author\":{\"name\":\"Campus Tijuana\",\"@id\":\"https:\\\/\\\/www.cetys.mx\\\/noticias\\\/#\\\/schema\\\/person\\\/e790051ce60e18ae47cfa87011c8653f\"},\"headline\":\"Invitan a &#8220;No dejar el futuro al azar&#8221;\",\"datePublished\":\"2016-03-11T00:08:19+00:00\",\"dateModified\":\"2016-08-10T02:44:22+00:00\",\"mainEntityOfPage\":{\"@id\":\"https:\\\/\\\/www.cetys.mx\\\/noticias\\\/invitan-a-no-dejar-el-futuro-al-azar\\\/\"},\"wordCount\":273,\"commentCount\":0,\"image\":{\"@id\":\"https:\\\/\\\/www.cetys.mx\\\/noticias\\\/invitan-a-no-dejar-el-futuro-al-azar\\\/#primaryimage\"},\"thumbnailUrl\":\"https:\\\/\\\/www.cetys.mx\\\/noticias\\\/wp-content\\\/uploads\\\/2016\\\/03\\\/cetys_expocetys2016-1.jpg\",\"keywords\":[\"ExpoCETYS\",\"orientacionvocacional\",\"Preparatoria\",\"universidad\"],\"articleSection\":[\"Campus Tijuana\",\"Promoci\u00f3n Acad\u00e9mica\"],\"inLanguage\":\"es\",\"potentialAction\":[{\"@type\":\"CommentAction\",\"name\":\"Comment\",\"target\":[\"https:\\\/\\\/www.cetys.mx\\\/noticias\\\/invitan-a-no-dejar-el-futuro-al-azar\\\/#respond\"]}]},{\"@type\":\"WebPage\",\"@id\":\"https:\\\/\\\/www.cetys.mx\\\/noticias\\\/invitan-a-no-dejar-el-futuro-al-azar\\\/\",\"url\":\"https:\\\/\\\/www.cetys.mx\\\/noticias\\\/invitan-a-no-dejar-el-futuro-al-azar\\\/\",\"name\":\"Invitan a \\\"No dejar el futuro al azar\\\" - CETYS\",\"isPartOf\":{\"@id\":\"https:\\\/\\\/www.cetys.mx\\\/noticias\\\/#website\"},\"primaryImageOfPage\":{\"@id\":\"https:\\\/\\\/www.cetys.mx\\\/noticias\\\/invitan-a-no-dejar-el-futuro-al-azar\\\/#primaryimage\"},\"image\":{\"@id\":\"https:\\\/\\\/www.cetys.mx\\\/noticias\\\/invitan-a-no-dejar-el-futuro-al-azar\\\/#primaryimage\"},\"thumbnailUrl\":\"https:\\\/\\\/www.cetys.mx\\\/noticias\\\/wp-content\\\/uploads\\\/2016\\\/03\\\/cetys_expocetys2016-1.jpg\",\"datePublished\":\"2016-03-11T00:08:19+00:00\",\"dateModified\":\"2016-08-10T02:44:22+00:00\",\"author\":{\"@id\":\"https:\\\/\\\/www.cetys.mx\\\/noticias\\\/#\\\/schema\\\/person\\\/e790051ce60e18ae47cfa87011c8653f\"},\"description\":\"La Expo CETYS 2016 tiene como fin orientar a los joven es en su futuro educativo y profesional.\",\"breadcrumb\":{\"@id\":\"https:\\\/\\\/www.cetys.mx\\\/noticias\\\/invitan-a-no-dejar-el-futuro-al-azar\\\/#breadcrumb\"},\"inLanguage\":\"es\",\"potentialAction\":[{\"@type\":\"ReadAction\",\"target\":[\"https:\\\/\\\/www.cetys.mx\\\/noticias\\\/invitan-a-no-dejar-el-futuro-al-azar\\\/\"]}]},{\"@type\":\"ImageObject\",\"inLanguage\":\"es\",\"@id\":\"https:\\\/\\\/www.cetys.mx\\\/noticias\\\/invitan-a-no-dejar-el-futuro-al-azar\\\/#primaryimage\",\"url\":\"https:\\\/\\\/www.cetys.mx\\\/noticias\\\/wp-content\\\/uploads\\\/2016\\\/03\\\/cetys_expocetys2016-1.jpg\",\"contentUrl\":\"https:\\\/\\\/www.cetys.mx\\\/noticias\\\/wp-content\\\/uploads\\\/2016\\\/03\\\/cetys_expocetys2016-1.jpg\",\"width\":958,\"height\":637},{\"@type\":\"BreadcrumbList\",\"@id\":\"https:\\\/\\\/www.cetys.mx\\\/noticias\\\/invitan-a-no-dejar-el-futuro-al-azar\\\/#breadcrumb\",\"itemListElement\":[{\"@type\":\"ListItem\",\"position\":1,\"name\":\"Inicio\",\"item\":\"https:\\\/\\\/www.cetys.mx\\\/noticias\\\/\"},{\"@type\":\"ListItem\",\"position\":2,\"name\":\"Invitan a &#8220;No dejar el futuro al azar&#8221;\"}]},{\"@type\":\"WebSite\",\"@id\":\"https:\\\/\\\/www.cetys.mx\\\/noticias\\\/#website\",\"url\":\"https:\\\/\\\/www.cetys.mx\\\/noticias\\\/\",\"name\":\"CETYS\",\"description\":\"\",\"potentialAction\":[{\"@type\":\"SearchAction\",\"target\":{\"@type\":\"EntryPoint\",\"urlTemplate\":\"https:\\\/\\\/www.cetys.mx\\\/noticias\\\/?s={search_term_string}\"},\"query-input\":{\"@type\":\"PropertyValueSpecification\",\"valueRequired\":true,\"valueName\":\"search_term_string\"}}],\"inLanguage\":\"es\"},{\"@type\":\"Person\",\"@id\":\"https:\\\/\\\/www.cetys.mx\\\/noticias\\\/#\\\/schema\\\/person\\\/e790051ce60e18ae47cfa87011c8653f\",\"name\":\"Campus Tijuana\",\"url\":\"https:\\\/\\\/www.cetys.mx\\\/noticias\\\/author\\\/campustijuana\\\/\"}]}<\/script>\n<!-- \/ Yoast SEO plugin. -->","yoast_head_json":{"title":"Invitan a \"No dejar el futuro al azar\" - CETYS","description":"La Expo CETYS 2016 tiene como fin orientar a los joven es en su futuro educativo y profesional.","robots":{"index":"index","follow":"follow","max-snippet":"max-snippet:-1","max-image-preview":"max-image-preview:large","max-video-preview":"max-video-preview:-1"},"canonical":"https:\/\/www.cetys.mx\/noticias\/invitan-a-no-dejar-el-futuro-al-azar\/","og_locale":"es_MX","og_type":"article","og_title":"Invitan a \"No dejar el futuro al azar\" - CETYS","og_description":"La Expo CETYS 2016 tiene como fin orientar a los joven es en su futuro educativo y profesional.","og_url":"https:\/\/www.cetys.mx\/noticias\/invitan-a-no-dejar-el-futuro-al-azar\/","og_site_name":"CETYS","article_publisher":"https:\/\/www.facebook.com\/cetysuniversidadmxl\/","article_published_time":"2016-03-11T00:08:19+00:00","article_modified_time":"2016-08-10T02:44:22+00:00","og_image":[{"width":958,"height":637,"url":"https:\/\/www.cetys.mx\/noticias\/wp-content\/uploads\/2016\/03\/cetys_expocetys2016-1.jpg","type":"image\/jpeg"}],"author":"Campus Tijuana","twitter_card":"summary_large_image","twitter_creator":"@cetysuni","twitter_site":"@cetysuni","twitter_misc":{"Escrito por":"Campus Tijuana","Tiempo de lectura":"1 minuto"},"schema":{"@context":"https:\/\/schema.org","@graph":[{"@type":"Article","@id":"https:\/\/www.cetys.mx\/noticias\/invitan-a-no-dejar-el-futuro-al-azar\/#article","isPartOf":{"@id":"https:\/\/www.cetys.mx\/noticias\/invitan-a-no-dejar-el-futuro-al-azar\/"},"author":{"name":"Campus Tijuana","@id":"https:\/\/www.cetys.mx\/noticias\/#\/schema\/person\/e790051ce60e18ae47cfa87011c8653f"},"headline":"Invitan a &#8220;No dejar el futuro al azar&#8221;","datePublished":"2016-03-11T00:08:19+00:00","dateModified":"2016-08-10T02:44:22+00:00","mainEntityOfPage":{"@id":"https:\/\/www.cetys.mx\/noticias\/invitan-a-no-dejar-el-futuro-al-azar\/"},"wordCount":273,"commentCount":0,"image":{"@id":"https:\/\/www.cetys.mx\/noticias\/invitan-a-no-dejar-el-futuro-al-azar\/#primaryimage"},"thumbnailUrl":"https:\/\/www.cetys.mx\/noticias\/wp-content\/uploads\/2016\/03\/cetys_expocetys2016-1.jpg","keywords":["ExpoCETYS","orientacionvocacional","Preparatoria","universidad"],"articleSection":["Campus Tijuana","Promoci\u00f3n Acad\u00e9mica"],"inLanguage":"es","potentialAction":[{"@type":"CommentAction","name":"Comment","target":["https:\/\/www.cetys.mx\/noticias\/invitan-a-no-dejar-el-futuro-al-azar\/#respond"]}]},{"@type":"WebPage","@id":"https:\/\/www.cetys.mx\/noticias\/invitan-a-no-dejar-el-futuro-al-azar\/","url":"https:\/\/www.cetys.mx\/noticias\/invitan-a-no-dejar-el-futuro-al-azar\/","name":"Invitan a \"No dejar el futuro al azar\" - CETYS","isPartOf":{"@id":"https:\/\/www.cetys.mx\/noticias\/#website"},"primaryImageOfPage":{"@id":"https:\/\/www.cetys.mx\/noticias\/invitan-a-no-dejar-el-futuro-al-azar\/#primaryimage"},"image":{"@id":"https:\/\/www.cetys.mx\/noticias\/invitan-a-no-dejar-el-futuro-al-azar\/#primaryimage"},"thumbnailUrl":"https:\/\/www.cetys.mx\/noticias\/wp-content\/uploads\/2016\/03\/cetys_expocetys2016-1.jpg","datePublished":"2016-03-11T00:08:19+00:00","dateModified":"2016-08-10T02:44:22+00:00","author":{"@id":"https:\/\/www.cetys.mx\/noticias\/#\/schema\/person\/e790051ce60e18ae47cfa87011c8653f"},"description":"La Expo CETYS 2016 tiene como fin orientar a los joven es en su futuro educativo y profesional.","breadcrumb":{"@id":"https:\/\/www.cetys.mx\/noticias\/invitan-a-no-dejar-el-futuro-al-azar\/#breadcrumb"},"inLanguage":"es","potentialAction":[{"@type":"ReadAction","target":["https:\/\/www.cetys.mx\/noticias\/invitan-a-no-dejar-el-futuro-al-azar\/"]}]},{"@type":"ImageObject","inLanguage":"es","@id":"https:\/\/www.cetys.mx\/noticias\/invitan-a-no-dejar-el-futuro-al-azar\/#primaryimage","url":"https:\/\/www.cetys.mx\/noticias\/wp-content\/uploads\/2016\/03\/cetys_expocetys2016-1.jpg","contentUrl":"https:\/\/www.cetys.mx\/noticias\/wp-content\/uploads\/2016\/03\/cetys_expocetys2016-1.jpg","width":958,"height":637},{"@type":"BreadcrumbList","@id":"https:\/\/www.cetys.mx\/noticias\/invitan-a-no-dejar-el-futuro-al-azar\/#breadcrumb","itemListElement":[{"@type":"ListItem","position":1,"name":"Inicio","item":"https:\/\/www.cetys.mx\/noticias\/"},{"@type":"ListItem","position":2,"name":"Invitan a &#8220;No dejar el futuro al azar&#8221;"}]},{"@type":"WebSite","@id":"https:\/\/www.cetys.mx\/noticias\/#website","url":"https:\/\/www.cetys.mx\/noticias\/","name":"CETYS","description":"","potentialAction":[{"@type":"SearchAction","target":{"@type":"EntryPoint","urlTemplate":"https:\/\/www.cetys.mx\/noticias\/?s={search_term_string}"},"query-input":{"@type":"PropertyValueSpecification","valueRequired":true,"valueName":"search_term_string"}}],"inLanguage":"es"},{"@type":"Person","@id":"https:\/\/www.cetys.mx\/noticias\/#\/schema\/person\/e790051ce60e18ae47cfa87011c8653f","name":"Campus Tijuana","url":"https:\/\/www.cetys.mx\/noticias\/author\/campustijuana\/"}]}},"_links":{"self":[{"href":"https:\/\/www.cetys.mx\/noticias\/wp-json\/wp\/v2\/posts\/49847","targetHints":{"allow":["GET"]}}],"collection":[{"href":"https:\/\/www.cetys.mx\/noticias\/wp-json\/wp\/v2\/posts"}],"about":[{"href":"https:\/\/www.cetys.mx\/noticias\/wp-json\/wp\/v2\/types\/post"}],"author":[{"embeddable":true,"href":"https:\/\/www.cetys.mx\/noticias\/wp-json\/wp\/v2\/users\/24"}],"replies":[{"embeddable":true,"href":"https:\/\/www.cetys.mx\/noticias\/wp-json\/wp\/v2\/comments?post=49847"}],"version-history":[{"count":0,"href":"https:\/\/www.cetys.mx\/noticias\/wp-json\/wp\/v2\/posts\/49847\/revisions"}],"wp:featuredmedia":[{"embeddable":true,"href":"https:\/\/www.cetys.mx\/noticias\/wp-json\/wp\/v2\/media\/49866"}],"wp:attachment":[{"href":"https:\/\/www.cetys.mx\/noticias\/wp-json\/wp\/v2\/media?parent=49847"}],"wp:term":[{"taxonomy":"category","embeddable":true,"href":"https:\/\/www.cetys.mx\/noticias\/wp-json\/wp\/v2\/categories?post=49847"},{"taxonomy":"post_tag","embeddable":true,"href":"https:\/\/www.cetys.mx\/noticias\/wp-json\/wp\/v2\/tags?post=49847"}],"curies":[{"name":"wp","href":"https:\/\/api.w.org\/{rel}","templated":true}]}}