{"id":49712,"date":"2016-03-04T14:49:59","date_gmt":"2016-03-04T22:49:59","guid":{"rendered":"http:\/\/vocetys.mx\/?p=49712"},"modified":"2016-07-15T09:41:26","modified_gmt":"2016-07-15T16:41:26","slug":"unen-esfuerzos-por-region-cali-baja-cetys-y-ucsd","status":"publish","type":"post","link":"https:\/\/www.cetys.mx\/noticias\/unen-esfuerzos-por-region-cali-baja-cetys-y-ucsd\/","title":{"rendered":"Unen esfuerzos por regi\u00f3n Cali-Baja"},"content":{"rendered":"<p><a href=\"https:\/\/www.cetys.mx\/\">CETYS Universidad<\/a> y la <a href=\"https:\/\/ucsd.edu\/\">Universidad de California, San Diego<\/a> (UCSD por sus siglas en ingl\u00e9s) firmaron hoy un convenio para fortalecer y ampliar la colaboraci\u00f3n, principalmente en las \u00e1reas de <strong>emprendimiento, innovaci\u00f3n y pol\u00edtica global<\/strong>. La iniciativa fue formalizada por el Dr. Fernando Le\u00f3n Garc\u00eda, Rector del CETYS, y el Rector de UCSD, Pradeep K. Khosla.<\/p>\n<blockquote>\n<div id=\"attachment_49714\" style=\"width: 216px\" class=\"wp-caption alignright\"><a href=\"https:\/\/www.cetys.mx\/noticias\/wp-content\/uploads\/2016\/03\/cetys_convenioucsd-2.jpg\"><img loading=\"lazy\" decoding=\"async\" aria-describedby=\"caption-attachment-49714\" class=\"wp-image-49714\" src=\"https:\/\/www.cetys.mx\/noticias\/wp-content\/uploads\/2016\/03\/cetys_convenioucsd-2.jpg\" alt=\"cetys_convenioucsd-2\" width=\"206\" height=\"262\" \/><\/a><p id=\"caption-attachment-49714\" class=\"wp-caption-text\">Trabajar\u00e1n por regi\u00f3n Cali-Baja<\/p><\/div>\n<p>&#8220;Estamos construyendo sobre actividades transfronterizas preliminares ya realizadas en ingenier\u00eda, y otras que se efectuar\u00e1n en administraci\u00f3n, as\u00ed como en pol\u00edtica y estudios globales. El alcance de nuestra colaboraci\u00f3n incluye a profesores y estudiantes, as\u00ed como la creaci\u00f3n de sinergias con los negocios y la industria en el contexto de la mega regi\u00f3n Cali-Baja\u201d, expres\u00f3 Le\u00f3n Garc\u00eda<\/p><\/blockquote>\n<p>La alianza est\u00e1 respaldada por una colaboraci\u00f3n individual con la Escuela de Pol\u00edtica y Estrategia Global, donde se encuentra basado el Centro de Estudios M\u00e9xico-Estados Unidos, as\u00ed como con la Escuela de Ingenier\u00eda y la Escuela de Administraci\u00f3n de UCSD.<\/p>\n<p>Por su parte el Dr. Khosla afirm\u00f3 que <strong>la colaboraci\u00f3n es vital para el futuro de la frontera<\/strong>. Ser\u00e1 ben\u00e9fica para ambas instituciones, al formar una alianza estrat\u00e9gica para la educaci\u00f3n e investigaci\u00f3n, que se reflejar\u00e1 en movilidad del profesorado, movilidad del alumnado, proyectos en conjunto y estancias cortas.<\/p>\n<p>Para el desarrollo de empresarios tanto regionales como mundiales, la Escuela de Administraci\u00f3n de UCSD y CETYS tendr\u00e1n la oportunidad de crear programas personalizados centrados en la innovaci\u00f3n y mercados. Uno de los objetivos es <strong>ofrecer oportunidades que ayudar\u00e1n al crecimiento de la regi\u00f3n de San Diego-Tijuana.<\/strong><\/p>\n<blockquote><p>&#8220;Compartiendo una frontera, vemos a M\u00e9xico como una importante oportunidad internacional para el crecimiento econ\u00f3mico, esperamos con inter\u00e9s el desarrollo de programas conjuntos que tendr\u00e1n un impacto positivo en la regi\u00f3n y proporcionar oportunidades y de inspiraci\u00f3n para los estudiantes graduados&#8221;, dijo Robert S. Sullivan, Director de la Escuela de Administraci\u00f3n.<\/p><\/blockquote>\n<div id=\"attachment_49717\" style=\"width: 4282px\" class=\"wp-caption aligncenter\"><a href=\"https:\/\/www.cetys.mx\/noticias\/wp-content\/uploads\/2016\/03\/cetys_ucsd-2.jpg\"><img loading=\"lazy\" decoding=\"async\" aria-describedby=\"caption-attachment-49717\" class=\"wp-image-49717 size-full\" src=\"https:\/\/www.cetys.mx\/noticias\/wp-content\/uploads\/2016\/03\/cetys_ucsd-2.jpg\" alt=\"cetys_ucsd-2\" width=\"4272\" height=\"1680\" \/><\/a><p id=\"caption-attachment-49717\" class=\"wp-caption-text\">Autoridades de ambos lados de la frontera fueron testigos de la firma de convenio CETYS y UCSD.<\/p><\/div>\n<p>El convenio fue celebrado en el hist\u00f3rico Instituto de las Am\u00e9ricas de UCSD y se cont\u00f3 con la presencia de Remedios G\u00f3mez Arnau, C\u00f3nsul General de M\u00e9xico en San Diego, y William A. Ostick, C\u00f3nsul General de Estados Unidos en Tijuana, as\u00ed como distinguidos invitados de ambos lados de la frontera.<\/p>\n","protected":false},"excerpt":{"rendered":"<p>CETYS Universidad y la Universidad de California, San Diego (UCSD por sus siglas en ingl\u00e9s) firmaron hoy un convenio para fortalecer y&#8230;<\/p>\n","protected":false},"author":1,"featured_media":49713,"comment_status":"open","ping_status":"open","sticky":false,"template":"","format":"standard","meta":{"footnotes":""},"categories":[209,125],"tags":[353,351,284,269,350],"class_list":["post-49712","post","type-post","status-publish","format-standard","has-post-thumbnail","hentry","category-institucional","category-portada","tag-calibaja","tag-convenio","tag-emprendimiento","tag-innovacion","tag-ucsd"],"yoast_head":"<!-- This site is optimized with the Yoast SEO plugin v27.4 - https:\/\/yoast.com\/product\/yoast-seo-wordpress\/ -->\n<title>Unen esfuerzos por regi\u00f3n Cali-Baja - CETYS<\/title>\n<meta name=\"description\" content=\"CETYS Y UCSD signan hist\u00f3rico acuerdo de colaboraci\u00f3n a favor del emprendimiento, innovaci\u00f3n y pol\u00edtica global de la regi\u00f3n Cali-Baja.\" \/>\n<meta name=\"robots\" content=\"index, follow, max-snippet:-1, max-image-preview:large, max-video-preview:-1\" \/>\n<link rel=\"canonical\" href=\"https:\/\/www.cetys.mx\/noticias\/unen-esfuerzos-por-region-cali-baja-cetys-y-ucsd\/\" \/>\n<meta property=\"og:locale\" content=\"es_MX\" \/>\n<meta property=\"og:type\" content=\"article\" \/>\n<meta property=\"og:title\" content=\"Unen esfuerzos por regi\u00f3n Cali-Baja - CETYS\" \/>\n<meta property=\"og:description\" content=\"CETYS Y UCSD signan hist\u00f3rico acuerdo de colaboraci\u00f3n a favor del emprendimiento, innovaci\u00f3n y pol\u00edtica global de la regi\u00f3n Cali-Baja.\" \/>\n<meta property=\"og:url\" content=\"https:\/\/www.cetys.mx\/noticias\/unen-esfuerzos-por-region-cali-baja-cetys-y-ucsd\/\" \/>\n<meta property=\"og:site_name\" content=\"CETYS\" \/>\n<meta property=\"article:publisher\" content=\"https:\/\/www.facebook.com\/cetysuniversidadmxl\/\" \/>\n<meta property=\"article:published_time\" content=\"2016-03-04T22:49:59+00:00\" \/>\n<meta property=\"article:modified_time\" content=\"2016-07-15T16:41:26+00:00\" \/>\n<meta property=\"og:image\" content=\"https:\/\/www.cetys.mx\/noticias\/wp-content\/uploads\/2016\/03\/cetys_convenioucsd-1.jpg\" \/>\n\t<meta property=\"og:image:width\" content=\"958\" \/>\n\t<meta property=\"og:image:height\" content=\"637\" \/>\n\t<meta property=\"og:image:type\" content=\"image\/jpeg\" \/>\n<meta name=\"author\" content=\"Sistema CETYS Universidad\" \/>\n<meta name=\"twitter:card\" content=\"summary_large_image\" \/>\n<meta name=\"twitter:creator\" content=\"@cetysuni\" \/>\n<meta name=\"twitter:site\" content=\"@cetysuni\" \/>\n<meta name=\"twitter:label1\" content=\"Escrito por\" \/>\n\t<meta name=\"twitter:data1\" content=\"Sistema CETYS Universidad\" \/>\n\t<meta name=\"twitter:label2\" content=\"Tiempo de lectura\" \/>\n\t<meta name=\"twitter:data2\" content=\"2 minutos\" \/>\n<script type=\"application\/ld+json\" class=\"yoast-schema-graph\">{\"@context\":\"https:\\\/\\\/schema.org\",\"@graph\":[{\"@type\":\"Article\",\"@id\":\"https:\\\/\\\/www.cetys.mx\\\/noticias\\\/unen-esfuerzos-por-region-cali-baja-cetys-y-ucsd\\\/#article\",\"isPartOf\":{\"@id\":\"https:\\\/\\\/www.cetys.mx\\\/noticias\\\/unen-esfuerzos-por-region-cali-baja-cetys-y-ucsd\\\/\"},\"author\":{\"name\":\"Sistema CETYS Universidad\",\"@id\":\"https:\\\/\\\/www.cetys.mx\\\/noticias\\\/#\\\/schema\\\/person\\\/c4eb69b020e39dc99cef8335a64ccb4b\"},\"headline\":\"Unen esfuerzos por regi\u00f3n Cali-Baja\",\"datePublished\":\"2016-03-04T22:49:59+00:00\",\"dateModified\":\"2016-07-15T16:41:26+00:00\",\"mainEntityOfPage\":{\"@id\":\"https:\\\/\\\/www.cetys.mx\\\/noticias\\\/unen-esfuerzos-por-region-cali-baja-cetys-y-ucsd\\\/\"},\"wordCount\":437,\"commentCount\":0,\"image\":{\"@id\":\"https:\\\/\\\/www.cetys.mx\\\/noticias\\\/unen-esfuerzos-por-region-cali-baja-cetys-y-ucsd\\\/#primaryimage\"},\"thumbnailUrl\":\"https:\\\/\\\/www.cetys.mx\\\/noticias\\\/wp-content\\\/uploads\\\/2016\\\/03\\\/cetys_convenioucsd-1.jpg\",\"keywords\":[\"calibaja\",\"convenio\",\"Emprendimiento\",\"Innovaci\u00f3n\",\"UCSD\"],\"articleSection\":[\"Institucional\",\"Portada\"],\"inLanguage\":\"es\",\"potentialAction\":[{\"@type\":\"CommentAction\",\"name\":\"Comment\",\"target\":[\"https:\\\/\\\/www.cetys.mx\\\/noticias\\\/unen-esfuerzos-por-region-cali-baja-cetys-y-ucsd\\\/#respond\"]}]},{\"@type\":\"WebPage\",\"@id\":\"https:\\\/\\\/www.cetys.mx\\\/noticias\\\/unen-esfuerzos-por-region-cali-baja-cetys-y-ucsd\\\/\",\"url\":\"https:\\\/\\\/www.cetys.mx\\\/noticias\\\/unen-esfuerzos-por-region-cali-baja-cetys-y-ucsd\\\/\",\"name\":\"Unen esfuerzos por regi\u00f3n Cali-Baja - CETYS\",\"isPartOf\":{\"@id\":\"https:\\\/\\\/www.cetys.mx\\\/noticias\\\/#website\"},\"primaryImageOfPage\":{\"@id\":\"https:\\\/\\\/www.cetys.mx\\\/noticias\\\/unen-esfuerzos-por-region-cali-baja-cetys-y-ucsd\\\/#primaryimage\"},\"image\":{\"@id\":\"https:\\\/\\\/www.cetys.mx\\\/noticias\\\/unen-esfuerzos-por-region-cali-baja-cetys-y-ucsd\\\/#primaryimage\"},\"thumbnailUrl\":\"https:\\\/\\\/www.cetys.mx\\\/noticias\\\/wp-content\\\/uploads\\\/2016\\\/03\\\/cetys_convenioucsd-1.jpg\",\"datePublished\":\"2016-03-04T22:49:59+00:00\",\"dateModified\":\"2016-07-15T16:41:26+00:00\",\"author\":{\"@id\":\"https:\\\/\\\/www.cetys.mx\\\/noticias\\\/#\\\/schema\\\/person\\\/c4eb69b020e39dc99cef8335a64ccb4b\"},\"description\":\"CETYS Y UCSD signan hist\u00f3rico acuerdo de colaboraci\u00f3n a favor del emprendimiento, innovaci\u00f3n y pol\u00edtica global de la regi\u00f3n Cali-Baja.\",\"breadcrumb\":{\"@id\":\"https:\\\/\\\/www.cetys.mx\\\/noticias\\\/unen-esfuerzos-por-region-cali-baja-cetys-y-ucsd\\\/#breadcrumb\"},\"inLanguage\":\"es\",\"potentialAction\":[{\"@type\":\"ReadAction\",\"target\":[\"https:\\\/\\\/www.cetys.mx\\\/noticias\\\/unen-esfuerzos-por-region-cali-baja-cetys-y-ucsd\\\/\"]}]},{\"@type\":\"ImageObject\",\"inLanguage\":\"es\",\"@id\":\"https:\\\/\\\/www.cetys.mx\\\/noticias\\\/unen-esfuerzos-por-region-cali-baja-cetys-y-ucsd\\\/#primaryimage\",\"url\":\"https:\\\/\\\/www.cetys.mx\\\/noticias\\\/wp-content\\\/uploads\\\/2016\\\/03\\\/cetys_convenioucsd-1.jpg\",\"contentUrl\":\"https:\\\/\\\/www.cetys.mx\\\/noticias\\\/wp-content\\\/uploads\\\/2016\\\/03\\\/cetys_convenioucsd-1.jpg\",\"width\":958,\"height\":637},{\"@type\":\"BreadcrumbList\",\"@id\":\"https:\\\/\\\/www.cetys.mx\\\/noticias\\\/unen-esfuerzos-por-region-cali-baja-cetys-y-ucsd\\\/#breadcrumb\",\"itemListElement\":[{\"@type\":\"ListItem\",\"position\":1,\"name\":\"Inicio\",\"item\":\"https:\\\/\\\/www.cetys.mx\\\/noticias\\\/\"},{\"@type\":\"ListItem\",\"position\":2,\"name\":\"Unen esfuerzos por regi\u00f3n Cali-Baja\"}]},{\"@type\":\"WebSite\",\"@id\":\"https:\\\/\\\/www.cetys.mx\\\/noticias\\\/#website\",\"url\":\"https:\\\/\\\/www.cetys.mx\\\/noticias\\\/\",\"name\":\"CETYS\",\"description\":\"\",\"potentialAction\":[{\"@type\":\"SearchAction\",\"target\":{\"@type\":\"EntryPoint\",\"urlTemplate\":\"https:\\\/\\\/www.cetys.mx\\\/noticias\\\/?s={search_term_string}\"},\"query-input\":{\"@type\":\"PropertyValueSpecification\",\"valueRequired\":true,\"valueName\":\"search_term_string\"}}],\"inLanguage\":\"es\"},{\"@type\":\"Person\",\"@id\":\"https:\\\/\\\/www.cetys.mx\\\/noticias\\\/#\\\/schema\\\/person\\\/c4eb69b020e39dc99cef8335a64ccb4b\",\"name\":\"Sistema CETYS Universidad\",\"url\":\"https:\\\/\\\/www.cetys.mx\\\/noticias\\\/author\\\/lorenaruiz\\\/\"}]}<\/script>\n<!-- \/ Yoast SEO plugin. -->","yoast_head_json":{"title":"Unen esfuerzos por regi\u00f3n Cali-Baja - CETYS","description":"CETYS Y UCSD signan hist\u00f3rico acuerdo de colaboraci\u00f3n a favor del emprendimiento, innovaci\u00f3n y pol\u00edtica global de la regi\u00f3n Cali-Baja.","robots":{"index":"index","follow":"follow","max-snippet":"max-snippet:-1","max-image-preview":"max-image-preview:large","max-video-preview":"max-video-preview:-1"},"canonical":"https:\/\/www.cetys.mx\/noticias\/unen-esfuerzos-por-region-cali-baja-cetys-y-ucsd\/","og_locale":"es_MX","og_type":"article","og_title":"Unen esfuerzos por regi\u00f3n Cali-Baja - CETYS","og_description":"CETYS Y UCSD signan hist\u00f3rico acuerdo de colaboraci\u00f3n a favor del emprendimiento, innovaci\u00f3n y pol\u00edtica global de la regi\u00f3n Cali-Baja.","og_url":"https:\/\/www.cetys.mx\/noticias\/unen-esfuerzos-por-region-cali-baja-cetys-y-ucsd\/","og_site_name":"CETYS","article_publisher":"https:\/\/www.facebook.com\/cetysuniversidadmxl\/","article_published_time":"2016-03-04T22:49:59+00:00","article_modified_time":"2016-07-15T16:41:26+00:00","og_image":[{"width":958,"height":637,"url":"https:\/\/www.cetys.mx\/noticias\/wp-content\/uploads\/2016\/03\/cetys_convenioucsd-1.jpg","type":"image\/jpeg"}],"author":"Sistema CETYS Universidad","twitter_card":"summary_large_image","twitter_creator":"@cetysuni","twitter_site":"@cetysuni","twitter_misc":{"Escrito por":"Sistema CETYS Universidad","Tiempo de lectura":"2 minutos"},"schema":{"@context":"https:\/\/schema.org","@graph":[{"@type":"Article","@id":"https:\/\/www.cetys.mx\/noticias\/unen-esfuerzos-por-region-cali-baja-cetys-y-ucsd\/#article","isPartOf":{"@id":"https:\/\/www.cetys.mx\/noticias\/unen-esfuerzos-por-region-cali-baja-cetys-y-ucsd\/"},"author":{"name":"Sistema CETYS Universidad","@id":"https:\/\/www.cetys.mx\/noticias\/#\/schema\/person\/c4eb69b020e39dc99cef8335a64ccb4b"},"headline":"Unen esfuerzos por regi\u00f3n Cali-Baja","datePublished":"2016-03-04T22:49:59+00:00","dateModified":"2016-07-15T16:41:26+00:00","mainEntityOfPage":{"@id":"https:\/\/www.cetys.mx\/noticias\/unen-esfuerzos-por-region-cali-baja-cetys-y-ucsd\/"},"wordCount":437,"commentCount":0,"image":{"@id":"https:\/\/www.cetys.mx\/noticias\/unen-esfuerzos-por-region-cali-baja-cetys-y-ucsd\/#primaryimage"},"thumbnailUrl":"https:\/\/www.cetys.mx\/noticias\/wp-content\/uploads\/2016\/03\/cetys_convenioucsd-1.jpg","keywords":["calibaja","convenio","Emprendimiento","Innovaci\u00f3n","UCSD"],"articleSection":["Institucional","Portada"],"inLanguage":"es","potentialAction":[{"@type":"CommentAction","name":"Comment","target":["https:\/\/www.cetys.mx\/noticias\/unen-esfuerzos-por-region-cali-baja-cetys-y-ucsd\/#respond"]}]},{"@type":"WebPage","@id":"https:\/\/www.cetys.mx\/noticias\/unen-esfuerzos-por-region-cali-baja-cetys-y-ucsd\/","url":"https:\/\/www.cetys.mx\/noticias\/unen-esfuerzos-por-region-cali-baja-cetys-y-ucsd\/","name":"Unen esfuerzos por regi\u00f3n Cali-Baja - CETYS","isPartOf":{"@id":"https:\/\/www.cetys.mx\/noticias\/#website"},"primaryImageOfPage":{"@id":"https:\/\/www.cetys.mx\/noticias\/unen-esfuerzos-por-region-cali-baja-cetys-y-ucsd\/#primaryimage"},"image":{"@id":"https:\/\/www.cetys.mx\/noticias\/unen-esfuerzos-por-region-cali-baja-cetys-y-ucsd\/#primaryimage"},"thumbnailUrl":"https:\/\/www.cetys.mx\/noticias\/wp-content\/uploads\/2016\/03\/cetys_convenioucsd-1.jpg","datePublished":"2016-03-04T22:49:59+00:00","dateModified":"2016-07-15T16:41:26+00:00","author":{"@id":"https:\/\/www.cetys.mx\/noticias\/#\/schema\/person\/c4eb69b020e39dc99cef8335a64ccb4b"},"description":"CETYS Y UCSD signan hist\u00f3rico acuerdo de colaboraci\u00f3n a favor del emprendimiento, innovaci\u00f3n y pol\u00edtica global de la regi\u00f3n Cali-Baja.","breadcrumb":{"@id":"https:\/\/www.cetys.mx\/noticias\/unen-esfuerzos-por-region-cali-baja-cetys-y-ucsd\/#breadcrumb"},"inLanguage":"es","potentialAction":[{"@type":"ReadAction","target":["https:\/\/www.cetys.mx\/noticias\/unen-esfuerzos-por-region-cali-baja-cetys-y-ucsd\/"]}]},{"@type":"ImageObject","inLanguage":"es","@id":"https:\/\/www.cetys.mx\/noticias\/unen-esfuerzos-por-region-cali-baja-cetys-y-ucsd\/#primaryimage","url":"https:\/\/www.cetys.mx\/noticias\/wp-content\/uploads\/2016\/03\/cetys_convenioucsd-1.jpg","contentUrl":"https:\/\/www.cetys.mx\/noticias\/wp-content\/uploads\/2016\/03\/cetys_convenioucsd-1.jpg","width":958,"height":637},{"@type":"BreadcrumbList","@id":"https:\/\/www.cetys.mx\/noticias\/unen-esfuerzos-por-region-cali-baja-cetys-y-ucsd\/#breadcrumb","itemListElement":[{"@type":"ListItem","position":1,"name":"Inicio","item":"https:\/\/www.cetys.mx\/noticias\/"},{"@type":"ListItem","position":2,"name":"Unen esfuerzos por regi\u00f3n Cali-Baja"}]},{"@type":"WebSite","@id":"https:\/\/www.cetys.mx\/noticias\/#website","url":"https:\/\/www.cetys.mx\/noticias\/","name":"CETYS","description":"","potentialAction":[{"@type":"SearchAction","target":{"@type":"EntryPoint","urlTemplate":"https:\/\/www.cetys.mx\/noticias\/?s={search_term_string}"},"query-input":{"@type":"PropertyValueSpecification","valueRequired":true,"valueName":"search_term_string"}}],"inLanguage":"es"},{"@type":"Person","@id":"https:\/\/www.cetys.mx\/noticias\/#\/schema\/person\/c4eb69b020e39dc99cef8335a64ccb4b","name":"Sistema CETYS Universidad","url":"https:\/\/www.cetys.mx\/noticias\/author\/lorenaruiz\/"}]}},"_links":{"self":[{"href":"https:\/\/www.cetys.mx\/noticias\/wp-json\/wp\/v2\/posts\/49712","targetHints":{"allow":["GET"]}}],"collection":[{"href":"https:\/\/www.cetys.mx\/noticias\/wp-json\/wp\/v2\/posts"}],"about":[{"href":"https:\/\/www.cetys.mx\/noticias\/wp-json\/wp\/v2\/types\/post"}],"author":[{"embeddable":true,"href":"https:\/\/www.cetys.mx\/noticias\/wp-json\/wp\/v2\/users\/1"}],"replies":[{"embeddable":true,"href":"https:\/\/www.cetys.mx\/noticias\/wp-json\/wp\/v2\/comments?post=49712"}],"version-history":[{"count":0,"href":"https:\/\/www.cetys.mx\/noticias\/wp-json\/wp\/v2\/posts\/49712\/revisions"}],"wp:featuredmedia":[{"embeddable":true,"href":"https:\/\/www.cetys.mx\/noticias\/wp-json\/wp\/v2\/media\/49713"}],"wp:attachment":[{"href":"https:\/\/www.cetys.mx\/noticias\/wp-json\/wp\/v2\/media?parent=49712"}],"wp:term":[{"taxonomy":"category","embeddable":true,"href":"https:\/\/www.cetys.mx\/noticias\/wp-json\/wp\/v2\/categories?post=49712"},{"taxonomy":"post_tag","embeddable":true,"href":"https:\/\/www.cetys.mx\/noticias\/wp-json\/wp\/v2\/tags?post=49712"}],"curies":[{"name":"wp","href":"https:\/\/api.w.org\/{rel}","templated":true}]}}