{"id":46542,"date":"2011-12-02T00:00:00","date_gmt":"2011-12-02T08:00:00","guid":{"rendered":"http:\/\/vocetys.mx\/renen-a-jvenes-talento\/"},"modified":"2016-08-07T15:37:45","modified_gmt":"2016-08-07T22:37:45","slug":"renen-a-jvenes-talento","status":"publish","type":"post","link":"https:\/\/www.cetys.mx\/noticias\/renen-a-jvenes-talento\/","title":{"rendered":"Re\u00fanen a j\u00f3venes talento"},"content":{"rendered":"<p>El Departamento de Desarrollo y Promoci&oacute;n ofreci&oacute; el 29 de noviembre &quot;Talentos como t&uacute;, prepa&quot;, donde se re&uacute;nen j&oacute;venes con altos promedios educativos de secundarias p&uacute;blicas y privadas de la regi&oacute;n. En esta ocasi&oacute;n alrededor de 400 personas asistieron, entre padres de familia y alumnos, para conocer dentro del Auditorio de CETYS Universidad la oferta de Preparatoria. La Mtra. Patricia Pacho Ru&iacute;z, Directora de esta &aacute;rea en Mexicali, dio la bienvenida a los asistentes, provenientes de secundarias como: Anglo Americano, Centro Escolar Ingl&eacute;s (CEI), F&eacute;lix de Jes&uacute;s, Colegio Frontera, Secundaria T&eacute;cnica 32, Magisterio, entre otras. Los padres e hijos conocieron las ventajas de estudiar en CETYS. La acad&eacute;mica Pacho Ru&iacute;z tambi&eacute;n platic&oacute; sobre las movilidades en intercambio, el Bachillerato Internacional (BI), el modelo educativo y las actividades de la comunidad estudiantil.El auditorio tambi&eacute;n escuch&oacute; a la Lic. Melania Mayorga Guti&eacute;rrez, Directora de Desarrollo y Promoci&oacute;n, quien detall&oacute; en qu&eacute; consiste el examen de admisi&oacute;n, los diferentes planes de beca, y de fecha de admisi&oacute;n. &quot;Talentos como t&uacute;&quot; se encarga de informar c&oacute;mo CETYS apoya a los m&eacute;ritos acad&eacute;micos a trav&eacute;s de incentivos financieros. &nbsp;<\/p>\n","protected":false},"excerpt":{"rendered":"<p>El Departamento de Desarrollo y Promoci&oacute;n ofreci&oacute; el 29 de noviembre &quot;Talentos como t&uacute;, prepa&quot;, donde se re&uacute;nen j&oacute;venes con altos promedios&#8230;<\/p>\n","protected":false},"author":26,"featured_media":46427,"comment_status":"open","ping_status":"open","sticky":false,"template":"","format":"standard","meta":{"footnotes":""},"categories":[946],"tags":[],"class_list":["post-46542","post","type-post","status-publish","format-standard","has-post-thumbnail","hentry","category-promocion-academica"],"yoast_head":"<!-- This site is optimized with the Yoast SEO plugin v27.4 - https:\/\/yoast.com\/product\/yoast-seo-wordpress\/ -->\n<title>Re\u00fanen a j\u00f3venes talento - CETYS<\/title>\n<meta name=\"description\" content=\"Articulo sobre Re\u00fanen a j\u00f3venes talento\" \/>\n<meta name=\"robots\" content=\"index, follow, max-snippet:-1, max-image-preview:large, max-video-preview:-1\" \/>\n<link rel=\"canonical\" href=\"https:\/\/www.cetys.mx\/noticias\/renen-a-jvenes-talento\/\" \/>\n<meta property=\"og:locale\" content=\"es_MX\" \/>\n<meta property=\"og:type\" content=\"article\" \/>\n<meta property=\"og:title\" content=\"Re\u00fanen a j\u00f3venes talento - CETYS\" \/>\n<meta property=\"og:description\" content=\"Articulo sobre Re\u00fanen a j\u00f3venes talento\" \/>\n<meta property=\"og:url\" content=\"https:\/\/www.cetys.mx\/noticias\/renen-a-jvenes-talento\/\" \/>\n<meta property=\"og:site_name\" content=\"CETYS\" \/>\n<meta property=\"article:publisher\" content=\"https:\/\/www.facebook.com\/cetysuniversidadmxl\/\" \/>\n<meta property=\"article:published_time\" content=\"2011-12-02T08:00:00+00:00\" \/>\n<meta property=\"article:modified_time\" content=\"2016-08-07T22:37:45+00:00\" \/>\n<meta property=\"og:image\" content=\"https:\/\/www.cetys.mx\/noticias\/wp-content\/uploads\/2016\/02\/talentos1_gde.jpg\" \/>\n\t<meta property=\"og:image:width\" content=\"500\" \/>\n\t<meta property=\"og:image:height\" content=\"335\" \/>\n\t<meta property=\"og:image:type\" content=\"image\/jpeg\" \/>\n<meta name=\"author\" content=\"CETYS Institucional\" \/>\n<meta name=\"twitter:card\" content=\"summary_large_image\" \/>\n<meta name=\"twitter:creator\" content=\"@cetysuni\" \/>\n<meta name=\"twitter:site\" content=\"@cetysuni\" \/>\n<meta name=\"twitter:label1\" content=\"Escrito por\" \/>\n\t<meta name=\"twitter:data1\" content=\"CETYS Institucional\" \/>\n\t<meta name=\"twitter:label2\" content=\"Tiempo de lectura\" \/>\n\t<meta name=\"twitter:data2\" content=\"1 minuto\" \/>\n<script type=\"application\/ld+json\" class=\"yoast-schema-graph\">{\"@context\":\"https:\\\/\\\/schema.org\",\"@graph\":[{\"@type\":\"Article\",\"@id\":\"https:\\\/\\\/www.cetys.mx\\\/noticias\\\/renen-a-jvenes-talento\\\/#article\",\"isPartOf\":{\"@id\":\"https:\\\/\\\/www.cetys.mx\\\/noticias\\\/renen-a-jvenes-talento\\\/\"},\"author\":{\"name\":\"CETYS Institucional\",\"@id\":\"https:\\\/\\\/www.cetys.mx\\\/noticias\\\/#\\\/schema\\\/person\\\/e9d2b35265b64aa454df57a2828eb2ac\"},\"headline\":\"Re\u00fanen a j\u00f3venes talento\",\"datePublished\":\"2011-12-02T08:00:00+00:00\",\"dateModified\":\"2016-08-07T22:37:45+00:00\",\"mainEntityOfPage\":{\"@id\":\"https:\\\/\\\/www.cetys.mx\\\/noticias\\\/renen-a-jvenes-talento\\\/\"},\"wordCount\":246,\"commentCount\":0,\"image\":{\"@id\":\"https:\\\/\\\/www.cetys.mx\\\/noticias\\\/renen-a-jvenes-talento\\\/#primaryimage\"},\"thumbnailUrl\":\"https:\\\/\\\/www.cetys.mx\\\/noticias\\\/wp-content\\\/uploads\\\/2016\\\/02\\\/talentos1_gde.jpg\",\"articleSection\":[\"Promoci\u00f3n Acad\u00e9mica\"],\"inLanguage\":\"es\",\"potentialAction\":[{\"@type\":\"CommentAction\",\"name\":\"Comment\",\"target\":[\"https:\\\/\\\/www.cetys.mx\\\/noticias\\\/renen-a-jvenes-talento\\\/#respond\"]}]},{\"@type\":\"WebPage\",\"@id\":\"https:\\\/\\\/www.cetys.mx\\\/noticias\\\/renen-a-jvenes-talento\\\/\",\"url\":\"https:\\\/\\\/www.cetys.mx\\\/noticias\\\/renen-a-jvenes-talento\\\/\",\"name\":\"Re\u00fanen a j\u00f3venes talento - CETYS\",\"isPartOf\":{\"@id\":\"https:\\\/\\\/www.cetys.mx\\\/noticias\\\/#website\"},\"primaryImageOfPage\":{\"@id\":\"https:\\\/\\\/www.cetys.mx\\\/noticias\\\/renen-a-jvenes-talento\\\/#primaryimage\"},\"image\":{\"@id\":\"https:\\\/\\\/www.cetys.mx\\\/noticias\\\/renen-a-jvenes-talento\\\/#primaryimage\"},\"thumbnailUrl\":\"https:\\\/\\\/www.cetys.mx\\\/noticias\\\/wp-content\\\/uploads\\\/2016\\\/02\\\/talentos1_gde.jpg\",\"datePublished\":\"2011-12-02T08:00:00+00:00\",\"dateModified\":\"2016-08-07T22:37:45+00:00\",\"author\":{\"@id\":\"https:\\\/\\\/www.cetys.mx\\\/noticias\\\/#\\\/schema\\\/person\\\/e9d2b35265b64aa454df57a2828eb2ac\"},\"description\":\"Articulo sobre Re\u00fanen a j\u00f3venes talento\",\"breadcrumb\":{\"@id\":\"https:\\\/\\\/www.cetys.mx\\\/noticias\\\/renen-a-jvenes-talento\\\/#breadcrumb\"},\"inLanguage\":\"es\",\"potentialAction\":[{\"@type\":\"ReadAction\",\"target\":[\"https:\\\/\\\/www.cetys.mx\\\/noticias\\\/renen-a-jvenes-talento\\\/\"]}]},{\"@type\":\"ImageObject\",\"inLanguage\":\"es\",\"@id\":\"https:\\\/\\\/www.cetys.mx\\\/noticias\\\/renen-a-jvenes-talento\\\/#primaryimage\",\"url\":\"https:\\\/\\\/www.cetys.mx\\\/noticias\\\/wp-content\\\/uploads\\\/2016\\\/02\\\/talentos1_gde.jpg\",\"contentUrl\":\"https:\\\/\\\/www.cetys.mx\\\/noticias\\\/wp-content\\\/uploads\\\/2016\\\/02\\\/talentos1_gde.jpg\",\"width\":500,\"height\":335},{\"@type\":\"BreadcrumbList\",\"@id\":\"https:\\\/\\\/www.cetys.mx\\\/noticias\\\/renen-a-jvenes-talento\\\/#breadcrumb\",\"itemListElement\":[{\"@type\":\"ListItem\",\"position\":1,\"name\":\"Inicio\",\"item\":\"https:\\\/\\\/www.cetys.mx\\\/noticias\\\/\"},{\"@type\":\"ListItem\",\"position\":2,\"name\":\"Re\u00fanen a j\u00f3venes talento\"}]},{\"@type\":\"WebSite\",\"@id\":\"https:\\\/\\\/www.cetys.mx\\\/noticias\\\/#website\",\"url\":\"https:\\\/\\\/www.cetys.mx\\\/noticias\\\/\",\"name\":\"CETYS\",\"description\":\"\",\"potentialAction\":[{\"@type\":\"SearchAction\",\"target\":{\"@type\":\"EntryPoint\",\"urlTemplate\":\"https:\\\/\\\/www.cetys.mx\\\/noticias\\\/?s={search_term_string}\"},\"query-input\":{\"@type\":\"PropertyValueSpecification\",\"valueRequired\":true,\"valueName\":\"search_term_string\"}}],\"inLanguage\":\"es\"},{\"@type\":\"Person\",\"@id\":\"https:\\\/\\\/www.cetys.mx\\\/noticias\\\/#\\\/schema\\\/person\\\/e9d2b35265b64aa454df57a2828eb2ac\",\"name\":\"CETYS Institucional\",\"url\":\"https:\\\/\\\/www.cetys.mx\\\/noticias\\\/author\\\/cetysinstitucional\\\/\"}]}<\/script>\n<!-- \/ Yoast SEO plugin. -->","yoast_head_json":{"title":"Re\u00fanen a j\u00f3venes talento - CETYS","description":"Articulo sobre Re\u00fanen a j\u00f3venes talento","robots":{"index":"index","follow":"follow","max-snippet":"max-snippet:-1","max-image-preview":"max-image-preview:large","max-video-preview":"max-video-preview:-1"},"canonical":"https:\/\/www.cetys.mx\/noticias\/renen-a-jvenes-talento\/","og_locale":"es_MX","og_type":"article","og_title":"Re\u00fanen a j\u00f3venes talento - CETYS","og_description":"Articulo sobre Re\u00fanen a j\u00f3venes talento","og_url":"https:\/\/www.cetys.mx\/noticias\/renen-a-jvenes-talento\/","og_site_name":"CETYS","article_publisher":"https:\/\/www.facebook.com\/cetysuniversidadmxl\/","article_published_time":"2011-12-02T08:00:00+00:00","article_modified_time":"2016-08-07T22:37:45+00:00","og_image":[{"width":500,"height":335,"url":"https:\/\/www.cetys.mx\/noticias\/wp-content\/uploads\/2016\/02\/talentos1_gde.jpg","type":"image\/jpeg"}],"author":"CETYS Institucional","twitter_card":"summary_large_image","twitter_creator":"@cetysuni","twitter_site":"@cetysuni","twitter_misc":{"Escrito por":"CETYS Institucional","Tiempo de lectura":"1 minuto"},"schema":{"@context":"https:\/\/schema.org","@graph":[{"@type":"Article","@id":"https:\/\/www.cetys.mx\/noticias\/renen-a-jvenes-talento\/#article","isPartOf":{"@id":"https:\/\/www.cetys.mx\/noticias\/renen-a-jvenes-talento\/"},"author":{"name":"CETYS Institucional","@id":"https:\/\/www.cetys.mx\/noticias\/#\/schema\/person\/e9d2b35265b64aa454df57a2828eb2ac"},"headline":"Re\u00fanen a j\u00f3venes talento","datePublished":"2011-12-02T08:00:00+00:00","dateModified":"2016-08-07T22:37:45+00:00","mainEntityOfPage":{"@id":"https:\/\/www.cetys.mx\/noticias\/renen-a-jvenes-talento\/"},"wordCount":246,"commentCount":0,"image":{"@id":"https:\/\/www.cetys.mx\/noticias\/renen-a-jvenes-talento\/#primaryimage"},"thumbnailUrl":"https:\/\/www.cetys.mx\/noticias\/wp-content\/uploads\/2016\/02\/talentos1_gde.jpg","articleSection":["Promoci\u00f3n Acad\u00e9mica"],"inLanguage":"es","potentialAction":[{"@type":"CommentAction","name":"Comment","target":["https:\/\/www.cetys.mx\/noticias\/renen-a-jvenes-talento\/#respond"]}]},{"@type":"WebPage","@id":"https:\/\/www.cetys.mx\/noticias\/renen-a-jvenes-talento\/","url":"https:\/\/www.cetys.mx\/noticias\/renen-a-jvenes-talento\/","name":"Re\u00fanen a j\u00f3venes talento - CETYS","isPartOf":{"@id":"https:\/\/www.cetys.mx\/noticias\/#website"},"primaryImageOfPage":{"@id":"https:\/\/www.cetys.mx\/noticias\/renen-a-jvenes-talento\/#primaryimage"},"image":{"@id":"https:\/\/www.cetys.mx\/noticias\/renen-a-jvenes-talento\/#primaryimage"},"thumbnailUrl":"https:\/\/www.cetys.mx\/noticias\/wp-content\/uploads\/2016\/02\/talentos1_gde.jpg","datePublished":"2011-12-02T08:00:00+00:00","dateModified":"2016-08-07T22:37:45+00:00","author":{"@id":"https:\/\/www.cetys.mx\/noticias\/#\/schema\/person\/e9d2b35265b64aa454df57a2828eb2ac"},"description":"Articulo sobre Re\u00fanen a j\u00f3venes talento","breadcrumb":{"@id":"https:\/\/www.cetys.mx\/noticias\/renen-a-jvenes-talento\/#breadcrumb"},"inLanguage":"es","potentialAction":[{"@type":"ReadAction","target":["https:\/\/www.cetys.mx\/noticias\/renen-a-jvenes-talento\/"]}]},{"@type":"ImageObject","inLanguage":"es","@id":"https:\/\/www.cetys.mx\/noticias\/renen-a-jvenes-talento\/#primaryimage","url":"https:\/\/www.cetys.mx\/noticias\/wp-content\/uploads\/2016\/02\/talentos1_gde.jpg","contentUrl":"https:\/\/www.cetys.mx\/noticias\/wp-content\/uploads\/2016\/02\/talentos1_gde.jpg","width":500,"height":335},{"@type":"BreadcrumbList","@id":"https:\/\/www.cetys.mx\/noticias\/renen-a-jvenes-talento\/#breadcrumb","itemListElement":[{"@type":"ListItem","position":1,"name":"Inicio","item":"https:\/\/www.cetys.mx\/noticias\/"},{"@type":"ListItem","position":2,"name":"Re\u00fanen a j\u00f3venes talento"}]},{"@type":"WebSite","@id":"https:\/\/www.cetys.mx\/noticias\/#website","url":"https:\/\/www.cetys.mx\/noticias\/","name":"CETYS","description":"","potentialAction":[{"@type":"SearchAction","target":{"@type":"EntryPoint","urlTemplate":"https:\/\/www.cetys.mx\/noticias\/?s={search_term_string}"},"query-input":{"@type":"PropertyValueSpecification","valueRequired":true,"valueName":"search_term_string"}}],"inLanguage":"es"},{"@type":"Person","@id":"https:\/\/www.cetys.mx\/noticias\/#\/schema\/person\/e9d2b35265b64aa454df57a2828eb2ac","name":"CETYS Institucional","url":"https:\/\/www.cetys.mx\/noticias\/author\/cetysinstitucional\/"}]}},"_links":{"self":[{"href":"https:\/\/www.cetys.mx\/noticias\/wp-json\/wp\/v2\/posts\/46542","targetHints":{"allow":["GET"]}}],"collection":[{"href":"https:\/\/www.cetys.mx\/noticias\/wp-json\/wp\/v2\/posts"}],"about":[{"href":"https:\/\/www.cetys.mx\/noticias\/wp-json\/wp\/v2\/types\/post"}],"author":[{"embeddable":true,"href":"https:\/\/www.cetys.mx\/noticias\/wp-json\/wp\/v2\/users\/26"}],"replies":[{"embeddable":true,"href":"https:\/\/www.cetys.mx\/noticias\/wp-json\/wp\/v2\/comments?post=46542"}],"version-history":[{"count":0,"href":"https:\/\/www.cetys.mx\/noticias\/wp-json\/wp\/v2\/posts\/46542\/revisions"}],"wp:featuredmedia":[{"embeddable":true,"href":"https:\/\/www.cetys.mx\/noticias\/wp-json\/wp\/v2\/media\/46427"}],"wp:attachment":[{"href":"https:\/\/www.cetys.mx\/noticias\/wp-json\/wp\/v2\/media?parent=46542"}],"wp:term":[{"taxonomy":"category","embeddable":true,"href":"https:\/\/www.cetys.mx\/noticias\/wp-json\/wp\/v2\/categories?post=46542"},{"taxonomy":"post_tag","embeddable":true,"href":"https:\/\/www.cetys.mx\/noticias\/wp-json\/wp\/v2\/tags?post=46542"}],"curies":[{"name":"wp","href":"https:\/\/api.w.org\/{rel}","templated":true}]}}