{"id":45066,"date":"2011-04-04T00:00:00","date_gmt":"2011-04-04T07:00:00","guid":{"rendered":"http:\/\/vocetys.mx\/derecho-urbanstico-3ra-ctedra-anade\/"},"modified":"2016-07-14T20:57:53","modified_gmt":"2016-07-15T03:57:53","slug":"derecho-urbanstico-3ra-ctedra-anade","status":"publish","type":"post","link":"https:\/\/www.cetys.mx\/noticias\/derecho-urbanstico-3ra-ctedra-anade\/","title":{"rendered":"Derecho Urban\u00edstico, 3ra. C\u00e1tedra ANADE"},"content":{"rendered":"<p>&nbsp;La Escuela de Derecho de CETYS Universidad, llev&oacute; a cabo la 3er. C&aacute;tedra ANADE el pasado 31 de marzo en las instalaciones del campus Mexicali, en la que el Lic. H&eacute;ctor Ren&eacute; Ibarra Calvo, abord&oacute; el tema &quot;Derecho Urban&iacute;stico: Casos de Estudio en Mexicali&quot;. El expositor, dijo a los futuros abogados del CETYS que el tema de las normas que regulan el urbanismo es relativamente joven en M&eacute;xico, lo que lo brinda una gran oportunidad de explorar este campo a las nuevas generaciones. La C&aacute;tedra organizada por CETYS Universidad y la Asociaci&oacute;n Nacional de Abogados de Empresa (ANADE), se imparte una vez al mes y cuenta con la participaci&oacute;n de renombrados abogados integrantes de la Asociaci&oacute;n.<\/p>\n","protected":false},"excerpt":{"rendered":"<p>&nbsp;La Escuela de Derecho de CETYS Universidad, llev&oacute; a cabo la 3er. C&aacute;tedra ANADE el pasado 31 de marzo en las instalaciones&#8230;<\/p>\n","protected":false},"author":26,"featured_media":44739,"comment_status":"open","ping_status":"open","sticky":false,"template":"","format":"standard","meta":{"footnotes":""},"categories":[110],"tags":[],"class_list":["post-45066","post","type-post","status-publish","format-standard","has-post-thumbnail","hentry","category-academia"],"yoast_head":"<!-- This site is optimized with the Yoast SEO plugin v27.4 - https:\/\/yoast.com\/product\/yoast-seo-wordpress\/ -->\n<title>Derecho Urban\u00edstico, 3ra. C\u00e1tedra ANADE - CETYS<\/title>\n<meta name=\"description\" content=\"Articulo sobre Derecho Urban\u00edstico, 3ra. C\u00e1tedra ANADE\" \/>\n<meta name=\"robots\" content=\"index, follow, max-snippet:-1, max-image-preview:large, max-video-preview:-1\" \/>\n<link rel=\"canonical\" href=\"https:\/\/www.cetys.mx\/noticias\/derecho-urbanstico-3ra-ctedra-anade\/\" \/>\n<meta property=\"og:locale\" content=\"es_MX\" \/>\n<meta property=\"og:type\" content=\"article\" \/>\n<meta property=\"og:title\" content=\"Derecho Urban\u00edstico, 3ra. C\u00e1tedra ANADE - CETYS\" \/>\n<meta property=\"og:description\" content=\"Articulo sobre Derecho Urban\u00edstico, 3ra. C\u00e1tedra ANADE\" \/>\n<meta property=\"og:url\" content=\"https:\/\/www.cetys.mx\/noticias\/derecho-urbanstico-3ra-ctedra-anade\/\" \/>\n<meta property=\"og:site_name\" content=\"CETYS\" \/>\n<meta property=\"article:publisher\" content=\"https:\/\/www.facebook.com\/cetysuniversidadmxl\/\" \/>\n<meta property=\"article:published_time\" content=\"2011-04-04T07:00:00+00:00\" \/>\n<meta property=\"article:modified_time\" content=\"2016-07-15T03:57:53+00:00\" \/>\n<meta property=\"og:image\" content=\"https:\/\/www.cetys.mx\/noticias\/wp-content\/uploads\/2016\/02\/anade_gde.jpg\" \/>\n\t<meta property=\"og:image:width\" content=\"500\" \/>\n\t<meta property=\"og:image:height\" content=\"339\" \/>\n\t<meta property=\"og:image:type\" content=\"image\/jpeg\" \/>\n<meta name=\"author\" content=\"CETYS Institucional\" \/>\n<meta name=\"twitter:card\" content=\"summary_large_image\" \/>\n<meta name=\"twitter:creator\" content=\"@cetysuni\" \/>\n<meta name=\"twitter:site\" content=\"@cetysuni\" \/>\n<meta name=\"twitter:label1\" content=\"Escrito por\" \/>\n\t<meta name=\"twitter:data1\" content=\"CETYS Institucional\" \/>\n\t<meta name=\"twitter:label2\" content=\"Tiempo de lectura\" \/>\n\t<meta name=\"twitter:data2\" content=\"1 minuto\" \/>\n<script type=\"application\/ld+json\" class=\"yoast-schema-graph\">{\"@context\":\"https:\\\/\\\/schema.org\",\"@graph\":[{\"@type\":\"Article\",\"@id\":\"https:\\\/\\\/www.cetys.mx\\\/noticias\\\/derecho-urbanstico-3ra-ctedra-anade\\\/#article\",\"isPartOf\":{\"@id\":\"https:\\\/\\\/www.cetys.mx\\\/noticias\\\/derecho-urbanstico-3ra-ctedra-anade\\\/\"},\"author\":{\"name\":\"CETYS Institucional\",\"@id\":\"https:\\\/\\\/www.cetys.mx\\\/noticias\\\/#\\\/schema\\\/person\\\/e9d2b35265b64aa454df57a2828eb2ac\"},\"headline\":\"Derecho Urban\u00edstico, 3ra. C\u00e1tedra ANADE\",\"datePublished\":\"2011-04-04T07:00:00+00:00\",\"dateModified\":\"2016-07-15T03:57:53+00:00\",\"mainEntityOfPage\":{\"@id\":\"https:\\\/\\\/www.cetys.mx\\\/noticias\\\/derecho-urbanstico-3ra-ctedra-anade\\\/\"},\"wordCount\":144,\"commentCount\":0,\"image\":{\"@id\":\"https:\\\/\\\/www.cetys.mx\\\/noticias\\\/derecho-urbanstico-3ra-ctedra-anade\\\/#primaryimage\"},\"thumbnailUrl\":\"https:\\\/\\\/www.cetys.mx\\\/noticias\\\/wp-content\\\/uploads\\\/2016\\\/02\\\/anade_gde.jpg\",\"articleSection\":[\"Academia\"],\"inLanguage\":\"es\",\"potentialAction\":[{\"@type\":\"CommentAction\",\"name\":\"Comment\",\"target\":[\"https:\\\/\\\/www.cetys.mx\\\/noticias\\\/derecho-urbanstico-3ra-ctedra-anade\\\/#respond\"]}]},{\"@type\":\"WebPage\",\"@id\":\"https:\\\/\\\/www.cetys.mx\\\/noticias\\\/derecho-urbanstico-3ra-ctedra-anade\\\/\",\"url\":\"https:\\\/\\\/www.cetys.mx\\\/noticias\\\/derecho-urbanstico-3ra-ctedra-anade\\\/\",\"name\":\"Derecho Urban\u00edstico, 3ra. C\u00e1tedra ANADE - CETYS\",\"isPartOf\":{\"@id\":\"https:\\\/\\\/www.cetys.mx\\\/noticias\\\/#website\"},\"primaryImageOfPage\":{\"@id\":\"https:\\\/\\\/www.cetys.mx\\\/noticias\\\/derecho-urbanstico-3ra-ctedra-anade\\\/#primaryimage\"},\"image\":{\"@id\":\"https:\\\/\\\/www.cetys.mx\\\/noticias\\\/derecho-urbanstico-3ra-ctedra-anade\\\/#primaryimage\"},\"thumbnailUrl\":\"https:\\\/\\\/www.cetys.mx\\\/noticias\\\/wp-content\\\/uploads\\\/2016\\\/02\\\/anade_gde.jpg\",\"datePublished\":\"2011-04-04T07:00:00+00:00\",\"dateModified\":\"2016-07-15T03:57:53+00:00\",\"author\":{\"@id\":\"https:\\\/\\\/www.cetys.mx\\\/noticias\\\/#\\\/schema\\\/person\\\/e9d2b35265b64aa454df57a2828eb2ac\"},\"description\":\"Articulo sobre Derecho Urban\u00edstico, 3ra. C\u00e1tedra ANADE\",\"breadcrumb\":{\"@id\":\"https:\\\/\\\/www.cetys.mx\\\/noticias\\\/derecho-urbanstico-3ra-ctedra-anade\\\/#breadcrumb\"},\"inLanguage\":\"es\",\"potentialAction\":[{\"@type\":\"ReadAction\",\"target\":[\"https:\\\/\\\/www.cetys.mx\\\/noticias\\\/derecho-urbanstico-3ra-ctedra-anade\\\/\"]}]},{\"@type\":\"ImageObject\",\"inLanguage\":\"es\",\"@id\":\"https:\\\/\\\/www.cetys.mx\\\/noticias\\\/derecho-urbanstico-3ra-ctedra-anade\\\/#primaryimage\",\"url\":\"https:\\\/\\\/www.cetys.mx\\\/noticias\\\/wp-content\\\/uploads\\\/2016\\\/02\\\/anade_gde.jpg\",\"contentUrl\":\"https:\\\/\\\/www.cetys.mx\\\/noticias\\\/wp-content\\\/uploads\\\/2016\\\/02\\\/anade_gde.jpg\",\"width\":500,\"height\":339},{\"@type\":\"BreadcrumbList\",\"@id\":\"https:\\\/\\\/www.cetys.mx\\\/noticias\\\/derecho-urbanstico-3ra-ctedra-anade\\\/#breadcrumb\",\"itemListElement\":[{\"@type\":\"ListItem\",\"position\":1,\"name\":\"Inicio\",\"item\":\"https:\\\/\\\/www.cetys.mx\\\/noticias\\\/\"},{\"@type\":\"ListItem\",\"position\":2,\"name\":\"Derecho Urban\u00edstico, 3ra. C\u00e1tedra ANADE\"}]},{\"@type\":\"WebSite\",\"@id\":\"https:\\\/\\\/www.cetys.mx\\\/noticias\\\/#website\",\"url\":\"https:\\\/\\\/www.cetys.mx\\\/noticias\\\/\",\"name\":\"CETYS\",\"description\":\"\",\"potentialAction\":[{\"@type\":\"SearchAction\",\"target\":{\"@type\":\"EntryPoint\",\"urlTemplate\":\"https:\\\/\\\/www.cetys.mx\\\/noticias\\\/?s={search_term_string}\"},\"query-input\":{\"@type\":\"PropertyValueSpecification\",\"valueRequired\":true,\"valueName\":\"search_term_string\"}}],\"inLanguage\":\"es\"},{\"@type\":\"Person\",\"@id\":\"https:\\\/\\\/www.cetys.mx\\\/noticias\\\/#\\\/schema\\\/person\\\/e9d2b35265b64aa454df57a2828eb2ac\",\"name\":\"CETYS Institucional\",\"url\":\"https:\\\/\\\/www.cetys.mx\\\/noticias\\\/author\\\/cetysinstitucional\\\/\"}]}<\/script>\n<!-- \/ Yoast SEO plugin. -->","yoast_head_json":{"title":"Derecho Urban\u00edstico, 3ra. C\u00e1tedra ANADE - CETYS","description":"Articulo sobre Derecho Urban\u00edstico, 3ra. C\u00e1tedra ANADE","robots":{"index":"index","follow":"follow","max-snippet":"max-snippet:-1","max-image-preview":"max-image-preview:large","max-video-preview":"max-video-preview:-1"},"canonical":"https:\/\/www.cetys.mx\/noticias\/derecho-urbanstico-3ra-ctedra-anade\/","og_locale":"es_MX","og_type":"article","og_title":"Derecho Urban\u00edstico, 3ra. C\u00e1tedra ANADE - CETYS","og_description":"Articulo sobre Derecho Urban\u00edstico, 3ra. C\u00e1tedra ANADE","og_url":"https:\/\/www.cetys.mx\/noticias\/derecho-urbanstico-3ra-ctedra-anade\/","og_site_name":"CETYS","article_publisher":"https:\/\/www.facebook.com\/cetysuniversidadmxl\/","article_published_time":"2011-04-04T07:00:00+00:00","article_modified_time":"2016-07-15T03:57:53+00:00","og_image":[{"width":500,"height":339,"url":"https:\/\/www.cetys.mx\/noticias\/wp-content\/uploads\/2016\/02\/anade_gde.jpg","type":"image\/jpeg"}],"author":"CETYS Institucional","twitter_card":"summary_large_image","twitter_creator":"@cetysuni","twitter_site":"@cetysuni","twitter_misc":{"Escrito por":"CETYS Institucional","Tiempo de lectura":"1 minuto"},"schema":{"@context":"https:\/\/schema.org","@graph":[{"@type":"Article","@id":"https:\/\/www.cetys.mx\/noticias\/derecho-urbanstico-3ra-ctedra-anade\/#article","isPartOf":{"@id":"https:\/\/www.cetys.mx\/noticias\/derecho-urbanstico-3ra-ctedra-anade\/"},"author":{"name":"CETYS Institucional","@id":"https:\/\/www.cetys.mx\/noticias\/#\/schema\/person\/e9d2b35265b64aa454df57a2828eb2ac"},"headline":"Derecho Urban\u00edstico, 3ra. C\u00e1tedra ANADE","datePublished":"2011-04-04T07:00:00+00:00","dateModified":"2016-07-15T03:57:53+00:00","mainEntityOfPage":{"@id":"https:\/\/www.cetys.mx\/noticias\/derecho-urbanstico-3ra-ctedra-anade\/"},"wordCount":144,"commentCount":0,"image":{"@id":"https:\/\/www.cetys.mx\/noticias\/derecho-urbanstico-3ra-ctedra-anade\/#primaryimage"},"thumbnailUrl":"https:\/\/www.cetys.mx\/noticias\/wp-content\/uploads\/2016\/02\/anade_gde.jpg","articleSection":["Academia"],"inLanguage":"es","potentialAction":[{"@type":"CommentAction","name":"Comment","target":["https:\/\/www.cetys.mx\/noticias\/derecho-urbanstico-3ra-ctedra-anade\/#respond"]}]},{"@type":"WebPage","@id":"https:\/\/www.cetys.mx\/noticias\/derecho-urbanstico-3ra-ctedra-anade\/","url":"https:\/\/www.cetys.mx\/noticias\/derecho-urbanstico-3ra-ctedra-anade\/","name":"Derecho Urban\u00edstico, 3ra. C\u00e1tedra ANADE - CETYS","isPartOf":{"@id":"https:\/\/www.cetys.mx\/noticias\/#website"},"primaryImageOfPage":{"@id":"https:\/\/www.cetys.mx\/noticias\/derecho-urbanstico-3ra-ctedra-anade\/#primaryimage"},"image":{"@id":"https:\/\/www.cetys.mx\/noticias\/derecho-urbanstico-3ra-ctedra-anade\/#primaryimage"},"thumbnailUrl":"https:\/\/www.cetys.mx\/noticias\/wp-content\/uploads\/2016\/02\/anade_gde.jpg","datePublished":"2011-04-04T07:00:00+00:00","dateModified":"2016-07-15T03:57:53+00:00","author":{"@id":"https:\/\/www.cetys.mx\/noticias\/#\/schema\/person\/e9d2b35265b64aa454df57a2828eb2ac"},"description":"Articulo sobre Derecho Urban\u00edstico, 3ra. C\u00e1tedra ANADE","breadcrumb":{"@id":"https:\/\/www.cetys.mx\/noticias\/derecho-urbanstico-3ra-ctedra-anade\/#breadcrumb"},"inLanguage":"es","potentialAction":[{"@type":"ReadAction","target":["https:\/\/www.cetys.mx\/noticias\/derecho-urbanstico-3ra-ctedra-anade\/"]}]},{"@type":"ImageObject","inLanguage":"es","@id":"https:\/\/www.cetys.mx\/noticias\/derecho-urbanstico-3ra-ctedra-anade\/#primaryimage","url":"https:\/\/www.cetys.mx\/noticias\/wp-content\/uploads\/2016\/02\/anade_gde.jpg","contentUrl":"https:\/\/www.cetys.mx\/noticias\/wp-content\/uploads\/2016\/02\/anade_gde.jpg","width":500,"height":339},{"@type":"BreadcrumbList","@id":"https:\/\/www.cetys.mx\/noticias\/derecho-urbanstico-3ra-ctedra-anade\/#breadcrumb","itemListElement":[{"@type":"ListItem","position":1,"name":"Inicio","item":"https:\/\/www.cetys.mx\/noticias\/"},{"@type":"ListItem","position":2,"name":"Derecho Urban\u00edstico, 3ra. C\u00e1tedra ANADE"}]},{"@type":"WebSite","@id":"https:\/\/www.cetys.mx\/noticias\/#website","url":"https:\/\/www.cetys.mx\/noticias\/","name":"CETYS","description":"","potentialAction":[{"@type":"SearchAction","target":{"@type":"EntryPoint","urlTemplate":"https:\/\/www.cetys.mx\/noticias\/?s={search_term_string}"},"query-input":{"@type":"PropertyValueSpecification","valueRequired":true,"valueName":"search_term_string"}}],"inLanguage":"es"},{"@type":"Person","@id":"https:\/\/www.cetys.mx\/noticias\/#\/schema\/person\/e9d2b35265b64aa454df57a2828eb2ac","name":"CETYS Institucional","url":"https:\/\/www.cetys.mx\/noticias\/author\/cetysinstitucional\/"}]}},"_links":{"self":[{"href":"https:\/\/www.cetys.mx\/noticias\/wp-json\/wp\/v2\/posts\/45066","targetHints":{"allow":["GET"]}}],"collection":[{"href":"https:\/\/www.cetys.mx\/noticias\/wp-json\/wp\/v2\/posts"}],"about":[{"href":"https:\/\/www.cetys.mx\/noticias\/wp-json\/wp\/v2\/types\/post"}],"author":[{"embeddable":true,"href":"https:\/\/www.cetys.mx\/noticias\/wp-json\/wp\/v2\/users\/26"}],"replies":[{"embeddable":true,"href":"https:\/\/www.cetys.mx\/noticias\/wp-json\/wp\/v2\/comments?post=45066"}],"version-history":[{"count":0,"href":"https:\/\/www.cetys.mx\/noticias\/wp-json\/wp\/v2\/posts\/45066\/revisions"}],"wp:featuredmedia":[{"embeddable":true,"href":"https:\/\/www.cetys.mx\/noticias\/wp-json\/wp\/v2\/media\/44739"}],"wp:attachment":[{"href":"https:\/\/www.cetys.mx\/noticias\/wp-json\/wp\/v2\/media?parent=45066"}],"wp:term":[{"taxonomy":"category","embeddable":true,"href":"https:\/\/www.cetys.mx\/noticias\/wp-json\/wp\/v2\/categories?post=45066"},{"taxonomy":"post_tag","embeddable":true,"href":"https:\/\/www.cetys.mx\/noticias\/wp-json\/wp\/v2\/tags?post=45066"}],"curies":[{"name":"wp","href":"https:\/\/api.w.org\/{rel}","templated":true}]}}