{"id":43467,"date":"2013-07-19T00:00:00","date_gmt":"2013-07-19T07:00:00","guid":{"rendered":"http:\/\/vocetys.mx\/amplan-oportunidades-de-internacionalizacin-2\/"},"modified":"2016-07-18T00:06:09","modified_gmt":"2016-07-18T07:06:09","slug":"amplan-oportunidades-de-internacionalizacin-2","status":"publish","type":"post","link":"https:\/\/www.cetys.mx\/noticias\/amplan-oportunidades-de-internacionalizacin-2\/","title":{"rendered":"Ampl\u00edan oportunidades de internacionalizaci\u00f3n"},"content":{"rendered":"<p>Con el objeto de ampliar las oportunidades de internacionalizaci&oacute;n de la comunidad acad&eacute;mica de CETYS Universidad, sus representantes participaron del 26 al 31 de mayo en la Conferencia Anual de la Asociaci&oacute;n de Educadores Internacionales (NAFSA). El evento reuni&oacute; a m&aacute;s de 8 mil profesionales del &aacute;mbito de la educaci&oacute;n internacional en St. Louis, Missouri, en donde hubo talleres, sesiones educativas y eventos especiales que propiciaron la vinculaci&oacute;n entre las universidades.Este a&ntilde;o el comit&eacute; representativo de la Instituci&oacute;n, se compuso por el Dr. Scott Venezia, Director del Colegio de Administraci&oacute;n y Negocios; Ing. Gabriela Rivera, encargada de Proyectos de Internacionalizaci&oacute;n de la Rector&iacute;a y la Lic. Yasmin &Aacute;vila, del Departamento de Programas Internacionales en Campus Ensenada, quienes realizaron actividades como: establecimiento de contactos con nuevas universidades, la apertura de un convenio con la Universidad de San Ignacio de Loyola, Per&uacute; (USIL), y diferentes reuniones con socios actuales.&quot;El asistir a este tipo de eventos resulta un gran beneficio para el CETYS, ya que adem&aacute;s de ser la conferencia m&aacute;s grande del mundo en este tema, es una gran oportunidad para formar redes de contacto con otras universidades y aprender mejores pr&aacute;cticas que coadyuven en nuestro esfuerzo de internacionalizaci&oacute;n&quot;, dijo Rivera.<\/p>\n","protected":false},"excerpt":{"rendered":"<p>Con el objeto de ampliar las oportunidades de internacionalizaci&oacute;n de la comunidad acad&eacute;mica de CETYS Universidad, sus representantes participaron del 26 al&#8230;<\/p>\n","protected":false},"author":26,"featured_media":43468,"comment_status":"open","ping_status":"open","sticky":false,"template":"","format":"standard","meta":{"footnotes":""},"categories":[108],"tags":[],"class_list":["post-43467","post","type-post","status-publish","format-standard","has-post-thumbnail","hentry","category-internacionales"],"yoast_head":"<!-- This site is optimized with the Yoast SEO plugin v27.4 - https:\/\/yoast.com\/product\/yoast-seo-wordpress\/ -->\n<title>Ampl\u00edan oportunidades de internacionalizaci\u00f3n - CETYS<\/title>\n<meta name=\"description\" content=\"Articulo sobre Ampl\u00edan oportunidades de internacionalizaci\u00f3n\" \/>\n<meta name=\"robots\" content=\"index, follow, max-snippet:-1, max-image-preview:large, max-video-preview:-1\" \/>\n<link rel=\"canonical\" href=\"https:\/\/www.cetys.mx\/noticias\/amplan-oportunidades-de-internacionalizacin-2\/\" \/>\n<meta property=\"og:locale\" content=\"es_MX\" \/>\n<meta property=\"og:type\" content=\"article\" \/>\n<meta property=\"og:title\" content=\"Ampl\u00edan oportunidades de internacionalizaci\u00f3n - CETYS\" \/>\n<meta property=\"og:description\" content=\"Articulo sobre Ampl\u00edan oportunidades de internacionalizaci\u00f3n\" \/>\n<meta property=\"og:url\" content=\"https:\/\/www.cetys.mx\/noticias\/amplan-oportunidades-de-internacionalizacin-2\/\" \/>\n<meta property=\"og:site_name\" content=\"CETYS\" \/>\n<meta property=\"article:publisher\" content=\"https:\/\/www.facebook.com\/cetysuniversidadmxl\/\" \/>\n<meta property=\"article:published_time\" content=\"2013-07-19T07:00:00+00:00\" \/>\n<meta property=\"article:modified_time\" content=\"2016-07-18T07:06:09+00:00\" \/>\n<meta property=\"og:image\" content=\"https:\/\/www.cetys.mx\/noticias\/wp-content\/uploads\/2016\/02\/nafsa1_gde2.jpg\" \/>\n\t<meta property=\"og:image:width\" content=\"483\" \/>\n\t<meta property=\"og:image:height\" content=\"500\" \/>\n\t<meta property=\"og:image:type\" content=\"image\/jpeg\" \/>\n<meta name=\"author\" content=\"CETYS Institucional\" \/>\n<meta name=\"twitter:card\" content=\"summary_large_image\" \/>\n<meta name=\"twitter:creator\" content=\"@cetysuni\" \/>\n<meta name=\"twitter:site\" content=\"@cetysuni\" \/>\n<meta name=\"twitter:label1\" content=\"Escrito por\" \/>\n\t<meta name=\"twitter:data1\" content=\"CETYS Institucional\" \/>\n\t<meta name=\"twitter:label2\" content=\"Tiempo de lectura\" \/>\n\t<meta name=\"twitter:data2\" content=\"1 minuto\" \/>\n<script type=\"application\/ld+json\" class=\"yoast-schema-graph\">{\"@context\":\"https:\\\/\\\/schema.org\",\"@graph\":[{\"@type\":\"Article\",\"@id\":\"https:\\\/\\\/www.cetys.mx\\\/noticias\\\/amplan-oportunidades-de-internacionalizacin-2\\\/#article\",\"isPartOf\":{\"@id\":\"https:\\\/\\\/www.cetys.mx\\\/noticias\\\/amplan-oportunidades-de-internacionalizacin-2\\\/\"},\"author\":{\"name\":\"CETYS Institucional\",\"@id\":\"https:\\\/\\\/www.cetys.mx\\\/noticias\\\/#\\\/schema\\\/person\\\/e9d2b35265b64aa454df57a2828eb2ac\"},\"headline\":\"Ampl\u00edan oportunidades de internacionalizaci\u00f3n\",\"datePublished\":\"2013-07-19T07:00:00+00:00\",\"dateModified\":\"2016-07-18T07:06:09+00:00\",\"mainEntityOfPage\":{\"@id\":\"https:\\\/\\\/www.cetys.mx\\\/noticias\\\/amplan-oportunidades-de-internacionalizacin-2\\\/\"},\"wordCount\":241,\"commentCount\":0,\"image\":{\"@id\":\"https:\\\/\\\/www.cetys.mx\\\/noticias\\\/amplan-oportunidades-de-internacionalizacin-2\\\/#primaryimage\"},\"thumbnailUrl\":\"https:\\\/\\\/www.cetys.mx\\\/noticias\\\/wp-content\\\/uploads\\\/2016\\\/02\\\/nafsa1_gde2.jpg\",\"articleSection\":[\"Internacionales\"],\"inLanguage\":\"es\",\"potentialAction\":[{\"@type\":\"CommentAction\",\"name\":\"Comment\",\"target\":[\"https:\\\/\\\/www.cetys.mx\\\/noticias\\\/amplan-oportunidades-de-internacionalizacin-2\\\/#respond\"]}]},{\"@type\":\"WebPage\",\"@id\":\"https:\\\/\\\/www.cetys.mx\\\/noticias\\\/amplan-oportunidades-de-internacionalizacin-2\\\/\",\"url\":\"https:\\\/\\\/www.cetys.mx\\\/noticias\\\/amplan-oportunidades-de-internacionalizacin-2\\\/\",\"name\":\"Ampl\u00edan oportunidades de internacionalizaci\u00f3n - CETYS\",\"isPartOf\":{\"@id\":\"https:\\\/\\\/www.cetys.mx\\\/noticias\\\/#website\"},\"primaryImageOfPage\":{\"@id\":\"https:\\\/\\\/www.cetys.mx\\\/noticias\\\/amplan-oportunidades-de-internacionalizacin-2\\\/#primaryimage\"},\"image\":{\"@id\":\"https:\\\/\\\/www.cetys.mx\\\/noticias\\\/amplan-oportunidades-de-internacionalizacin-2\\\/#primaryimage\"},\"thumbnailUrl\":\"https:\\\/\\\/www.cetys.mx\\\/noticias\\\/wp-content\\\/uploads\\\/2016\\\/02\\\/nafsa1_gde2.jpg\",\"datePublished\":\"2013-07-19T07:00:00+00:00\",\"dateModified\":\"2016-07-18T07:06:09+00:00\",\"author\":{\"@id\":\"https:\\\/\\\/www.cetys.mx\\\/noticias\\\/#\\\/schema\\\/person\\\/e9d2b35265b64aa454df57a2828eb2ac\"},\"description\":\"Articulo sobre Ampl\u00edan oportunidades de internacionalizaci\u00f3n\",\"breadcrumb\":{\"@id\":\"https:\\\/\\\/www.cetys.mx\\\/noticias\\\/amplan-oportunidades-de-internacionalizacin-2\\\/#breadcrumb\"},\"inLanguage\":\"es\",\"potentialAction\":[{\"@type\":\"ReadAction\",\"target\":[\"https:\\\/\\\/www.cetys.mx\\\/noticias\\\/amplan-oportunidades-de-internacionalizacin-2\\\/\"]}]},{\"@type\":\"ImageObject\",\"inLanguage\":\"es\",\"@id\":\"https:\\\/\\\/www.cetys.mx\\\/noticias\\\/amplan-oportunidades-de-internacionalizacin-2\\\/#primaryimage\",\"url\":\"https:\\\/\\\/www.cetys.mx\\\/noticias\\\/wp-content\\\/uploads\\\/2016\\\/02\\\/nafsa1_gde2.jpg\",\"contentUrl\":\"https:\\\/\\\/www.cetys.mx\\\/noticias\\\/wp-content\\\/uploads\\\/2016\\\/02\\\/nafsa1_gde2.jpg\",\"width\":483,\"height\":500},{\"@type\":\"BreadcrumbList\",\"@id\":\"https:\\\/\\\/www.cetys.mx\\\/noticias\\\/amplan-oportunidades-de-internacionalizacin-2\\\/#breadcrumb\",\"itemListElement\":[{\"@type\":\"ListItem\",\"position\":1,\"name\":\"Inicio\",\"item\":\"https:\\\/\\\/www.cetys.mx\\\/noticias\\\/\"},{\"@type\":\"ListItem\",\"position\":2,\"name\":\"Ampl\u00edan oportunidades de internacionalizaci\u00f3n\"}]},{\"@type\":\"WebSite\",\"@id\":\"https:\\\/\\\/www.cetys.mx\\\/noticias\\\/#website\",\"url\":\"https:\\\/\\\/www.cetys.mx\\\/noticias\\\/\",\"name\":\"CETYS\",\"description\":\"\",\"potentialAction\":[{\"@type\":\"SearchAction\",\"target\":{\"@type\":\"EntryPoint\",\"urlTemplate\":\"https:\\\/\\\/www.cetys.mx\\\/noticias\\\/?s={search_term_string}\"},\"query-input\":{\"@type\":\"PropertyValueSpecification\",\"valueRequired\":true,\"valueName\":\"search_term_string\"}}],\"inLanguage\":\"es\"},{\"@type\":\"Person\",\"@id\":\"https:\\\/\\\/www.cetys.mx\\\/noticias\\\/#\\\/schema\\\/person\\\/e9d2b35265b64aa454df57a2828eb2ac\",\"name\":\"CETYS Institucional\",\"url\":\"https:\\\/\\\/www.cetys.mx\\\/noticias\\\/author\\\/cetysinstitucional\\\/\"}]}<\/script>\n<!-- \/ Yoast SEO plugin. -->","yoast_head_json":{"title":"Ampl\u00edan oportunidades de internacionalizaci\u00f3n - CETYS","description":"Articulo sobre Ampl\u00edan oportunidades de internacionalizaci\u00f3n","robots":{"index":"index","follow":"follow","max-snippet":"max-snippet:-1","max-image-preview":"max-image-preview:large","max-video-preview":"max-video-preview:-1"},"canonical":"https:\/\/www.cetys.mx\/noticias\/amplan-oportunidades-de-internacionalizacin-2\/","og_locale":"es_MX","og_type":"article","og_title":"Ampl\u00edan oportunidades de internacionalizaci\u00f3n - CETYS","og_description":"Articulo sobre Ampl\u00edan oportunidades de internacionalizaci\u00f3n","og_url":"https:\/\/www.cetys.mx\/noticias\/amplan-oportunidades-de-internacionalizacin-2\/","og_site_name":"CETYS","article_publisher":"https:\/\/www.facebook.com\/cetysuniversidadmxl\/","article_published_time":"2013-07-19T07:00:00+00:00","article_modified_time":"2016-07-18T07:06:09+00:00","og_image":[{"width":483,"height":500,"url":"https:\/\/www.cetys.mx\/noticias\/wp-content\/uploads\/2016\/02\/nafsa1_gde2.jpg","type":"image\/jpeg"}],"author":"CETYS Institucional","twitter_card":"summary_large_image","twitter_creator":"@cetysuni","twitter_site":"@cetysuni","twitter_misc":{"Escrito por":"CETYS Institucional","Tiempo de lectura":"1 minuto"},"schema":{"@context":"https:\/\/schema.org","@graph":[{"@type":"Article","@id":"https:\/\/www.cetys.mx\/noticias\/amplan-oportunidades-de-internacionalizacin-2\/#article","isPartOf":{"@id":"https:\/\/www.cetys.mx\/noticias\/amplan-oportunidades-de-internacionalizacin-2\/"},"author":{"name":"CETYS Institucional","@id":"https:\/\/www.cetys.mx\/noticias\/#\/schema\/person\/e9d2b35265b64aa454df57a2828eb2ac"},"headline":"Ampl\u00edan oportunidades de internacionalizaci\u00f3n","datePublished":"2013-07-19T07:00:00+00:00","dateModified":"2016-07-18T07:06:09+00:00","mainEntityOfPage":{"@id":"https:\/\/www.cetys.mx\/noticias\/amplan-oportunidades-de-internacionalizacin-2\/"},"wordCount":241,"commentCount":0,"image":{"@id":"https:\/\/www.cetys.mx\/noticias\/amplan-oportunidades-de-internacionalizacin-2\/#primaryimage"},"thumbnailUrl":"https:\/\/www.cetys.mx\/noticias\/wp-content\/uploads\/2016\/02\/nafsa1_gde2.jpg","articleSection":["Internacionales"],"inLanguage":"es","potentialAction":[{"@type":"CommentAction","name":"Comment","target":["https:\/\/www.cetys.mx\/noticias\/amplan-oportunidades-de-internacionalizacin-2\/#respond"]}]},{"@type":"WebPage","@id":"https:\/\/www.cetys.mx\/noticias\/amplan-oportunidades-de-internacionalizacin-2\/","url":"https:\/\/www.cetys.mx\/noticias\/amplan-oportunidades-de-internacionalizacin-2\/","name":"Ampl\u00edan oportunidades de internacionalizaci\u00f3n - CETYS","isPartOf":{"@id":"https:\/\/www.cetys.mx\/noticias\/#website"},"primaryImageOfPage":{"@id":"https:\/\/www.cetys.mx\/noticias\/amplan-oportunidades-de-internacionalizacin-2\/#primaryimage"},"image":{"@id":"https:\/\/www.cetys.mx\/noticias\/amplan-oportunidades-de-internacionalizacin-2\/#primaryimage"},"thumbnailUrl":"https:\/\/www.cetys.mx\/noticias\/wp-content\/uploads\/2016\/02\/nafsa1_gde2.jpg","datePublished":"2013-07-19T07:00:00+00:00","dateModified":"2016-07-18T07:06:09+00:00","author":{"@id":"https:\/\/www.cetys.mx\/noticias\/#\/schema\/person\/e9d2b35265b64aa454df57a2828eb2ac"},"description":"Articulo sobre Ampl\u00edan oportunidades de internacionalizaci\u00f3n","breadcrumb":{"@id":"https:\/\/www.cetys.mx\/noticias\/amplan-oportunidades-de-internacionalizacin-2\/#breadcrumb"},"inLanguage":"es","potentialAction":[{"@type":"ReadAction","target":["https:\/\/www.cetys.mx\/noticias\/amplan-oportunidades-de-internacionalizacin-2\/"]}]},{"@type":"ImageObject","inLanguage":"es","@id":"https:\/\/www.cetys.mx\/noticias\/amplan-oportunidades-de-internacionalizacin-2\/#primaryimage","url":"https:\/\/www.cetys.mx\/noticias\/wp-content\/uploads\/2016\/02\/nafsa1_gde2.jpg","contentUrl":"https:\/\/www.cetys.mx\/noticias\/wp-content\/uploads\/2016\/02\/nafsa1_gde2.jpg","width":483,"height":500},{"@type":"BreadcrumbList","@id":"https:\/\/www.cetys.mx\/noticias\/amplan-oportunidades-de-internacionalizacin-2\/#breadcrumb","itemListElement":[{"@type":"ListItem","position":1,"name":"Inicio","item":"https:\/\/www.cetys.mx\/noticias\/"},{"@type":"ListItem","position":2,"name":"Ampl\u00edan oportunidades de internacionalizaci\u00f3n"}]},{"@type":"WebSite","@id":"https:\/\/www.cetys.mx\/noticias\/#website","url":"https:\/\/www.cetys.mx\/noticias\/","name":"CETYS","description":"","potentialAction":[{"@type":"SearchAction","target":{"@type":"EntryPoint","urlTemplate":"https:\/\/www.cetys.mx\/noticias\/?s={search_term_string}"},"query-input":{"@type":"PropertyValueSpecification","valueRequired":true,"valueName":"search_term_string"}}],"inLanguage":"es"},{"@type":"Person","@id":"https:\/\/www.cetys.mx\/noticias\/#\/schema\/person\/e9d2b35265b64aa454df57a2828eb2ac","name":"CETYS Institucional","url":"https:\/\/www.cetys.mx\/noticias\/author\/cetysinstitucional\/"}]}},"_links":{"self":[{"href":"https:\/\/www.cetys.mx\/noticias\/wp-json\/wp\/v2\/posts\/43467","targetHints":{"allow":["GET"]}}],"collection":[{"href":"https:\/\/www.cetys.mx\/noticias\/wp-json\/wp\/v2\/posts"}],"about":[{"href":"https:\/\/www.cetys.mx\/noticias\/wp-json\/wp\/v2\/types\/post"}],"author":[{"embeddable":true,"href":"https:\/\/www.cetys.mx\/noticias\/wp-json\/wp\/v2\/users\/26"}],"replies":[{"embeddable":true,"href":"https:\/\/www.cetys.mx\/noticias\/wp-json\/wp\/v2\/comments?post=43467"}],"version-history":[{"count":0,"href":"https:\/\/www.cetys.mx\/noticias\/wp-json\/wp\/v2\/posts\/43467\/revisions"}],"wp:featuredmedia":[{"embeddable":true,"href":"https:\/\/www.cetys.mx\/noticias\/wp-json\/wp\/v2\/media\/43468"}],"wp:attachment":[{"href":"https:\/\/www.cetys.mx\/noticias\/wp-json\/wp\/v2\/media?parent=43467"}],"wp:term":[{"taxonomy":"category","embeddable":true,"href":"https:\/\/www.cetys.mx\/noticias\/wp-json\/wp\/v2\/categories?post=43467"},{"taxonomy":"post_tag","embeddable":true,"href":"https:\/\/www.cetys.mx\/noticias\/wp-json\/wp\/v2\/tags?post=43467"}],"curies":[{"name":"wp","href":"https:\/\/api.w.org\/{rel}","templated":true}]}}