{"id":43465,"date":"2013-07-19T00:00:00","date_gmt":"2013-07-19T07:00:00","guid":{"rendered":"http:\/\/vocetys.mx\/administracin-rea-clave-en-era-global\/"},"modified":"2016-08-07T15:37:12","modified_gmt":"2016-08-07T22:37:12","slug":"administracin-rea-clave-en-era-global","status":"publish","type":"post","link":"https:\/\/www.cetys.mx\/noticias\/administracin-rea-clave-en-era-global\/","title":{"rendered":"Administraci\u00f3n, \u00e1rea clave en era global"},"content":{"rendered":"<p>Actualmente en CETYS Universidad, las carreras de Administraci&oacute;n y Negocios est&aacute;n enfocadas a estar a la vanguardia y mantener la alta calidad en la educaci&oacute;n de sus alumnos. De esta manera, los egresados de la Instituci&oacute;n, cuentan con una serie de caracter&iacute;sticas que los distinguen de los dem&aacute;s: ser emprendedores, tener visi&oacute;n global, y estar conectados al mundo laboral. Son varias las actividades que los estudiantes realizan para convertirse en l&iacute;deres en su campo de estudio y de trabajo; al mismo tiempo que el CETYS perfecciona sus programas de estudio y buscando siempre favorecer al alumnado.  Hace poco, por ejemplo, se abri&oacute; una nueva modalidad de intercambio, en la que los alumnos de Administraci&oacute;n y Negocios, pueden hacer una concentraci&oacute;n en Desarrollo de Proyectos en CITY University Of Seattle en Estados Unidos. En cuanto a las clases, un alumno que estudia alguna Licenciatura en Administraci&oacute;n del CETYS, tiene la oportunidad de aprender de los testimonios de exitosos profesionistas. En este nuevo ciclo escolar que inicia en agosto, los estudiantes estrenar&aacute;n un gran edificio, equipado con vanguardistas aulas, salas is&oacute;pticas, una c&aacute;mara de Gesell, as&iacute; como una sala de Juicios Orales. El pr&oacute;ximo lunes 5 de agosto ser&aacute;n las inscripciones presenciales para alumnos de Administraci&oacute;n, iniciando clases los alumnos de nuevo el viernes 9. Las carreras que conforman la Escuela de Administraci&oacute;n y Negocios del CETYS son: Administraci&oacute;n de Empresas, Administraci&oacute;n de Mercadotecnia, Contador P&uacute;blico Internacional, Negocios Internacionales, Dise&ntilde;o Gr&aacute;fico y Administraci&oacute;n de Negocios. Si deseas ser parte de la comunidad CETYS, solicita informes en: infocetys@cetys.mx o comun&iacute;cate al 567-3727 y 3786.<\/p>\n","protected":false},"excerpt":{"rendered":"<p>Actualmente en CETYS Universidad, las carreras de Administraci&oacute;n y Negocios est&aacute;n enfocadas a estar a la vanguardia y mantener la alta calidad&#8230;<\/p>\n","protected":false},"author":26,"featured_media":43466,"comment_status":"open","ping_status":"open","sticky":false,"template":"","format":"standard","meta":{"footnotes":""},"categories":[946],"tags":[],"class_list":["post-43465","post","type-post","status-publish","format-standard","has-post-thumbnail","hentry","category-promocion-academica"],"yoast_head":"<!-- This site is optimized with the Yoast SEO plugin v27.4 - https:\/\/yoast.com\/product\/yoast-seo-wordpress\/ -->\n<title>Administraci\u00f3n, \u00e1rea clave en era global - CETYS<\/title>\n<meta name=\"description\" content=\"Articulo sobre Administraci\u00f3n, \u00e1rea clave en era global\" \/>\n<meta name=\"robots\" content=\"index, follow, max-snippet:-1, max-image-preview:large, max-video-preview:-1\" \/>\n<link rel=\"canonical\" href=\"https:\/\/www.cetys.mx\/noticias\/administracin-rea-clave-en-era-global\/\" \/>\n<meta property=\"og:locale\" content=\"es_MX\" \/>\n<meta property=\"og:type\" content=\"article\" \/>\n<meta property=\"og:title\" content=\"Administraci\u00f3n, \u00e1rea clave en era global - CETYS\" \/>\n<meta property=\"og:description\" content=\"Articulo sobre Administraci\u00f3n, \u00e1rea clave en era global\" \/>\n<meta property=\"og:url\" content=\"https:\/\/www.cetys.mx\/noticias\/administracin-rea-clave-en-era-global\/\" \/>\n<meta property=\"og:site_name\" content=\"CETYS\" \/>\n<meta property=\"article:publisher\" content=\"https:\/\/www.facebook.com\/cetysuniversidadmxl\/\" \/>\n<meta property=\"article:published_time\" content=\"2013-07-19T07:00:00+00:00\" \/>\n<meta property=\"article:modified_time\" content=\"2016-08-07T22:37:12+00:00\" \/>\n<meta property=\"og:image\" content=\"https:\/\/www.cetys.mx\/noticias\/wp-content\/uploads\/2016\/02\/administracion1_gde.jpg\" \/>\n\t<meta property=\"og:image:width\" content=\"500\" \/>\n\t<meta property=\"og:image:height\" content=\"448\" \/>\n\t<meta property=\"og:image:type\" content=\"image\/jpeg\" \/>\n<meta name=\"author\" content=\"CETYS Institucional\" \/>\n<meta name=\"twitter:card\" content=\"summary_large_image\" \/>\n<meta name=\"twitter:creator\" content=\"@cetysuni\" \/>\n<meta name=\"twitter:site\" content=\"@cetysuni\" \/>\n<meta name=\"twitter:label1\" content=\"Escrito por\" \/>\n\t<meta name=\"twitter:data1\" content=\"CETYS Institucional\" \/>\n\t<meta name=\"twitter:label2\" content=\"Tiempo de lectura\" \/>\n\t<meta name=\"twitter:data2\" content=\"2 minutos\" \/>\n<script type=\"application\/ld+json\" class=\"yoast-schema-graph\">{\"@context\":\"https:\\\/\\\/schema.org\",\"@graph\":[{\"@type\":\"Article\",\"@id\":\"https:\\\/\\\/www.cetys.mx\\\/noticias\\\/administracin-rea-clave-en-era-global\\\/#article\",\"isPartOf\":{\"@id\":\"https:\\\/\\\/www.cetys.mx\\\/noticias\\\/administracin-rea-clave-en-era-global\\\/\"},\"author\":{\"name\":\"CETYS Institucional\",\"@id\":\"https:\\\/\\\/www.cetys.mx\\\/noticias\\\/#\\\/schema\\\/person\\\/e9d2b35265b64aa454df57a2828eb2ac\"},\"headline\":\"Administraci\u00f3n, \u00e1rea clave en era global\",\"datePublished\":\"2013-07-19T07:00:00+00:00\",\"dateModified\":\"2016-08-07T22:37:12+00:00\",\"mainEntityOfPage\":{\"@id\":\"https:\\\/\\\/www.cetys.mx\\\/noticias\\\/administracin-rea-clave-en-era-global\\\/\"},\"wordCount\":319,\"commentCount\":0,\"image\":{\"@id\":\"https:\\\/\\\/www.cetys.mx\\\/noticias\\\/administracin-rea-clave-en-era-global\\\/#primaryimage\"},\"thumbnailUrl\":\"https:\\\/\\\/www.cetys.mx\\\/noticias\\\/wp-content\\\/uploads\\\/2016\\\/02\\\/administracion1_gde.jpg\",\"articleSection\":[\"Promoci\u00f3n Acad\u00e9mica\"],\"inLanguage\":\"es\",\"potentialAction\":[{\"@type\":\"CommentAction\",\"name\":\"Comment\",\"target\":[\"https:\\\/\\\/www.cetys.mx\\\/noticias\\\/administracin-rea-clave-en-era-global\\\/#respond\"]}]},{\"@type\":\"WebPage\",\"@id\":\"https:\\\/\\\/www.cetys.mx\\\/noticias\\\/administracin-rea-clave-en-era-global\\\/\",\"url\":\"https:\\\/\\\/www.cetys.mx\\\/noticias\\\/administracin-rea-clave-en-era-global\\\/\",\"name\":\"Administraci\u00f3n, \u00e1rea clave en era global - CETYS\",\"isPartOf\":{\"@id\":\"https:\\\/\\\/www.cetys.mx\\\/noticias\\\/#website\"},\"primaryImageOfPage\":{\"@id\":\"https:\\\/\\\/www.cetys.mx\\\/noticias\\\/administracin-rea-clave-en-era-global\\\/#primaryimage\"},\"image\":{\"@id\":\"https:\\\/\\\/www.cetys.mx\\\/noticias\\\/administracin-rea-clave-en-era-global\\\/#primaryimage\"},\"thumbnailUrl\":\"https:\\\/\\\/www.cetys.mx\\\/noticias\\\/wp-content\\\/uploads\\\/2016\\\/02\\\/administracion1_gde.jpg\",\"datePublished\":\"2013-07-19T07:00:00+00:00\",\"dateModified\":\"2016-08-07T22:37:12+00:00\",\"author\":{\"@id\":\"https:\\\/\\\/www.cetys.mx\\\/noticias\\\/#\\\/schema\\\/person\\\/e9d2b35265b64aa454df57a2828eb2ac\"},\"description\":\"Articulo sobre Administraci\u00f3n, \u00e1rea clave en era global\",\"breadcrumb\":{\"@id\":\"https:\\\/\\\/www.cetys.mx\\\/noticias\\\/administracin-rea-clave-en-era-global\\\/#breadcrumb\"},\"inLanguage\":\"es\",\"potentialAction\":[{\"@type\":\"ReadAction\",\"target\":[\"https:\\\/\\\/www.cetys.mx\\\/noticias\\\/administracin-rea-clave-en-era-global\\\/\"]}]},{\"@type\":\"ImageObject\",\"inLanguage\":\"es\",\"@id\":\"https:\\\/\\\/www.cetys.mx\\\/noticias\\\/administracin-rea-clave-en-era-global\\\/#primaryimage\",\"url\":\"https:\\\/\\\/www.cetys.mx\\\/noticias\\\/wp-content\\\/uploads\\\/2016\\\/02\\\/administracion1_gde.jpg\",\"contentUrl\":\"https:\\\/\\\/www.cetys.mx\\\/noticias\\\/wp-content\\\/uploads\\\/2016\\\/02\\\/administracion1_gde.jpg\",\"width\":500,\"height\":448},{\"@type\":\"BreadcrumbList\",\"@id\":\"https:\\\/\\\/www.cetys.mx\\\/noticias\\\/administracin-rea-clave-en-era-global\\\/#breadcrumb\",\"itemListElement\":[{\"@type\":\"ListItem\",\"position\":1,\"name\":\"Inicio\",\"item\":\"https:\\\/\\\/www.cetys.mx\\\/noticias\\\/\"},{\"@type\":\"ListItem\",\"position\":2,\"name\":\"Administraci\u00f3n, \u00e1rea clave en era global\"}]},{\"@type\":\"WebSite\",\"@id\":\"https:\\\/\\\/www.cetys.mx\\\/noticias\\\/#website\",\"url\":\"https:\\\/\\\/www.cetys.mx\\\/noticias\\\/\",\"name\":\"CETYS\",\"description\":\"\",\"potentialAction\":[{\"@type\":\"SearchAction\",\"target\":{\"@type\":\"EntryPoint\",\"urlTemplate\":\"https:\\\/\\\/www.cetys.mx\\\/noticias\\\/?s={search_term_string}\"},\"query-input\":{\"@type\":\"PropertyValueSpecification\",\"valueRequired\":true,\"valueName\":\"search_term_string\"}}],\"inLanguage\":\"es\"},{\"@type\":\"Person\",\"@id\":\"https:\\\/\\\/www.cetys.mx\\\/noticias\\\/#\\\/schema\\\/person\\\/e9d2b35265b64aa454df57a2828eb2ac\",\"name\":\"CETYS Institucional\",\"url\":\"https:\\\/\\\/www.cetys.mx\\\/noticias\\\/author\\\/cetysinstitucional\\\/\"}]}<\/script>\n<!-- \/ Yoast SEO plugin. -->","yoast_head_json":{"title":"Administraci\u00f3n, \u00e1rea clave en era global - CETYS","description":"Articulo sobre Administraci\u00f3n, \u00e1rea clave en era global","robots":{"index":"index","follow":"follow","max-snippet":"max-snippet:-1","max-image-preview":"max-image-preview:large","max-video-preview":"max-video-preview:-1"},"canonical":"https:\/\/www.cetys.mx\/noticias\/administracin-rea-clave-en-era-global\/","og_locale":"es_MX","og_type":"article","og_title":"Administraci\u00f3n, \u00e1rea clave en era global - CETYS","og_description":"Articulo sobre Administraci\u00f3n, \u00e1rea clave en era global","og_url":"https:\/\/www.cetys.mx\/noticias\/administracin-rea-clave-en-era-global\/","og_site_name":"CETYS","article_publisher":"https:\/\/www.facebook.com\/cetysuniversidadmxl\/","article_published_time":"2013-07-19T07:00:00+00:00","article_modified_time":"2016-08-07T22:37:12+00:00","og_image":[{"width":500,"height":448,"url":"https:\/\/www.cetys.mx\/noticias\/wp-content\/uploads\/2016\/02\/administracion1_gde.jpg","type":"image\/jpeg"}],"author":"CETYS Institucional","twitter_card":"summary_large_image","twitter_creator":"@cetysuni","twitter_site":"@cetysuni","twitter_misc":{"Escrito por":"CETYS Institucional","Tiempo de lectura":"2 minutos"},"schema":{"@context":"https:\/\/schema.org","@graph":[{"@type":"Article","@id":"https:\/\/www.cetys.mx\/noticias\/administracin-rea-clave-en-era-global\/#article","isPartOf":{"@id":"https:\/\/www.cetys.mx\/noticias\/administracin-rea-clave-en-era-global\/"},"author":{"name":"CETYS Institucional","@id":"https:\/\/www.cetys.mx\/noticias\/#\/schema\/person\/e9d2b35265b64aa454df57a2828eb2ac"},"headline":"Administraci\u00f3n, \u00e1rea clave en era global","datePublished":"2013-07-19T07:00:00+00:00","dateModified":"2016-08-07T22:37:12+00:00","mainEntityOfPage":{"@id":"https:\/\/www.cetys.mx\/noticias\/administracin-rea-clave-en-era-global\/"},"wordCount":319,"commentCount":0,"image":{"@id":"https:\/\/www.cetys.mx\/noticias\/administracin-rea-clave-en-era-global\/#primaryimage"},"thumbnailUrl":"https:\/\/www.cetys.mx\/noticias\/wp-content\/uploads\/2016\/02\/administracion1_gde.jpg","articleSection":["Promoci\u00f3n Acad\u00e9mica"],"inLanguage":"es","potentialAction":[{"@type":"CommentAction","name":"Comment","target":["https:\/\/www.cetys.mx\/noticias\/administracin-rea-clave-en-era-global\/#respond"]}]},{"@type":"WebPage","@id":"https:\/\/www.cetys.mx\/noticias\/administracin-rea-clave-en-era-global\/","url":"https:\/\/www.cetys.mx\/noticias\/administracin-rea-clave-en-era-global\/","name":"Administraci\u00f3n, \u00e1rea clave en era global - CETYS","isPartOf":{"@id":"https:\/\/www.cetys.mx\/noticias\/#website"},"primaryImageOfPage":{"@id":"https:\/\/www.cetys.mx\/noticias\/administracin-rea-clave-en-era-global\/#primaryimage"},"image":{"@id":"https:\/\/www.cetys.mx\/noticias\/administracin-rea-clave-en-era-global\/#primaryimage"},"thumbnailUrl":"https:\/\/www.cetys.mx\/noticias\/wp-content\/uploads\/2016\/02\/administracion1_gde.jpg","datePublished":"2013-07-19T07:00:00+00:00","dateModified":"2016-08-07T22:37:12+00:00","author":{"@id":"https:\/\/www.cetys.mx\/noticias\/#\/schema\/person\/e9d2b35265b64aa454df57a2828eb2ac"},"description":"Articulo sobre Administraci\u00f3n, \u00e1rea clave en era global","breadcrumb":{"@id":"https:\/\/www.cetys.mx\/noticias\/administracin-rea-clave-en-era-global\/#breadcrumb"},"inLanguage":"es","potentialAction":[{"@type":"ReadAction","target":["https:\/\/www.cetys.mx\/noticias\/administracin-rea-clave-en-era-global\/"]}]},{"@type":"ImageObject","inLanguage":"es","@id":"https:\/\/www.cetys.mx\/noticias\/administracin-rea-clave-en-era-global\/#primaryimage","url":"https:\/\/www.cetys.mx\/noticias\/wp-content\/uploads\/2016\/02\/administracion1_gde.jpg","contentUrl":"https:\/\/www.cetys.mx\/noticias\/wp-content\/uploads\/2016\/02\/administracion1_gde.jpg","width":500,"height":448},{"@type":"BreadcrumbList","@id":"https:\/\/www.cetys.mx\/noticias\/administracin-rea-clave-en-era-global\/#breadcrumb","itemListElement":[{"@type":"ListItem","position":1,"name":"Inicio","item":"https:\/\/www.cetys.mx\/noticias\/"},{"@type":"ListItem","position":2,"name":"Administraci\u00f3n, \u00e1rea clave en era global"}]},{"@type":"WebSite","@id":"https:\/\/www.cetys.mx\/noticias\/#website","url":"https:\/\/www.cetys.mx\/noticias\/","name":"CETYS","description":"","potentialAction":[{"@type":"SearchAction","target":{"@type":"EntryPoint","urlTemplate":"https:\/\/www.cetys.mx\/noticias\/?s={search_term_string}"},"query-input":{"@type":"PropertyValueSpecification","valueRequired":true,"valueName":"search_term_string"}}],"inLanguage":"es"},{"@type":"Person","@id":"https:\/\/www.cetys.mx\/noticias\/#\/schema\/person\/e9d2b35265b64aa454df57a2828eb2ac","name":"CETYS Institucional","url":"https:\/\/www.cetys.mx\/noticias\/author\/cetysinstitucional\/"}]}},"_links":{"self":[{"href":"https:\/\/www.cetys.mx\/noticias\/wp-json\/wp\/v2\/posts\/43465","targetHints":{"allow":["GET"]}}],"collection":[{"href":"https:\/\/www.cetys.mx\/noticias\/wp-json\/wp\/v2\/posts"}],"about":[{"href":"https:\/\/www.cetys.mx\/noticias\/wp-json\/wp\/v2\/types\/post"}],"author":[{"embeddable":true,"href":"https:\/\/www.cetys.mx\/noticias\/wp-json\/wp\/v2\/users\/26"}],"replies":[{"embeddable":true,"href":"https:\/\/www.cetys.mx\/noticias\/wp-json\/wp\/v2\/comments?post=43465"}],"version-history":[{"count":0,"href":"https:\/\/www.cetys.mx\/noticias\/wp-json\/wp\/v2\/posts\/43465\/revisions"}],"wp:featuredmedia":[{"embeddable":true,"href":"https:\/\/www.cetys.mx\/noticias\/wp-json\/wp\/v2\/media\/43466"}],"wp:attachment":[{"href":"https:\/\/www.cetys.mx\/noticias\/wp-json\/wp\/v2\/media?parent=43465"}],"wp:term":[{"taxonomy":"category","embeddable":true,"href":"https:\/\/www.cetys.mx\/noticias\/wp-json\/wp\/v2\/categories?post=43465"},{"taxonomy":"post_tag","embeddable":true,"href":"https:\/\/www.cetys.mx\/noticias\/wp-json\/wp\/v2\/tags?post=43465"}],"curies":[{"name":"wp","href":"https:\/\/api.w.org\/{rel}","templated":true}]}}