{"id":42309,"date":"2010-10-04T00:00:00","date_gmt":"2010-10-04T07:00:00","guid":{"rendered":"http:\/\/vocetys.mx\/extranjeros-conocen-la-regin-vincola-3\/"},"modified":"2016-07-18T00:08:11","modified_gmt":"2016-07-18T07:08:11","slug":"extranjeros-conocen-la-regin-vincola-3","status":"publish","type":"post","link":"https:\/\/www.cetys.mx\/noticias\/extranjeros-conocen-la-regin-vincola-3\/","title":{"rendered":"Extranjeros conocen la regi\u00f3n vin\u00edcola"},"content":{"rendered":"<p>La Direcci&oacute;n de Programas Internacionales encabezada por la Lic. Elba Santaella, organiz&oacute; un viaje el pasado 18 de septiembre a los vi&ntilde;edos del Valle de Guadalupe, al que asistieron 16 alumnos que se encuentran de intercambio en CETYS Universidad. El paseo que tuvo la finalidad de fomentar la convivencia entre los estudiantes for&aacute;neos, mostr&oacute; a los j&oacute;venes partes de la regi&oacute;n tales como la Vi&ntilde;a Liceaga y el vi&ntilde;edo Bar&oacute;n Balch&eacute;.Durante el recorrido, los alumnos procedentes de Austria, Holanda, Finlandia, Chile, Estados Unidos y diversas entidades de M&eacute;xico, pudieron conocer el proceso de la elaboraci&oacute;n del vino y degustar la variedad de productos que realizan ambas casas vin&iacute;colas. Las Licenciadas Gabriela Galaz y Yasm&iacute;n &Aacute;vila, fueron quienes acompa&ntilde;aron a los estudiantes en todo el viaje.<\/p>\n","protected":false},"excerpt":{"rendered":"<p>La Direcci&oacute;n de Programas Internacionales encabezada por la Lic. Elba Santaella, organiz&oacute; un viaje el pasado 18 de septiembre a los vi&ntilde;edos&#8230;<\/p>\n","protected":false},"author":26,"featured_media":42310,"comment_status":"open","ping_status":"open","sticky":false,"template":"","format":"standard","meta":{"footnotes":""},"categories":[108],"tags":[],"class_list":["post-42309","post","type-post","status-publish","format-standard","has-post-thumbnail","hentry","category-internacionales"],"yoast_head":"<!-- This site is optimized with the Yoast SEO plugin v27.4 - https:\/\/yoast.com\/product\/yoast-seo-wordpress\/ -->\n<title>Extranjeros conocen la regi\u00f3n vin\u00edcola - CETYS<\/title>\n<meta name=\"description\" content=\"Articulo sobre Extranjeros conocen la regi\u00f3n vin\u00edcola\" \/>\n<meta name=\"robots\" content=\"index, follow, max-snippet:-1, max-image-preview:large, max-video-preview:-1\" \/>\n<link rel=\"canonical\" href=\"https:\/\/www.cetys.mx\/noticias\/extranjeros-conocen-la-regin-vincola-3\/\" \/>\n<meta property=\"og:locale\" content=\"es_MX\" \/>\n<meta property=\"og:type\" content=\"article\" \/>\n<meta property=\"og:title\" content=\"Extranjeros conocen la regi\u00f3n vin\u00edcola - CETYS\" \/>\n<meta property=\"og:description\" content=\"Articulo sobre Extranjeros conocen la regi\u00f3n vin\u00edcola\" \/>\n<meta property=\"og:url\" content=\"https:\/\/www.cetys.mx\/noticias\/extranjeros-conocen-la-regin-vincola-3\/\" \/>\n<meta property=\"og:site_name\" content=\"CETYS\" \/>\n<meta property=\"article:publisher\" content=\"https:\/\/www.facebook.com\/cetysuniversidadmxl\/\" \/>\n<meta property=\"article:published_time\" content=\"2010-10-04T07:00:00+00:00\" \/>\n<meta property=\"article:modified_time\" content=\"2016-07-18T07:08:11+00:00\" \/>\n<meta property=\"og:image\" content=\"https:\/\/www.cetys.mx\/noticias\/wp-content\/uploads\/2016\/02\/alumnosvinedos_gde.jpg\" \/>\n\t<meta property=\"og:image:width\" content=\"500\" \/>\n\t<meta property=\"og:image:height\" content=\"375\" \/>\n\t<meta property=\"og:image:type\" content=\"image\/jpeg\" \/>\n<meta name=\"author\" content=\"CETYS Institucional\" \/>\n<meta name=\"twitter:card\" content=\"summary_large_image\" \/>\n<meta name=\"twitter:creator\" content=\"@cetysuni\" \/>\n<meta name=\"twitter:site\" content=\"@cetysuni\" \/>\n<meta name=\"twitter:label1\" content=\"Escrito por\" \/>\n\t<meta name=\"twitter:data1\" content=\"CETYS Institucional\" \/>\n\t<meta name=\"twitter:label2\" content=\"Tiempo de lectura\" \/>\n\t<meta name=\"twitter:data2\" content=\"1 minuto\" \/>\n<script type=\"application\/ld+json\" class=\"yoast-schema-graph\">{\"@context\":\"https:\\\/\\\/schema.org\",\"@graph\":[{\"@type\":\"Article\",\"@id\":\"https:\\\/\\\/www.cetys.mx\\\/noticias\\\/extranjeros-conocen-la-regin-vincola-3\\\/#article\",\"isPartOf\":{\"@id\":\"https:\\\/\\\/www.cetys.mx\\\/noticias\\\/extranjeros-conocen-la-regin-vincola-3\\\/\"},\"author\":{\"name\":\"CETYS Institucional\",\"@id\":\"https:\\\/\\\/www.cetys.mx\\\/noticias\\\/#\\\/schema\\\/person\\\/e9d2b35265b64aa454df57a2828eb2ac\"},\"headline\":\"Extranjeros conocen la regi\u00f3n vin\u00edcola\",\"datePublished\":\"2010-10-04T07:00:00+00:00\",\"dateModified\":\"2016-07-18T07:08:11+00:00\",\"mainEntityOfPage\":{\"@id\":\"https:\\\/\\\/www.cetys.mx\\\/noticias\\\/extranjeros-conocen-la-regin-vincola-3\\\/\"},\"wordCount\":161,\"commentCount\":0,\"image\":{\"@id\":\"https:\\\/\\\/www.cetys.mx\\\/noticias\\\/extranjeros-conocen-la-regin-vincola-3\\\/#primaryimage\"},\"thumbnailUrl\":\"https:\\\/\\\/www.cetys.mx\\\/noticias\\\/wp-content\\\/uploads\\\/2016\\\/02\\\/alumnosvinedos_gde.jpg\",\"articleSection\":[\"Internacionales\"],\"inLanguage\":\"es\",\"potentialAction\":[{\"@type\":\"CommentAction\",\"name\":\"Comment\",\"target\":[\"https:\\\/\\\/www.cetys.mx\\\/noticias\\\/extranjeros-conocen-la-regin-vincola-3\\\/#respond\"]}]},{\"@type\":\"WebPage\",\"@id\":\"https:\\\/\\\/www.cetys.mx\\\/noticias\\\/extranjeros-conocen-la-regin-vincola-3\\\/\",\"url\":\"https:\\\/\\\/www.cetys.mx\\\/noticias\\\/extranjeros-conocen-la-regin-vincola-3\\\/\",\"name\":\"Extranjeros conocen la regi\u00f3n vin\u00edcola - CETYS\",\"isPartOf\":{\"@id\":\"https:\\\/\\\/www.cetys.mx\\\/noticias\\\/#website\"},\"primaryImageOfPage\":{\"@id\":\"https:\\\/\\\/www.cetys.mx\\\/noticias\\\/extranjeros-conocen-la-regin-vincola-3\\\/#primaryimage\"},\"image\":{\"@id\":\"https:\\\/\\\/www.cetys.mx\\\/noticias\\\/extranjeros-conocen-la-regin-vincola-3\\\/#primaryimage\"},\"thumbnailUrl\":\"https:\\\/\\\/www.cetys.mx\\\/noticias\\\/wp-content\\\/uploads\\\/2016\\\/02\\\/alumnosvinedos_gde.jpg\",\"datePublished\":\"2010-10-04T07:00:00+00:00\",\"dateModified\":\"2016-07-18T07:08:11+00:00\",\"author\":{\"@id\":\"https:\\\/\\\/www.cetys.mx\\\/noticias\\\/#\\\/schema\\\/person\\\/e9d2b35265b64aa454df57a2828eb2ac\"},\"description\":\"Articulo sobre Extranjeros conocen la regi\u00f3n vin\u00edcola\",\"breadcrumb\":{\"@id\":\"https:\\\/\\\/www.cetys.mx\\\/noticias\\\/extranjeros-conocen-la-regin-vincola-3\\\/#breadcrumb\"},\"inLanguage\":\"es\",\"potentialAction\":[{\"@type\":\"ReadAction\",\"target\":[\"https:\\\/\\\/www.cetys.mx\\\/noticias\\\/extranjeros-conocen-la-regin-vincola-3\\\/\"]}]},{\"@type\":\"ImageObject\",\"inLanguage\":\"es\",\"@id\":\"https:\\\/\\\/www.cetys.mx\\\/noticias\\\/extranjeros-conocen-la-regin-vincola-3\\\/#primaryimage\",\"url\":\"https:\\\/\\\/www.cetys.mx\\\/noticias\\\/wp-content\\\/uploads\\\/2016\\\/02\\\/alumnosvinedos_gde.jpg\",\"contentUrl\":\"https:\\\/\\\/www.cetys.mx\\\/noticias\\\/wp-content\\\/uploads\\\/2016\\\/02\\\/alumnosvinedos_gde.jpg\",\"width\":500,\"height\":375},{\"@type\":\"BreadcrumbList\",\"@id\":\"https:\\\/\\\/www.cetys.mx\\\/noticias\\\/extranjeros-conocen-la-regin-vincola-3\\\/#breadcrumb\",\"itemListElement\":[{\"@type\":\"ListItem\",\"position\":1,\"name\":\"Inicio\",\"item\":\"https:\\\/\\\/www.cetys.mx\\\/noticias\\\/\"},{\"@type\":\"ListItem\",\"position\":2,\"name\":\"Extranjeros conocen la regi\u00f3n vin\u00edcola\"}]},{\"@type\":\"WebSite\",\"@id\":\"https:\\\/\\\/www.cetys.mx\\\/noticias\\\/#website\",\"url\":\"https:\\\/\\\/www.cetys.mx\\\/noticias\\\/\",\"name\":\"CETYS\",\"description\":\"\",\"potentialAction\":[{\"@type\":\"SearchAction\",\"target\":{\"@type\":\"EntryPoint\",\"urlTemplate\":\"https:\\\/\\\/www.cetys.mx\\\/noticias\\\/?s={search_term_string}\"},\"query-input\":{\"@type\":\"PropertyValueSpecification\",\"valueRequired\":true,\"valueName\":\"search_term_string\"}}],\"inLanguage\":\"es\"},{\"@type\":\"Person\",\"@id\":\"https:\\\/\\\/www.cetys.mx\\\/noticias\\\/#\\\/schema\\\/person\\\/e9d2b35265b64aa454df57a2828eb2ac\",\"name\":\"CETYS Institucional\",\"url\":\"https:\\\/\\\/www.cetys.mx\\\/noticias\\\/author\\\/cetysinstitucional\\\/\"}]}<\/script>\n<!-- \/ Yoast SEO plugin. -->","yoast_head_json":{"title":"Extranjeros conocen la regi\u00f3n vin\u00edcola - CETYS","description":"Articulo sobre Extranjeros conocen la regi\u00f3n vin\u00edcola","robots":{"index":"index","follow":"follow","max-snippet":"max-snippet:-1","max-image-preview":"max-image-preview:large","max-video-preview":"max-video-preview:-1"},"canonical":"https:\/\/www.cetys.mx\/noticias\/extranjeros-conocen-la-regin-vincola-3\/","og_locale":"es_MX","og_type":"article","og_title":"Extranjeros conocen la regi\u00f3n vin\u00edcola - CETYS","og_description":"Articulo sobre Extranjeros conocen la regi\u00f3n vin\u00edcola","og_url":"https:\/\/www.cetys.mx\/noticias\/extranjeros-conocen-la-regin-vincola-3\/","og_site_name":"CETYS","article_publisher":"https:\/\/www.facebook.com\/cetysuniversidadmxl\/","article_published_time":"2010-10-04T07:00:00+00:00","article_modified_time":"2016-07-18T07:08:11+00:00","og_image":[{"width":500,"height":375,"url":"https:\/\/www.cetys.mx\/noticias\/wp-content\/uploads\/2016\/02\/alumnosvinedos_gde.jpg","type":"image\/jpeg"}],"author":"CETYS Institucional","twitter_card":"summary_large_image","twitter_creator":"@cetysuni","twitter_site":"@cetysuni","twitter_misc":{"Escrito por":"CETYS Institucional","Tiempo de lectura":"1 minuto"},"schema":{"@context":"https:\/\/schema.org","@graph":[{"@type":"Article","@id":"https:\/\/www.cetys.mx\/noticias\/extranjeros-conocen-la-regin-vincola-3\/#article","isPartOf":{"@id":"https:\/\/www.cetys.mx\/noticias\/extranjeros-conocen-la-regin-vincola-3\/"},"author":{"name":"CETYS Institucional","@id":"https:\/\/www.cetys.mx\/noticias\/#\/schema\/person\/e9d2b35265b64aa454df57a2828eb2ac"},"headline":"Extranjeros conocen la regi\u00f3n vin\u00edcola","datePublished":"2010-10-04T07:00:00+00:00","dateModified":"2016-07-18T07:08:11+00:00","mainEntityOfPage":{"@id":"https:\/\/www.cetys.mx\/noticias\/extranjeros-conocen-la-regin-vincola-3\/"},"wordCount":161,"commentCount":0,"image":{"@id":"https:\/\/www.cetys.mx\/noticias\/extranjeros-conocen-la-regin-vincola-3\/#primaryimage"},"thumbnailUrl":"https:\/\/www.cetys.mx\/noticias\/wp-content\/uploads\/2016\/02\/alumnosvinedos_gde.jpg","articleSection":["Internacionales"],"inLanguage":"es","potentialAction":[{"@type":"CommentAction","name":"Comment","target":["https:\/\/www.cetys.mx\/noticias\/extranjeros-conocen-la-regin-vincola-3\/#respond"]}]},{"@type":"WebPage","@id":"https:\/\/www.cetys.mx\/noticias\/extranjeros-conocen-la-regin-vincola-3\/","url":"https:\/\/www.cetys.mx\/noticias\/extranjeros-conocen-la-regin-vincola-3\/","name":"Extranjeros conocen la regi\u00f3n vin\u00edcola - CETYS","isPartOf":{"@id":"https:\/\/www.cetys.mx\/noticias\/#website"},"primaryImageOfPage":{"@id":"https:\/\/www.cetys.mx\/noticias\/extranjeros-conocen-la-regin-vincola-3\/#primaryimage"},"image":{"@id":"https:\/\/www.cetys.mx\/noticias\/extranjeros-conocen-la-regin-vincola-3\/#primaryimage"},"thumbnailUrl":"https:\/\/www.cetys.mx\/noticias\/wp-content\/uploads\/2016\/02\/alumnosvinedos_gde.jpg","datePublished":"2010-10-04T07:00:00+00:00","dateModified":"2016-07-18T07:08:11+00:00","author":{"@id":"https:\/\/www.cetys.mx\/noticias\/#\/schema\/person\/e9d2b35265b64aa454df57a2828eb2ac"},"description":"Articulo sobre Extranjeros conocen la regi\u00f3n vin\u00edcola","breadcrumb":{"@id":"https:\/\/www.cetys.mx\/noticias\/extranjeros-conocen-la-regin-vincola-3\/#breadcrumb"},"inLanguage":"es","potentialAction":[{"@type":"ReadAction","target":["https:\/\/www.cetys.mx\/noticias\/extranjeros-conocen-la-regin-vincola-3\/"]}]},{"@type":"ImageObject","inLanguage":"es","@id":"https:\/\/www.cetys.mx\/noticias\/extranjeros-conocen-la-regin-vincola-3\/#primaryimage","url":"https:\/\/www.cetys.mx\/noticias\/wp-content\/uploads\/2016\/02\/alumnosvinedos_gde.jpg","contentUrl":"https:\/\/www.cetys.mx\/noticias\/wp-content\/uploads\/2016\/02\/alumnosvinedos_gde.jpg","width":500,"height":375},{"@type":"BreadcrumbList","@id":"https:\/\/www.cetys.mx\/noticias\/extranjeros-conocen-la-regin-vincola-3\/#breadcrumb","itemListElement":[{"@type":"ListItem","position":1,"name":"Inicio","item":"https:\/\/www.cetys.mx\/noticias\/"},{"@type":"ListItem","position":2,"name":"Extranjeros conocen la regi\u00f3n vin\u00edcola"}]},{"@type":"WebSite","@id":"https:\/\/www.cetys.mx\/noticias\/#website","url":"https:\/\/www.cetys.mx\/noticias\/","name":"CETYS","description":"","potentialAction":[{"@type":"SearchAction","target":{"@type":"EntryPoint","urlTemplate":"https:\/\/www.cetys.mx\/noticias\/?s={search_term_string}"},"query-input":{"@type":"PropertyValueSpecification","valueRequired":true,"valueName":"search_term_string"}}],"inLanguage":"es"},{"@type":"Person","@id":"https:\/\/www.cetys.mx\/noticias\/#\/schema\/person\/e9d2b35265b64aa454df57a2828eb2ac","name":"CETYS Institucional","url":"https:\/\/www.cetys.mx\/noticias\/author\/cetysinstitucional\/"}]}},"_links":{"self":[{"href":"https:\/\/www.cetys.mx\/noticias\/wp-json\/wp\/v2\/posts\/42309","targetHints":{"allow":["GET"]}}],"collection":[{"href":"https:\/\/www.cetys.mx\/noticias\/wp-json\/wp\/v2\/posts"}],"about":[{"href":"https:\/\/www.cetys.mx\/noticias\/wp-json\/wp\/v2\/types\/post"}],"author":[{"embeddable":true,"href":"https:\/\/www.cetys.mx\/noticias\/wp-json\/wp\/v2\/users\/26"}],"replies":[{"embeddable":true,"href":"https:\/\/www.cetys.mx\/noticias\/wp-json\/wp\/v2\/comments?post=42309"}],"version-history":[{"count":0,"href":"https:\/\/www.cetys.mx\/noticias\/wp-json\/wp\/v2\/posts\/42309\/revisions"}],"wp:featuredmedia":[{"embeddable":true,"href":"https:\/\/www.cetys.mx\/noticias\/wp-json\/wp\/v2\/media\/42310"}],"wp:attachment":[{"href":"https:\/\/www.cetys.mx\/noticias\/wp-json\/wp\/v2\/media?parent=42309"}],"wp:term":[{"taxonomy":"category","embeddable":true,"href":"https:\/\/www.cetys.mx\/noticias\/wp-json\/wp\/v2\/categories?post=42309"},{"taxonomy":"post_tag","embeddable":true,"href":"https:\/\/www.cetys.mx\/noticias\/wp-json\/wp\/v2\/tags?post=42309"}],"curies":[{"name":"wp","href":"https:\/\/api.w.org\/{rel}","templated":true}]}}