{"id":40213,"date":"2010-06-18T00:00:00","date_gmt":"2010-06-18T07:00:00","guid":{"rendered":"http:\/\/vocetys.mx\/ganan-beca-excelencia-y-mrito-acadmico\/"},"modified":"2016-08-07T15:38:14","modified_gmt":"2016-08-07T22:38:14","slug":"ganan-beca-excelencia-y-mrito-acadmico","status":"publish","type":"post","link":"https:\/\/www.cetys.mx\/noticias\/ganan-beca-excelencia-y-mrito-acadmico\/","title":{"rendered":"Ganan Beca Excelencia y M\u00e9rito Acad\u00e9mico"},"content":{"rendered":"<p>Continuando con el firme compromiso con la sociedad bajacaliforniana y reconociendo el esfuerzo acad&eacute;mico realizado por talentosos j&oacute;venes, CETYS Universidad recientemente les ha otorgado becas para la consecuci&oacute;n de sus estudios, como resultado de la inversi&oacute;n anual que hace la instituci&oacute;n en este rubro que es de 9 millones de d&oacute;lares. En el semestre 2010-1, alrededor de 100 alumnos ingresar&aacute;n a la instituci&oacute;n en los niveles Medio Superior y Superior con un apoyo econ&oacute;mico de hasta el 90%.De este grupo, 28 de los beneficiados ganaron la Beca Excelencia que cubre un 80% del importe en colegiatura e inscripci&oacute;n; el resto obtuvo la Beca M&eacute;rito Acad&eacute;mico que respalda los gastos educativos en un rango del 30 al 90%. Para acceder a estos apoyos los j&oacute;venes demostraron tener un promedio igual o superior a 9.0 y obtuvieron un alto puntaje en el examen de admisi&oacute;n. &iquest;Cu&aacute;l fue tu impresi&oacute;n al saberte ganador de la Beca?&quot;Sent&iacute; que mis esfuerzos rindieron frutos. Dar&eacute; lo mejor de m&iacute; en esta instituci&oacute;n a la que defino como una excelente escuela&quot; C&eacute;sar Andr&eacute;s Oropeza Troncoso, Beca ExcelenciaIngreso a Preparatoria con promedio de 9.7&quot;Estoy muy contenta. Voy a aprovechar esta muy buena oportunidad para estudiar en una de las mejores escuelas de Baja California. Yo estuve en la Prepa y me gust&oacute; el trato personalizado que brinda&quot; Paulina D&iacute;az Montiel, Beca ExcelenciaIngreso a Ingenier&iacute;a Mec&aacute;nica con promedio de 9.6&quot;Me impresion&oacute; mucho y me puse muy feliz, porque ya aseguraba que iba a entrar a esta instituci&oacute;n, que s&eacute; es donde te puedes preparar mejor&quot;Christian Emigdio Villaescuza Villareal, Beca M&eacute;rito Acad&eacute;micoIngreso a Preparatoria con promedio de 9.6&nbsp;&quot;Estoy muy feliz porque 80% es mucho. Voy a prepararme en una escuela muy buena, con maestros capacitados y excelentes instalaciones. Aqu&iacute; voy a aprender mucho y a lograr muchas cosas&quot;Liangyi Xu, Beca Excelencia Ingreso a Licenciatura en Negocios Internacionales con promedio de 10<\/p>\n","protected":false},"excerpt":{"rendered":"<p>Continuando con el firme compromiso con la sociedad bajacaliforniana y reconociendo el esfuerzo acad&eacute;mico realizado por talentosos j&oacute;venes, CETYS Universidad recientemente les&#8230;<\/p>\n","protected":false},"author":26,"featured_media":40214,"comment_status":"open","ping_status":"open","sticky":false,"template":"","format":"standard","meta":{"footnotes":""},"categories":[946],"tags":[],"class_list":["post-40213","post","type-post","status-publish","format-standard","has-post-thumbnail","hentry","category-promocion-academica"],"yoast_head":"<!-- This site is optimized with the Yoast SEO plugin v27.4 - https:\/\/yoast.com\/product\/yoast-seo-wordpress\/ -->\n<title>Ganan Beca Excelencia y M\u00e9rito Acad\u00e9mico - CETYS<\/title>\n<meta name=\"description\" content=\"Articulo sobre Ganan Beca Excelencia y M\u00e9rito Acad\u00e9mico\" \/>\n<meta name=\"robots\" content=\"index, follow, max-snippet:-1, max-image-preview:large, max-video-preview:-1\" \/>\n<link rel=\"canonical\" href=\"https:\/\/www.cetys.mx\/noticias\/ganan-beca-excelencia-y-mrito-acadmico\/\" \/>\n<meta property=\"og:locale\" content=\"es_MX\" \/>\n<meta property=\"og:type\" content=\"article\" \/>\n<meta property=\"og:title\" content=\"Ganan Beca Excelencia y M\u00e9rito Acad\u00e9mico - CETYS\" \/>\n<meta property=\"og:description\" content=\"Articulo sobre Ganan Beca Excelencia y M\u00e9rito Acad\u00e9mico\" \/>\n<meta property=\"og:url\" content=\"https:\/\/www.cetys.mx\/noticias\/ganan-beca-excelencia-y-mrito-acadmico\/\" \/>\n<meta property=\"og:site_name\" content=\"CETYS\" \/>\n<meta property=\"article:publisher\" content=\"https:\/\/www.facebook.com\/cetysuniversidadmxl\/\" \/>\n<meta property=\"article:published_time\" content=\"2010-06-18T07:00:00+00:00\" \/>\n<meta property=\"article:modified_time\" content=\"2016-08-07T22:38:14+00:00\" \/>\n<meta property=\"og:image\" content=\"https:\/\/www.cetys.mx\/noticias\/wp-content\/uploads\/2016\/02\/becados_gde.jpg\" \/>\n\t<meta property=\"og:image:width\" content=\"500\" \/>\n\t<meta property=\"og:image:height\" content=\"367\" \/>\n\t<meta property=\"og:image:type\" content=\"image\/jpeg\" \/>\n<meta name=\"author\" content=\"CETYS Institucional\" \/>\n<meta name=\"twitter:card\" content=\"summary_large_image\" \/>\n<meta name=\"twitter:creator\" content=\"@cetysuni\" \/>\n<meta name=\"twitter:site\" content=\"@cetysuni\" \/>\n<meta name=\"twitter:label1\" content=\"Escrito por\" \/>\n\t<meta name=\"twitter:data1\" content=\"CETYS Institucional\" \/>\n\t<meta name=\"twitter:label2\" content=\"Tiempo de lectura\" \/>\n\t<meta name=\"twitter:data2\" content=\"2 minutos\" \/>\n<script type=\"application\/ld+json\" class=\"yoast-schema-graph\">{\"@context\":\"https:\\\/\\\/schema.org\",\"@graph\":[{\"@type\":\"Article\",\"@id\":\"https:\\\/\\\/www.cetys.mx\\\/noticias\\\/ganan-beca-excelencia-y-mrito-acadmico\\\/#article\",\"isPartOf\":{\"@id\":\"https:\\\/\\\/www.cetys.mx\\\/noticias\\\/ganan-beca-excelencia-y-mrito-acadmico\\\/\"},\"author\":{\"name\":\"CETYS Institucional\",\"@id\":\"https:\\\/\\\/www.cetys.mx\\\/noticias\\\/#\\\/schema\\\/person\\\/e9d2b35265b64aa454df57a2828eb2ac\"},\"headline\":\"Ganan Beca Excelencia y M\u00e9rito Acad\u00e9mico\",\"datePublished\":\"2010-06-18T07:00:00+00:00\",\"dateModified\":\"2016-08-07T22:38:14+00:00\",\"mainEntityOfPage\":{\"@id\":\"https:\\\/\\\/www.cetys.mx\\\/noticias\\\/ganan-beca-excelencia-y-mrito-acadmico\\\/\"},\"wordCount\":380,\"commentCount\":0,\"image\":{\"@id\":\"https:\\\/\\\/www.cetys.mx\\\/noticias\\\/ganan-beca-excelencia-y-mrito-acadmico\\\/#primaryimage\"},\"thumbnailUrl\":\"https:\\\/\\\/www.cetys.mx\\\/noticias\\\/wp-content\\\/uploads\\\/2016\\\/02\\\/becados_gde.jpg\",\"articleSection\":[\"Promoci\u00f3n Acad\u00e9mica\"],\"inLanguage\":\"es\",\"potentialAction\":[{\"@type\":\"CommentAction\",\"name\":\"Comment\",\"target\":[\"https:\\\/\\\/www.cetys.mx\\\/noticias\\\/ganan-beca-excelencia-y-mrito-acadmico\\\/#respond\"]}]},{\"@type\":\"WebPage\",\"@id\":\"https:\\\/\\\/www.cetys.mx\\\/noticias\\\/ganan-beca-excelencia-y-mrito-acadmico\\\/\",\"url\":\"https:\\\/\\\/www.cetys.mx\\\/noticias\\\/ganan-beca-excelencia-y-mrito-acadmico\\\/\",\"name\":\"Ganan Beca Excelencia y M\u00e9rito Acad\u00e9mico - CETYS\",\"isPartOf\":{\"@id\":\"https:\\\/\\\/www.cetys.mx\\\/noticias\\\/#website\"},\"primaryImageOfPage\":{\"@id\":\"https:\\\/\\\/www.cetys.mx\\\/noticias\\\/ganan-beca-excelencia-y-mrito-acadmico\\\/#primaryimage\"},\"image\":{\"@id\":\"https:\\\/\\\/www.cetys.mx\\\/noticias\\\/ganan-beca-excelencia-y-mrito-acadmico\\\/#primaryimage\"},\"thumbnailUrl\":\"https:\\\/\\\/www.cetys.mx\\\/noticias\\\/wp-content\\\/uploads\\\/2016\\\/02\\\/becados_gde.jpg\",\"datePublished\":\"2010-06-18T07:00:00+00:00\",\"dateModified\":\"2016-08-07T22:38:14+00:00\",\"author\":{\"@id\":\"https:\\\/\\\/www.cetys.mx\\\/noticias\\\/#\\\/schema\\\/person\\\/e9d2b35265b64aa454df57a2828eb2ac\"},\"description\":\"Articulo sobre Ganan Beca Excelencia y M\u00e9rito Acad\u00e9mico\",\"breadcrumb\":{\"@id\":\"https:\\\/\\\/www.cetys.mx\\\/noticias\\\/ganan-beca-excelencia-y-mrito-acadmico\\\/#breadcrumb\"},\"inLanguage\":\"es\",\"potentialAction\":[{\"@type\":\"ReadAction\",\"target\":[\"https:\\\/\\\/www.cetys.mx\\\/noticias\\\/ganan-beca-excelencia-y-mrito-acadmico\\\/\"]}]},{\"@type\":\"ImageObject\",\"inLanguage\":\"es\",\"@id\":\"https:\\\/\\\/www.cetys.mx\\\/noticias\\\/ganan-beca-excelencia-y-mrito-acadmico\\\/#primaryimage\",\"url\":\"https:\\\/\\\/www.cetys.mx\\\/noticias\\\/wp-content\\\/uploads\\\/2016\\\/02\\\/becados_gde.jpg\",\"contentUrl\":\"https:\\\/\\\/www.cetys.mx\\\/noticias\\\/wp-content\\\/uploads\\\/2016\\\/02\\\/becados_gde.jpg\",\"width\":500,\"height\":367},{\"@type\":\"BreadcrumbList\",\"@id\":\"https:\\\/\\\/www.cetys.mx\\\/noticias\\\/ganan-beca-excelencia-y-mrito-acadmico\\\/#breadcrumb\",\"itemListElement\":[{\"@type\":\"ListItem\",\"position\":1,\"name\":\"Inicio\",\"item\":\"https:\\\/\\\/www.cetys.mx\\\/noticias\\\/\"},{\"@type\":\"ListItem\",\"position\":2,\"name\":\"Ganan Beca Excelencia y M\u00e9rito Acad\u00e9mico\"}]},{\"@type\":\"WebSite\",\"@id\":\"https:\\\/\\\/www.cetys.mx\\\/noticias\\\/#website\",\"url\":\"https:\\\/\\\/www.cetys.mx\\\/noticias\\\/\",\"name\":\"CETYS\",\"description\":\"\",\"potentialAction\":[{\"@type\":\"SearchAction\",\"target\":{\"@type\":\"EntryPoint\",\"urlTemplate\":\"https:\\\/\\\/www.cetys.mx\\\/noticias\\\/?s={search_term_string}\"},\"query-input\":{\"@type\":\"PropertyValueSpecification\",\"valueRequired\":true,\"valueName\":\"search_term_string\"}}],\"inLanguage\":\"es\"},{\"@type\":\"Person\",\"@id\":\"https:\\\/\\\/www.cetys.mx\\\/noticias\\\/#\\\/schema\\\/person\\\/e9d2b35265b64aa454df57a2828eb2ac\",\"name\":\"CETYS Institucional\",\"url\":\"https:\\\/\\\/www.cetys.mx\\\/noticias\\\/author\\\/cetysinstitucional\\\/\"}]}<\/script>\n<!-- \/ Yoast SEO plugin. -->","yoast_head_json":{"title":"Ganan Beca Excelencia y M\u00e9rito Acad\u00e9mico - CETYS","description":"Articulo sobre Ganan Beca Excelencia y M\u00e9rito Acad\u00e9mico","robots":{"index":"index","follow":"follow","max-snippet":"max-snippet:-1","max-image-preview":"max-image-preview:large","max-video-preview":"max-video-preview:-1"},"canonical":"https:\/\/www.cetys.mx\/noticias\/ganan-beca-excelencia-y-mrito-acadmico\/","og_locale":"es_MX","og_type":"article","og_title":"Ganan Beca Excelencia y M\u00e9rito Acad\u00e9mico - CETYS","og_description":"Articulo sobre Ganan Beca Excelencia y M\u00e9rito Acad\u00e9mico","og_url":"https:\/\/www.cetys.mx\/noticias\/ganan-beca-excelencia-y-mrito-acadmico\/","og_site_name":"CETYS","article_publisher":"https:\/\/www.facebook.com\/cetysuniversidadmxl\/","article_published_time":"2010-06-18T07:00:00+00:00","article_modified_time":"2016-08-07T22:38:14+00:00","og_image":[{"width":500,"height":367,"url":"https:\/\/www.cetys.mx\/noticias\/wp-content\/uploads\/2016\/02\/becados_gde.jpg","type":"image\/jpeg"}],"author":"CETYS Institucional","twitter_card":"summary_large_image","twitter_creator":"@cetysuni","twitter_site":"@cetysuni","twitter_misc":{"Escrito por":"CETYS Institucional","Tiempo de lectura":"2 minutos"},"schema":{"@context":"https:\/\/schema.org","@graph":[{"@type":"Article","@id":"https:\/\/www.cetys.mx\/noticias\/ganan-beca-excelencia-y-mrito-acadmico\/#article","isPartOf":{"@id":"https:\/\/www.cetys.mx\/noticias\/ganan-beca-excelencia-y-mrito-acadmico\/"},"author":{"name":"CETYS Institucional","@id":"https:\/\/www.cetys.mx\/noticias\/#\/schema\/person\/e9d2b35265b64aa454df57a2828eb2ac"},"headline":"Ganan Beca Excelencia y M\u00e9rito Acad\u00e9mico","datePublished":"2010-06-18T07:00:00+00:00","dateModified":"2016-08-07T22:38:14+00:00","mainEntityOfPage":{"@id":"https:\/\/www.cetys.mx\/noticias\/ganan-beca-excelencia-y-mrito-acadmico\/"},"wordCount":380,"commentCount":0,"image":{"@id":"https:\/\/www.cetys.mx\/noticias\/ganan-beca-excelencia-y-mrito-acadmico\/#primaryimage"},"thumbnailUrl":"https:\/\/www.cetys.mx\/noticias\/wp-content\/uploads\/2016\/02\/becados_gde.jpg","articleSection":["Promoci\u00f3n Acad\u00e9mica"],"inLanguage":"es","potentialAction":[{"@type":"CommentAction","name":"Comment","target":["https:\/\/www.cetys.mx\/noticias\/ganan-beca-excelencia-y-mrito-acadmico\/#respond"]}]},{"@type":"WebPage","@id":"https:\/\/www.cetys.mx\/noticias\/ganan-beca-excelencia-y-mrito-acadmico\/","url":"https:\/\/www.cetys.mx\/noticias\/ganan-beca-excelencia-y-mrito-acadmico\/","name":"Ganan Beca Excelencia y M\u00e9rito Acad\u00e9mico - CETYS","isPartOf":{"@id":"https:\/\/www.cetys.mx\/noticias\/#website"},"primaryImageOfPage":{"@id":"https:\/\/www.cetys.mx\/noticias\/ganan-beca-excelencia-y-mrito-acadmico\/#primaryimage"},"image":{"@id":"https:\/\/www.cetys.mx\/noticias\/ganan-beca-excelencia-y-mrito-acadmico\/#primaryimage"},"thumbnailUrl":"https:\/\/www.cetys.mx\/noticias\/wp-content\/uploads\/2016\/02\/becados_gde.jpg","datePublished":"2010-06-18T07:00:00+00:00","dateModified":"2016-08-07T22:38:14+00:00","author":{"@id":"https:\/\/www.cetys.mx\/noticias\/#\/schema\/person\/e9d2b35265b64aa454df57a2828eb2ac"},"description":"Articulo sobre Ganan Beca Excelencia y M\u00e9rito Acad\u00e9mico","breadcrumb":{"@id":"https:\/\/www.cetys.mx\/noticias\/ganan-beca-excelencia-y-mrito-acadmico\/#breadcrumb"},"inLanguage":"es","potentialAction":[{"@type":"ReadAction","target":["https:\/\/www.cetys.mx\/noticias\/ganan-beca-excelencia-y-mrito-acadmico\/"]}]},{"@type":"ImageObject","inLanguage":"es","@id":"https:\/\/www.cetys.mx\/noticias\/ganan-beca-excelencia-y-mrito-acadmico\/#primaryimage","url":"https:\/\/www.cetys.mx\/noticias\/wp-content\/uploads\/2016\/02\/becados_gde.jpg","contentUrl":"https:\/\/www.cetys.mx\/noticias\/wp-content\/uploads\/2016\/02\/becados_gde.jpg","width":500,"height":367},{"@type":"BreadcrumbList","@id":"https:\/\/www.cetys.mx\/noticias\/ganan-beca-excelencia-y-mrito-acadmico\/#breadcrumb","itemListElement":[{"@type":"ListItem","position":1,"name":"Inicio","item":"https:\/\/www.cetys.mx\/noticias\/"},{"@type":"ListItem","position":2,"name":"Ganan Beca Excelencia y M\u00e9rito Acad\u00e9mico"}]},{"@type":"WebSite","@id":"https:\/\/www.cetys.mx\/noticias\/#website","url":"https:\/\/www.cetys.mx\/noticias\/","name":"CETYS","description":"","potentialAction":[{"@type":"SearchAction","target":{"@type":"EntryPoint","urlTemplate":"https:\/\/www.cetys.mx\/noticias\/?s={search_term_string}"},"query-input":{"@type":"PropertyValueSpecification","valueRequired":true,"valueName":"search_term_string"}}],"inLanguage":"es"},{"@type":"Person","@id":"https:\/\/www.cetys.mx\/noticias\/#\/schema\/person\/e9d2b35265b64aa454df57a2828eb2ac","name":"CETYS Institucional","url":"https:\/\/www.cetys.mx\/noticias\/author\/cetysinstitucional\/"}]}},"_links":{"self":[{"href":"https:\/\/www.cetys.mx\/noticias\/wp-json\/wp\/v2\/posts\/40213","targetHints":{"allow":["GET"]}}],"collection":[{"href":"https:\/\/www.cetys.mx\/noticias\/wp-json\/wp\/v2\/posts"}],"about":[{"href":"https:\/\/www.cetys.mx\/noticias\/wp-json\/wp\/v2\/types\/post"}],"author":[{"embeddable":true,"href":"https:\/\/www.cetys.mx\/noticias\/wp-json\/wp\/v2\/users\/26"}],"replies":[{"embeddable":true,"href":"https:\/\/www.cetys.mx\/noticias\/wp-json\/wp\/v2\/comments?post=40213"}],"version-history":[{"count":0,"href":"https:\/\/www.cetys.mx\/noticias\/wp-json\/wp\/v2\/posts\/40213\/revisions"}],"wp:featuredmedia":[{"embeddable":true,"href":"https:\/\/www.cetys.mx\/noticias\/wp-json\/wp\/v2\/media\/40214"}],"wp:attachment":[{"href":"https:\/\/www.cetys.mx\/noticias\/wp-json\/wp\/v2\/media?parent=40213"}],"wp:term":[{"taxonomy":"category","embeddable":true,"href":"https:\/\/www.cetys.mx\/noticias\/wp-json\/wp\/v2\/categories?post=40213"},{"taxonomy":"post_tag","embeddable":true,"href":"https:\/\/www.cetys.mx\/noticias\/wp-json\/wp\/v2\/tags?post=40213"}],"curies":[{"name":"wp","href":"https:\/\/api.w.org\/{rel}","templated":true}]}}