{"id":40184,"date":"2014-03-12T00:00:00","date_gmt":"2014-03-12T07:00:00","guid":{"rendered":"http:\/\/vocetys.mx\/rector-participa-en-panel-de-educacin-superior-en-mxico-y-eua-2\/"},"modified":"2016-08-07T14:58:06","modified_gmt":"2016-08-07T21:58:06","slug":"rector-participa-en-panel-de-educacin-superior-en-mxico-y-eua-2","status":"publish","type":"post","link":"https:\/\/www.cetys.mx\/noticias\/rector-participa-en-panel-de-educacin-superior-en-mxico-y-eua-2\/","title":{"rendered":"Rector participa en panel de Educaci\u00f3n Superior en M\u00e9xico y EUA"},"content":{"rendered":"<p>En el marco de la 95va. conferencia anual del Consejo Americano para la Educaci&oacute;n  se llev&oacute; a cabo el panel &quot;Educaci&oacute;n Superior en Estados Unidos y M&eacute;xico: fortaleciendo las asociaciones y la colaboraci&oacute;n&quot;, celebrada en San Diego California, en el cual particip&oacute; el Dr. Fernando Le&oacute;n Garc&iacute;a, Rector del Sistema CETYS Universidad  quien comparti&oacute; opiniones con Mara Tekach, Ministra Consejera de Asuntos p&uacute;blicos en la Embajada de Estados Unidos en M&eacute;xico; Enrique Fern&aacute;ndez Fassnacht, Secretario General de ANUIES; Diana Natalicio, Rectora de la universidad de Texas en el Paso y la moderadora Patti McGill Peterson, Consejera Presidente para iniciativas globales del Consejo Americano para la Educaci&oacute;n.  Nuestra participaci&oacute;n consisti&oacute; en debatir cu&aacute;les son las oportunidades para intensificar  la colaboraci&oacute;n de M&eacute;xico y Estados Unidos, el rol que tienen las universidades a trav&eacute;s los convenios de intercambio, de la vinculaci&oacute;n con empresas de los dos lados de la frontera, no s&oacute;lo en materia de movilidad sino para lograr una mayor competitividad  entre ambos pa&iacute;ses y fortalecer los principios que nos llevaron a NAFTA, dijo el Dr. Fernando Le&oacute;n Garc&iacute;a.&nbsp; El Rector de CETYS agreg&oacute; que se requiere buscar  programas de duraci&oacute;n corta, que puedan sensibilizar  y crear mayor conciencia  en grupos estadounidenses sobre la situaci&oacute;n real de M&eacute;xico para que se animen e incremente el n&uacute;mero  anual de 4000 que vienen a nuestro pa&iacute;s.  Estos programas, certificaciones, dobles grados y la tecnolog&iacute;a conducen a una mayor movilidad pero tambi&eacute;n es importante pensar en cosas b&aacute;sicas como el idioma, colaborar con primarias y secundarias para que desde ah&iacute; se impulse el aprendizaje.&nbsp;&nbsp;<\/p>\n","protected":false},"excerpt":{"rendered":"<p>En el marco de la 95va. conferencia anual del Consejo Americano para la Educaci&oacute;n se llev&oacute; a cabo el panel &quot;Educaci&oacute;n Superior&#8230;<\/p>\n","protected":false},"author":26,"featured_media":40185,"comment_status":"open","ping_status":"open","sticky":false,"template":"","format":"standard","meta":{"footnotes":""},"categories":[209],"tags":[],"class_list":["post-40184","post","type-post","status-publish","format-standard","has-post-thumbnail","hentry","category-institucional"],"yoast_head":"<!-- This site is optimized with the Yoast SEO plugin v27.4 - https:\/\/yoast.com\/product\/yoast-seo-wordpress\/ -->\n<title>Rector participa en panel de Educaci\u00f3n Superior en M\u00e9xico y EUA - CETYS<\/title>\n<meta name=\"description\" content=\"Articulo sobre Rector participa en panel de Educaci\u00f3n Superior en M\u00e9xico y EUA\" \/>\n<meta name=\"robots\" content=\"index, follow, max-snippet:-1, max-image-preview:large, max-video-preview:-1\" \/>\n<link rel=\"canonical\" href=\"https:\/\/www.cetys.mx\/noticias\/rector-participa-en-panel-de-educacin-superior-en-mxico-y-eua-2\/\" \/>\n<meta property=\"og:locale\" content=\"es_MX\" \/>\n<meta property=\"og:type\" content=\"article\" \/>\n<meta property=\"og:title\" content=\"Rector participa en panel de Educaci\u00f3n Superior en M\u00e9xico y EUA - CETYS\" \/>\n<meta property=\"og:description\" content=\"Articulo sobre Rector participa en panel de Educaci\u00f3n Superior en M\u00e9xico y EUA\" \/>\n<meta property=\"og:url\" content=\"https:\/\/www.cetys.mx\/noticias\/rector-participa-en-panel-de-educacin-superior-en-mxico-y-eua-2\/\" \/>\n<meta property=\"og:site_name\" content=\"CETYS\" \/>\n<meta property=\"article:publisher\" content=\"https:\/\/www.facebook.com\/cetysuniversidadmxl\/\" \/>\n<meta property=\"article:published_time\" content=\"2014-03-12T07:00:00+00:00\" \/>\n<meta property=\"article:modified_time\" content=\"2016-08-07T21:58:06+00:00\" \/>\n<meta property=\"og:image\" content=\"https:\/\/www.cetys.mx\/noticias\/wp-content\/uploads\/2016\/02\/panel1_gde10.jpg\" \/>\n\t<meta property=\"og:image:width\" content=\"500\" \/>\n\t<meta property=\"og:image:height\" content=\"333\" \/>\n\t<meta property=\"og:image:type\" content=\"image\/jpeg\" \/>\n<meta name=\"author\" content=\"CETYS Institucional\" \/>\n<meta name=\"twitter:card\" content=\"summary_large_image\" \/>\n<meta name=\"twitter:creator\" content=\"@cetysuni\" \/>\n<meta name=\"twitter:site\" content=\"@cetysuni\" \/>\n<meta name=\"twitter:label1\" content=\"Escrito por\" \/>\n\t<meta name=\"twitter:data1\" content=\"CETYS Institucional\" \/>\n\t<meta name=\"twitter:label2\" content=\"Tiempo de lectura\" \/>\n\t<meta name=\"twitter:data2\" content=\"2 minutos\" \/>\n<script type=\"application\/ld+json\" class=\"yoast-schema-graph\">{\"@context\":\"https:\\\/\\\/schema.org\",\"@graph\":[{\"@type\":\"Article\",\"@id\":\"https:\\\/\\\/www.cetys.mx\\\/noticias\\\/rector-participa-en-panel-de-educacin-superior-en-mxico-y-eua-2\\\/#article\",\"isPartOf\":{\"@id\":\"https:\\\/\\\/www.cetys.mx\\\/noticias\\\/rector-participa-en-panel-de-educacin-superior-en-mxico-y-eua-2\\\/\"},\"author\":{\"name\":\"CETYS Institucional\",\"@id\":\"https:\\\/\\\/www.cetys.mx\\\/noticias\\\/#\\\/schema\\\/person\\\/e9d2b35265b64aa454df57a2828eb2ac\"},\"headline\":\"Rector participa en panel de Educaci\u00f3n Superior en M\u00e9xico y EUA\",\"datePublished\":\"2014-03-12T07:00:00+00:00\",\"dateModified\":\"2016-08-07T21:58:06+00:00\",\"mainEntityOfPage\":{\"@id\":\"https:\\\/\\\/www.cetys.mx\\\/noticias\\\/rector-participa-en-panel-de-educacin-superior-en-mxico-y-eua-2\\\/\"},\"wordCount\":339,\"commentCount\":0,\"image\":{\"@id\":\"https:\\\/\\\/www.cetys.mx\\\/noticias\\\/rector-participa-en-panel-de-educacin-superior-en-mxico-y-eua-2\\\/#primaryimage\"},\"thumbnailUrl\":\"https:\\\/\\\/www.cetys.mx\\\/noticias\\\/wp-content\\\/uploads\\\/2016\\\/02\\\/panel1_gde10.jpg\",\"articleSection\":[\"Institucional\"],\"inLanguage\":\"es\",\"potentialAction\":[{\"@type\":\"CommentAction\",\"name\":\"Comment\",\"target\":[\"https:\\\/\\\/www.cetys.mx\\\/noticias\\\/rector-participa-en-panel-de-educacin-superior-en-mxico-y-eua-2\\\/#respond\"]}]},{\"@type\":\"WebPage\",\"@id\":\"https:\\\/\\\/www.cetys.mx\\\/noticias\\\/rector-participa-en-panel-de-educacin-superior-en-mxico-y-eua-2\\\/\",\"url\":\"https:\\\/\\\/www.cetys.mx\\\/noticias\\\/rector-participa-en-panel-de-educacin-superior-en-mxico-y-eua-2\\\/\",\"name\":\"Rector participa en panel de Educaci\u00f3n Superior en M\u00e9xico y EUA - CETYS\",\"isPartOf\":{\"@id\":\"https:\\\/\\\/www.cetys.mx\\\/noticias\\\/#website\"},\"primaryImageOfPage\":{\"@id\":\"https:\\\/\\\/www.cetys.mx\\\/noticias\\\/rector-participa-en-panel-de-educacin-superior-en-mxico-y-eua-2\\\/#primaryimage\"},\"image\":{\"@id\":\"https:\\\/\\\/www.cetys.mx\\\/noticias\\\/rector-participa-en-panel-de-educacin-superior-en-mxico-y-eua-2\\\/#primaryimage\"},\"thumbnailUrl\":\"https:\\\/\\\/www.cetys.mx\\\/noticias\\\/wp-content\\\/uploads\\\/2016\\\/02\\\/panel1_gde10.jpg\",\"datePublished\":\"2014-03-12T07:00:00+00:00\",\"dateModified\":\"2016-08-07T21:58:06+00:00\",\"author\":{\"@id\":\"https:\\\/\\\/www.cetys.mx\\\/noticias\\\/#\\\/schema\\\/person\\\/e9d2b35265b64aa454df57a2828eb2ac\"},\"description\":\"Articulo sobre Rector participa en panel de Educaci\u00f3n Superior en M\u00e9xico y EUA\",\"breadcrumb\":{\"@id\":\"https:\\\/\\\/www.cetys.mx\\\/noticias\\\/rector-participa-en-panel-de-educacin-superior-en-mxico-y-eua-2\\\/#breadcrumb\"},\"inLanguage\":\"es\",\"potentialAction\":[{\"@type\":\"ReadAction\",\"target\":[\"https:\\\/\\\/www.cetys.mx\\\/noticias\\\/rector-participa-en-panel-de-educacin-superior-en-mxico-y-eua-2\\\/\"]}]},{\"@type\":\"ImageObject\",\"inLanguage\":\"es\",\"@id\":\"https:\\\/\\\/www.cetys.mx\\\/noticias\\\/rector-participa-en-panel-de-educacin-superior-en-mxico-y-eua-2\\\/#primaryimage\",\"url\":\"https:\\\/\\\/www.cetys.mx\\\/noticias\\\/wp-content\\\/uploads\\\/2016\\\/02\\\/panel1_gde10.jpg\",\"contentUrl\":\"https:\\\/\\\/www.cetys.mx\\\/noticias\\\/wp-content\\\/uploads\\\/2016\\\/02\\\/panel1_gde10.jpg\",\"width\":500,\"height\":333},{\"@type\":\"BreadcrumbList\",\"@id\":\"https:\\\/\\\/www.cetys.mx\\\/noticias\\\/rector-participa-en-panel-de-educacin-superior-en-mxico-y-eua-2\\\/#breadcrumb\",\"itemListElement\":[{\"@type\":\"ListItem\",\"position\":1,\"name\":\"Inicio\",\"item\":\"https:\\\/\\\/www.cetys.mx\\\/noticias\\\/\"},{\"@type\":\"ListItem\",\"position\":2,\"name\":\"Rector participa en panel de Educaci\u00f3n Superior en M\u00e9xico y EUA\"}]},{\"@type\":\"WebSite\",\"@id\":\"https:\\\/\\\/www.cetys.mx\\\/noticias\\\/#website\",\"url\":\"https:\\\/\\\/www.cetys.mx\\\/noticias\\\/\",\"name\":\"CETYS\",\"description\":\"\",\"potentialAction\":[{\"@type\":\"SearchAction\",\"target\":{\"@type\":\"EntryPoint\",\"urlTemplate\":\"https:\\\/\\\/www.cetys.mx\\\/noticias\\\/?s={search_term_string}\"},\"query-input\":{\"@type\":\"PropertyValueSpecification\",\"valueRequired\":true,\"valueName\":\"search_term_string\"}}],\"inLanguage\":\"es\"},{\"@type\":\"Person\",\"@id\":\"https:\\\/\\\/www.cetys.mx\\\/noticias\\\/#\\\/schema\\\/person\\\/e9d2b35265b64aa454df57a2828eb2ac\",\"name\":\"CETYS Institucional\",\"url\":\"https:\\\/\\\/www.cetys.mx\\\/noticias\\\/author\\\/cetysinstitucional\\\/\"}]}<\/script>\n<!-- \/ Yoast SEO plugin. -->","yoast_head_json":{"title":"Rector participa en panel de Educaci\u00f3n Superior en M\u00e9xico y EUA - CETYS","description":"Articulo sobre Rector participa en panel de Educaci\u00f3n Superior en M\u00e9xico y EUA","robots":{"index":"index","follow":"follow","max-snippet":"max-snippet:-1","max-image-preview":"max-image-preview:large","max-video-preview":"max-video-preview:-1"},"canonical":"https:\/\/www.cetys.mx\/noticias\/rector-participa-en-panel-de-educacin-superior-en-mxico-y-eua-2\/","og_locale":"es_MX","og_type":"article","og_title":"Rector participa en panel de Educaci\u00f3n Superior en M\u00e9xico y EUA - CETYS","og_description":"Articulo sobre Rector participa en panel de Educaci\u00f3n Superior en M\u00e9xico y EUA","og_url":"https:\/\/www.cetys.mx\/noticias\/rector-participa-en-panel-de-educacin-superior-en-mxico-y-eua-2\/","og_site_name":"CETYS","article_publisher":"https:\/\/www.facebook.com\/cetysuniversidadmxl\/","article_published_time":"2014-03-12T07:00:00+00:00","article_modified_time":"2016-08-07T21:58:06+00:00","og_image":[{"width":500,"height":333,"url":"https:\/\/www.cetys.mx\/noticias\/wp-content\/uploads\/2016\/02\/panel1_gde10.jpg","type":"image\/jpeg"}],"author":"CETYS Institucional","twitter_card":"summary_large_image","twitter_creator":"@cetysuni","twitter_site":"@cetysuni","twitter_misc":{"Escrito por":"CETYS Institucional","Tiempo de lectura":"2 minutos"},"schema":{"@context":"https:\/\/schema.org","@graph":[{"@type":"Article","@id":"https:\/\/www.cetys.mx\/noticias\/rector-participa-en-panel-de-educacin-superior-en-mxico-y-eua-2\/#article","isPartOf":{"@id":"https:\/\/www.cetys.mx\/noticias\/rector-participa-en-panel-de-educacin-superior-en-mxico-y-eua-2\/"},"author":{"name":"CETYS Institucional","@id":"https:\/\/www.cetys.mx\/noticias\/#\/schema\/person\/e9d2b35265b64aa454df57a2828eb2ac"},"headline":"Rector participa en panel de Educaci\u00f3n Superior en M\u00e9xico y EUA","datePublished":"2014-03-12T07:00:00+00:00","dateModified":"2016-08-07T21:58:06+00:00","mainEntityOfPage":{"@id":"https:\/\/www.cetys.mx\/noticias\/rector-participa-en-panel-de-educacin-superior-en-mxico-y-eua-2\/"},"wordCount":339,"commentCount":0,"image":{"@id":"https:\/\/www.cetys.mx\/noticias\/rector-participa-en-panel-de-educacin-superior-en-mxico-y-eua-2\/#primaryimage"},"thumbnailUrl":"https:\/\/www.cetys.mx\/noticias\/wp-content\/uploads\/2016\/02\/panel1_gde10.jpg","articleSection":["Institucional"],"inLanguage":"es","potentialAction":[{"@type":"CommentAction","name":"Comment","target":["https:\/\/www.cetys.mx\/noticias\/rector-participa-en-panel-de-educacin-superior-en-mxico-y-eua-2\/#respond"]}]},{"@type":"WebPage","@id":"https:\/\/www.cetys.mx\/noticias\/rector-participa-en-panel-de-educacin-superior-en-mxico-y-eua-2\/","url":"https:\/\/www.cetys.mx\/noticias\/rector-participa-en-panel-de-educacin-superior-en-mxico-y-eua-2\/","name":"Rector participa en panel de Educaci\u00f3n Superior en M\u00e9xico y EUA - CETYS","isPartOf":{"@id":"https:\/\/www.cetys.mx\/noticias\/#website"},"primaryImageOfPage":{"@id":"https:\/\/www.cetys.mx\/noticias\/rector-participa-en-panel-de-educacin-superior-en-mxico-y-eua-2\/#primaryimage"},"image":{"@id":"https:\/\/www.cetys.mx\/noticias\/rector-participa-en-panel-de-educacin-superior-en-mxico-y-eua-2\/#primaryimage"},"thumbnailUrl":"https:\/\/www.cetys.mx\/noticias\/wp-content\/uploads\/2016\/02\/panel1_gde10.jpg","datePublished":"2014-03-12T07:00:00+00:00","dateModified":"2016-08-07T21:58:06+00:00","author":{"@id":"https:\/\/www.cetys.mx\/noticias\/#\/schema\/person\/e9d2b35265b64aa454df57a2828eb2ac"},"description":"Articulo sobre Rector participa en panel de Educaci\u00f3n Superior en M\u00e9xico y EUA","breadcrumb":{"@id":"https:\/\/www.cetys.mx\/noticias\/rector-participa-en-panel-de-educacin-superior-en-mxico-y-eua-2\/#breadcrumb"},"inLanguage":"es","potentialAction":[{"@type":"ReadAction","target":["https:\/\/www.cetys.mx\/noticias\/rector-participa-en-panel-de-educacin-superior-en-mxico-y-eua-2\/"]}]},{"@type":"ImageObject","inLanguage":"es","@id":"https:\/\/www.cetys.mx\/noticias\/rector-participa-en-panel-de-educacin-superior-en-mxico-y-eua-2\/#primaryimage","url":"https:\/\/www.cetys.mx\/noticias\/wp-content\/uploads\/2016\/02\/panel1_gde10.jpg","contentUrl":"https:\/\/www.cetys.mx\/noticias\/wp-content\/uploads\/2016\/02\/panel1_gde10.jpg","width":500,"height":333},{"@type":"BreadcrumbList","@id":"https:\/\/www.cetys.mx\/noticias\/rector-participa-en-panel-de-educacin-superior-en-mxico-y-eua-2\/#breadcrumb","itemListElement":[{"@type":"ListItem","position":1,"name":"Inicio","item":"https:\/\/www.cetys.mx\/noticias\/"},{"@type":"ListItem","position":2,"name":"Rector participa en panel de Educaci\u00f3n Superior en M\u00e9xico y EUA"}]},{"@type":"WebSite","@id":"https:\/\/www.cetys.mx\/noticias\/#website","url":"https:\/\/www.cetys.mx\/noticias\/","name":"CETYS","description":"","potentialAction":[{"@type":"SearchAction","target":{"@type":"EntryPoint","urlTemplate":"https:\/\/www.cetys.mx\/noticias\/?s={search_term_string}"},"query-input":{"@type":"PropertyValueSpecification","valueRequired":true,"valueName":"search_term_string"}}],"inLanguage":"es"},{"@type":"Person","@id":"https:\/\/www.cetys.mx\/noticias\/#\/schema\/person\/e9d2b35265b64aa454df57a2828eb2ac","name":"CETYS Institucional","url":"https:\/\/www.cetys.mx\/noticias\/author\/cetysinstitucional\/"}]}},"_links":{"self":[{"href":"https:\/\/www.cetys.mx\/noticias\/wp-json\/wp\/v2\/posts\/40184","targetHints":{"allow":["GET"]}}],"collection":[{"href":"https:\/\/www.cetys.mx\/noticias\/wp-json\/wp\/v2\/posts"}],"about":[{"href":"https:\/\/www.cetys.mx\/noticias\/wp-json\/wp\/v2\/types\/post"}],"author":[{"embeddable":true,"href":"https:\/\/www.cetys.mx\/noticias\/wp-json\/wp\/v2\/users\/26"}],"replies":[{"embeddable":true,"href":"https:\/\/www.cetys.mx\/noticias\/wp-json\/wp\/v2\/comments?post=40184"}],"version-history":[{"count":0,"href":"https:\/\/www.cetys.mx\/noticias\/wp-json\/wp\/v2\/posts\/40184\/revisions"}],"wp:featuredmedia":[{"embeddable":true,"href":"https:\/\/www.cetys.mx\/noticias\/wp-json\/wp\/v2\/media\/40185"}],"wp:attachment":[{"href":"https:\/\/www.cetys.mx\/noticias\/wp-json\/wp\/v2\/media?parent=40184"}],"wp:term":[{"taxonomy":"category","embeddable":true,"href":"https:\/\/www.cetys.mx\/noticias\/wp-json\/wp\/v2\/categories?post=40184"},{"taxonomy":"post_tag","embeddable":true,"href":"https:\/\/www.cetys.mx\/noticias\/wp-json\/wp\/v2\/tags?post=40184"}],"curies":[{"name":"wp","href":"https:\/\/api.w.org\/{rel}","templated":true}]}}