{"id":39625,"date":"2014-04-11T00:00:00","date_gmt":"2014-04-11T07:00:00","guid":{"rendered":"http:\/\/vocetys.mx\/ftbol-rpido-y-tae-kwon-do-a-universiada\/"},"modified":"2016-08-07T15:48:21","modified_gmt":"2016-08-07T22:48:21","slug":"ftbol-rpido-y-tae-kwon-do-a-universiada","status":"publish","type":"post","link":"https:\/\/www.cetys.mx\/noticias\/ftbol-rpido-y-tae-kwon-do-a-universiada\/","title":{"rendered":"F\u00fatbol r\u00e1pido y Tae Kwon Do a Universiada"},"content":{"rendered":"<p>Luego de las competencias deportivas de Universiada Regional realizadas a principios de abril, los equipos representativos del Sistema CETYS Universidad ya se encuentran en casa. La Mtra. Yolanda Camacho, Coordinadora de Equipos Representativos inform&oacute; el equipo de F&uacute;tbol R&aacute;pido con 14 alumnos, obtuvieron el pase al nacional al quedar en 2do lugar.  As&iacute; tambi&eacute;n calific&oacute; a la &uacute;ltima fase el alumno de Campus Tijuana Aar&oacute;n Guzm&aacute;n Lopez, quien se adjudic&oacute; el 2do. lugar en Tae Kwon Do, Categor&iacute;a Bantham. Camacho comunic&oacute; que en esta etapa regional se cont&oacute; con una buena participaci&oacute;n de los selectivos en Voleibol Femenil, as&iacute; como el de F&uacute;tbol Asociaci&oacute;n y B&eacute;isbol.<\/p>\n","protected":false},"excerpt":{"rendered":"<p>Luego de las competencias deportivas de Universiada Regional realizadas a principios de abril, los equipos representativos del Sistema CETYS Universidad ya se&#8230;<\/p>\n","protected":false},"author":26,"featured_media":39626,"comment_status":"open","ping_status":"open","sticky":false,"template":"","format":"standard","meta":{"footnotes":""},"categories":[105],"tags":[],"class_list":["post-39625","post","type-post","status-publish","format-standard","has-post-thumbnail","hentry","category-vida-estudiantil"],"yoast_head":"<!-- This site is optimized with the Yoast SEO plugin v27.4 - https:\/\/yoast.com\/product\/yoast-seo-wordpress\/ -->\n<title>F\u00fatbol r\u00e1pido y Tae Kwon Do a Universiada - CETYS<\/title>\n<meta name=\"description\" content=\"Articulo sobre F\u00fatbol r\u00e1pido y Tae Kwon Do a Universiada\" \/>\n<meta name=\"robots\" content=\"index, follow, max-snippet:-1, max-image-preview:large, max-video-preview:-1\" \/>\n<link rel=\"canonical\" href=\"https:\/\/www.cetys.mx\/noticias\/ftbol-rpido-y-tae-kwon-do-a-universiada\/\" \/>\n<meta property=\"og:locale\" content=\"es_MX\" \/>\n<meta property=\"og:type\" content=\"article\" \/>\n<meta property=\"og:title\" content=\"F\u00fatbol r\u00e1pido y Tae Kwon Do a Universiada - CETYS\" \/>\n<meta property=\"og:description\" content=\"Articulo sobre F\u00fatbol r\u00e1pido y Tae Kwon Do a Universiada\" \/>\n<meta property=\"og:url\" content=\"https:\/\/www.cetys.mx\/noticias\/ftbol-rpido-y-tae-kwon-do-a-universiada\/\" \/>\n<meta property=\"og:site_name\" content=\"CETYS\" \/>\n<meta property=\"article:publisher\" content=\"https:\/\/www.facebook.com\/cetysuniversidadmxl\/\" \/>\n<meta property=\"article:published_time\" content=\"2014-04-11T07:00:00+00:00\" \/>\n<meta property=\"article:modified_time\" content=\"2016-08-07T22:48:21+00:00\" \/>\n<meta property=\"og:image\" content=\"https:\/\/www.cetys.mx\/noticias\/wp-content\/uploads\/2016\/02\/universiada1_gde3.jpg\" \/>\n\t<meta property=\"og:image:width\" content=\"500\" \/>\n\t<meta property=\"og:image:height\" content=\"379\" \/>\n\t<meta property=\"og:image:type\" content=\"image\/jpeg\" \/>\n<meta name=\"author\" content=\"CETYS Institucional\" \/>\n<meta name=\"twitter:card\" content=\"summary_large_image\" \/>\n<meta name=\"twitter:creator\" content=\"@cetysuni\" \/>\n<meta name=\"twitter:site\" content=\"@cetysuni\" \/>\n<meta name=\"twitter:label1\" content=\"Escrito por\" \/>\n\t<meta name=\"twitter:data1\" content=\"CETYS Institucional\" \/>\n\t<meta name=\"twitter:label2\" content=\"Tiempo de lectura\" \/>\n\t<meta name=\"twitter:data2\" content=\"1 minuto\" \/>\n<script type=\"application\/ld+json\" class=\"yoast-schema-graph\">{\"@context\":\"https:\\\/\\\/schema.org\",\"@graph\":[{\"@type\":\"Article\",\"@id\":\"https:\\\/\\\/www.cetys.mx\\\/noticias\\\/ftbol-rpido-y-tae-kwon-do-a-universiada\\\/#article\",\"isPartOf\":{\"@id\":\"https:\\\/\\\/www.cetys.mx\\\/noticias\\\/ftbol-rpido-y-tae-kwon-do-a-universiada\\\/\"},\"author\":{\"name\":\"CETYS Institucional\",\"@id\":\"https:\\\/\\\/www.cetys.mx\\\/noticias\\\/#\\\/schema\\\/person\\\/e9d2b35265b64aa454df57a2828eb2ac\"},\"headline\":\"F\u00fatbol r\u00e1pido y Tae Kwon Do a Universiada\",\"datePublished\":\"2014-04-11T07:00:00+00:00\",\"dateModified\":\"2016-08-07T22:48:21+00:00\",\"mainEntityOfPage\":{\"@id\":\"https:\\\/\\\/www.cetys.mx\\\/noticias\\\/ftbol-rpido-y-tae-kwon-do-a-universiada\\\/\"},\"wordCount\":143,\"commentCount\":0,\"image\":{\"@id\":\"https:\\\/\\\/www.cetys.mx\\\/noticias\\\/ftbol-rpido-y-tae-kwon-do-a-universiada\\\/#primaryimage\"},\"thumbnailUrl\":\"https:\\\/\\\/www.cetys.mx\\\/noticias\\\/wp-content\\\/uploads\\\/2016\\\/02\\\/universiada1_gde3.jpg\",\"articleSection\":[\"Vida Estudiantil\"],\"inLanguage\":\"es\",\"potentialAction\":[{\"@type\":\"CommentAction\",\"name\":\"Comment\",\"target\":[\"https:\\\/\\\/www.cetys.mx\\\/noticias\\\/ftbol-rpido-y-tae-kwon-do-a-universiada\\\/#respond\"]}]},{\"@type\":\"WebPage\",\"@id\":\"https:\\\/\\\/www.cetys.mx\\\/noticias\\\/ftbol-rpido-y-tae-kwon-do-a-universiada\\\/\",\"url\":\"https:\\\/\\\/www.cetys.mx\\\/noticias\\\/ftbol-rpido-y-tae-kwon-do-a-universiada\\\/\",\"name\":\"F\u00fatbol r\u00e1pido y Tae Kwon Do a Universiada - CETYS\",\"isPartOf\":{\"@id\":\"https:\\\/\\\/www.cetys.mx\\\/noticias\\\/#website\"},\"primaryImageOfPage\":{\"@id\":\"https:\\\/\\\/www.cetys.mx\\\/noticias\\\/ftbol-rpido-y-tae-kwon-do-a-universiada\\\/#primaryimage\"},\"image\":{\"@id\":\"https:\\\/\\\/www.cetys.mx\\\/noticias\\\/ftbol-rpido-y-tae-kwon-do-a-universiada\\\/#primaryimage\"},\"thumbnailUrl\":\"https:\\\/\\\/www.cetys.mx\\\/noticias\\\/wp-content\\\/uploads\\\/2016\\\/02\\\/universiada1_gde3.jpg\",\"datePublished\":\"2014-04-11T07:00:00+00:00\",\"dateModified\":\"2016-08-07T22:48:21+00:00\",\"author\":{\"@id\":\"https:\\\/\\\/www.cetys.mx\\\/noticias\\\/#\\\/schema\\\/person\\\/e9d2b35265b64aa454df57a2828eb2ac\"},\"description\":\"Articulo sobre F\u00fatbol r\u00e1pido y Tae Kwon Do a Universiada\",\"breadcrumb\":{\"@id\":\"https:\\\/\\\/www.cetys.mx\\\/noticias\\\/ftbol-rpido-y-tae-kwon-do-a-universiada\\\/#breadcrumb\"},\"inLanguage\":\"es\",\"potentialAction\":[{\"@type\":\"ReadAction\",\"target\":[\"https:\\\/\\\/www.cetys.mx\\\/noticias\\\/ftbol-rpido-y-tae-kwon-do-a-universiada\\\/\"]}]},{\"@type\":\"ImageObject\",\"inLanguage\":\"es\",\"@id\":\"https:\\\/\\\/www.cetys.mx\\\/noticias\\\/ftbol-rpido-y-tae-kwon-do-a-universiada\\\/#primaryimage\",\"url\":\"https:\\\/\\\/www.cetys.mx\\\/noticias\\\/wp-content\\\/uploads\\\/2016\\\/02\\\/universiada1_gde3.jpg\",\"contentUrl\":\"https:\\\/\\\/www.cetys.mx\\\/noticias\\\/wp-content\\\/uploads\\\/2016\\\/02\\\/universiada1_gde3.jpg\",\"width\":500,\"height\":379},{\"@type\":\"BreadcrumbList\",\"@id\":\"https:\\\/\\\/www.cetys.mx\\\/noticias\\\/ftbol-rpido-y-tae-kwon-do-a-universiada\\\/#breadcrumb\",\"itemListElement\":[{\"@type\":\"ListItem\",\"position\":1,\"name\":\"Inicio\",\"item\":\"https:\\\/\\\/www.cetys.mx\\\/noticias\\\/\"},{\"@type\":\"ListItem\",\"position\":2,\"name\":\"F\u00fatbol r\u00e1pido y Tae Kwon Do a Universiada\"}]},{\"@type\":\"WebSite\",\"@id\":\"https:\\\/\\\/www.cetys.mx\\\/noticias\\\/#website\",\"url\":\"https:\\\/\\\/www.cetys.mx\\\/noticias\\\/\",\"name\":\"CETYS\",\"description\":\"\",\"potentialAction\":[{\"@type\":\"SearchAction\",\"target\":{\"@type\":\"EntryPoint\",\"urlTemplate\":\"https:\\\/\\\/www.cetys.mx\\\/noticias\\\/?s={search_term_string}\"},\"query-input\":{\"@type\":\"PropertyValueSpecification\",\"valueRequired\":true,\"valueName\":\"search_term_string\"}}],\"inLanguage\":\"es\"},{\"@type\":\"Person\",\"@id\":\"https:\\\/\\\/www.cetys.mx\\\/noticias\\\/#\\\/schema\\\/person\\\/e9d2b35265b64aa454df57a2828eb2ac\",\"name\":\"CETYS Institucional\",\"url\":\"https:\\\/\\\/www.cetys.mx\\\/noticias\\\/author\\\/cetysinstitucional\\\/\"}]}<\/script>\n<!-- \/ Yoast SEO plugin. -->","yoast_head_json":{"title":"F\u00fatbol r\u00e1pido y Tae Kwon Do a Universiada - CETYS","description":"Articulo sobre F\u00fatbol r\u00e1pido y Tae Kwon Do a Universiada","robots":{"index":"index","follow":"follow","max-snippet":"max-snippet:-1","max-image-preview":"max-image-preview:large","max-video-preview":"max-video-preview:-1"},"canonical":"https:\/\/www.cetys.mx\/noticias\/ftbol-rpido-y-tae-kwon-do-a-universiada\/","og_locale":"es_MX","og_type":"article","og_title":"F\u00fatbol r\u00e1pido y Tae Kwon Do a Universiada - CETYS","og_description":"Articulo sobre F\u00fatbol r\u00e1pido y Tae Kwon Do a Universiada","og_url":"https:\/\/www.cetys.mx\/noticias\/ftbol-rpido-y-tae-kwon-do-a-universiada\/","og_site_name":"CETYS","article_publisher":"https:\/\/www.facebook.com\/cetysuniversidadmxl\/","article_published_time":"2014-04-11T07:00:00+00:00","article_modified_time":"2016-08-07T22:48:21+00:00","og_image":[{"width":500,"height":379,"url":"https:\/\/www.cetys.mx\/noticias\/wp-content\/uploads\/2016\/02\/universiada1_gde3.jpg","type":"image\/jpeg"}],"author":"CETYS Institucional","twitter_card":"summary_large_image","twitter_creator":"@cetysuni","twitter_site":"@cetysuni","twitter_misc":{"Escrito por":"CETYS Institucional","Tiempo de lectura":"1 minuto"},"schema":{"@context":"https:\/\/schema.org","@graph":[{"@type":"Article","@id":"https:\/\/www.cetys.mx\/noticias\/ftbol-rpido-y-tae-kwon-do-a-universiada\/#article","isPartOf":{"@id":"https:\/\/www.cetys.mx\/noticias\/ftbol-rpido-y-tae-kwon-do-a-universiada\/"},"author":{"name":"CETYS Institucional","@id":"https:\/\/www.cetys.mx\/noticias\/#\/schema\/person\/e9d2b35265b64aa454df57a2828eb2ac"},"headline":"F\u00fatbol r\u00e1pido y Tae Kwon Do a Universiada","datePublished":"2014-04-11T07:00:00+00:00","dateModified":"2016-08-07T22:48:21+00:00","mainEntityOfPage":{"@id":"https:\/\/www.cetys.mx\/noticias\/ftbol-rpido-y-tae-kwon-do-a-universiada\/"},"wordCount":143,"commentCount":0,"image":{"@id":"https:\/\/www.cetys.mx\/noticias\/ftbol-rpido-y-tae-kwon-do-a-universiada\/#primaryimage"},"thumbnailUrl":"https:\/\/www.cetys.mx\/noticias\/wp-content\/uploads\/2016\/02\/universiada1_gde3.jpg","articleSection":["Vida Estudiantil"],"inLanguage":"es","potentialAction":[{"@type":"CommentAction","name":"Comment","target":["https:\/\/www.cetys.mx\/noticias\/ftbol-rpido-y-tae-kwon-do-a-universiada\/#respond"]}]},{"@type":"WebPage","@id":"https:\/\/www.cetys.mx\/noticias\/ftbol-rpido-y-tae-kwon-do-a-universiada\/","url":"https:\/\/www.cetys.mx\/noticias\/ftbol-rpido-y-tae-kwon-do-a-universiada\/","name":"F\u00fatbol r\u00e1pido y Tae Kwon Do a Universiada - CETYS","isPartOf":{"@id":"https:\/\/www.cetys.mx\/noticias\/#website"},"primaryImageOfPage":{"@id":"https:\/\/www.cetys.mx\/noticias\/ftbol-rpido-y-tae-kwon-do-a-universiada\/#primaryimage"},"image":{"@id":"https:\/\/www.cetys.mx\/noticias\/ftbol-rpido-y-tae-kwon-do-a-universiada\/#primaryimage"},"thumbnailUrl":"https:\/\/www.cetys.mx\/noticias\/wp-content\/uploads\/2016\/02\/universiada1_gde3.jpg","datePublished":"2014-04-11T07:00:00+00:00","dateModified":"2016-08-07T22:48:21+00:00","author":{"@id":"https:\/\/www.cetys.mx\/noticias\/#\/schema\/person\/e9d2b35265b64aa454df57a2828eb2ac"},"description":"Articulo sobre F\u00fatbol r\u00e1pido y Tae Kwon Do a Universiada","breadcrumb":{"@id":"https:\/\/www.cetys.mx\/noticias\/ftbol-rpido-y-tae-kwon-do-a-universiada\/#breadcrumb"},"inLanguage":"es","potentialAction":[{"@type":"ReadAction","target":["https:\/\/www.cetys.mx\/noticias\/ftbol-rpido-y-tae-kwon-do-a-universiada\/"]}]},{"@type":"ImageObject","inLanguage":"es","@id":"https:\/\/www.cetys.mx\/noticias\/ftbol-rpido-y-tae-kwon-do-a-universiada\/#primaryimage","url":"https:\/\/www.cetys.mx\/noticias\/wp-content\/uploads\/2016\/02\/universiada1_gde3.jpg","contentUrl":"https:\/\/www.cetys.mx\/noticias\/wp-content\/uploads\/2016\/02\/universiada1_gde3.jpg","width":500,"height":379},{"@type":"BreadcrumbList","@id":"https:\/\/www.cetys.mx\/noticias\/ftbol-rpido-y-tae-kwon-do-a-universiada\/#breadcrumb","itemListElement":[{"@type":"ListItem","position":1,"name":"Inicio","item":"https:\/\/www.cetys.mx\/noticias\/"},{"@type":"ListItem","position":2,"name":"F\u00fatbol r\u00e1pido y Tae Kwon Do a Universiada"}]},{"@type":"WebSite","@id":"https:\/\/www.cetys.mx\/noticias\/#website","url":"https:\/\/www.cetys.mx\/noticias\/","name":"CETYS","description":"","potentialAction":[{"@type":"SearchAction","target":{"@type":"EntryPoint","urlTemplate":"https:\/\/www.cetys.mx\/noticias\/?s={search_term_string}"},"query-input":{"@type":"PropertyValueSpecification","valueRequired":true,"valueName":"search_term_string"}}],"inLanguage":"es"},{"@type":"Person","@id":"https:\/\/www.cetys.mx\/noticias\/#\/schema\/person\/e9d2b35265b64aa454df57a2828eb2ac","name":"CETYS Institucional","url":"https:\/\/www.cetys.mx\/noticias\/author\/cetysinstitucional\/"}]}},"_links":{"self":[{"href":"https:\/\/www.cetys.mx\/noticias\/wp-json\/wp\/v2\/posts\/39625","targetHints":{"allow":["GET"]}}],"collection":[{"href":"https:\/\/www.cetys.mx\/noticias\/wp-json\/wp\/v2\/posts"}],"about":[{"href":"https:\/\/www.cetys.mx\/noticias\/wp-json\/wp\/v2\/types\/post"}],"author":[{"embeddable":true,"href":"https:\/\/www.cetys.mx\/noticias\/wp-json\/wp\/v2\/users\/26"}],"replies":[{"embeddable":true,"href":"https:\/\/www.cetys.mx\/noticias\/wp-json\/wp\/v2\/comments?post=39625"}],"version-history":[{"count":0,"href":"https:\/\/www.cetys.mx\/noticias\/wp-json\/wp\/v2\/posts\/39625\/revisions"}],"wp:featuredmedia":[{"embeddable":true,"href":"https:\/\/www.cetys.mx\/noticias\/wp-json\/wp\/v2\/media\/39626"}],"wp:attachment":[{"href":"https:\/\/www.cetys.mx\/noticias\/wp-json\/wp\/v2\/media?parent=39625"}],"wp:term":[{"taxonomy":"category","embeddable":true,"href":"https:\/\/www.cetys.mx\/noticias\/wp-json\/wp\/v2\/categories?post=39625"},{"taxonomy":"post_tag","embeddable":true,"href":"https:\/\/www.cetys.mx\/noticias\/wp-json\/wp\/v2\/tags?post=39625"}],"curies":[{"name":"wp","href":"https:\/\/api.w.org\/{rel}","templated":true}]}}