{"id":39064,"date":"2014-05-23T00:00:00","date_gmt":"2014-05-23T07:00:00","guid":{"rendered":"http:\/\/vocetys.mx\/viven-da-del-psiclogo\/"},"modified":"2016-07-14T20:37:59","modified_gmt":"2016-07-15T03:37:59","slug":"viven-da-del-psiclogo","status":"publish","type":"post","link":"https:\/\/www.cetys.mx\/noticias\/viven-da-del-psiclogo\/","title":{"rendered":"Viven D\u00eda del Psic\u00f3logo"},"content":{"rendered":"<p>En el marco del D&iacute;a del Psic&oacute;logo, festejado el 20 de mayo, la Escuela de Psicolog&iacute;a de CETYS Universidad realiz&oacute; una serie de actividades en apoyo a la comunidad. Entre las acciones realizadas se encontraron tres talleres impartidos en la localidad, una entrega de despensas, una conferencia y un convivio en el que participaron los estudiantes de las cuatro especialidades: Psicolog&iacute;a Infantil, Cl&iacute;nica, Educativa y Organizacional. En la Secundaria 60, se ofreci&oacute; el &quot;Taller de prevenci&oacute;n de violencia en el noviazgo&quot;, mientras que en la Capilla de Valle del &Aacute;lamo se llev&oacute; a cabo el  &quot;Taller de prevenci&oacute;n de violencia en la familia&quot; y la entrega de despensas. Adem&aacute;s, en la primaria Corregidora de Quer&eacute;taro, los futuros psic&oacute;logos dieron el &quot;Taller de sexualidad infantil&quot;, bajo la supervisi&oacute;n de sus maestros.Por la tarde se efectu&oacute; dentro de la instituci&oacute;n la Conferencia: &quot;Psic&oacute;logo y psicoterapeuta &iquest;es lo mismo?&quot;, por el Mtro. Eleazar Cervantes. El experto explic&oacute; que el entrenamiento y campo laboral son distintos, adem&aacute;s coment&oacute; a los asistentes sobre los exigentes requisitos y altos est&aacute;ndares &eacute;ticos sobre la profesi&oacute;n. &quot;El ejercicio de la psicolog&iacute;a puede ser tan diverso y tan &uacute;til que es una pena que la mayor&iacute;a de las personas identifican al psic&oacute;logo solo c&oacute;mo terapeuta; es decir psicolog&iacute;a y psicoterapia no son lo mismo&quot;, abund&oacute;.<\/p>\n","protected":false},"excerpt":{"rendered":"<p>En el marco del D&iacute;a del Psic&oacute;logo, festejado el 20 de mayo, la Escuela de Psicolog&iacute;a de CETYS Universidad realiz&oacute; una serie&#8230;<\/p>\n","protected":false},"author":26,"featured_media":39065,"comment_status":"open","ping_status":"open","sticky":false,"template":"","format":"standard","meta":{"footnotes":""},"categories":[110],"tags":[],"class_list":["post-39064","post","type-post","status-publish","format-standard","has-post-thumbnail","hentry","category-academia"],"yoast_head":"<!-- This site is optimized with the Yoast SEO plugin v27.4 - https:\/\/yoast.com\/product\/yoast-seo-wordpress\/ -->\n<title>Viven D\u00eda del Psic\u00f3logo - CETYS<\/title>\n<meta name=\"description\" content=\"Articulo sobre Viven D\u00eda del Psic\u00f3logo\" \/>\n<meta name=\"robots\" content=\"index, follow, max-snippet:-1, max-image-preview:large, max-video-preview:-1\" \/>\n<link rel=\"canonical\" href=\"https:\/\/www.cetys.mx\/noticias\/viven-da-del-psiclogo\/\" \/>\n<meta property=\"og:locale\" content=\"es_MX\" \/>\n<meta property=\"og:type\" content=\"article\" \/>\n<meta property=\"og:title\" content=\"Viven D\u00eda del Psic\u00f3logo - CETYS\" \/>\n<meta property=\"og:description\" content=\"Articulo sobre Viven D\u00eda del Psic\u00f3logo\" \/>\n<meta property=\"og:url\" content=\"https:\/\/www.cetys.mx\/noticias\/viven-da-del-psiclogo\/\" \/>\n<meta property=\"og:site_name\" content=\"CETYS\" \/>\n<meta property=\"article:publisher\" content=\"https:\/\/www.facebook.com\/cetysuniversidadmxl\/\" \/>\n<meta property=\"article:published_time\" content=\"2014-05-23T07:00:00+00:00\" \/>\n<meta property=\"article:modified_time\" content=\"2016-07-15T03:37:59+00:00\" \/>\n<meta property=\"og:image\" content=\"https:\/\/www.cetys.mx\/noticias\/wp-content\/uploads\/2016\/02\/psicologo1_gde.jpg\" \/>\n\t<meta property=\"og:image:width\" content=\"500\" \/>\n\t<meta property=\"og:image:height\" content=\"388\" \/>\n\t<meta property=\"og:image:type\" content=\"image\/jpeg\" \/>\n<meta name=\"author\" content=\"CETYS Institucional\" \/>\n<meta name=\"twitter:card\" content=\"summary_large_image\" \/>\n<meta name=\"twitter:creator\" content=\"@cetysuni\" \/>\n<meta name=\"twitter:site\" content=\"@cetysuni\" \/>\n<meta name=\"twitter:label1\" content=\"Escrito por\" \/>\n\t<meta name=\"twitter:data1\" content=\"CETYS Institucional\" \/>\n\t<meta name=\"twitter:label2\" content=\"Tiempo de lectura\" \/>\n\t<meta name=\"twitter:data2\" content=\"1 minuto\" \/>\n<script type=\"application\/ld+json\" class=\"yoast-schema-graph\">{\"@context\":\"https:\\\/\\\/schema.org\",\"@graph\":[{\"@type\":\"Article\",\"@id\":\"https:\\\/\\\/www.cetys.mx\\\/noticias\\\/viven-da-del-psiclogo\\\/#article\",\"isPartOf\":{\"@id\":\"https:\\\/\\\/www.cetys.mx\\\/noticias\\\/viven-da-del-psiclogo\\\/\"},\"author\":{\"name\":\"CETYS Institucional\",\"@id\":\"https:\\\/\\\/www.cetys.mx\\\/noticias\\\/#\\\/schema\\\/person\\\/e9d2b35265b64aa454df57a2828eb2ac\"},\"headline\":\"Viven D\u00eda del Psic\u00f3logo\",\"datePublished\":\"2014-05-23T07:00:00+00:00\",\"dateModified\":\"2016-07-15T03:37:59+00:00\",\"mainEntityOfPage\":{\"@id\":\"https:\\\/\\\/www.cetys.mx\\\/noticias\\\/viven-da-del-psiclogo\\\/\"},\"wordCount\":284,\"commentCount\":0,\"image\":{\"@id\":\"https:\\\/\\\/www.cetys.mx\\\/noticias\\\/viven-da-del-psiclogo\\\/#primaryimage\"},\"thumbnailUrl\":\"https:\\\/\\\/www.cetys.mx\\\/noticias\\\/wp-content\\\/uploads\\\/2016\\\/02\\\/psicologo1_gde.jpg\",\"articleSection\":[\"Academia\"],\"inLanguage\":\"es\",\"potentialAction\":[{\"@type\":\"CommentAction\",\"name\":\"Comment\",\"target\":[\"https:\\\/\\\/www.cetys.mx\\\/noticias\\\/viven-da-del-psiclogo\\\/#respond\"]}]},{\"@type\":\"WebPage\",\"@id\":\"https:\\\/\\\/www.cetys.mx\\\/noticias\\\/viven-da-del-psiclogo\\\/\",\"url\":\"https:\\\/\\\/www.cetys.mx\\\/noticias\\\/viven-da-del-psiclogo\\\/\",\"name\":\"Viven D\u00eda del Psic\u00f3logo - CETYS\",\"isPartOf\":{\"@id\":\"https:\\\/\\\/www.cetys.mx\\\/noticias\\\/#website\"},\"primaryImageOfPage\":{\"@id\":\"https:\\\/\\\/www.cetys.mx\\\/noticias\\\/viven-da-del-psiclogo\\\/#primaryimage\"},\"image\":{\"@id\":\"https:\\\/\\\/www.cetys.mx\\\/noticias\\\/viven-da-del-psiclogo\\\/#primaryimage\"},\"thumbnailUrl\":\"https:\\\/\\\/www.cetys.mx\\\/noticias\\\/wp-content\\\/uploads\\\/2016\\\/02\\\/psicologo1_gde.jpg\",\"datePublished\":\"2014-05-23T07:00:00+00:00\",\"dateModified\":\"2016-07-15T03:37:59+00:00\",\"author\":{\"@id\":\"https:\\\/\\\/www.cetys.mx\\\/noticias\\\/#\\\/schema\\\/person\\\/e9d2b35265b64aa454df57a2828eb2ac\"},\"description\":\"Articulo sobre Viven D\u00eda del Psic\u00f3logo\",\"breadcrumb\":{\"@id\":\"https:\\\/\\\/www.cetys.mx\\\/noticias\\\/viven-da-del-psiclogo\\\/#breadcrumb\"},\"inLanguage\":\"es\",\"potentialAction\":[{\"@type\":\"ReadAction\",\"target\":[\"https:\\\/\\\/www.cetys.mx\\\/noticias\\\/viven-da-del-psiclogo\\\/\"]}]},{\"@type\":\"ImageObject\",\"inLanguage\":\"es\",\"@id\":\"https:\\\/\\\/www.cetys.mx\\\/noticias\\\/viven-da-del-psiclogo\\\/#primaryimage\",\"url\":\"https:\\\/\\\/www.cetys.mx\\\/noticias\\\/wp-content\\\/uploads\\\/2016\\\/02\\\/psicologo1_gde.jpg\",\"contentUrl\":\"https:\\\/\\\/www.cetys.mx\\\/noticias\\\/wp-content\\\/uploads\\\/2016\\\/02\\\/psicologo1_gde.jpg\",\"width\":500,\"height\":388},{\"@type\":\"BreadcrumbList\",\"@id\":\"https:\\\/\\\/www.cetys.mx\\\/noticias\\\/viven-da-del-psiclogo\\\/#breadcrumb\",\"itemListElement\":[{\"@type\":\"ListItem\",\"position\":1,\"name\":\"Inicio\",\"item\":\"https:\\\/\\\/www.cetys.mx\\\/noticias\\\/\"},{\"@type\":\"ListItem\",\"position\":2,\"name\":\"Viven D\u00eda del Psic\u00f3logo\"}]},{\"@type\":\"WebSite\",\"@id\":\"https:\\\/\\\/www.cetys.mx\\\/noticias\\\/#website\",\"url\":\"https:\\\/\\\/www.cetys.mx\\\/noticias\\\/\",\"name\":\"CETYS\",\"description\":\"\",\"potentialAction\":[{\"@type\":\"SearchAction\",\"target\":{\"@type\":\"EntryPoint\",\"urlTemplate\":\"https:\\\/\\\/www.cetys.mx\\\/noticias\\\/?s={search_term_string}\"},\"query-input\":{\"@type\":\"PropertyValueSpecification\",\"valueRequired\":true,\"valueName\":\"search_term_string\"}}],\"inLanguage\":\"es\"},{\"@type\":\"Person\",\"@id\":\"https:\\\/\\\/www.cetys.mx\\\/noticias\\\/#\\\/schema\\\/person\\\/e9d2b35265b64aa454df57a2828eb2ac\",\"name\":\"CETYS Institucional\",\"url\":\"https:\\\/\\\/www.cetys.mx\\\/noticias\\\/author\\\/cetysinstitucional\\\/\"}]}<\/script>\n<!-- \/ Yoast SEO plugin. -->","yoast_head_json":{"title":"Viven D\u00eda del Psic\u00f3logo - CETYS","description":"Articulo sobre Viven D\u00eda del Psic\u00f3logo","robots":{"index":"index","follow":"follow","max-snippet":"max-snippet:-1","max-image-preview":"max-image-preview:large","max-video-preview":"max-video-preview:-1"},"canonical":"https:\/\/www.cetys.mx\/noticias\/viven-da-del-psiclogo\/","og_locale":"es_MX","og_type":"article","og_title":"Viven D\u00eda del Psic\u00f3logo - CETYS","og_description":"Articulo sobre Viven D\u00eda del Psic\u00f3logo","og_url":"https:\/\/www.cetys.mx\/noticias\/viven-da-del-psiclogo\/","og_site_name":"CETYS","article_publisher":"https:\/\/www.facebook.com\/cetysuniversidadmxl\/","article_published_time":"2014-05-23T07:00:00+00:00","article_modified_time":"2016-07-15T03:37:59+00:00","og_image":[{"width":500,"height":388,"url":"https:\/\/www.cetys.mx\/noticias\/wp-content\/uploads\/2016\/02\/psicologo1_gde.jpg","type":"image\/jpeg"}],"author":"CETYS Institucional","twitter_card":"summary_large_image","twitter_creator":"@cetysuni","twitter_site":"@cetysuni","twitter_misc":{"Escrito por":"CETYS Institucional","Tiempo de lectura":"1 minuto"},"schema":{"@context":"https:\/\/schema.org","@graph":[{"@type":"Article","@id":"https:\/\/www.cetys.mx\/noticias\/viven-da-del-psiclogo\/#article","isPartOf":{"@id":"https:\/\/www.cetys.mx\/noticias\/viven-da-del-psiclogo\/"},"author":{"name":"CETYS Institucional","@id":"https:\/\/www.cetys.mx\/noticias\/#\/schema\/person\/e9d2b35265b64aa454df57a2828eb2ac"},"headline":"Viven D\u00eda del Psic\u00f3logo","datePublished":"2014-05-23T07:00:00+00:00","dateModified":"2016-07-15T03:37:59+00:00","mainEntityOfPage":{"@id":"https:\/\/www.cetys.mx\/noticias\/viven-da-del-psiclogo\/"},"wordCount":284,"commentCount":0,"image":{"@id":"https:\/\/www.cetys.mx\/noticias\/viven-da-del-psiclogo\/#primaryimage"},"thumbnailUrl":"https:\/\/www.cetys.mx\/noticias\/wp-content\/uploads\/2016\/02\/psicologo1_gde.jpg","articleSection":["Academia"],"inLanguage":"es","potentialAction":[{"@type":"CommentAction","name":"Comment","target":["https:\/\/www.cetys.mx\/noticias\/viven-da-del-psiclogo\/#respond"]}]},{"@type":"WebPage","@id":"https:\/\/www.cetys.mx\/noticias\/viven-da-del-psiclogo\/","url":"https:\/\/www.cetys.mx\/noticias\/viven-da-del-psiclogo\/","name":"Viven D\u00eda del Psic\u00f3logo - CETYS","isPartOf":{"@id":"https:\/\/www.cetys.mx\/noticias\/#website"},"primaryImageOfPage":{"@id":"https:\/\/www.cetys.mx\/noticias\/viven-da-del-psiclogo\/#primaryimage"},"image":{"@id":"https:\/\/www.cetys.mx\/noticias\/viven-da-del-psiclogo\/#primaryimage"},"thumbnailUrl":"https:\/\/www.cetys.mx\/noticias\/wp-content\/uploads\/2016\/02\/psicologo1_gde.jpg","datePublished":"2014-05-23T07:00:00+00:00","dateModified":"2016-07-15T03:37:59+00:00","author":{"@id":"https:\/\/www.cetys.mx\/noticias\/#\/schema\/person\/e9d2b35265b64aa454df57a2828eb2ac"},"description":"Articulo sobre Viven D\u00eda del Psic\u00f3logo","breadcrumb":{"@id":"https:\/\/www.cetys.mx\/noticias\/viven-da-del-psiclogo\/#breadcrumb"},"inLanguage":"es","potentialAction":[{"@type":"ReadAction","target":["https:\/\/www.cetys.mx\/noticias\/viven-da-del-psiclogo\/"]}]},{"@type":"ImageObject","inLanguage":"es","@id":"https:\/\/www.cetys.mx\/noticias\/viven-da-del-psiclogo\/#primaryimage","url":"https:\/\/www.cetys.mx\/noticias\/wp-content\/uploads\/2016\/02\/psicologo1_gde.jpg","contentUrl":"https:\/\/www.cetys.mx\/noticias\/wp-content\/uploads\/2016\/02\/psicologo1_gde.jpg","width":500,"height":388},{"@type":"BreadcrumbList","@id":"https:\/\/www.cetys.mx\/noticias\/viven-da-del-psiclogo\/#breadcrumb","itemListElement":[{"@type":"ListItem","position":1,"name":"Inicio","item":"https:\/\/www.cetys.mx\/noticias\/"},{"@type":"ListItem","position":2,"name":"Viven D\u00eda del Psic\u00f3logo"}]},{"@type":"WebSite","@id":"https:\/\/www.cetys.mx\/noticias\/#website","url":"https:\/\/www.cetys.mx\/noticias\/","name":"CETYS","description":"","potentialAction":[{"@type":"SearchAction","target":{"@type":"EntryPoint","urlTemplate":"https:\/\/www.cetys.mx\/noticias\/?s={search_term_string}"},"query-input":{"@type":"PropertyValueSpecification","valueRequired":true,"valueName":"search_term_string"}}],"inLanguage":"es"},{"@type":"Person","@id":"https:\/\/www.cetys.mx\/noticias\/#\/schema\/person\/e9d2b35265b64aa454df57a2828eb2ac","name":"CETYS Institucional","url":"https:\/\/www.cetys.mx\/noticias\/author\/cetysinstitucional\/"}]}},"_links":{"self":[{"href":"https:\/\/www.cetys.mx\/noticias\/wp-json\/wp\/v2\/posts\/39064","targetHints":{"allow":["GET"]}}],"collection":[{"href":"https:\/\/www.cetys.mx\/noticias\/wp-json\/wp\/v2\/posts"}],"about":[{"href":"https:\/\/www.cetys.mx\/noticias\/wp-json\/wp\/v2\/types\/post"}],"author":[{"embeddable":true,"href":"https:\/\/www.cetys.mx\/noticias\/wp-json\/wp\/v2\/users\/26"}],"replies":[{"embeddable":true,"href":"https:\/\/www.cetys.mx\/noticias\/wp-json\/wp\/v2\/comments?post=39064"}],"version-history":[{"count":0,"href":"https:\/\/www.cetys.mx\/noticias\/wp-json\/wp\/v2\/posts\/39064\/revisions"}],"wp:featuredmedia":[{"embeddable":true,"href":"https:\/\/www.cetys.mx\/noticias\/wp-json\/wp\/v2\/media\/39065"}],"wp:attachment":[{"href":"https:\/\/www.cetys.mx\/noticias\/wp-json\/wp\/v2\/media?parent=39064"}],"wp:term":[{"taxonomy":"category","embeddable":true,"href":"https:\/\/www.cetys.mx\/noticias\/wp-json\/wp\/v2\/categories?post=39064"},{"taxonomy":"post_tag","embeddable":true,"href":"https:\/\/www.cetys.mx\/noticias\/wp-json\/wp\/v2\/tags?post=39064"}],"curies":[{"name":"wp","href":"https:\/\/api.w.org\/{rel}","templated":true}]}}