{"id":38171,"date":"2010-02-23T00:00:00","date_gmt":"2010-02-23T08:00:00","guid":{"rendered":"http:\/\/vocetys.mx\/rector-del-cetys-es-lder-en-educacin\/"},"modified":"2016-08-07T15:03:43","modified_gmt":"2016-08-07T22:03:43","slug":"rector-del-cetys-es-lder-en-educacin","status":"publish","type":"post","link":"https:\/\/www.cetys.mx\/noticias\/rector-del-cetys-es-lder-en-educacin\/","title":{"rendered":"Rector del CETYS es L\u00edder en Educaci\u00f3n"},"content":{"rendered":"<p>&nbsp;El Dr. Fernando Le&oacute;n Garc&iacute;a, Rector del Sistema CETYS Universidad, fue reconocido como uno de los 40 L&iacute;deres en la&nbsp; Educaci&oacute;n, dicho reconocimiento fue otorgado por la Revista de circulaci&oacute;n&nbsp; nacional L&iacute;deres Mexicanos, en su reciente edici&oacute;n de febrero 2010, la cual resalta su gran experiencia acad&eacute;mica internacional y que es el primer egresado de CETYS en asumir la Rector&iacute;a de la Instituci&oacute;n. A decir de la publicaci&oacute;n, esta distinci&oacute;n se otorga a los dirigentes que han hecho eco en los &uacute;ltimos meses en el &aacute;mbito educativo, y ciertamente su nombre ha estado ligado a importantes acontecimientos en este &aacute;mbito ya que logr&oacute;, a escasas semanas de iniciar su gesti&oacute;n, que se realizaran los Paneles de Rectores: Visi&oacute;n 2020, en los que participaron importantes dirigentes de Instituciones de Nivel Superior de todo el mundo, abordando los temas de la Universidad ante el Reto de la Calidad; la Universidad en el Entorno Global: Retos y Perspectivas; la Universidad como una Organizaci&oacute;n de Aprendizaje y&nbsp; la Dimensi&oacute;n Social de la Universidad: Sustentabilidad y Desarrollo.&nbsp; Esto fue posible gracias a su visi&oacute;n global, enriquecida por su experiencia en instituciones y organismos extranjeros, tales como Presidente del Phoenix Institute for Professional Education (PIPE) y Rector de la Divisi&oacute;n Internacional de City University, dicha visi&oacute;n converge y refuerza el matiz&nbsp; de internacionalizaci&oacute;n impulsado por CETYS Universidad.<\/p>\n","protected":false},"excerpt":{"rendered":"<p>&nbsp;El Dr. Fernando Le&oacute;n Garc&iacute;a, Rector del Sistema CETYS Universidad, fue reconocido como uno de los 40 L&iacute;deres en la&nbsp; Educaci&oacute;n, dicho&#8230;<\/p>\n","protected":false},"author":26,"featured_media":32702,"comment_status":"open","ping_status":"open","sticky":false,"template":"","format":"standard","meta":{"footnotes":""},"categories":[209],"tags":[],"class_list":["post-38171","post","type-post","status-publish","format-standard","has-post-thumbnail","hentry","category-institucional"],"yoast_head":"<!-- This site is optimized with the Yoast SEO plugin v27.4 - https:\/\/yoast.com\/product\/yoast-seo-wordpress\/ -->\n<title>Rector del CETYS es L\u00edder en Educaci\u00f3n - CETYS<\/title>\n<meta name=\"description\" content=\"Articulo sobre Rector del CETYS es L\u00edder en Educaci\u00f3n\" \/>\n<meta name=\"robots\" content=\"index, follow, max-snippet:-1, max-image-preview:large, max-video-preview:-1\" \/>\n<link rel=\"canonical\" href=\"https:\/\/www.cetys.mx\/noticias\/rector-del-cetys-es-lder-en-educacin\/\" \/>\n<meta property=\"og:locale\" content=\"es_MX\" \/>\n<meta property=\"og:type\" content=\"article\" \/>\n<meta property=\"og:title\" content=\"Rector del CETYS es L\u00edder en Educaci\u00f3n - CETYS\" \/>\n<meta property=\"og:description\" content=\"Articulo sobre Rector del CETYS es L\u00edder en Educaci\u00f3n\" \/>\n<meta property=\"og:url\" content=\"https:\/\/www.cetys.mx\/noticias\/rector-del-cetys-es-lder-en-educacin\/\" \/>\n<meta property=\"og:site_name\" content=\"CETYS\" \/>\n<meta property=\"article:publisher\" content=\"https:\/\/www.facebook.com\/cetysuniversidadmxl\/\" \/>\n<meta property=\"article:published_time\" content=\"2010-02-23T08:00:00+00:00\" \/>\n<meta property=\"article:modified_time\" content=\"2016-08-07T22:03:43+00:00\" \/>\n<meta property=\"og:image\" content=\"https:\/\/www.cetys.mx\/noticias\/wp-content\/uploads\/2016\/02\/lideres_gde.jpg\" \/>\n\t<meta property=\"og:image:width\" content=\"362\" \/>\n\t<meta property=\"og:image:height\" content=\"500\" \/>\n\t<meta property=\"og:image:type\" content=\"image\/jpeg\" \/>\n<meta name=\"author\" content=\"CETYS Institucional\" \/>\n<meta name=\"twitter:card\" content=\"summary_large_image\" \/>\n<meta name=\"twitter:creator\" content=\"@cetysuni\" \/>\n<meta name=\"twitter:site\" content=\"@cetysuni\" \/>\n<meta name=\"twitter:label1\" content=\"Escrito por\" \/>\n\t<meta name=\"twitter:data1\" content=\"CETYS Institucional\" \/>\n\t<meta name=\"twitter:label2\" content=\"Tiempo de lectura\" \/>\n\t<meta name=\"twitter:data2\" content=\"1 minuto\" \/>\n<script type=\"application\/ld+json\" class=\"yoast-schema-graph\">{\"@context\":\"https:\\\/\\\/schema.org\",\"@graph\":[{\"@type\":\"Article\",\"@id\":\"https:\\\/\\\/www.cetys.mx\\\/noticias\\\/rector-del-cetys-es-lder-en-educacin\\\/#article\",\"isPartOf\":{\"@id\":\"https:\\\/\\\/www.cetys.mx\\\/noticias\\\/rector-del-cetys-es-lder-en-educacin\\\/\"},\"author\":{\"name\":\"CETYS Institucional\",\"@id\":\"https:\\\/\\\/www.cetys.mx\\\/noticias\\\/#\\\/schema\\\/person\\\/e9d2b35265b64aa454df57a2828eb2ac\"},\"headline\":\"Rector del CETYS es L\u00edder en Educaci\u00f3n\",\"datePublished\":\"2010-02-23T08:00:00+00:00\",\"dateModified\":\"2016-08-07T22:03:43+00:00\",\"mainEntityOfPage\":{\"@id\":\"https:\\\/\\\/www.cetys.mx\\\/noticias\\\/rector-del-cetys-es-lder-en-educacin\\\/\"},\"wordCount\":277,\"commentCount\":0,\"image\":{\"@id\":\"https:\\\/\\\/www.cetys.mx\\\/noticias\\\/rector-del-cetys-es-lder-en-educacin\\\/#primaryimage\"},\"thumbnailUrl\":\"https:\\\/\\\/www.cetys.mx\\\/noticias\\\/wp-content\\\/uploads\\\/2016\\\/02\\\/lideres_gde.jpg\",\"articleSection\":[\"Institucional\"],\"inLanguage\":\"es\",\"potentialAction\":[{\"@type\":\"CommentAction\",\"name\":\"Comment\",\"target\":[\"https:\\\/\\\/www.cetys.mx\\\/noticias\\\/rector-del-cetys-es-lder-en-educacin\\\/#respond\"]}]},{\"@type\":\"WebPage\",\"@id\":\"https:\\\/\\\/www.cetys.mx\\\/noticias\\\/rector-del-cetys-es-lder-en-educacin\\\/\",\"url\":\"https:\\\/\\\/www.cetys.mx\\\/noticias\\\/rector-del-cetys-es-lder-en-educacin\\\/\",\"name\":\"Rector del CETYS es L\u00edder en Educaci\u00f3n - CETYS\",\"isPartOf\":{\"@id\":\"https:\\\/\\\/www.cetys.mx\\\/noticias\\\/#website\"},\"primaryImageOfPage\":{\"@id\":\"https:\\\/\\\/www.cetys.mx\\\/noticias\\\/rector-del-cetys-es-lder-en-educacin\\\/#primaryimage\"},\"image\":{\"@id\":\"https:\\\/\\\/www.cetys.mx\\\/noticias\\\/rector-del-cetys-es-lder-en-educacin\\\/#primaryimage\"},\"thumbnailUrl\":\"https:\\\/\\\/www.cetys.mx\\\/noticias\\\/wp-content\\\/uploads\\\/2016\\\/02\\\/lideres_gde.jpg\",\"datePublished\":\"2010-02-23T08:00:00+00:00\",\"dateModified\":\"2016-08-07T22:03:43+00:00\",\"author\":{\"@id\":\"https:\\\/\\\/www.cetys.mx\\\/noticias\\\/#\\\/schema\\\/person\\\/e9d2b35265b64aa454df57a2828eb2ac\"},\"description\":\"Articulo sobre Rector del CETYS es L\u00edder en Educaci\u00f3n\",\"breadcrumb\":{\"@id\":\"https:\\\/\\\/www.cetys.mx\\\/noticias\\\/rector-del-cetys-es-lder-en-educacin\\\/#breadcrumb\"},\"inLanguage\":\"es\",\"potentialAction\":[{\"@type\":\"ReadAction\",\"target\":[\"https:\\\/\\\/www.cetys.mx\\\/noticias\\\/rector-del-cetys-es-lder-en-educacin\\\/\"]}]},{\"@type\":\"ImageObject\",\"inLanguage\":\"es\",\"@id\":\"https:\\\/\\\/www.cetys.mx\\\/noticias\\\/rector-del-cetys-es-lder-en-educacin\\\/#primaryimage\",\"url\":\"https:\\\/\\\/www.cetys.mx\\\/noticias\\\/wp-content\\\/uploads\\\/2016\\\/02\\\/lideres_gde.jpg\",\"contentUrl\":\"https:\\\/\\\/www.cetys.mx\\\/noticias\\\/wp-content\\\/uploads\\\/2016\\\/02\\\/lideres_gde.jpg\",\"width\":362,\"height\":500},{\"@type\":\"BreadcrumbList\",\"@id\":\"https:\\\/\\\/www.cetys.mx\\\/noticias\\\/rector-del-cetys-es-lder-en-educacin\\\/#breadcrumb\",\"itemListElement\":[{\"@type\":\"ListItem\",\"position\":1,\"name\":\"Inicio\",\"item\":\"https:\\\/\\\/www.cetys.mx\\\/noticias\\\/\"},{\"@type\":\"ListItem\",\"position\":2,\"name\":\"Rector del CETYS es L\u00edder en Educaci\u00f3n\"}]},{\"@type\":\"WebSite\",\"@id\":\"https:\\\/\\\/www.cetys.mx\\\/noticias\\\/#website\",\"url\":\"https:\\\/\\\/www.cetys.mx\\\/noticias\\\/\",\"name\":\"CETYS\",\"description\":\"\",\"potentialAction\":[{\"@type\":\"SearchAction\",\"target\":{\"@type\":\"EntryPoint\",\"urlTemplate\":\"https:\\\/\\\/www.cetys.mx\\\/noticias\\\/?s={search_term_string}\"},\"query-input\":{\"@type\":\"PropertyValueSpecification\",\"valueRequired\":true,\"valueName\":\"search_term_string\"}}],\"inLanguage\":\"es\"},{\"@type\":\"Person\",\"@id\":\"https:\\\/\\\/www.cetys.mx\\\/noticias\\\/#\\\/schema\\\/person\\\/e9d2b35265b64aa454df57a2828eb2ac\",\"name\":\"CETYS Institucional\",\"url\":\"https:\\\/\\\/www.cetys.mx\\\/noticias\\\/author\\\/cetysinstitucional\\\/\"}]}<\/script>\n<!-- \/ Yoast SEO plugin. -->","yoast_head_json":{"title":"Rector del CETYS es L\u00edder en Educaci\u00f3n - CETYS","description":"Articulo sobre Rector del CETYS es L\u00edder en Educaci\u00f3n","robots":{"index":"index","follow":"follow","max-snippet":"max-snippet:-1","max-image-preview":"max-image-preview:large","max-video-preview":"max-video-preview:-1"},"canonical":"https:\/\/www.cetys.mx\/noticias\/rector-del-cetys-es-lder-en-educacin\/","og_locale":"es_MX","og_type":"article","og_title":"Rector del CETYS es L\u00edder en Educaci\u00f3n - CETYS","og_description":"Articulo sobre Rector del CETYS es L\u00edder en Educaci\u00f3n","og_url":"https:\/\/www.cetys.mx\/noticias\/rector-del-cetys-es-lder-en-educacin\/","og_site_name":"CETYS","article_publisher":"https:\/\/www.facebook.com\/cetysuniversidadmxl\/","article_published_time":"2010-02-23T08:00:00+00:00","article_modified_time":"2016-08-07T22:03:43+00:00","og_image":[{"width":362,"height":500,"url":"https:\/\/www.cetys.mx\/noticias\/wp-content\/uploads\/2016\/02\/lideres_gde.jpg","type":"image\/jpeg"}],"author":"CETYS Institucional","twitter_card":"summary_large_image","twitter_creator":"@cetysuni","twitter_site":"@cetysuni","twitter_misc":{"Escrito por":"CETYS Institucional","Tiempo de lectura":"1 minuto"},"schema":{"@context":"https:\/\/schema.org","@graph":[{"@type":"Article","@id":"https:\/\/www.cetys.mx\/noticias\/rector-del-cetys-es-lder-en-educacin\/#article","isPartOf":{"@id":"https:\/\/www.cetys.mx\/noticias\/rector-del-cetys-es-lder-en-educacin\/"},"author":{"name":"CETYS Institucional","@id":"https:\/\/www.cetys.mx\/noticias\/#\/schema\/person\/e9d2b35265b64aa454df57a2828eb2ac"},"headline":"Rector del CETYS es L\u00edder en Educaci\u00f3n","datePublished":"2010-02-23T08:00:00+00:00","dateModified":"2016-08-07T22:03:43+00:00","mainEntityOfPage":{"@id":"https:\/\/www.cetys.mx\/noticias\/rector-del-cetys-es-lder-en-educacin\/"},"wordCount":277,"commentCount":0,"image":{"@id":"https:\/\/www.cetys.mx\/noticias\/rector-del-cetys-es-lder-en-educacin\/#primaryimage"},"thumbnailUrl":"https:\/\/www.cetys.mx\/noticias\/wp-content\/uploads\/2016\/02\/lideres_gde.jpg","articleSection":["Institucional"],"inLanguage":"es","potentialAction":[{"@type":"CommentAction","name":"Comment","target":["https:\/\/www.cetys.mx\/noticias\/rector-del-cetys-es-lder-en-educacin\/#respond"]}]},{"@type":"WebPage","@id":"https:\/\/www.cetys.mx\/noticias\/rector-del-cetys-es-lder-en-educacin\/","url":"https:\/\/www.cetys.mx\/noticias\/rector-del-cetys-es-lder-en-educacin\/","name":"Rector del CETYS es L\u00edder en Educaci\u00f3n - CETYS","isPartOf":{"@id":"https:\/\/www.cetys.mx\/noticias\/#website"},"primaryImageOfPage":{"@id":"https:\/\/www.cetys.mx\/noticias\/rector-del-cetys-es-lder-en-educacin\/#primaryimage"},"image":{"@id":"https:\/\/www.cetys.mx\/noticias\/rector-del-cetys-es-lder-en-educacin\/#primaryimage"},"thumbnailUrl":"https:\/\/www.cetys.mx\/noticias\/wp-content\/uploads\/2016\/02\/lideres_gde.jpg","datePublished":"2010-02-23T08:00:00+00:00","dateModified":"2016-08-07T22:03:43+00:00","author":{"@id":"https:\/\/www.cetys.mx\/noticias\/#\/schema\/person\/e9d2b35265b64aa454df57a2828eb2ac"},"description":"Articulo sobre Rector del CETYS es L\u00edder en Educaci\u00f3n","breadcrumb":{"@id":"https:\/\/www.cetys.mx\/noticias\/rector-del-cetys-es-lder-en-educacin\/#breadcrumb"},"inLanguage":"es","potentialAction":[{"@type":"ReadAction","target":["https:\/\/www.cetys.mx\/noticias\/rector-del-cetys-es-lder-en-educacin\/"]}]},{"@type":"ImageObject","inLanguage":"es","@id":"https:\/\/www.cetys.mx\/noticias\/rector-del-cetys-es-lder-en-educacin\/#primaryimage","url":"https:\/\/www.cetys.mx\/noticias\/wp-content\/uploads\/2016\/02\/lideres_gde.jpg","contentUrl":"https:\/\/www.cetys.mx\/noticias\/wp-content\/uploads\/2016\/02\/lideres_gde.jpg","width":362,"height":500},{"@type":"BreadcrumbList","@id":"https:\/\/www.cetys.mx\/noticias\/rector-del-cetys-es-lder-en-educacin\/#breadcrumb","itemListElement":[{"@type":"ListItem","position":1,"name":"Inicio","item":"https:\/\/www.cetys.mx\/noticias\/"},{"@type":"ListItem","position":2,"name":"Rector del CETYS es L\u00edder en Educaci\u00f3n"}]},{"@type":"WebSite","@id":"https:\/\/www.cetys.mx\/noticias\/#website","url":"https:\/\/www.cetys.mx\/noticias\/","name":"CETYS","description":"","potentialAction":[{"@type":"SearchAction","target":{"@type":"EntryPoint","urlTemplate":"https:\/\/www.cetys.mx\/noticias\/?s={search_term_string}"},"query-input":{"@type":"PropertyValueSpecification","valueRequired":true,"valueName":"search_term_string"}}],"inLanguage":"es"},{"@type":"Person","@id":"https:\/\/www.cetys.mx\/noticias\/#\/schema\/person\/e9d2b35265b64aa454df57a2828eb2ac","name":"CETYS Institucional","url":"https:\/\/www.cetys.mx\/noticias\/author\/cetysinstitucional\/"}]}},"_links":{"self":[{"href":"https:\/\/www.cetys.mx\/noticias\/wp-json\/wp\/v2\/posts\/38171","targetHints":{"allow":["GET"]}}],"collection":[{"href":"https:\/\/www.cetys.mx\/noticias\/wp-json\/wp\/v2\/posts"}],"about":[{"href":"https:\/\/www.cetys.mx\/noticias\/wp-json\/wp\/v2\/types\/post"}],"author":[{"embeddable":true,"href":"https:\/\/www.cetys.mx\/noticias\/wp-json\/wp\/v2\/users\/26"}],"replies":[{"embeddable":true,"href":"https:\/\/www.cetys.mx\/noticias\/wp-json\/wp\/v2\/comments?post=38171"}],"version-history":[{"count":0,"href":"https:\/\/www.cetys.mx\/noticias\/wp-json\/wp\/v2\/posts\/38171\/revisions"}],"wp:featuredmedia":[{"embeddable":true,"href":"https:\/\/www.cetys.mx\/noticias\/wp-json\/wp\/v2\/media\/32702"}],"wp:attachment":[{"href":"https:\/\/www.cetys.mx\/noticias\/wp-json\/wp\/v2\/media?parent=38171"}],"wp:term":[{"taxonomy":"category","embeddable":true,"href":"https:\/\/www.cetys.mx\/noticias\/wp-json\/wp\/v2\/categories?post=38171"},{"taxonomy":"post_tag","embeddable":true,"href":"https:\/\/www.cetys.mx\/noticias\/wp-json\/wp\/v2\/tags?post=38171"}],"curies":[{"name":"wp","href":"https:\/\/api.w.org\/{rel}","templated":true}]}}