{"id":33624,"date":"2009-08-20T00:00:00","date_gmt":"2009-08-20T07:00:00","guid":{"rendered":"http:\/\/vocetys.mx\/se-abrir-curso-de-crdito-y-cobranza\/"},"modified":"2016-07-15T00:18:12","modified_gmt":"2016-07-15T07:18:12","slug":"se-abrir-curso-de-crdito-y-cobranza","status":"publish","type":"post","link":"https:\/\/www.cetys.mx\/noticias\/se-abrir-curso-de-crdito-y-cobranza\/","title":{"rendered":"Se Abrir\u00e1 Curso de Cr\u00e9dito y Cobranza"},"content":{"rendered":"<p>&nbsp; El Cr&eacute;dito es una herramienta importante para atraer a clientes y&nbsp; es vital para mejorar el flujo de efectivo, el cual facilita el desarrollo de los negocios. Lo anterior fue explicado por el C.P. Ren&eacute; De la Paz Vela, Gerente general de Agencia Arjona,&nbsp; el cual impartir&aacute; el Curso &quot;Pol&iacute;ticas de Cr&eacute;dito y Cobranza para Pymes&quot; iniciando el 26 de agosto en las instalaciones de CETYS Universidad. Explic&oacute; que la asignaci&oacute;n de cr&eacute;dito es vital y sobre todo el seguimiento del mismo donde debe existir una pol&iacute;tica muy puntual para llevarse a cabo y que el problema actual existente en las empresas es la falta de flujo de efectivo. El curso tendr&aacute; una duraci&oacute;n de 12 horas con un horario de 6:00 a 9:00 p.m. los mi&eacute;rcoles,&nbsp; presentando un contenido tem&aacute;tico enfocado en el Conocimiento del Cliente, el Cr&eacute;dito, la Cobranza, Clientes Morosos, Medios de cobranza, Controles, Cuestiones Legales y Cobranza judicial. Se cuenta con beca de egresado, pago de contado y grupo de 5 alumnos de la misma empresa. Para mayor informaci&oacute;n comunicarse al 646-1745095 exts. 163 y 144 y al correo cursos@ens.cetys.mx.Ren&eacute; De la Paz Vega es Contador P&uacute;blico egresado de CETYS Universidad, y actualmente estudia la Maestr&iacute;a en Contabilidad en la UABC. Es miembro del Colegio de Contadores P&uacute;blicos de Ensenada, A.C. y ha participado como docente en las &aacute;reas de Contabilidad Administrativa, Macroeconom&iacute;a Financiera, Finanzas Corporativas, Contabilidad de Costos y Macroeconom&iacute;a Financiera, entre otros.M&aacute;s informaci&oacute;n, has click aqu&iacute;<\/p>\n","protected":false},"excerpt":{"rendered":"<p>&nbsp; El Cr&eacute;dito es una herramienta importante para atraer a clientes y&nbsp; es vital para mejorar el flujo de efectivo, el cual&#8230;<\/p>\n","protected":false},"author":26,"featured_media":33625,"comment_status":"open","ping_status":"open","sticky":false,"template":"","format":"standard","meta":{"footnotes":""},"categories":[241],"tags":[],"class_list":["post-33624","post","type-post","status-publish","format-standard","has-post-thumbnail","hentry","category-educacion-continua"],"yoast_head":"<!-- This site is optimized with the Yoast SEO plugin v27.4 - https:\/\/yoast.com\/product\/yoast-seo-wordpress\/ -->\n<title>Se Abrir\u00e1 Curso de Cr\u00e9dito y Cobranza - CETYS<\/title>\n<meta name=\"description\" content=\"Articulo sobre Se Abrir\u00e1 Curso de Cr\u00e9dito y Cobranza\" \/>\n<meta name=\"robots\" content=\"index, follow, max-snippet:-1, max-image-preview:large, max-video-preview:-1\" \/>\n<link rel=\"canonical\" href=\"https:\/\/www.cetys.mx\/noticias\/se-abrir-curso-de-crdito-y-cobranza\/\" \/>\n<meta property=\"og:locale\" content=\"es_MX\" \/>\n<meta property=\"og:type\" content=\"article\" \/>\n<meta property=\"og:title\" content=\"Se Abrir\u00e1 Curso de Cr\u00e9dito y Cobranza - CETYS\" \/>\n<meta property=\"og:description\" content=\"Articulo sobre Se Abrir\u00e1 Curso de Cr\u00e9dito y Cobranza\" \/>\n<meta property=\"og:url\" content=\"https:\/\/www.cetys.mx\/noticias\/se-abrir-curso-de-crdito-y-cobranza\/\" \/>\n<meta property=\"og:site_name\" content=\"CETYS\" \/>\n<meta property=\"article:publisher\" content=\"https:\/\/www.facebook.com\/cetysuniversidadmxl\/\" \/>\n<meta property=\"article:published_time\" content=\"2009-08-20T07:00:00+00:00\" \/>\n<meta property=\"article:modified_time\" content=\"2016-07-15T07:18:12+00:00\" \/>\n<meta property=\"og:image\" content=\"https:\/\/www.cetys.mx\/noticias\/wp-content\/uploads\/2016\/02\/credito_gde.jpg\" \/>\n\t<meta property=\"og:image:width\" content=\"500\" \/>\n\t<meta property=\"og:image:height\" content=\"539\" \/>\n\t<meta property=\"og:image:type\" content=\"image\/jpeg\" \/>\n<meta name=\"author\" content=\"CETYS Institucional\" \/>\n<meta name=\"twitter:card\" content=\"summary_large_image\" \/>\n<meta name=\"twitter:creator\" content=\"@cetysuni\" \/>\n<meta name=\"twitter:site\" content=\"@cetysuni\" \/>\n<meta name=\"twitter:label1\" content=\"Escrito por\" \/>\n\t<meta name=\"twitter:data1\" content=\"CETYS Institucional\" \/>\n\t<meta name=\"twitter:label2\" content=\"Tiempo de lectura\" \/>\n\t<meta name=\"twitter:data2\" content=\"1 minuto\" \/>\n<script type=\"application\/ld+json\" class=\"yoast-schema-graph\">{\"@context\":\"https:\\\/\\\/schema.org\",\"@graph\":[{\"@type\":\"Article\",\"@id\":\"https:\\\/\\\/www.cetys.mx\\\/noticias\\\/se-abrir-curso-de-crdito-y-cobranza\\\/#article\",\"isPartOf\":{\"@id\":\"https:\\\/\\\/www.cetys.mx\\\/noticias\\\/se-abrir-curso-de-crdito-y-cobranza\\\/\"},\"author\":{\"name\":\"CETYS Institucional\",\"@id\":\"https:\\\/\\\/www.cetys.mx\\\/noticias\\\/#\\\/schema\\\/person\\\/e9d2b35265b64aa454df57a2828eb2ac\"},\"headline\":\"Se Abrir\u00e1 Curso de Cr\u00e9dito y Cobranza\",\"datePublished\":\"2009-08-20T07:00:00+00:00\",\"dateModified\":\"2016-07-15T07:18:12+00:00\",\"mainEntityOfPage\":{\"@id\":\"https:\\\/\\\/www.cetys.mx\\\/noticias\\\/se-abrir-curso-de-crdito-y-cobranza\\\/\"},\"wordCount\":300,\"commentCount\":0,\"image\":{\"@id\":\"https:\\\/\\\/www.cetys.mx\\\/noticias\\\/se-abrir-curso-de-crdito-y-cobranza\\\/#primaryimage\"},\"thumbnailUrl\":\"https:\\\/\\\/www.cetys.mx\\\/noticias\\\/wp-content\\\/uploads\\\/2016\\\/02\\\/credito_gde.jpg\",\"articleSection\":[\"Educaci\u00f3n Continua\"],\"inLanguage\":\"es\",\"potentialAction\":[{\"@type\":\"CommentAction\",\"name\":\"Comment\",\"target\":[\"https:\\\/\\\/www.cetys.mx\\\/noticias\\\/se-abrir-curso-de-crdito-y-cobranza\\\/#respond\"]}]},{\"@type\":\"WebPage\",\"@id\":\"https:\\\/\\\/www.cetys.mx\\\/noticias\\\/se-abrir-curso-de-crdito-y-cobranza\\\/\",\"url\":\"https:\\\/\\\/www.cetys.mx\\\/noticias\\\/se-abrir-curso-de-crdito-y-cobranza\\\/\",\"name\":\"Se Abrir\u00e1 Curso de Cr\u00e9dito y Cobranza - CETYS\",\"isPartOf\":{\"@id\":\"https:\\\/\\\/www.cetys.mx\\\/noticias\\\/#website\"},\"primaryImageOfPage\":{\"@id\":\"https:\\\/\\\/www.cetys.mx\\\/noticias\\\/se-abrir-curso-de-crdito-y-cobranza\\\/#primaryimage\"},\"image\":{\"@id\":\"https:\\\/\\\/www.cetys.mx\\\/noticias\\\/se-abrir-curso-de-crdito-y-cobranza\\\/#primaryimage\"},\"thumbnailUrl\":\"https:\\\/\\\/www.cetys.mx\\\/noticias\\\/wp-content\\\/uploads\\\/2016\\\/02\\\/credito_gde.jpg\",\"datePublished\":\"2009-08-20T07:00:00+00:00\",\"dateModified\":\"2016-07-15T07:18:12+00:00\",\"author\":{\"@id\":\"https:\\\/\\\/www.cetys.mx\\\/noticias\\\/#\\\/schema\\\/person\\\/e9d2b35265b64aa454df57a2828eb2ac\"},\"description\":\"Articulo sobre Se Abrir\u00e1 Curso de Cr\u00e9dito y Cobranza\",\"breadcrumb\":{\"@id\":\"https:\\\/\\\/www.cetys.mx\\\/noticias\\\/se-abrir-curso-de-crdito-y-cobranza\\\/#breadcrumb\"},\"inLanguage\":\"es\",\"potentialAction\":[{\"@type\":\"ReadAction\",\"target\":[\"https:\\\/\\\/www.cetys.mx\\\/noticias\\\/se-abrir-curso-de-crdito-y-cobranza\\\/\"]}]},{\"@type\":\"ImageObject\",\"inLanguage\":\"es\",\"@id\":\"https:\\\/\\\/www.cetys.mx\\\/noticias\\\/se-abrir-curso-de-crdito-y-cobranza\\\/#primaryimage\",\"url\":\"https:\\\/\\\/www.cetys.mx\\\/noticias\\\/wp-content\\\/uploads\\\/2016\\\/02\\\/credito_gde.jpg\",\"contentUrl\":\"https:\\\/\\\/www.cetys.mx\\\/noticias\\\/wp-content\\\/uploads\\\/2016\\\/02\\\/credito_gde.jpg\",\"width\":500,\"height\":539},{\"@type\":\"BreadcrumbList\",\"@id\":\"https:\\\/\\\/www.cetys.mx\\\/noticias\\\/se-abrir-curso-de-crdito-y-cobranza\\\/#breadcrumb\",\"itemListElement\":[{\"@type\":\"ListItem\",\"position\":1,\"name\":\"Inicio\",\"item\":\"https:\\\/\\\/www.cetys.mx\\\/noticias\\\/\"},{\"@type\":\"ListItem\",\"position\":2,\"name\":\"Se Abrir\u00e1 Curso de Cr\u00e9dito y Cobranza\"}]},{\"@type\":\"WebSite\",\"@id\":\"https:\\\/\\\/www.cetys.mx\\\/noticias\\\/#website\",\"url\":\"https:\\\/\\\/www.cetys.mx\\\/noticias\\\/\",\"name\":\"CETYS\",\"description\":\"\",\"potentialAction\":[{\"@type\":\"SearchAction\",\"target\":{\"@type\":\"EntryPoint\",\"urlTemplate\":\"https:\\\/\\\/www.cetys.mx\\\/noticias\\\/?s={search_term_string}\"},\"query-input\":{\"@type\":\"PropertyValueSpecification\",\"valueRequired\":true,\"valueName\":\"search_term_string\"}}],\"inLanguage\":\"es\"},{\"@type\":\"Person\",\"@id\":\"https:\\\/\\\/www.cetys.mx\\\/noticias\\\/#\\\/schema\\\/person\\\/e9d2b35265b64aa454df57a2828eb2ac\",\"name\":\"CETYS Institucional\",\"url\":\"https:\\\/\\\/www.cetys.mx\\\/noticias\\\/author\\\/cetysinstitucional\\\/\"}]}<\/script>\n<!-- \/ Yoast SEO plugin. -->","yoast_head_json":{"title":"Se Abrir\u00e1 Curso de Cr\u00e9dito y Cobranza - CETYS","description":"Articulo sobre Se Abrir\u00e1 Curso de Cr\u00e9dito y Cobranza","robots":{"index":"index","follow":"follow","max-snippet":"max-snippet:-1","max-image-preview":"max-image-preview:large","max-video-preview":"max-video-preview:-1"},"canonical":"https:\/\/www.cetys.mx\/noticias\/se-abrir-curso-de-crdito-y-cobranza\/","og_locale":"es_MX","og_type":"article","og_title":"Se Abrir\u00e1 Curso de Cr\u00e9dito y Cobranza - CETYS","og_description":"Articulo sobre Se Abrir\u00e1 Curso de Cr\u00e9dito y Cobranza","og_url":"https:\/\/www.cetys.mx\/noticias\/se-abrir-curso-de-crdito-y-cobranza\/","og_site_name":"CETYS","article_publisher":"https:\/\/www.facebook.com\/cetysuniversidadmxl\/","article_published_time":"2009-08-20T07:00:00+00:00","article_modified_time":"2016-07-15T07:18:12+00:00","og_image":[{"width":500,"height":539,"url":"https:\/\/www.cetys.mx\/noticias\/wp-content\/uploads\/2016\/02\/credito_gde.jpg","type":"image\/jpeg"}],"author":"CETYS Institucional","twitter_card":"summary_large_image","twitter_creator":"@cetysuni","twitter_site":"@cetysuni","twitter_misc":{"Escrito por":"CETYS Institucional","Tiempo de lectura":"1 minuto"},"schema":{"@context":"https:\/\/schema.org","@graph":[{"@type":"Article","@id":"https:\/\/www.cetys.mx\/noticias\/se-abrir-curso-de-crdito-y-cobranza\/#article","isPartOf":{"@id":"https:\/\/www.cetys.mx\/noticias\/se-abrir-curso-de-crdito-y-cobranza\/"},"author":{"name":"CETYS Institucional","@id":"https:\/\/www.cetys.mx\/noticias\/#\/schema\/person\/e9d2b35265b64aa454df57a2828eb2ac"},"headline":"Se Abrir\u00e1 Curso de Cr\u00e9dito y Cobranza","datePublished":"2009-08-20T07:00:00+00:00","dateModified":"2016-07-15T07:18:12+00:00","mainEntityOfPage":{"@id":"https:\/\/www.cetys.mx\/noticias\/se-abrir-curso-de-crdito-y-cobranza\/"},"wordCount":300,"commentCount":0,"image":{"@id":"https:\/\/www.cetys.mx\/noticias\/se-abrir-curso-de-crdito-y-cobranza\/#primaryimage"},"thumbnailUrl":"https:\/\/www.cetys.mx\/noticias\/wp-content\/uploads\/2016\/02\/credito_gde.jpg","articleSection":["Educaci\u00f3n Continua"],"inLanguage":"es","potentialAction":[{"@type":"CommentAction","name":"Comment","target":["https:\/\/www.cetys.mx\/noticias\/se-abrir-curso-de-crdito-y-cobranza\/#respond"]}]},{"@type":"WebPage","@id":"https:\/\/www.cetys.mx\/noticias\/se-abrir-curso-de-crdito-y-cobranza\/","url":"https:\/\/www.cetys.mx\/noticias\/se-abrir-curso-de-crdito-y-cobranza\/","name":"Se Abrir\u00e1 Curso de Cr\u00e9dito y Cobranza - CETYS","isPartOf":{"@id":"https:\/\/www.cetys.mx\/noticias\/#website"},"primaryImageOfPage":{"@id":"https:\/\/www.cetys.mx\/noticias\/se-abrir-curso-de-crdito-y-cobranza\/#primaryimage"},"image":{"@id":"https:\/\/www.cetys.mx\/noticias\/se-abrir-curso-de-crdito-y-cobranza\/#primaryimage"},"thumbnailUrl":"https:\/\/www.cetys.mx\/noticias\/wp-content\/uploads\/2016\/02\/credito_gde.jpg","datePublished":"2009-08-20T07:00:00+00:00","dateModified":"2016-07-15T07:18:12+00:00","author":{"@id":"https:\/\/www.cetys.mx\/noticias\/#\/schema\/person\/e9d2b35265b64aa454df57a2828eb2ac"},"description":"Articulo sobre Se Abrir\u00e1 Curso de Cr\u00e9dito y Cobranza","breadcrumb":{"@id":"https:\/\/www.cetys.mx\/noticias\/se-abrir-curso-de-crdito-y-cobranza\/#breadcrumb"},"inLanguage":"es","potentialAction":[{"@type":"ReadAction","target":["https:\/\/www.cetys.mx\/noticias\/se-abrir-curso-de-crdito-y-cobranza\/"]}]},{"@type":"ImageObject","inLanguage":"es","@id":"https:\/\/www.cetys.mx\/noticias\/se-abrir-curso-de-crdito-y-cobranza\/#primaryimage","url":"https:\/\/www.cetys.mx\/noticias\/wp-content\/uploads\/2016\/02\/credito_gde.jpg","contentUrl":"https:\/\/www.cetys.mx\/noticias\/wp-content\/uploads\/2016\/02\/credito_gde.jpg","width":500,"height":539},{"@type":"BreadcrumbList","@id":"https:\/\/www.cetys.mx\/noticias\/se-abrir-curso-de-crdito-y-cobranza\/#breadcrumb","itemListElement":[{"@type":"ListItem","position":1,"name":"Inicio","item":"https:\/\/www.cetys.mx\/noticias\/"},{"@type":"ListItem","position":2,"name":"Se Abrir\u00e1 Curso de Cr\u00e9dito y Cobranza"}]},{"@type":"WebSite","@id":"https:\/\/www.cetys.mx\/noticias\/#website","url":"https:\/\/www.cetys.mx\/noticias\/","name":"CETYS","description":"","potentialAction":[{"@type":"SearchAction","target":{"@type":"EntryPoint","urlTemplate":"https:\/\/www.cetys.mx\/noticias\/?s={search_term_string}"},"query-input":{"@type":"PropertyValueSpecification","valueRequired":true,"valueName":"search_term_string"}}],"inLanguage":"es"},{"@type":"Person","@id":"https:\/\/www.cetys.mx\/noticias\/#\/schema\/person\/e9d2b35265b64aa454df57a2828eb2ac","name":"CETYS Institucional","url":"https:\/\/www.cetys.mx\/noticias\/author\/cetysinstitucional\/"}]}},"_links":{"self":[{"href":"https:\/\/www.cetys.mx\/noticias\/wp-json\/wp\/v2\/posts\/33624","targetHints":{"allow":["GET"]}}],"collection":[{"href":"https:\/\/www.cetys.mx\/noticias\/wp-json\/wp\/v2\/posts"}],"about":[{"href":"https:\/\/www.cetys.mx\/noticias\/wp-json\/wp\/v2\/types\/post"}],"author":[{"embeddable":true,"href":"https:\/\/www.cetys.mx\/noticias\/wp-json\/wp\/v2\/users\/26"}],"replies":[{"embeddable":true,"href":"https:\/\/www.cetys.mx\/noticias\/wp-json\/wp\/v2\/comments?post=33624"}],"version-history":[{"count":0,"href":"https:\/\/www.cetys.mx\/noticias\/wp-json\/wp\/v2\/posts\/33624\/revisions"}],"wp:featuredmedia":[{"embeddable":true,"href":"https:\/\/www.cetys.mx\/noticias\/wp-json\/wp\/v2\/media\/33625"}],"wp:attachment":[{"href":"https:\/\/www.cetys.mx\/noticias\/wp-json\/wp\/v2\/media?parent=33624"}],"wp:term":[{"taxonomy":"category","embeddable":true,"href":"https:\/\/www.cetys.mx\/noticias\/wp-json\/wp\/v2\/categories?post=33624"},{"taxonomy":"post_tag","embeddable":true,"href":"https:\/\/www.cetys.mx\/noticias\/wp-json\/wp\/v2\/tags?post=33624"}],"curies":[{"name":"wp","href":"https:\/\/api.w.org\/{rel}","templated":true}]}}