{"id":31697,"date":"2009-04-16T00:00:00","date_gmt":"2009-04-16T07:00:00","guid":{"rendered":"http:\/\/vocetys.mx\/reciben-beca-de-comit-de-vinculacin\/"},"modified":"2009-04-16T00:00:00","modified_gmt":"2009-04-16T07:00:00","slug":"reciben-beca-de-comit-de-vinculacin","status":"publish","type":"post","link":"https:\/\/www.cetys.mx\/noticias\/reciben-beca-de-comit-de-vinculacin\/","title":{"rendered":"Reciben Beca de Comit\u00e9 de Vinculaci\u00f3n"},"content":{"rendered":"<p>Javier Ernesto Real Gonz&aacute;lez, estudiante de 8vo. semestre de Ingenier&iacute;a en Cibern&eacute;tica Electr&oacute;nica y Erick Iv&aacute;n Torres Hern&aacute;ndez, alumno de 6to. semestre de Ingenier&iacute;a Industrial en CETYS Universidad, campus Mexicali, recibieron cada uno, el pasado 20 de marzo, una beca por 5 mil pesos otorgada por el Comit&eacute; de Vinculaci&oacute;n Pro-Becas A.C., el cual es presidido por el Ing. Oscar Galindo. El evento tuvo lugar el viernes 20 de marzo en el Centro de Capacitaci&oacute;n (CECADE) de CANACINTRA.&nbsp; Los alumnos acudieron a la ceremonia acompa&ntilde;ados por el Ing. Mauro Ch&aacute;vez L&oacute;pez, Director de la Escuela de Ingenier&iacute;a y por el Ing. Jos&eacute; Luis Arroyo Pelayo, Director de Vinculaci&oacute;n de la instituci&oacute;n acad&eacute;mica. Los requisitos que tuvieron que cumplir los beneficiados que renovaron el apoyo econ&oacute;mico semestral, fueron ser estudiante de 4to. semestre en adelante y tener un promedio m&iacute;nimo de 9. En total se entregaron 39 becas, patrocinadas por diversas empresas como Honeywell Aerospace, Skyworks y BI Technologies, entre otras.<\/p>\n","protected":false},"excerpt":{"rendered":"<p>Javier Ernesto Real Gonz&aacute;lez, estudiante de 8vo. semestre de Ingenier&iacute;a en Cibern&eacute;tica Electr&oacute;nica y Erick Iv&aacute;n Torres Hern&aacute;ndez, alumno de 6to. semestre&#8230;<\/p>\n","protected":false},"author":26,"featured_media":0,"comment_status":"open","ping_status":"open","sticky":false,"template":"","format":"standard","meta":{"footnotes":""},"categories":[109],"tags":[],"class_list":["post-31697","post","type-post","status-publish","format-standard","hentry","category-vinculacion"],"yoast_head":"<!-- This site is optimized with the Yoast SEO plugin v27.4 - https:\/\/yoast.com\/product\/yoast-seo-wordpress\/ -->\n<title>Reciben Beca de Comit\u00e9 de Vinculaci\u00f3n - CETYS<\/title>\n<meta name=\"description\" content=\"Articulo sobre Reciben Beca de Comit\u00e9 de Vinculaci\u00f3n\" \/>\n<meta name=\"robots\" content=\"index, follow, max-snippet:-1, max-image-preview:large, max-video-preview:-1\" \/>\n<link rel=\"canonical\" href=\"https:\/\/www.cetys.mx\/noticias\/reciben-beca-de-comit-de-vinculacin\/\" \/>\n<meta property=\"og:locale\" content=\"es_MX\" \/>\n<meta property=\"og:type\" content=\"article\" \/>\n<meta property=\"og:title\" content=\"Reciben Beca de Comit\u00e9 de Vinculaci\u00f3n - CETYS\" \/>\n<meta property=\"og:description\" content=\"Articulo sobre Reciben Beca de Comit\u00e9 de Vinculaci\u00f3n\" \/>\n<meta property=\"og:url\" content=\"https:\/\/www.cetys.mx\/noticias\/reciben-beca-de-comit-de-vinculacin\/\" \/>\n<meta property=\"og:site_name\" content=\"CETYS\" \/>\n<meta property=\"article:publisher\" content=\"https:\/\/www.facebook.com\/cetysuniversidadmxl\/\" \/>\n<meta property=\"article:published_time\" content=\"2009-04-16T07:00:00+00:00\" \/>\n<meta name=\"author\" content=\"CETYS Institucional\" \/>\n<meta name=\"twitter:card\" content=\"summary_large_image\" \/>\n<meta name=\"twitter:creator\" content=\"@cetysuni\" \/>\n<meta name=\"twitter:site\" content=\"@cetysuni\" \/>\n<meta name=\"twitter:label1\" content=\"Escrito por\" \/>\n\t<meta name=\"twitter:data1\" content=\"CETYS Institucional\" \/>\n\t<meta name=\"twitter:label2\" content=\"Tiempo de lectura\" \/>\n\t<meta name=\"twitter:data2\" content=\"1 minuto\" \/>\n<script type=\"application\/ld+json\" class=\"yoast-schema-graph\">{\"@context\":\"https:\\\/\\\/schema.org\",\"@graph\":[{\"@type\":\"Article\",\"@id\":\"https:\\\/\\\/www.cetys.mx\\\/noticias\\\/reciben-beca-de-comit-de-vinculacin\\\/#article\",\"isPartOf\":{\"@id\":\"https:\\\/\\\/www.cetys.mx\\\/noticias\\\/reciben-beca-de-comit-de-vinculacin\\\/\"},\"author\":{\"name\":\"CETYS Institucional\",\"@id\":\"https:\\\/\\\/www.cetys.mx\\\/noticias\\\/#\\\/schema\\\/person\\\/e9d2b35265b64aa454df57a2828eb2ac\"},\"headline\":\"Reciben Beca de Comit\u00e9 de Vinculaci\u00f3n\",\"datePublished\":\"2009-04-16T07:00:00+00:00\",\"mainEntityOfPage\":{\"@id\":\"https:\\\/\\\/www.cetys.mx\\\/noticias\\\/reciben-beca-de-comit-de-vinculacin\\\/\"},\"wordCount\":202,\"commentCount\":0,\"articleSection\":[\"Vinculaci\u00f3n\"],\"inLanguage\":\"es\",\"potentialAction\":[{\"@type\":\"CommentAction\",\"name\":\"Comment\",\"target\":[\"https:\\\/\\\/www.cetys.mx\\\/noticias\\\/reciben-beca-de-comit-de-vinculacin\\\/#respond\"]}]},{\"@type\":\"WebPage\",\"@id\":\"https:\\\/\\\/www.cetys.mx\\\/noticias\\\/reciben-beca-de-comit-de-vinculacin\\\/\",\"url\":\"https:\\\/\\\/www.cetys.mx\\\/noticias\\\/reciben-beca-de-comit-de-vinculacin\\\/\",\"name\":\"Reciben Beca de Comit\u00e9 de Vinculaci\u00f3n - CETYS\",\"isPartOf\":{\"@id\":\"https:\\\/\\\/www.cetys.mx\\\/noticias\\\/#website\"},\"datePublished\":\"2009-04-16T07:00:00+00:00\",\"author\":{\"@id\":\"https:\\\/\\\/www.cetys.mx\\\/noticias\\\/#\\\/schema\\\/person\\\/e9d2b35265b64aa454df57a2828eb2ac\"},\"description\":\"Articulo sobre Reciben Beca de Comit\u00e9 de Vinculaci\u00f3n\",\"breadcrumb\":{\"@id\":\"https:\\\/\\\/www.cetys.mx\\\/noticias\\\/reciben-beca-de-comit-de-vinculacin\\\/#breadcrumb\"},\"inLanguage\":\"es\",\"potentialAction\":[{\"@type\":\"ReadAction\",\"target\":[\"https:\\\/\\\/www.cetys.mx\\\/noticias\\\/reciben-beca-de-comit-de-vinculacin\\\/\"]}]},{\"@type\":\"BreadcrumbList\",\"@id\":\"https:\\\/\\\/www.cetys.mx\\\/noticias\\\/reciben-beca-de-comit-de-vinculacin\\\/#breadcrumb\",\"itemListElement\":[{\"@type\":\"ListItem\",\"position\":1,\"name\":\"Inicio\",\"item\":\"https:\\\/\\\/www.cetys.mx\\\/noticias\\\/\"},{\"@type\":\"ListItem\",\"position\":2,\"name\":\"Reciben Beca de Comit\u00e9 de Vinculaci\u00f3n\"}]},{\"@type\":\"WebSite\",\"@id\":\"https:\\\/\\\/www.cetys.mx\\\/noticias\\\/#website\",\"url\":\"https:\\\/\\\/www.cetys.mx\\\/noticias\\\/\",\"name\":\"CETYS\",\"description\":\"\",\"potentialAction\":[{\"@type\":\"SearchAction\",\"target\":{\"@type\":\"EntryPoint\",\"urlTemplate\":\"https:\\\/\\\/www.cetys.mx\\\/noticias\\\/?s={search_term_string}\"},\"query-input\":{\"@type\":\"PropertyValueSpecification\",\"valueRequired\":true,\"valueName\":\"search_term_string\"}}],\"inLanguage\":\"es\"},{\"@type\":\"Person\",\"@id\":\"https:\\\/\\\/www.cetys.mx\\\/noticias\\\/#\\\/schema\\\/person\\\/e9d2b35265b64aa454df57a2828eb2ac\",\"name\":\"CETYS Institucional\",\"url\":\"https:\\\/\\\/www.cetys.mx\\\/noticias\\\/author\\\/cetysinstitucional\\\/\"}]}<\/script>\n<!-- \/ Yoast SEO plugin. -->","yoast_head_json":{"title":"Reciben Beca de Comit\u00e9 de Vinculaci\u00f3n - CETYS","description":"Articulo sobre Reciben Beca de Comit\u00e9 de Vinculaci\u00f3n","robots":{"index":"index","follow":"follow","max-snippet":"max-snippet:-1","max-image-preview":"max-image-preview:large","max-video-preview":"max-video-preview:-1"},"canonical":"https:\/\/www.cetys.mx\/noticias\/reciben-beca-de-comit-de-vinculacin\/","og_locale":"es_MX","og_type":"article","og_title":"Reciben Beca de Comit\u00e9 de Vinculaci\u00f3n - CETYS","og_description":"Articulo sobre Reciben Beca de Comit\u00e9 de Vinculaci\u00f3n","og_url":"https:\/\/www.cetys.mx\/noticias\/reciben-beca-de-comit-de-vinculacin\/","og_site_name":"CETYS","article_publisher":"https:\/\/www.facebook.com\/cetysuniversidadmxl\/","article_published_time":"2009-04-16T07:00:00+00:00","author":"CETYS Institucional","twitter_card":"summary_large_image","twitter_creator":"@cetysuni","twitter_site":"@cetysuni","twitter_misc":{"Escrito por":"CETYS Institucional","Tiempo de lectura":"1 minuto"},"schema":{"@context":"https:\/\/schema.org","@graph":[{"@type":"Article","@id":"https:\/\/www.cetys.mx\/noticias\/reciben-beca-de-comit-de-vinculacin\/#article","isPartOf":{"@id":"https:\/\/www.cetys.mx\/noticias\/reciben-beca-de-comit-de-vinculacin\/"},"author":{"name":"CETYS Institucional","@id":"https:\/\/www.cetys.mx\/noticias\/#\/schema\/person\/e9d2b35265b64aa454df57a2828eb2ac"},"headline":"Reciben Beca de Comit\u00e9 de Vinculaci\u00f3n","datePublished":"2009-04-16T07:00:00+00:00","mainEntityOfPage":{"@id":"https:\/\/www.cetys.mx\/noticias\/reciben-beca-de-comit-de-vinculacin\/"},"wordCount":202,"commentCount":0,"articleSection":["Vinculaci\u00f3n"],"inLanguage":"es","potentialAction":[{"@type":"CommentAction","name":"Comment","target":["https:\/\/www.cetys.mx\/noticias\/reciben-beca-de-comit-de-vinculacin\/#respond"]}]},{"@type":"WebPage","@id":"https:\/\/www.cetys.mx\/noticias\/reciben-beca-de-comit-de-vinculacin\/","url":"https:\/\/www.cetys.mx\/noticias\/reciben-beca-de-comit-de-vinculacin\/","name":"Reciben Beca de Comit\u00e9 de Vinculaci\u00f3n - CETYS","isPartOf":{"@id":"https:\/\/www.cetys.mx\/noticias\/#website"},"datePublished":"2009-04-16T07:00:00+00:00","author":{"@id":"https:\/\/www.cetys.mx\/noticias\/#\/schema\/person\/e9d2b35265b64aa454df57a2828eb2ac"},"description":"Articulo sobre Reciben Beca de Comit\u00e9 de Vinculaci\u00f3n","breadcrumb":{"@id":"https:\/\/www.cetys.mx\/noticias\/reciben-beca-de-comit-de-vinculacin\/#breadcrumb"},"inLanguage":"es","potentialAction":[{"@type":"ReadAction","target":["https:\/\/www.cetys.mx\/noticias\/reciben-beca-de-comit-de-vinculacin\/"]}]},{"@type":"BreadcrumbList","@id":"https:\/\/www.cetys.mx\/noticias\/reciben-beca-de-comit-de-vinculacin\/#breadcrumb","itemListElement":[{"@type":"ListItem","position":1,"name":"Inicio","item":"https:\/\/www.cetys.mx\/noticias\/"},{"@type":"ListItem","position":2,"name":"Reciben Beca de Comit\u00e9 de Vinculaci\u00f3n"}]},{"@type":"WebSite","@id":"https:\/\/www.cetys.mx\/noticias\/#website","url":"https:\/\/www.cetys.mx\/noticias\/","name":"CETYS","description":"","potentialAction":[{"@type":"SearchAction","target":{"@type":"EntryPoint","urlTemplate":"https:\/\/www.cetys.mx\/noticias\/?s={search_term_string}"},"query-input":{"@type":"PropertyValueSpecification","valueRequired":true,"valueName":"search_term_string"}}],"inLanguage":"es"},{"@type":"Person","@id":"https:\/\/www.cetys.mx\/noticias\/#\/schema\/person\/e9d2b35265b64aa454df57a2828eb2ac","name":"CETYS Institucional","url":"https:\/\/www.cetys.mx\/noticias\/author\/cetysinstitucional\/"}]}},"_links":{"self":[{"href":"https:\/\/www.cetys.mx\/noticias\/wp-json\/wp\/v2\/posts\/31697","targetHints":{"allow":["GET"]}}],"collection":[{"href":"https:\/\/www.cetys.mx\/noticias\/wp-json\/wp\/v2\/posts"}],"about":[{"href":"https:\/\/www.cetys.mx\/noticias\/wp-json\/wp\/v2\/types\/post"}],"author":[{"embeddable":true,"href":"https:\/\/www.cetys.mx\/noticias\/wp-json\/wp\/v2\/users\/26"}],"replies":[{"embeddable":true,"href":"https:\/\/www.cetys.mx\/noticias\/wp-json\/wp\/v2\/comments?post=31697"}],"version-history":[{"count":0,"href":"https:\/\/www.cetys.mx\/noticias\/wp-json\/wp\/v2\/posts\/31697\/revisions"}],"wp:attachment":[{"href":"https:\/\/www.cetys.mx\/noticias\/wp-json\/wp\/v2\/media?parent=31697"}],"wp:term":[{"taxonomy":"category","embeddable":true,"href":"https:\/\/www.cetys.mx\/noticias\/wp-json\/wp\/v2\/categories?post=31697"},{"taxonomy":"post_tag","embeddable":true,"href":"https:\/\/www.cetys.mx\/noticias\/wp-json\/wp\/v2\/tags?post=31697"}],"curies":[{"name":"wp","href":"https:\/\/api.w.org\/{rel}","templated":true}]}}