{"id":31249,"date":"2009-02-17T00:00:00","date_gmt":"2009-02-17T08:00:00","guid":{"rendered":"http:\/\/vocetys.mx\/cetys-universidad-29-aos-formando-profesionistas-en-psicologa\/"},"modified":"2016-07-14T21:03:07","modified_gmt":"2016-07-15T04:03:07","slug":"cetys-universidad-29-aos-formando-profesionistas-en-psicologa","status":"publish","type":"post","link":"https:\/\/www.cetys.mx\/noticias\/cetys-universidad-29-aos-formando-profesionistas-en-psicologa\/","title":{"rendered":"CETYS Universidad, 29 A\u00f1os Formando Profesionistas en Psicolog\u00eda"},"content":{"rendered":"<p>&nbsp;CETYS Universidad ha formado durante 29 a&ntilde;os profesionistas de la Psicolog&iacute;a, convirti&eacute;ndose en la primera instituci&oacute;n en el estado de Baja California en ofertar esta licenciatura brind&aacute;ndoles la oportunidad a los j&oacute;venes desde 1980 de prepararse en esta &aacute;rea. El d&iacute;a 11 de febrero se conmemor&oacute; la fundaci&oacute;n de la carrera de Psicolog&iacute;a en CETYS Universidad campus Tijuana, recordando el primer semestre, en que un grupo de 23 estudiantes iniciaron una licenciatura que con el paso de los a&ntilde;os ha conservado su esencia y se ha consolidado en la regi&oacute;n.La idea de abrir esta carrea, fue que nos percatamos de que muchos de los interesados en seguir la profesi&oacute;n de psic&oacute;logos, deb&iacute;an ir a Guadalajara y el Distrito Federal a cursar sus estudios, surgiendo la necesidad de tener un espacio en la regi&oacute;n para que no tengan que viajar, coment&oacute; Dar&iacute;o S&aacute;nchez, primer Director de la Escuela de Psicolog&iacute;a. A trav&eacute;s de 29 a&ntilde;os la Escuela de Psicolog&iacute;a&nbsp; ha tenido una continuidad como proyecto educativo, formando profesionistas preparados para administrar servicios a la comunidad, sus egresados respaldan el &eacute;xito de sus programas acad&eacute;micos, y sin duda se pretende continuar con este modelo educativo y a su vez buscar enriquecer la preparaci&oacute;n de los estudiantes con m&aacute;s intervenciones en proyectos que ayuden a convertirlos en agentes de cambio para la sociedad, puntualiz&oacute; el Dr. Jos&eacute; Guadalupe Hern&aacute;ndez, actual Director de la Escuela.<\/p>\n","protected":false},"excerpt":{"rendered":"<p>&nbsp;CETYS Universidad ha formado durante 29 a&ntilde;os profesionistas de la Psicolog&iacute;a, convirti&eacute;ndose en la primera instituci&oacute;n en el estado de Baja California&#8230;<\/p>\n","protected":false},"author":26,"featured_media":0,"comment_status":"open","ping_status":"open","sticky":false,"template":"","format":"standard","meta":{"footnotes":""},"categories":[110],"tags":[],"class_list":["post-31249","post","type-post","status-publish","format-standard","hentry","category-academia"],"yoast_head":"<!-- This site is optimized with the Yoast SEO plugin v27.4 - https:\/\/yoast.com\/product\/yoast-seo-wordpress\/ -->\n<title>CETYS Universidad, 29 A\u00f1os Formando Profesionistas en Psicolog\u00eda - CETYS<\/title>\n<meta name=\"description\" content=\"Articulo sobre CETYS Universidad, 29 A\u00f1os Formando Profesionistas en Psicolog\u00eda\" \/>\n<meta name=\"robots\" content=\"index, follow, max-snippet:-1, max-image-preview:large, max-video-preview:-1\" \/>\n<link rel=\"canonical\" href=\"https:\/\/www.cetys.mx\/noticias\/cetys-universidad-29-aos-formando-profesionistas-en-psicologa\/\" \/>\n<meta property=\"og:locale\" content=\"es_MX\" \/>\n<meta property=\"og:type\" content=\"article\" \/>\n<meta property=\"og:title\" content=\"CETYS Universidad, 29 A\u00f1os Formando Profesionistas en Psicolog\u00eda - CETYS\" \/>\n<meta property=\"og:description\" content=\"Articulo sobre CETYS Universidad, 29 A\u00f1os Formando Profesionistas en Psicolog\u00eda\" \/>\n<meta property=\"og:url\" content=\"https:\/\/www.cetys.mx\/noticias\/cetys-universidad-29-aos-formando-profesionistas-en-psicologa\/\" \/>\n<meta property=\"og:site_name\" content=\"CETYS\" \/>\n<meta property=\"article:publisher\" content=\"https:\/\/www.facebook.com\/cetysuniversidadmxl\/\" \/>\n<meta property=\"article:published_time\" content=\"2009-02-17T08:00:00+00:00\" \/>\n<meta property=\"article:modified_time\" content=\"2016-07-15T04:03:07+00:00\" \/>\n<meta name=\"author\" content=\"CETYS Institucional\" \/>\n<meta name=\"twitter:card\" content=\"summary_large_image\" \/>\n<meta name=\"twitter:creator\" content=\"@cetysuni\" \/>\n<meta name=\"twitter:site\" content=\"@cetysuni\" \/>\n<meta name=\"twitter:label1\" content=\"Escrito por\" \/>\n\t<meta name=\"twitter:data1\" content=\"CETYS Institucional\" \/>\n\t<meta name=\"twitter:label2\" content=\"Tiempo de lectura\" \/>\n\t<meta name=\"twitter:data2\" content=\"1 minuto\" \/>\n<script type=\"application\/ld+json\" class=\"yoast-schema-graph\">{\"@context\":\"https:\\\/\\\/schema.org\",\"@graph\":[{\"@type\":\"Article\",\"@id\":\"https:\\\/\\\/www.cetys.mx\\\/noticias\\\/cetys-universidad-29-aos-formando-profesionistas-en-psicologa\\\/#article\",\"isPartOf\":{\"@id\":\"https:\\\/\\\/www.cetys.mx\\\/noticias\\\/cetys-universidad-29-aos-formando-profesionistas-en-psicologa\\\/\"},\"author\":{\"name\":\"CETYS Institucional\",\"@id\":\"https:\\\/\\\/www.cetys.mx\\\/noticias\\\/#\\\/schema\\\/person\\\/e9d2b35265b64aa454df57a2828eb2ac\"},\"headline\":\"CETYS Universidad, 29 A\u00f1os Formando Profesionistas en Psicolog\u00eda\",\"datePublished\":\"2009-02-17T08:00:00+00:00\",\"dateModified\":\"2016-07-15T04:03:07+00:00\",\"mainEntityOfPage\":{\"@id\":\"https:\\\/\\\/www.cetys.mx\\\/noticias\\\/cetys-universidad-29-aos-formando-profesionistas-en-psicologa\\\/\"},\"wordCount\":294,\"commentCount\":0,\"articleSection\":[\"Academia\"],\"inLanguage\":\"es\",\"potentialAction\":[{\"@type\":\"CommentAction\",\"name\":\"Comment\",\"target\":[\"https:\\\/\\\/www.cetys.mx\\\/noticias\\\/cetys-universidad-29-aos-formando-profesionistas-en-psicologa\\\/#respond\"]}]},{\"@type\":\"WebPage\",\"@id\":\"https:\\\/\\\/www.cetys.mx\\\/noticias\\\/cetys-universidad-29-aos-formando-profesionistas-en-psicologa\\\/\",\"url\":\"https:\\\/\\\/www.cetys.mx\\\/noticias\\\/cetys-universidad-29-aos-formando-profesionistas-en-psicologa\\\/\",\"name\":\"CETYS Universidad, 29 A\u00f1os Formando Profesionistas en Psicolog\u00eda - CETYS\",\"isPartOf\":{\"@id\":\"https:\\\/\\\/www.cetys.mx\\\/noticias\\\/#website\"},\"datePublished\":\"2009-02-17T08:00:00+00:00\",\"dateModified\":\"2016-07-15T04:03:07+00:00\",\"author\":{\"@id\":\"https:\\\/\\\/www.cetys.mx\\\/noticias\\\/#\\\/schema\\\/person\\\/e9d2b35265b64aa454df57a2828eb2ac\"},\"description\":\"Articulo sobre CETYS Universidad, 29 A\u00f1os Formando Profesionistas en Psicolog\u00eda\",\"breadcrumb\":{\"@id\":\"https:\\\/\\\/www.cetys.mx\\\/noticias\\\/cetys-universidad-29-aos-formando-profesionistas-en-psicologa\\\/#breadcrumb\"},\"inLanguage\":\"es\",\"potentialAction\":[{\"@type\":\"ReadAction\",\"target\":[\"https:\\\/\\\/www.cetys.mx\\\/noticias\\\/cetys-universidad-29-aos-formando-profesionistas-en-psicologa\\\/\"]}]},{\"@type\":\"BreadcrumbList\",\"@id\":\"https:\\\/\\\/www.cetys.mx\\\/noticias\\\/cetys-universidad-29-aos-formando-profesionistas-en-psicologa\\\/#breadcrumb\",\"itemListElement\":[{\"@type\":\"ListItem\",\"position\":1,\"name\":\"Inicio\",\"item\":\"https:\\\/\\\/www.cetys.mx\\\/noticias\\\/\"},{\"@type\":\"ListItem\",\"position\":2,\"name\":\"CETYS Universidad, 29 A\u00f1os Formando Profesionistas en Psicolog\u00eda\"}]},{\"@type\":\"WebSite\",\"@id\":\"https:\\\/\\\/www.cetys.mx\\\/noticias\\\/#website\",\"url\":\"https:\\\/\\\/www.cetys.mx\\\/noticias\\\/\",\"name\":\"CETYS\",\"description\":\"\",\"potentialAction\":[{\"@type\":\"SearchAction\",\"target\":{\"@type\":\"EntryPoint\",\"urlTemplate\":\"https:\\\/\\\/www.cetys.mx\\\/noticias\\\/?s={search_term_string}\"},\"query-input\":{\"@type\":\"PropertyValueSpecification\",\"valueRequired\":true,\"valueName\":\"search_term_string\"}}],\"inLanguage\":\"es\"},{\"@type\":\"Person\",\"@id\":\"https:\\\/\\\/www.cetys.mx\\\/noticias\\\/#\\\/schema\\\/person\\\/e9d2b35265b64aa454df57a2828eb2ac\",\"name\":\"CETYS Institucional\",\"url\":\"https:\\\/\\\/www.cetys.mx\\\/noticias\\\/author\\\/cetysinstitucional\\\/\"}]}<\/script>\n<!-- \/ Yoast SEO plugin. -->","yoast_head_json":{"title":"CETYS Universidad, 29 A\u00f1os Formando Profesionistas en Psicolog\u00eda - CETYS","description":"Articulo sobre CETYS Universidad, 29 A\u00f1os Formando Profesionistas en Psicolog\u00eda","robots":{"index":"index","follow":"follow","max-snippet":"max-snippet:-1","max-image-preview":"max-image-preview:large","max-video-preview":"max-video-preview:-1"},"canonical":"https:\/\/www.cetys.mx\/noticias\/cetys-universidad-29-aos-formando-profesionistas-en-psicologa\/","og_locale":"es_MX","og_type":"article","og_title":"CETYS Universidad, 29 A\u00f1os Formando Profesionistas en Psicolog\u00eda - CETYS","og_description":"Articulo sobre CETYS Universidad, 29 A\u00f1os Formando Profesionistas en Psicolog\u00eda","og_url":"https:\/\/www.cetys.mx\/noticias\/cetys-universidad-29-aos-formando-profesionistas-en-psicologa\/","og_site_name":"CETYS","article_publisher":"https:\/\/www.facebook.com\/cetysuniversidadmxl\/","article_published_time":"2009-02-17T08:00:00+00:00","article_modified_time":"2016-07-15T04:03:07+00:00","author":"CETYS Institucional","twitter_card":"summary_large_image","twitter_creator":"@cetysuni","twitter_site":"@cetysuni","twitter_misc":{"Escrito por":"CETYS Institucional","Tiempo de lectura":"1 minuto"},"schema":{"@context":"https:\/\/schema.org","@graph":[{"@type":"Article","@id":"https:\/\/www.cetys.mx\/noticias\/cetys-universidad-29-aos-formando-profesionistas-en-psicologa\/#article","isPartOf":{"@id":"https:\/\/www.cetys.mx\/noticias\/cetys-universidad-29-aos-formando-profesionistas-en-psicologa\/"},"author":{"name":"CETYS Institucional","@id":"https:\/\/www.cetys.mx\/noticias\/#\/schema\/person\/e9d2b35265b64aa454df57a2828eb2ac"},"headline":"CETYS Universidad, 29 A\u00f1os Formando Profesionistas en Psicolog\u00eda","datePublished":"2009-02-17T08:00:00+00:00","dateModified":"2016-07-15T04:03:07+00:00","mainEntityOfPage":{"@id":"https:\/\/www.cetys.mx\/noticias\/cetys-universidad-29-aos-formando-profesionistas-en-psicologa\/"},"wordCount":294,"commentCount":0,"articleSection":["Academia"],"inLanguage":"es","potentialAction":[{"@type":"CommentAction","name":"Comment","target":["https:\/\/www.cetys.mx\/noticias\/cetys-universidad-29-aos-formando-profesionistas-en-psicologa\/#respond"]}]},{"@type":"WebPage","@id":"https:\/\/www.cetys.mx\/noticias\/cetys-universidad-29-aos-formando-profesionistas-en-psicologa\/","url":"https:\/\/www.cetys.mx\/noticias\/cetys-universidad-29-aos-formando-profesionistas-en-psicologa\/","name":"CETYS Universidad, 29 A\u00f1os Formando Profesionistas en Psicolog\u00eda - CETYS","isPartOf":{"@id":"https:\/\/www.cetys.mx\/noticias\/#website"},"datePublished":"2009-02-17T08:00:00+00:00","dateModified":"2016-07-15T04:03:07+00:00","author":{"@id":"https:\/\/www.cetys.mx\/noticias\/#\/schema\/person\/e9d2b35265b64aa454df57a2828eb2ac"},"description":"Articulo sobre CETYS Universidad, 29 A\u00f1os Formando Profesionistas en Psicolog\u00eda","breadcrumb":{"@id":"https:\/\/www.cetys.mx\/noticias\/cetys-universidad-29-aos-formando-profesionistas-en-psicologa\/#breadcrumb"},"inLanguage":"es","potentialAction":[{"@type":"ReadAction","target":["https:\/\/www.cetys.mx\/noticias\/cetys-universidad-29-aos-formando-profesionistas-en-psicologa\/"]}]},{"@type":"BreadcrumbList","@id":"https:\/\/www.cetys.mx\/noticias\/cetys-universidad-29-aos-formando-profesionistas-en-psicologa\/#breadcrumb","itemListElement":[{"@type":"ListItem","position":1,"name":"Inicio","item":"https:\/\/www.cetys.mx\/noticias\/"},{"@type":"ListItem","position":2,"name":"CETYS Universidad, 29 A\u00f1os Formando Profesionistas en Psicolog\u00eda"}]},{"@type":"WebSite","@id":"https:\/\/www.cetys.mx\/noticias\/#website","url":"https:\/\/www.cetys.mx\/noticias\/","name":"CETYS","description":"","potentialAction":[{"@type":"SearchAction","target":{"@type":"EntryPoint","urlTemplate":"https:\/\/www.cetys.mx\/noticias\/?s={search_term_string}"},"query-input":{"@type":"PropertyValueSpecification","valueRequired":true,"valueName":"search_term_string"}}],"inLanguage":"es"},{"@type":"Person","@id":"https:\/\/www.cetys.mx\/noticias\/#\/schema\/person\/e9d2b35265b64aa454df57a2828eb2ac","name":"CETYS Institucional","url":"https:\/\/www.cetys.mx\/noticias\/author\/cetysinstitucional\/"}]}},"_links":{"self":[{"href":"https:\/\/www.cetys.mx\/noticias\/wp-json\/wp\/v2\/posts\/31249","targetHints":{"allow":["GET"]}}],"collection":[{"href":"https:\/\/www.cetys.mx\/noticias\/wp-json\/wp\/v2\/posts"}],"about":[{"href":"https:\/\/www.cetys.mx\/noticias\/wp-json\/wp\/v2\/types\/post"}],"author":[{"embeddable":true,"href":"https:\/\/www.cetys.mx\/noticias\/wp-json\/wp\/v2\/users\/26"}],"replies":[{"embeddable":true,"href":"https:\/\/www.cetys.mx\/noticias\/wp-json\/wp\/v2\/comments?post=31249"}],"version-history":[{"count":0,"href":"https:\/\/www.cetys.mx\/noticias\/wp-json\/wp\/v2\/posts\/31249\/revisions"}],"wp:attachment":[{"href":"https:\/\/www.cetys.mx\/noticias\/wp-json\/wp\/v2\/media?parent=31249"}],"wp:term":[{"taxonomy":"category","embeddable":true,"href":"https:\/\/www.cetys.mx\/noticias\/wp-json\/wp\/v2\/categories?post=31249"},{"taxonomy":"post_tag","embeddable":true,"href":"https:\/\/www.cetys.mx\/noticias\/wp-json\/wp\/v2\/tags?post=31249"}],"curies":[{"name":"wp","href":"https:\/\/api.w.org\/{rel}","templated":true}]}}