{"id":30203,"date":"2008-08-07T00:00:00","date_gmt":"2008-08-07T07:00:00","guid":{"rendered":"http:\/\/vocetys.mx\/diseadores-grficos-inician-preparativos-de-tekhn-2008\/"},"modified":"2016-07-14T21:04:35","modified_gmt":"2016-07-15T04:04:35","slug":"diseadores-grficos-inician-preparativos-de-tekhn-2008","status":"publish","type":"post","link":"https:\/\/www.cetys.mx\/noticias\/diseadores-grficos-inician-preparativos-de-tekhn-2008\/","title":{"rendered":"Dise\u00f1adores Gr\u00e1ficos  Inician Preparativos de Tekhn\u00e9 2008"},"content":{"rendered":"<p>La Coordinaci&oacute;n de la Licenciatura en Dise&ntilde;o Gr&aacute;fico de CETYS Universidad, junto con alumnos de esta carrera, llevar&aacute;n a cabo en noviembre &quot;Tekhn&eacute;&quot;, evento en el que a trav&eacute;s de exposiciones, conferencias y talleres se presentan los trabajos m&aacute;s sobresalientes elaborados por los estudiantes. El tema a trabajar en este a&ntilde;o ser&aacute; con la propuesta &quot;1, 2, 3 por m&iacute;&quot; con el objetivo de realizar actividades a beneficio del Centro de Atenci&oacute;n M&uacute;ltiple (CAM), &quot;Lupita Santana Derbez&quot;.En esta ocasi&oacute;n Tekhn&eacute; estar&aacute; centrada en el desarrollo de la imagen de marca para el CAM y el dise&ntilde;o de juguetes. Dentro del marco del programa, se realizar&aacute; la segunda edici&oacute;n del Premio Tekhn&eacute;, en el cual podr&aacute;n participar alumnos y egresados. La exposici&oacute;n de los trabajos ser&aacute; en el lobby del Centro Estatal de las Artes (CEART) el&nbsp; 4 de diciembre.LDG en CETYS Universidad, se respalda por 4 generaciones de egresados de nivel internacional, la publicaci&oacute;n de dos libros y varios ejemplares digitales referentes al Dise&ntilde;o Gr&aacute;fico, a su vez que varios alumnos han sido reconocidos por la revista&nbsp; &quot;a&iexcl; Dise&ntilde;o&quot;, considerada como una de las m&aacute;s importante en M&eacute;xico. Para mayores informes sobre Tekhn&eacute; comunicarse con el&nbsp;Mtro. Joaqu&iacute;n Castillo, Coordinador de LDG al 567-37-53 o escribir al correo electr&oacute;nico joaquin@cetys.mx.<\/p>\n","protected":false},"excerpt":{"rendered":"<p>La Coordinaci&oacute;n de la Licenciatura en Dise&ntilde;o Gr&aacute;fico de CETYS Universidad, junto con alumnos de esta carrera, llevar&aacute;n a cabo en noviembre&#8230;<\/p>\n","protected":false},"author":26,"featured_media":0,"comment_status":"open","ping_status":"open","sticky":false,"template":"","format":"standard","meta":{"footnotes":""},"categories":[110],"tags":[],"class_list":["post-30203","post","type-post","status-publish","format-standard","hentry","category-academia"],"yoast_head":"<!-- This site is optimized with the Yoast SEO plugin v27.4 - https:\/\/yoast.com\/product\/yoast-seo-wordpress\/ -->\n<title>Dise\u00f1adores Gr\u00e1ficos Inician Preparativos de Tekhn\u00e9 2008 - CETYS<\/title>\n<meta name=\"description\" content=\"Articulo sobre Dise\u00f1adores Gr\u00e1ficos Inician Preparativos de Tekhn\u00e9 2008\" \/>\n<meta name=\"robots\" content=\"index, follow, max-snippet:-1, max-image-preview:large, max-video-preview:-1\" \/>\n<link rel=\"canonical\" href=\"https:\/\/www.cetys.mx\/noticias\/diseadores-grficos-inician-preparativos-de-tekhn-2008\/\" \/>\n<meta property=\"og:locale\" content=\"es_MX\" \/>\n<meta property=\"og:type\" content=\"article\" \/>\n<meta property=\"og:title\" content=\"Dise\u00f1adores Gr\u00e1ficos Inician Preparativos de Tekhn\u00e9 2008 - CETYS\" \/>\n<meta property=\"og:description\" content=\"Articulo sobre Dise\u00f1adores Gr\u00e1ficos Inician Preparativos de Tekhn\u00e9 2008\" \/>\n<meta property=\"og:url\" content=\"https:\/\/www.cetys.mx\/noticias\/diseadores-grficos-inician-preparativos-de-tekhn-2008\/\" \/>\n<meta property=\"og:site_name\" content=\"CETYS\" \/>\n<meta property=\"article:publisher\" content=\"https:\/\/www.facebook.com\/cetysuniversidadmxl\/\" \/>\n<meta property=\"article:published_time\" content=\"2008-08-07T07:00:00+00:00\" \/>\n<meta property=\"article:modified_time\" content=\"2016-07-15T04:04:35+00:00\" \/>\n<meta name=\"author\" content=\"CETYS Institucional\" \/>\n<meta name=\"twitter:card\" content=\"summary_large_image\" \/>\n<meta name=\"twitter:creator\" content=\"@cetysuni\" \/>\n<meta name=\"twitter:site\" content=\"@cetysuni\" \/>\n<meta name=\"twitter:label1\" content=\"Escrito por\" \/>\n\t<meta name=\"twitter:data1\" content=\"CETYS Institucional\" \/>\n\t<meta name=\"twitter:label2\" content=\"Tiempo de lectura\" \/>\n\t<meta name=\"twitter:data2\" content=\"1 minuto\" \/>\n<script type=\"application\/ld+json\" class=\"yoast-schema-graph\">{\"@context\":\"https:\\\/\\\/schema.org\",\"@graph\":[{\"@type\":\"Article\",\"@id\":\"https:\\\/\\\/www.cetys.mx\\\/noticias\\\/diseadores-grficos-inician-preparativos-de-tekhn-2008\\\/#article\",\"isPartOf\":{\"@id\":\"https:\\\/\\\/www.cetys.mx\\\/noticias\\\/diseadores-grficos-inician-preparativos-de-tekhn-2008\\\/\"},\"author\":{\"name\":\"CETYS Institucional\",\"@id\":\"https:\\\/\\\/www.cetys.mx\\\/noticias\\\/#\\\/schema\\\/person\\\/e9d2b35265b64aa454df57a2828eb2ac\"},\"headline\":\"Dise\u00f1adores Gr\u00e1ficos Inician Preparativos de Tekhn\u00e9 2008\",\"datePublished\":\"2008-08-07T07:00:00+00:00\",\"dateModified\":\"2016-07-15T04:04:35+00:00\",\"mainEntityOfPage\":{\"@id\":\"https:\\\/\\\/www.cetys.mx\\\/noticias\\\/diseadores-grficos-inician-preparativos-de-tekhn-2008\\\/\"},\"wordCount\":283,\"commentCount\":0,\"articleSection\":[\"Academia\"],\"inLanguage\":\"es\",\"potentialAction\":[{\"@type\":\"CommentAction\",\"name\":\"Comment\",\"target\":[\"https:\\\/\\\/www.cetys.mx\\\/noticias\\\/diseadores-grficos-inician-preparativos-de-tekhn-2008\\\/#respond\"]}]},{\"@type\":\"WebPage\",\"@id\":\"https:\\\/\\\/www.cetys.mx\\\/noticias\\\/diseadores-grficos-inician-preparativos-de-tekhn-2008\\\/\",\"url\":\"https:\\\/\\\/www.cetys.mx\\\/noticias\\\/diseadores-grficos-inician-preparativos-de-tekhn-2008\\\/\",\"name\":\"Dise\u00f1adores Gr\u00e1ficos Inician Preparativos de Tekhn\u00e9 2008 - CETYS\",\"isPartOf\":{\"@id\":\"https:\\\/\\\/www.cetys.mx\\\/noticias\\\/#website\"},\"datePublished\":\"2008-08-07T07:00:00+00:00\",\"dateModified\":\"2016-07-15T04:04:35+00:00\",\"author\":{\"@id\":\"https:\\\/\\\/www.cetys.mx\\\/noticias\\\/#\\\/schema\\\/person\\\/e9d2b35265b64aa454df57a2828eb2ac\"},\"description\":\"Articulo sobre Dise\u00f1adores Gr\u00e1ficos Inician Preparativos de Tekhn\u00e9 2008\",\"breadcrumb\":{\"@id\":\"https:\\\/\\\/www.cetys.mx\\\/noticias\\\/diseadores-grficos-inician-preparativos-de-tekhn-2008\\\/#breadcrumb\"},\"inLanguage\":\"es\",\"potentialAction\":[{\"@type\":\"ReadAction\",\"target\":[\"https:\\\/\\\/www.cetys.mx\\\/noticias\\\/diseadores-grficos-inician-preparativos-de-tekhn-2008\\\/\"]}]},{\"@type\":\"BreadcrumbList\",\"@id\":\"https:\\\/\\\/www.cetys.mx\\\/noticias\\\/diseadores-grficos-inician-preparativos-de-tekhn-2008\\\/#breadcrumb\",\"itemListElement\":[{\"@type\":\"ListItem\",\"position\":1,\"name\":\"Inicio\",\"item\":\"https:\\\/\\\/www.cetys.mx\\\/noticias\\\/\"},{\"@type\":\"ListItem\",\"position\":2,\"name\":\"Dise\u00f1adores Gr\u00e1ficos Inician Preparativos de Tekhn\u00e9 2008\"}]},{\"@type\":\"WebSite\",\"@id\":\"https:\\\/\\\/www.cetys.mx\\\/noticias\\\/#website\",\"url\":\"https:\\\/\\\/www.cetys.mx\\\/noticias\\\/\",\"name\":\"CETYS\",\"description\":\"\",\"potentialAction\":[{\"@type\":\"SearchAction\",\"target\":{\"@type\":\"EntryPoint\",\"urlTemplate\":\"https:\\\/\\\/www.cetys.mx\\\/noticias\\\/?s={search_term_string}\"},\"query-input\":{\"@type\":\"PropertyValueSpecification\",\"valueRequired\":true,\"valueName\":\"search_term_string\"}}],\"inLanguage\":\"es\"},{\"@type\":\"Person\",\"@id\":\"https:\\\/\\\/www.cetys.mx\\\/noticias\\\/#\\\/schema\\\/person\\\/e9d2b35265b64aa454df57a2828eb2ac\",\"name\":\"CETYS Institucional\",\"url\":\"https:\\\/\\\/www.cetys.mx\\\/noticias\\\/author\\\/cetysinstitucional\\\/\"}]}<\/script>\n<!-- \/ Yoast SEO plugin. -->","yoast_head_json":{"title":"Dise\u00f1adores Gr\u00e1ficos Inician Preparativos de Tekhn\u00e9 2008 - CETYS","description":"Articulo sobre Dise\u00f1adores Gr\u00e1ficos Inician Preparativos de Tekhn\u00e9 2008","robots":{"index":"index","follow":"follow","max-snippet":"max-snippet:-1","max-image-preview":"max-image-preview:large","max-video-preview":"max-video-preview:-1"},"canonical":"https:\/\/www.cetys.mx\/noticias\/diseadores-grficos-inician-preparativos-de-tekhn-2008\/","og_locale":"es_MX","og_type":"article","og_title":"Dise\u00f1adores Gr\u00e1ficos Inician Preparativos de Tekhn\u00e9 2008 - CETYS","og_description":"Articulo sobre Dise\u00f1adores Gr\u00e1ficos Inician Preparativos de Tekhn\u00e9 2008","og_url":"https:\/\/www.cetys.mx\/noticias\/diseadores-grficos-inician-preparativos-de-tekhn-2008\/","og_site_name":"CETYS","article_publisher":"https:\/\/www.facebook.com\/cetysuniversidadmxl\/","article_published_time":"2008-08-07T07:00:00+00:00","article_modified_time":"2016-07-15T04:04:35+00:00","author":"CETYS Institucional","twitter_card":"summary_large_image","twitter_creator":"@cetysuni","twitter_site":"@cetysuni","twitter_misc":{"Escrito por":"CETYS Institucional","Tiempo de lectura":"1 minuto"},"schema":{"@context":"https:\/\/schema.org","@graph":[{"@type":"Article","@id":"https:\/\/www.cetys.mx\/noticias\/diseadores-grficos-inician-preparativos-de-tekhn-2008\/#article","isPartOf":{"@id":"https:\/\/www.cetys.mx\/noticias\/diseadores-grficos-inician-preparativos-de-tekhn-2008\/"},"author":{"name":"CETYS Institucional","@id":"https:\/\/www.cetys.mx\/noticias\/#\/schema\/person\/e9d2b35265b64aa454df57a2828eb2ac"},"headline":"Dise\u00f1adores Gr\u00e1ficos Inician Preparativos de Tekhn\u00e9 2008","datePublished":"2008-08-07T07:00:00+00:00","dateModified":"2016-07-15T04:04:35+00:00","mainEntityOfPage":{"@id":"https:\/\/www.cetys.mx\/noticias\/diseadores-grficos-inician-preparativos-de-tekhn-2008\/"},"wordCount":283,"commentCount":0,"articleSection":["Academia"],"inLanguage":"es","potentialAction":[{"@type":"CommentAction","name":"Comment","target":["https:\/\/www.cetys.mx\/noticias\/diseadores-grficos-inician-preparativos-de-tekhn-2008\/#respond"]}]},{"@type":"WebPage","@id":"https:\/\/www.cetys.mx\/noticias\/diseadores-grficos-inician-preparativos-de-tekhn-2008\/","url":"https:\/\/www.cetys.mx\/noticias\/diseadores-grficos-inician-preparativos-de-tekhn-2008\/","name":"Dise\u00f1adores Gr\u00e1ficos Inician Preparativos de Tekhn\u00e9 2008 - CETYS","isPartOf":{"@id":"https:\/\/www.cetys.mx\/noticias\/#website"},"datePublished":"2008-08-07T07:00:00+00:00","dateModified":"2016-07-15T04:04:35+00:00","author":{"@id":"https:\/\/www.cetys.mx\/noticias\/#\/schema\/person\/e9d2b35265b64aa454df57a2828eb2ac"},"description":"Articulo sobre Dise\u00f1adores Gr\u00e1ficos Inician Preparativos de Tekhn\u00e9 2008","breadcrumb":{"@id":"https:\/\/www.cetys.mx\/noticias\/diseadores-grficos-inician-preparativos-de-tekhn-2008\/#breadcrumb"},"inLanguage":"es","potentialAction":[{"@type":"ReadAction","target":["https:\/\/www.cetys.mx\/noticias\/diseadores-grficos-inician-preparativos-de-tekhn-2008\/"]}]},{"@type":"BreadcrumbList","@id":"https:\/\/www.cetys.mx\/noticias\/diseadores-grficos-inician-preparativos-de-tekhn-2008\/#breadcrumb","itemListElement":[{"@type":"ListItem","position":1,"name":"Inicio","item":"https:\/\/www.cetys.mx\/noticias\/"},{"@type":"ListItem","position":2,"name":"Dise\u00f1adores Gr\u00e1ficos Inician Preparativos de Tekhn\u00e9 2008"}]},{"@type":"WebSite","@id":"https:\/\/www.cetys.mx\/noticias\/#website","url":"https:\/\/www.cetys.mx\/noticias\/","name":"CETYS","description":"","potentialAction":[{"@type":"SearchAction","target":{"@type":"EntryPoint","urlTemplate":"https:\/\/www.cetys.mx\/noticias\/?s={search_term_string}"},"query-input":{"@type":"PropertyValueSpecification","valueRequired":true,"valueName":"search_term_string"}}],"inLanguage":"es"},{"@type":"Person","@id":"https:\/\/www.cetys.mx\/noticias\/#\/schema\/person\/e9d2b35265b64aa454df57a2828eb2ac","name":"CETYS Institucional","url":"https:\/\/www.cetys.mx\/noticias\/author\/cetysinstitucional\/"}]}},"_links":{"self":[{"href":"https:\/\/www.cetys.mx\/noticias\/wp-json\/wp\/v2\/posts\/30203","targetHints":{"allow":["GET"]}}],"collection":[{"href":"https:\/\/www.cetys.mx\/noticias\/wp-json\/wp\/v2\/posts"}],"about":[{"href":"https:\/\/www.cetys.mx\/noticias\/wp-json\/wp\/v2\/types\/post"}],"author":[{"embeddable":true,"href":"https:\/\/www.cetys.mx\/noticias\/wp-json\/wp\/v2\/users\/26"}],"replies":[{"embeddable":true,"href":"https:\/\/www.cetys.mx\/noticias\/wp-json\/wp\/v2\/comments?post=30203"}],"version-history":[{"count":0,"href":"https:\/\/www.cetys.mx\/noticias\/wp-json\/wp\/v2\/posts\/30203\/revisions"}],"wp:attachment":[{"href":"https:\/\/www.cetys.mx\/noticias\/wp-json\/wp\/v2\/media?parent=30203"}],"wp:term":[{"taxonomy":"category","embeddable":true,"href":"https:\/\/www.cetys.mx\/noticias\/wp-json\/wp\/v2\/categories?post=30203"},{"taxonomy":"post_tag","embeddable":true,"href":"https:\/\/www.cetys.mx\/noticias\/wp-json\/wp\/v2\/tags?post=30203"}],"curies":[{"name":"wp","href":"https:\/\/api.w.org\/{rel}","templated":true}]}}