{"id":29153,"date":"2007-12-10T00:00:00","date_gmt":"2007-12-10T08:00:00","guid":{"rendered":"http:\/\/vocetys.mx\/obtiene-karla-tres-medallas-en-centroamericano-2\/"},"modified":"2016-08-07T15:52:19","modified_gmt":"2016-08-07T22:52:19","slug":"obtiene-karla-tres-medallas-en-centroamericano-2","status":"publish","type":"post","link":"https:\/\/www.cetys.mx\/noticias\/obtiene-karla-tres-medallas-en-centroamericano-2\/","title":{"rendered":"Obtiene Karla Tres Medallas en Centroamericano"},"content":{"rendered":"<p>Karla Luc\u00eda Hern\u00e1ndez Le\u00f3n, quien cursa el primer semestre de Preparatoria en CETYS Universidad, obtuvo tres medallas en la competencia de Halterofilia realizada en los recientes Juegos Escolares Centroamericanos y del Caribe realizados en Puerto Rico, donde participaron por lo menos 15 pa\u00edses. Karla gan\u00f3 una presea se plata y dos de bronce, considerando el levantamiento de arranque y envi\u00f3n.Esta joven de 15 a\u00f1os ya hab\u00eda logrado conseguir 2 medallas de oro y 1 de plata en el 5to. Panamericano de Halterofilia, realizado este a\u00f1o en Le\u00f3n Guanajuato. Mientras que otros logros que Karla ha obtenido en el levantamiento de pesas, es la Copa Sinaloa 2006, donde gan\u00f3 medalla de oro, los Campeonatos Estatal y Nacional en 2006 y 2007, adem\u00e1s de haber participado en el California State Games. Enhorabuena.<\/p>\n","protected":false},"excerpt":{"rendered":"<p>Karla Luc\u00eda Hern\u00e1ndez Le\u00f3n, quien cursa el primer semestre de Preparatoria en CETYS Universidad, obtuvo tres medallas en la competencia de Halterofilia&#8230;<\/p>\n","protected":false},"author":26,"featured_media":29154,"comment_status":"open","ping_status":"open","sticky":false,"template":"","format":"standard","meta":{"footnotes":""},"categories":[105],"tags":[],"class_list":["post-29153","post","type-post","status-publish","format-standard","has-post-thumbnail","hentry","category-vida-estudiantil"],"yoast_head":"<!-- This site is optimized with the Yoast SEO plugin v27.4 - https:\/\/yoast.com\/product\/yoast-seo-wordpress\/ -->\n<title>Obtiene Karla Tres Medallas en Centroamericano - CETYS<\/title>\n<meta name=\"description\" content=\"Articulo sobre Obtiene Karla Tres Medallas en Centroamericano\" \/>\n<meta name=\"robots\" content=\"index, follow, max-snippet:-1, max-image-preview:large, max-video-preview:-1\" \/>\n<link rel=\"canonical\" href=\"https:\/\/www.cetys.mx\/noticias\/obtiene-karla-tres-medallas-en-centroamericano-2\/\" \/>\n<meta property=\"og:locale\" content=\"es_MX\" \/>\n<meta property=\"og:type\" content=\"article\" \/>\n<meta property=\"og:title\" content=\"Obtiene Karla Tres Medallas en Centroamericano - CETYS\" \/>\n<meta property=\"og:description\" content=\"Articulo sobre Obtiene Karla Tres Medallas en Centroamericano\" \/>\n<meta property=\"og:url\" content=\"https:\/\/www.cetys.mx\/noticias\/obtiene-karla-tres-medallas-en-centroamericano-2\/\" \/>\n<meta property=\"og:site_name\" content=\"CETYS\" \/>\n<meta property=\"article:publisher\" content=\"https:\/\/www.facebook.com\/cetysuniversidadmxl\/\" \/>\n<meta property=\"article:published_time\" content=\"2007-12-10T08:00:00+00:00\" \/>\n<meta property=\"article:modified_time\" content=\"2016-08-07T22:52:19+00:00\" \/>\n<meta property=\"og:image\" content=\"https:\/\/www.cetys.mx\/noticias\/wp-content\/uploads\/2016\/02\/halterofilia_gde1.jpg\" \/>\n\t<meta property=\"og:image:width\" content=\"500\" \/>\n\t<meta property=\"og:image:height\" content=\"667\" \/>\n\t<meta property=\"og:image:type\" content=\"image\/jpeg\" \/>\n<meta name=\"author\" content=\"CETYS Institucional\" \/>\n<meta name=\"twitter:card\" content=\"summary_large_image\" \/>\n<meta name=\"twitter:creator\" content=\"@cetysuni\" \/>\n<meta name=\"twitter:site\" content=\"@cetysuni\" \/>\n<meta name=\"twitter:label1\" content=\"Escrito por\" \/>\n\t<meta name=\"twitter:data1\" content=\"CETYS Institucional\" \/>\n\t<meta name=\"twitter:label2\" content=\"Tiempo de lectura\" \/>\n\t<meta name=\"twitter:data2\" content=\"1 minuto\" \/>\n<script type=\"application\/ld+json\" class=\"yoast-schema-graph\">{\"@context\":\"https:\\\/\\\/schema.org\",\"@graph\":[{\"@type\":\"Article\",\"@id\":\"https:\\\/\\\/www.cetys.mx\\\/noticias\\\/obtiene-karla-tres-medallas-en-centroamericano-2\\\/#article\",\"isPartOf\":{\"@id\":\"https:\\\/\\\/www.cetys.mx\\\/noticias\\\/obtiene-karla-tres-medallas-en-centroamericano-2\\\/\"},\"author\":{\"name\":\"CETYS Institucional\",\"@id\":\"https:\\\/\\\/www.cetys.mx\\\/noticias\\\/#\\\/schema\\\/person\\\/e9d2b35265b64aa454df57a2828eb2ac\"},\"headline\":\"Obtiene Karla Tres Medallas en Centroamericano\",\"datePublished\":\"2007-12-10T08:00:00+00:00\",\"dateModified\":\"2016-08-07T22:52:19+00:00\",\"mainEntityOfPage\":{\"@id\":\"https:\\\/\\\/www.cetys.mx\\\/noticias\\\/obtiene-karla-tres-medallas-en-centroamericano-2\\\/\"},\"wordCount\":140,\"commentCount\":0,\"image\":{\"@id\":\"https:\\\/\\\/www.cetys.mx\\\/noticias\\\/obtiene-karla-tres-medallas-en-centroamericano-2\\\/#primaryimage\"},\"thumbnailUrl\":\"https:\\\/\\\/www.cetys.mx\\\/noticias\\\/wp-content\\\/uploads\\\/2016\\\/02\\\/halterofilia_gde1.jpg\",\"articleSection\":[\"Vida Estudiantil\"],\"inLanguage\":\"es\",\"potentialAction\":[{\"@type\":\"CommentAction\",\"name\":\"Comment\",\"target\":[\"https:\\\/\\\/www.cetys.mx\\\/noticias\\\/obtiene-karla-tres-medallas-en-centroamericano-2\\\/#respond\"]}]},{\"@type\":\"WebPage\",\"@id\":\"https:\\\/\\\/www.cetys.mx\\\/noticias\\\/obtiene-karla-tres-medallas-en-centroamericano-2\\\/\",\"url\":\"https:\\\/\\\/www.cetys.mx\\\/noticias\\\/obtiene-karla-tres-medallas-en-centroamericano-2\\\/\",\"name\":\"Obtiene Karla Tres Medallas en Centroamericano - CETYS\",\"isPartOf\":{\"@id\":\"https:\\\/\\\/www.cetys.mx\\\/noticias\\\/#website\"},\"primaryImageOfPage\":{\"@id\":\"https:\\\/\\\/www.cetys.mx\\\/noticias\\\/obtiene-karla-tres-medallas-en-centroamericano-2\\\/#primaryimage\"},\"image\":{\"@id\":\"https:\\\/\\\/www.cetys.mx\\\/noticias\\\/obtiene-karla-tres-medallas-en-centroamericano-2\\\/#primaryimage\"},\"thumbnailUrl\":\"https:\\\/\\\/www.cetys.mx\\\/noticias\\\/wp-content\\\/uploads\\\/2016\\\/02\\\/halterofilia_gde1.jpg\",\"datePublished\":\"2007-12-10T08:00:00+00:00\",\"dateModified\":\"2016-08-07T22:52:19+00:00\",\"author\":{\"@id\":\"https:\\\/\\\/www.cetys.mx\\\/noticias\\\/#\\\/schema\\\/person\\\/e9d2b35265b64aa454df57a2828eb2ac\"},\"description\":\"Articulo sobre Obtiene Karla Tres Medallas en Centroamericano\",\"breadcrumb\":{\"@id\":\"https:\\\/\\\/www.cetys.mx\\\/noticias\\\/obtiene-karla-tres-medallas-en-centroamericano-2\\\/#breadcrumb\"},\"inLanguage\":\"es\",\"potentialAction\":[{\"@type\":\"ReadAction\",\"target\":[\"https:\\\/\\\/www.cetys.mx\\\/noticias\\\/obtiene-karla-tres-medallas-en-centroamericano-2\\\/\"]}]},{\"@type\":\"ImageObject\",\"inLanguage\":\"es\",\"@id\":\"https:\\\/\\\/www.cetys.mx\\\/noticias\\\/obtiene-karla-tres-medallas-en-centroamericano-2\\\/#primaryimage\",\"url\":\"https:\\\/\\\/www.cetys.mx\\\/noticias\\\/wp-content\\\/uploads\\\/2016\\\/02\\\/halterofilia_gde1.jpg\",\"contentUrl\":\"https:\\\/\\\/www.cetys.mx\\\/noticias\\\/wp-content\\\/uploads\\\/2016\\\/02\\\/halterofilia_gde1.jpg\",\"width\":500,\"height\":667},{\"@type\":\"BreadcrumbList\",\"@id\":\"https:\\\/\\\/www.cetys.mx\\\/noticias\\\/obtiene-karla-tres-medallas-en-centroamericano-2\\\/#breadcrumb\",\"itemListElement\":[{\"@type\":\"ListItem\",\"position\":1,\"name\":\"Inicio\",\"item\":\"https:\\\/\\\/www.cetys.mx\\\/noticias\\\/\"},{\"@type\":\"ListItem\",\"position\":2,\"name\":\"Obtiene Karla Tres Medallas en Centroamericano\"}]},{\"@type\":\"WebSite\",\"@id\":\"https:\\\/\\\/www.cetys.mx\\\/noticias\\\/#website\",\"url\":\"https:\\\/\\\/www.cetys.mx\\\/noticias\\\/\",\"name\":\"CETYS\",\"description\":\"\",\"potentialAction\":[{\"@type\":\"SearchAction\",\"target\":{\"@type\":\"EntryPoint\",\"urlTemplate\":\"https:\\\/\\\/www.cetys.mx\\\/noticias\\\/?s={search_term_string}\"},\"query-input\":{\"@type\":\"PropertyValueSpecification\",\"valueRequired\":true,\"valueName\":\"search_term_string\"}}],\"inLanguage\":\"es\"},{\"@type\":\"Person\",\"@id\":\"https:\\\/\\\/www.cetys.mx\\\/noticias\\\/#\\\/schema\\\/person\\\/e9d2b35265b64aa454df57a2828eb2ac\",\"name\":\"CETYS Institucional\",\"url\":\"https:\\\/\\\/www.cetys.mx\\\/noticias\\\/author\\\/cetysinstitucional\\\/\"}]}<\/script>\n<!-- \/ Yoast SEO plugin. -->","yoast_head_json":{"title":"Obtiene Karla Tres Medallas en Centroamericano - CETYS","description":"Articulo sobre Obtiene Karla Tres Medallas en Centroamericano","robots":{"index":"index","follow":"follow","max-snippet":"max-snippet:-1","max-image-preview":"max-image-preview:large","max-video-preview":"max-video-preview:-1"},"canonical":"https:\/\/www.cetys.mx\/noticias\/obtiene-karla-tres-medallas-en-centroamericano-2\/","og_locale":"es_MX","og_type":"article","og_title":"Obtiene Karla Tres Medallas en Centroamericano - CETYS","og_description":"Articulo sobre Obtiene Karla Tres Medallas en Centroamericano","og_url":"https:\/\/www.cetys.mx\/noticias\/obtiene-karla-tres-medallas-en-centroamericano-2\/","og_site_name":"CETYS","article_publisher":"https:\/\/www.facebook.com\/cetysuniversidadmxl\/","article_published_time":"2007-12-10T08:00:00+00:00","article_modified_time":"2016-08-07T22:52:19+00:00","og_image":[{"width":500,"height":667,"url":"https:\/\/www.cetys.mx\/noticias\/wp-content\/uploads\/2016\/02\/halterofilia_gde1.jpg","type":"image\/jpeg"}],"author":"CETYS Institucional","twitter_card":"summary_large_image","twitter_creator":"@cetysuni","twitter_site":"@cetysuni","twitter_misc":{"Escrito por":"CETYS Institucional","Tiempo de lectura":"1 minuto"},"schema":{"@context":"https:\/\/schema.org","@graph":[{"@type":"Article","@id":"https:\/\/www.cetys.mx\/noticias\/obtiene-karla-tres-medallas-en-centroamericano-2\/#article","isPartOf":{"@id":"https:\/\/www.cetys.mx\/noticias\/obtiene-karla-tres-medallas-en-centroamericano-2\/"},"author":{"name":"CETYS Institucional","@id":"https:\/\/www.cetys.mx\/noticias\/#\/schema\/person\/e9d2b35265b64aa454df57a2828eb2ac"},"headline":"Obtiene Karla Tres Medallas en Centroamericano","datePublished":"2007-12-10T08:00:00+00:00","dateModified":"2016-08-07T22:52:19+00:00","mainEntityOfPage":{"@id":"https:\/\/www.cetys.mx\/noticias\/obtiene-karla-tres-medallas-en-centroamericano-2\/"},"wordCount":140,"commentCount":0,"image":{"@id":"https:\/\/www.cetys.mx\/noticias\/obtiene-karla-tres-medallas-en-centroamericano-2\/#primaryimage"},"thumbnailUrl":"https:\/\/www.cetys.mx\/noticias\/wp-content\/uploads\/2016\/02\/halterofilia_gde1.jpg","articleSection":["Vida Estudiantil"],"inLanguage":"es","potentialAction":[{"@type":"CommentAction","name":"Comment","target":["https:\/\/www.cetys.mx\/noticias\/obtiene-karla-tres-medallas-en-centroamericano-2\/#respond"]}]},{"@type":"WebPage","@id":"https:\/\/www.cetys.mx\/noticias\/obtiene-karla-tres-medallas-en-centroamericano-2\/","url":"https:\/\/www.cetys.mx\/noticias\/obtiene-karla-tres-medallas-en-centroamericano-2\/","name":"Obtiene Karla Tres Medallas en Centroamericano - CETYS","isPartOf":{"@id":"https:\/\/www.cetys.mx\/noticias\/#website"},"primaryImageOfPage":{"@id":"https:\/\/www.cetys.mx\/noticias\/obtiene-karla-tres-medallas-en-centroamericano-2\/#primaryimage"},"image":{"@id":"https:\/\/www.cetys.mx\/noticias\/obtiene-karla-tres-medallas-en-centroamericano-2\/#primaryimage"},"thumbnailUrl":"https:\/\/www.cetys.mx\/noticias\/wp-content\/uploads\/2016\/02\/halterofilia_gde1.jpg","datePublished":"2007-12-10T08:00:00+00:00","dateModified":"2016-08-07T22:52:19+00:00","author":{"@id":"https:\/\/www.cetys.mx\/noticias\/#\/schema\/person\/e9d2b35265b64aa454df57a2828eb2ac"},"description":"Articulo sobre Obtiene Karla Tres Medallas en Centroamericano","breadcrumb":{"@id":"https:\/\/www.cetys.mx\/noticias\/obtiene-karla-tres-medallas-en-centroamericano-2\/#breadcrumb"},"inLanguage":"es","potentialAction":[{"@type":"ReadAction","target":["https:\/\/www.cetys.mx\/noticias\/obtiene-karla-tres-medallas-en-centroamericano-2\/"]}]},{"@type":"ImageObject","inLanguage":"es","@id":"https:\/\/www.cetys.mx\/noticias\/obtiene-karla-tres-medallas-en-centroamericano-2\/#primaryimage","url":"https:\/\/www.cetys.mx\/noticias\/wp-content\/uploads\/2016\/02\/halterofilia_gde1.jpg","contentUrl":"https:\/\/www.cetys.mx\/noticias\/wp-content\/uploads\/2016\/02\/halterofilia_gde1.jpg","width":500,"height":667},{"@type":"BreadcrumbList","@id":"https:\/\/www.cetys.mx\/noticias\/obtiene-karla-tres-medallas-en-centroamericano-2\/#breadcrumb","itemListElement":[{"@type":"ListItem","position":1,"name":"Inicio","item":"https:\/\/www.cetys.mx\/noticias\/"},{"@type":"ListItem","position":2,"name":"Obtiene Karla Tres Medallas en Centroamericano"}]},{"@type":"WebSite","@id":"https:\/\/www.cetys.mx\/noticias\/#website","url":"https:\/\/www.cetys.mx\/noticias\/","name":"CETYS","description":"","potentialAction":[{"@type":"SearchAction","target":{"@type":"EntryPoint","urlTemplate":"https:\/\/www.cetys.mx\/noticias\/?s={search_term_string}"},"query-input":{"@type":"PropertyValueSpecification","valueRequired":true,"valueName":"search_term_string"}}],"inLanguage":"es"},{"@type":"Person","@id":"https:\/\/www.cetys.mx\/noticias\/#\/schema\/person\/e9d2b35265b64aa454df57a2828eb2ac","name":"CETYS Institucional","url":"https:\/\/www.cetys.mx\/noticias\/author\/cetysinstitucional\/"}]}},"_links":{"self":[{"href":"https:\/\/www.cetys.mx\/noticias\/wp-json\/wp\/v2\/posts\/29153","targetHints":{"allow":["GET"]}}],"collection":[{"href":"https:\/\/www.cetys.mx\/noticias\/wp-json\/wp\/v2\/posts"}],"about":[{"href":"https:\/\/www.cetys.mx\/noticias\/wp-json\/wp\/v2\/types\/post"}],"author":[{"embeddable":true,"href":"https:\/\/www.cetys.mx\/noticias\/wp-json\/wp\/v2\/users\/26"}],"replies":[{"embeddable":true,"href":"https:\/\/www.cetys.mx\/noticias\/wp-json\/wp\/v2\/comments?post=29153"}],"version-history":[{"count":0,"href":"https:\/\/www.cetys.mx\/noticias\/wp-json\/wp\/v2\/posts\/29153\/revisions"}],"wp:featuredmedia":[{"embeddable":true,"href":"https:\/\/www.cetys.mx\/noticias\/wp-json\/wp\/v2\/media\/29154"}],"wp:attachment":[{"href":"https:\/\/www.cetys.mx\/noticias\/wp-json\/wp\/v2\/media?parent=29153"}],"wp:term":[{"taxonomy":"category","embeddable":true,"href":"https:\/\/www.cetys.mx\/noticias\/wp-json\/wp\/v2\/categories?post=29153"},{"taxonomy":"post_tag","embeddable":true,"href":"https:\/\/www.cetys.mx\/noticias\/wp-json\/wp\/v2\/tags?post=29153"}],"curies":[{"name":"wp","href":"https:\/\/api.w.org\/{rel}","templated":true}]}}