{"id":29099,"date":"2007-11-26T00:00:00","date_gmt":"2007-11-26T08:00:00","guid":{"rendered":"http:\/\/vocetys.mx\/estrena-cetys-nueva-agenda-electrnica\/"},"modified":"2016-08-07T15:06:18","modified_gmt":"2016-08-07T22:06:18","slug":"estrena-cetys-nueva-agenda-electrnica","status":"publish","type":"post","link":"https:\/\/www.cetys.mx\/noticias\/estrena-cetys-nueva-agenda-electrnica\/","title":{"rendered":"Estrena CETYS Nueva Agenda Electr\u00f3nica"},"content":{"rendered":"<p>Debido a que el manejo de la comunicaci\u00f3n como factor de cohesi\u00f3n y desarrollo institucional, ocupa un lugar preponderante dentro de las l\u00edneas de trabajo establecidas por el actual Rector de CETYS Universidad, Ing. Enrique Carlos Blancas de la Cruz, a partir del 15 de noviembre comenz\u00f3 a operar la  agenda electr\u00f3nica CETYS, con la intenci\u00f3n de fortalecer la relaci\u00f3n entre la instituci\u00f3n y la comunidad, mediante mecanismos que establezcan una vinculaci\u00f3n de manera interactiva.Con esta aplicaci\u00f3n, podr\u00e1s enterarte en l\u00ednea de lo \u00faltimo del acontecer acad\u00e9mico, adem\u00e1s de las diversas actividades administrativas que se efect\u00faan en nuestra universidad. Esta agenda, es una herramienta electr\u00f3nica a la que puedes tener acceso a partir de la p\u00e1gina web de CETYS www.cetys.mx.<\/p>\n","protected":false},"excerpt":{"rendered":"<p>Debido a que el manejo de la comunicaci\u00f3n como factor de cohesi\u00f3n y desarrollo institucional, ocupa un lugar preponderante dentro de las&#8230;<\/p>\n","protected":false},"author":26,"featured_media":29100,"comment_status":"open","ping_status":"open","sticky":false,"template":"","format":"standard","meta":{"footnotes":""},"categories":[209],"tags":[],"class_list":["post-29099","post","type-post","status-publish","format-standard","has-post-thumbnail","hentry","category-institucional"],"yoast_head":"<!-- This site is optimized with the Yoast SEO plugin v27.4 - https:\/\/yoast.com\/product\/yoast-seo-wordpress\/ -->\n<title>Estrena CETYS Nueva Agenda Electr\u00f3nica - CETYS<\/title>\n<meta name=\"description\" content=\"Articulo sobre Estrena CETYS Nueva Agenda Electr\u00f3nica\" \/>\n<meta name=\"robots\" content=\"index, follow, max-snippet:-1, max-image-preview:large, max-video-preview:-1\" \/>\n<link rel=\"canonical\" href=\"https:\/\/www.cetys.mx\/noticias\/estrena-cetys-nueva-agenda-electrnica\/\" \/>\n<meta property=\"og:locale\" content=\"es_MX\" \/>\n<meta property=\"og:type\" content=\"article\" \/>\n<meta property=\"og:title\" content=\"Estrena CETYS Nueva Agenda Electr\u00f3nica - CETYS\" \/>\n<meta property=\"og:description\" content=\"Articulo sobre Estrena CETYS Nueva Agenda Electr\u00f3nica\" \/>\n<meta property=\"og:url\" content=\"https:\/\/www.cetys.mx\/noticias\/estrena-cetys-nueva-agenda-electrnica\/\" \/>\n<meta property=\"og:site_name\" content=\"CETYS\" \/>\n<meta property=\"article:publisher\" content=\"https:\/\/www.facebook.com\/cetysuniversidadmxl\/\" \/>\n<meta property=\"article:published_time\" content=\"2007-11-26T08:00:00+00:00\" \/>\n<meta property=\"article:modified_time\" content=\"2016-08-07T22:06:18+00:00\" \/>\n<meta property=\"og:image\" content=\"https:\/\/www.cetys.mx\/noticias\/wp-content\/uploads\/2016\/02\/agend.gif\" \/>\n\t<meta property=\"og:image:width\" content=\"300\" \/>\n\t<meta property=\"og:image:height\" content=\"180\" \/>\n\t<meta property=\"og:image:type\" content=\"image\/gif\" \/>\n<meta name=\"author\" content=\"CETYS Institucional\" \/>\n<meta name=\"twitter:card\" content=\"summary_large_image\" \/>\n<meta name=\"twitter:creator\" content=\"@cetysuni\" \/>\n<meta name=\"twitter:site\" content=\"@cetysuni\" \/>\n<meta name=\"twitter:label1\" content=\"Escrito por\" \/>\n\t<meta name=\"twitter:data1\" content=\"CETYS Institucional\" \/>\n\t<meta name=\"twitter:label2\" content=\"Tiempo de lectura\" \/>\n\t<meta name=\"twitter:data2\" content=\"1 minuto\" \/>\n<script type=\"application\/ld+json\" class=\"yoast-schema-graph\">{\"@context\":\"https:\\\/\\\/schema.org\",\"@graph\":[{\"@type\":\"Article\",\"@id\":\"https:\\\/\\\/www.cetys.mx\\\/noticias\\\/estrena-cetys-nueva-agenda-electrnica\\\/#article\",\"isPartOf\":{\"@id\":\"https:\\\/\\\/www.cetys.mx\\\/noticias\\\/estrena-cetys-nueva-agenda-electrnica\\\/\"},\"author\":{\"name\":\"CETYS Institucional\",\"@id\":\"https:\\\/\\\/www.cetys.mx\\\/noticias\\\/#\\\/schema\\\/person\\\/e9d2b35265b64aa454df57a2828eb2ac\"},\"headline\":\"Estrena CETYS Nueva Agenda Electr\u00f3nica\",\"datePublished\":\"2007-11-26T08:00:00+00:00\",\"dateModified\":\"2016-08-07T22:06:18+00:00\",\"mainEntityOfPage\":{\"@id\":\"https:\\\/\\\/www.cetys.mx\\\/noticias\\\/estrena-cetys-nueva-agenda-electrnica\\\/\"},\"wordCount\":144,\"commentCount\":0,\"image\":{\"@id\":\"https:\\\/\\\/www.cetys.mx\\\/noticias\\\/estrena-cetys-nueva-agenda-electrnica\\\/#primaryimage\"},\"thumbnailUrl\":\"https:\\\/\\\/www.cetys.mx\\\/noticias\\\/wp-content\\\/uploads\\\/2016\\\/02\\\/agend.gif\",\"articleSection\":[\"Institucional\"],\"inLanguage\":\"es\",\"potentialAction\":[{\"@type\":\"CommentAction\",\"name\":\"Comment\",\"target\":[\"https:\\\/\\\/www.cetys.mx\\\/noticias\\\/estrena-cetys-nueva-agenda-electrnica\\\/#respond\"]}]},{\"@type\":\"WebPage\",\"@id\":\"https:\\\/\\\/www.cetys.mx\\\/noticias\\\/estrena-cetys-nueva-agenda-electrnica\\\/\",\"url\":\"https:\\\/\\\/www.cetys.mx\\\/noticias\\\/estrena-cetys-nueva-agenda-electrnica\\\/\",\"name\":\"Estrena CETYS Nueva Agenda Electr\u00f3nica - CETYS\",\"isPartOf\":{\"@id\":\"https:\\\/\\\/www.cetys.mx\\\/noticias\\\/#website\"},\"primaryImageOfPage\":{\"@id\":\"https:\\\/\\\/www.cetys.mx\\\/noticias\\\/estrena-cetys-nueva-agenda-electrnica\\\/#primaryimage\"},\"image\":{\"@id\":\"https:\\\/\\\/www.cetys.mx\\\/noticias\\\/estrena-cetys-nueva-agenda-electrnica\\\/#primaryimage\"},\"thumbnailUrl\":\"https:\\\/\\\/www.cetys.mx\\\/noticias\\\/wp-content\\\/uploads\\\/2016\\\/02\\\/agend.gif\",\"datePublished\":\"2007-11-26T08:00:00+00:00\",\"dateModified\":\"2016-08-07T22:06:18+00:00\",\"author\":{\"@id\":\"https:\\\/\\\/www.cetys.mx\\\/noticias\\\/#\\\/schema\\\/person\\\/e9d2b35265b64aa454df57a2828eb2ac\"},\"description\":\"Articulo sobre Estrena CETYS Nueva Agenda Electr\u00f3nica\",\"breadcrumb\":{\"@id\":\"https:\\\/\\\/www.cetys.mx\\\/noticias\\\/estrena-cetys-nueva-agenda-electrnica\\\/#breadcrumb\"},\"inLanguage\":\"es\",\"potentialAction\":[{\"@type\":\"ReadAction\",\"target\":[\"https:\\\/\\\/www.cetys.mx\\\/noticias\\\/estrena-cetys-nueva-agenda-electrnica\\\/\"]}]},{\"@type\":\"ImageObject\",\"inLanguage\":\"es\",\"@id\":\"https:\\\/\\\/www.cetys.mx\\\/noticias\\\/estrena-cetys-nueva-agenda-electrnica\\\/#primaryimage\",\"url\":\"https:\\\/\\\/www.cetys.mx\\\/noticias\\\/wp-content\\\/uploads\\\/2016\\\/02\\\/agend.gif\",\"contentUrl\":\"https:\\\/\\\/www.cetys.mx\\\/noticias\\\/wp-content\\\/uploads\\\/2016\\\/02\\\/agend.gif\",\"width\":300,\"height\":180},{\"@type\":\"BreadcrumbList\",\"@id\":\"https:\\\/\\\/www.cetys.mx\\\/noticias\\\/estrena-cetys-nueva-agenda-electrnica\\\/#breadcrumb\",\"itemListElement\":[{\"@type\":\"ListItem\",\"position\":1,\"name\":\"Inicio\",\"item\":\"https:\\\/\\\/www.cetys.mx\\\/noticias\\\/\"},{\"@type\":\"ListItem\",\"position\":2,\"name\":\"Estrena CETYS Nueva Agenda Electr\u00f3nica\"}]},{\"@type\":\"WebSite\",\"@id\":\"https:\\\/\\\/www.cetys.mx\\\/noticias\\\/#website\",\"url\":\"https:\\\/\\\/www.cetys.mx\\\/noticias\\\/\",\"name\":\"CETYS\",\"description\":\"\",\"potentialAction\":[{\"@type\":\"SearchAction\",\"target\":{\"@type\":\"EntryPoint\",\"urlTemplate\":\"https:\\\/\\\/www.cetys.mx\\\/noticias\\\/?s={search_term_string}\"},\"query-input\":{\"@type\":\"PropertyValueSpecification\",\"valueRequired\":true,\"valueName\":\"search_term_string\"}}],\"inLanguage\":\"es\"},{\"@type\":\"Person\",\"@id\":\"https:\\\/\\\/www.cetys.mx\\\/noticias\\\/#\\\/schema\\\/person\\\/e9d2b35265b64aa454df57a2828eb2ac\",\"name\":\"CETYS Institucional\",\"url\":\"https:\\\/\\\/www.cetys.mx\\\/noticias\\\/author\\\/cetysinstitucional\\\/\"}]}<\/script>\n<!-- \/ Yoast SEO plugin. -->","yoast_head_json":{"title":"Estrena CETYS Nueva Agenda Electr\u00f3nica - CETYS","description":"Articulo sobre Estrena CETYS Nueva Agenda Electr\u00f3nica","robots":{"index":"index","follow":"follow","max-snippet":"max-snippet:-1","max-image-preview":"max-image-preview:large","max-video-preview":"max-video-preview:-1"},"canonical":"https:\/\/www.cetys.mx\/noticias\/estrena-cetys-nueva-agenda-electrnica\/","og_locale":"es_MX","og_type":"article","og_title":"Estrena CETYS Nueva Agenda Electr\u00f3nica - CETYS","og_description":"Articulo sobre Estrena CETYS Nueva Agenda Electr\u00f3nica","og_url":"https:\/\/www.cetys.mx\/noticias\/estrena-cetys-nueva-agenda-electrnica\/","og_site_name":"CETYS","article_publisher":"https:\/\/www.facebook.com\/cetysuniversidadmxl\/","article_published_time":"2007-11-26T08:00:00+00:00","article_modified_time":"2016-08-07T22:06:18+00:00","og_image":[{"width":300,"height":180,"url":"https:\/\/www.cetys.mx\/noticias\/wp-content\/uploads\/2016\/02\/agend.gif","type":"image\/gif"}],"author":"CETYS Institucional","twitter_card":"summary_large_image","twitter_creator":"@cetysuni","twitter_site":"@cetysuni","twitter_misc":{"Escrito por":"CETYS Institucional","Tiempo de lectura":"1 minuto"},"schema":{"@context":"https:\/\/schema.org","@graph":[{"@type":"Article","@id":"https:\/\/www.cetys.mx\/noticias\/estrena-cetys-nueva-agenda-electrnica\/#article","isPartOf":{"@id":"https:\/\/www.cetys.mx\/noticias\/estrena-cetys-nueva-agenda-electrnica\/"},"author":{"name":"CETYS Institucional","@id":"https:\/\/www.cetys.mx\/noticias\/#\/schema\/person\/e9d2b35265b64aa454df57a2828eb2ac"},"headline":"Estrena CETYS Nueva Agenda Electr\u00f3nica","datePublished":"2007-11-26T08:00:00+00:00","dateModified":"2016-08-07T22:06:18+00:00","mainEntityOfPage":{"@id":"https:\/\/www.cetys.mx\/noticias\/estrena-cetys-nueva-agenda-electrnica\/"},"wordCount":144,"commentCount":0,"image":{"@id":"https:\/\/www.cetys.mx\/noticias\/estrena-cetys-nueva-agenda-electrnica\/#primaryimage"},"thumbnailUrl":"https:\/\/www.cetys.mx\/noticias\/wp-content\/uploads\/2016\/02\/agend.gif","articleSection":["Institucional"],"inLanguage":"es","potentialAction":[{"@type":"CommentAction","name":"Comment","target":["https:\/\/www.cetys.mx\/noticias\/estrena-cetys-nueva-agenda-electrnica\/#respond"]}]},{"@type":"WebPage","@id":"https:\/\/www.cetys.mx\/noticias\/estrena-cetys-nueva-agenda-electrnica\/","url":"https:\/\/www.cetys.mx\/noticias\/estrena-cetys-nueva-agenda-electrnica\/","name":"Estrena CETYS Nueva Agenda Electr\u00f3nica - CETYS","isPartOf":{"@id":"https:\/\/www.cetys.mx\/noticias\/#website"},"primaryImageOfPage":{"@id":"https:\/\/www.cetys.mx\/noticias\/estrena-cetys-nueva-agenda-electrnica\/#primaryimage"},"image":{"@id":"https:\/\/www.cetys.mx\/noticias\/estrena-cetys-nueva-agenda-electrnica\/#primaryimage"},"thumbnailUrl":"https:\/\/www.cetys.mx\/noticias\/wp-content\/uploads\/2016\/02\/agend.gif","datePublished":"2007-11-26T08:00:00+00:00","dateModified":"2016-08-07T22:06:18+00:00","author":{"@id":"https:\/\/www.cetys.mx\/noticias\/#\/schema\/person\/e9d2b35265b64aa454df57a2828eb2ac"},"description":"Articulo sobre Estrena CETYS Nueva Agenda Electr\u00f3nica","breadcrumb":{"@id":"https:\/\/www.cetys.mx\/noticias\/estrena-cetys-nueva-agenda-electrnica\/#breadcrumb"},"inLanguage":"es","potentialAction":[{"@type":"ReadAction","target":["https:\/\/www.cetys.mx\/noticias\/estrena-cetys-nueva-agenda-electrnica\/"]}]},{"@type":"ImageObject","inLanguage":"es","@id":"https:\/\/www.cetys.mx\/noticias\/estrena-cetys-nueva-agenda-electrnica\/#primaryimage","url":"https:\/\/www.cetys.mx\/noticias\/wp-content\/uploads\/2016\/02\/agend.gif","contentUrl":"https:\/\/www.cetys.mx\/noticias\/wp-content\/uploads\/2016\/02\/agend.gif","width":300,"height":180},{"@type":"BreadcrumbList","@id":"https:\/\/www.cetys.mx\/noticias\/estrena-cetys-nueva-agenda-electrnica\/#breadcrumb","itemListElement":[{"@type":"ListItem","position":1,"name":"Inicio","item":"https:\/\/www.cetys.mx\/noticias\/"},{"@type":"ListItem","position":2,"name":"Estrena CETYS Nueva Agenda Electr\u00f3nica"}]},{"@type":"WebSite","@id":"https:\/\/www.cetys.mx\/noticias\/#website","url":"https:\/\/www.cetys.mx\/noticias\/","name":"CETYS","description":"","potentialAction":[{"@type":"SearchAction","target":{"@type":"EntryPoint","urlTemplate":"https:\/\/www.cetys.mx\/noticias\/?s={search_term_string}"},"query-input":{"@type":"PropertyValueSpecification","valueRequired":true,"valueName":"search_term_string"}}],"inLanguage":"es"},{"@type":"Person","@id":"https:\/\/www.cetys.mx\/noticias\/#\/schema\/person\/e9d2b35265b64aa454df57a2828eb2ac","name":"CETYS Institucional","url":"https:\/\/www.cetys.mx\/noticias\/author\/cetysinstitucional\/"}]}},"_links":{"self":[{"href":"https:\/\/www.cetys.mx\/noticias\/wp-json\/wp\/v2\/posts\/29099","targetHints":{"allow":["GET"]}}],"collection":[{"href":"https:\/\/www.cetys.mx\/noticias\/wp-json\/wp\/v2\/posts"}],"about":[{"href":"https:\/\/www.cetys.mx\/noticias\/wp-json\/wp\/v2\/types\/post"}],"author":[{"embeddable":true,"href":"https:\/\/www.cetys.mx\/noticias\/wp-json\/wp\/v2\/users\/26"}],"replies":[{"embeddable":true,"href":"https:\/\/www.cetys.mx\/noticias\/wp-json\/wp\/v2\/comments?post=29099"}],"version-history":[{"count":0,"href":"https:\/\/www.cetys.mx\/noticias\/wp-json\/wp\/v2\/posts\/29099\/revisions"}],"wp:featuredmedia":[{"embeddable":true,"href":"https:\/\/www.cetys.mx\/noticias\/wp-json\/wp\/v2\/media\/29100"}],"wp:attachment":[{"href":"https:\/\/www.cetys.mx\/noticias\/wp-json\/wp\/v2\/media?parent=29099"}],"wp:term":[{"taxonomy":"category","embeddable":true,"href":"https:\/\/www.cetys.mx\/noticias\/wp-json\/wp\/v2\/categories?post=29099"},{"taxonomy":"post_tag","embeddable":true,"href":"https:\/\/www.cetys.mx\/noticias\/wp-json\/wp\/v2\/tags?post=29099"}],"curies":[{"name":"wp","href":"https:\/\/api.w.org\/{rel}","templated":true}]}}