{"id":29095,"date":"2007-11-26T00:00:00","date_gmt":"2007-11-26T08:00:00","guid":{"rendered":"http:\/\/vocetys.mx\/celebran-da-de-la-familia-cetys\/"},"modified":"2016-07-15T01:57:16","modified_gmt":"2016-07-15T08:57:16","slug":"celebran-da-de-la-familia-cetys","status":"publish","type":"post","link":"https:\/\/www.cetys.mx\/noticias\/celebran-da-de-la-familia-cetys\/","title":{"rendered":"Celebran D\u00eda de la Familia CETYS"},"content":{"rendered":"<p>Los patios de CETYS Universidad lucieron a todo su esplendor para recibir a cerca de 800 egresados que se dieron cita para festejar el D\u00eda de la Familia CETYS el pasado s\u00e1bado 24 de noviembre. Los asistentes acudieron con sus respetivas familias para disfrutar de un evento en el que destac\u00f3 la convivencia, las an\u00e9cdotas y la diversi\u00f3n.La Asociaci\u00f3n de Profesionistas Egresados de CETYS (APEC), encargada de la organizaci\u00f3n del evento, dividi\u00f3 por secciones el festejo, ya que hab\u00eda un \u00e1rea especialmente para ni\u00f1os, \u00e1rea de comida, exposici\u00f3n de pintura, espect\u00e1culo art\u00edstico y diversos stand publicitarios; adicionalmente se organiz\u00f3 una rifa en la que pudieron participar los egresados con el boleto de entrada que se les dio al momento de registrarse.Como parte de las actividades planeadas para este evento, tambi\u00e9n se realiz\u00f3 una copa de s\u00f3ftbol en la que participaron egresados de los 3 campus y que finalmente gan\u00f3 el equipo integrado por ex alumnos de CETYS Tijuana.<\/p>\n","protected":false},"excerpt":{"rendered":"<p>Los patios de CETYS Universidad lucieron a todo su esplendor para recibir a cerca de 800 egresados que se dieron cita para&#8230;<\/p>\n","protected":false},"author":26,"featured_media":29096,"comment_status":"open","ping_status":"open","sticky":false,"template":"","format":"standard","meta":{"footnotes":""},"categories":[112],"tags":[],"class_list":["post-29095","post","type-post","status-publish","format-standard","has-post-thumbnail","hentry","category-filantropia"],"yoast_head":"<!-- This site is optimized with the Yoast SEO plugin v27.4 - https:\/\/yoast.com\/product\/yoast-seo-wordpress\/ -->\n<title>Celebran D\u00eda de la Familia CETYS - CETYS<\/title>\n<meta name=\"description\" content=\"Articulo sobre Celebran D\u00eda de la Familia CETYS\" \/>\n<meta name=\"robots\" content=\"index, follow, max-snippet:-1, max-image-preview:large, max-video-preview:-1\" \/>\n<link rel=\"canonical\" href=\"https:\/\/www.cetys.mx\/noticias\/celebran-da-de-la-familia-cetys\/\" \/>\n<meta property=\"og:locale\" content=\"es_MX\" \/>\n<meta property=\"og:type\" content=\"article\" \/>\n<meta property=\"og:title\" content=\"Celebran D\u00eda de la Familia CETYS - CETYS\" \/>\n<meta property=\"og:description\" content=\"Articulo sobre Celebran D\u00eda de la Familia CETYS\" \/>\n<meta property=\"og:url\" content=\"https:\/\/www.cetys.mx\/noticias\/celebran-da-de-la-familia-cetys\/\" \/>\n<meta property=\"og:site_name\" content=\"CETYS\" \/>\n<meta property=\"article:publisher\" content=\"https:\/\/www.facebook.com\/cetysuniversidadmxl\/\" \/>\n<meta property=\"article:published_time\" content=\"2007-11-26T08:00:00+00:00\" \/>\n<meta property=\"article:modified_time\" content=\"2016-07-15T08:57:16+00:00\" \/>\n<meta property=\"og:image\" content=\"https:\/\/www.cetys.mx\/noticias\/wp-content\/uploads\/2016\/02\/reunion_gde2.jpg\" \/>\n\t<meta property=\"og:image:width\" content=\"500\" \/>\n\t<meta property=\"og:image:height\" content=\"333\" \/>\n\t<meta property=\"og:image:type\" content=\"image\/jpeg\" \/>\n<meta name=\"author\" content=\"CETYS Institucional\" \/>\n<meta name=\"twitter:card\" content=\"summary_large_image\" \/>\n<meta name=\"twitter:creator\" content=\"@cetysuni\" \/>\n<meta name=\"twitter:site\" content=\"@cetysuni\" \/>\n<meta name=\"twitter:label1\" content=\"Escrito por\" \/>\n\t<meta name=\"twitter:data1\" content=\"CETYS Institucional\" \/>\n\t<meta name=\"twitter:label2\" content=\"Tiempo de lectura\" \/>\n\t<meta name=\"twitter:data2\" content=\"1 minuto\" \/>\n<script type=\"application\/ld+json\" class=\"yoast-schema-graph\">{\"@context\":\"https:\\\/\\\/schema.org\",\"@graph\":[{\"@type\":\"Article\",\"@id\":\"https:\\\/\\\/www.cetys.mx\\\/noticias\\\/celebran-da-de-la-familia-cetys\\\/#article\",\"isPartOf\":{\"@id\":\"https:\\\/\\\/www.cetys.mx\\\/noticias\\\/celebran-da-de-la-familia-cetys\\\/\"},\"author\":{\"name\":\"CETYS Institucional\",\"@id\":\"https:\\\/\\\/www.cetys.mx\\\/noticias\\\/#\\\/schema\\\/person\\\/e9d2b35265b64aa454df57a2828eb2ac\"},\"headline\":\"Celebran D\u00eda de la Familia CETYS\",\"datePublished\":\"2007-11-26T08:00:00+00:00\",\"dateModified\":\"2016-07-15T08:57:16+00:00\",\"mainEntityOfPage\":{\"@id\":\"https:\\\/\\\/www.cetys.mx\\\/noticias\\\/celebran-da-de-la-familia-cetys\\\/\"},\"wordCount\":177,\"commentCount\":0,\"image\":{\"@id\":\"https:\\\/\\\/www.cetys.mx\\\/noticias\\\/celebran-da-de-la-familia-cetys\\\/#primaryimage\"},\"thumbnailUrl\":\"https:\\\/\\\/www.cetys.mx\\\/noticias\\\/wp-content\\\/uploads\\\/2016\\\/02\\\/reunion_gde2.jpg\",\"articleSection\":[\"Filantrop\u00eda\"],\"inLanguage\":\"es\",\"potentialAction\":[{\"@type\":\"CommentAction\",\"name\":\"Comment\",\"target\":[\"https:\\\/\\\/www.cetys.mx\\\/noticias\\\/celebran-da-de-la-familia-cetys\\\/#respond\"]}]},{\"@type\":\"WebPage\",\"@id\":\"https:\\\/\\\/www.cetys.mx\\\/noticias\\\/celebran-da-de-la-familia-cetys\\\/\",\"url\":\"https:\\\/\\\/www.cetys.mx\\\/noticias\\\/celebran-da-de-la-familia-cetys\\\/\",\"name\":\"Celebran D\u00eda de la Familia CETYS - CETYS\",\"isPartOf\":{\"@id\":\"https:\\\/\\\/www.cetys.mx\\\/noticias\\\/#website\"},\"primaryImageOfPage\":{\"@id\":\"https:\\\/\\\/www.cetys.mx\\\/noticias\\\/celebran-da-de-la-familia-cetys\\\/#primaryimage\"},\"image\":{\"@id\":\"https:\\\/\\\/www.cetys.mx\\\/noticias\\\/celebran-da-de-la-familia-cetys\\\/#primaryimage\"},\"thumbnailUrl\":\"https:\\\/\\\/www.cetys.mx\\\/noticias\\\/wp-content\\\/uploads\\\/2016\\\/02\\\/reunion_gde2.jpg\",\"datePublished\":\"2007-11-26T08:00:00+00:00\",\"dateModified\":\"2016-07-15T08:57:16+00:00\",\"author\":{\"@id\":\"https:\\\/\\\/www.cetys.mx\\\/noticias\\\/#\\\/schema\\\/person\\\/e9d2b35265b64aa454df57a2828eb2ac\"},\"description\":\"Articulo sobre Celebran D\u00eda de la Familia CETYS\",\"breadcrumb\":{\"@id\":\"https:\\\/\\\/www.cetys.mx\\\/noticias\\\/celebran-da-de-la-familia-cetys\\\/#breadcrumb\"},\"inLanguage\":\"es\",\"potentialAction\":[{\"@type\":\"ReadAction\",\"target\":[\"https:\\\/\\\/www.cetys.mx\\\/noticias\\\/celebran-da-de-la-familia-cetys\\\/\"]}]},{\"@type\":\"ImageObject\",\"inLanguage\":\"es\",\"@id\":\"https:\\\/\\\/www.cetys.mx\\\/noticias\\\/celebran-da-de-la-familia-cetys\\\/#primaryimage\",\"url\":\"https:\\\/\\\/www.cetys.mx\\\/noticias\\\/wp-content\\\/uploads\\\/2016\\\/02\\\/reunion_gde2.jpg\",\"contentUrl\":\"https:\\\/\\\/www.cetys.mx\\\/noticias\\\/wp-content\\\/uploads\\\/2016\\\/02\\\/reunion_gde2.jpg\",\"width\":500,\"height\":333},{\"@type\":\"BreadcrumbList\",\"@id\":\"https:\\\/\\\/www.cetys.mx\\\/noticias\\\/celebran-da-de-la-familia-cetys\\\/#breadcrumb\",\"itemListElement\":[{\"@type\":\"ListItem\",\"position\":1,\"name\":\"Inicio\",\"item\":\"https:\\\/\\\/www.cetys.mx\\\/noticias\\\/\"},{\"@type\":\"ListItem\",\"position\":2,\"name\":\"Celebran D\u00eda de la Familia CETYS\"}]},{\"@type\":\"WebSite\",\"@id\":\"https:\\\/\\\/www.cetys.mx\\\/noticias\\\/#website\",\"url\":\"https:\\\/\\\/www.cetys.mx\\\/noticias\\\/\",\"name\":\"CETYS\",\"description\":\"\",\"potentialAction\":[{\"@type\":\"SearchAction\",\"target\":{\"@type\":\"EntryPoint\",\"urlTemplate\":\"https:\\\/\\\/www.cetys.mx\\\/noticias\\\/?s={search_term_string}\"},\"query-input\":{\"@type\":\"PropertyValueSpecification\",\"valueRequired\":true,\"valueName\":\"search_term_string\"}}],\"inLanguage\":\"es\"},{\"@type\":\"Person\",\"@id\":\"https:\\\/\\\/www.cetys.mx\\\/noticias\\\/#\\\/schema\\\/person\\\/e9d2b35265b64aa454df57a2828eb2ac\",\"name\":\"CETYS Institucional\",\"url\":\"https:\\\/\\\/www.cetys.mx\\\/noticias\\\/author\\\/cetysinstitucional\\\/\"}]}<\/script>\n<!-- \/ Yoast SEO plugin. -->","yoast_head_json":{"title":"Celebran D\u00eda de la Familia CETYS - CETYS","description":"Articulo sobre Celebran D\u00eda de la Familia CETYS","robots":{"index":"index","follow":"follow","max-snippet":"max-snippet:-1","max-image-preview":"max-image-preview:large","max-video-preview":"max-video-preview:-1"},"canonical":"https:\/\/www.cetys.mx\/noticias\/celebran-da-de-la-familia-cetys\/","og_locale":"es_MX","og_type":"article","og_title":"Celebran D\u00eda de la Familia CETYS - CETYS","og_description":"Articulo sobre Celebran D\u00eda de la Familia CETYS","og_url":"https:\/\/www.cetys.mx\/noticias\/celebran-da-de-la-familia-cetys\/","og_site_name":"CETYS","article_publisher":"https:\/\/www.facebook.com\/cetysuniversidadmxl\/","article_published_time":"2007-11-26T08:00:00+00:00","article_modified_time":"2016-07-15T08:57:16+00:00","og_image":[{"width":500,"height":333,"url":"https:\/\/www.cetys.mx\/noticias\/wp-content\/uploads\/2016\/02\/reunion_gde2.jpg","type":"image\/jpeg"}],"author":"CETYS Institucional","twitter_card":"summary_large_image","twitter_creator":"@cetysuni","twitter_site":"@cetysuni","twitter_misc":{"Escrito por":"CETYS Institucional","Tiempo de lectura":"1 minuto"},"schema":{"@context":"https:\/\/schema.org","@graph":[{"@type":"Article","@id":"https:\/\/www.cetys.mx\/noticias\/celebran-da-de-la-familia-cetys\/#article","isPartOf":{"@id":"https:\/\/www.cetys.mx\/noticias\/celebran-da-de-la-familia-cetys\/"},"author":{"name":"CETYS Institucional","@id":"https:\/\/www.cetys.mx\/noticias\/#\/schema\/person\/e9d2b35265b64aa454df57a2828eb2ac"},"headline":"Celebran D\u00eda de la Familia CETYS","datePublished":"2007-11-26T08:00:00+00:00","dateModified":"2016-07-15T08:57:16+00:00","mainEntityOfPage":{"@id":"https:\/\/www.cetys.mx\/noticias\/celebran-da-de-la-familia-cetys\/"},"wordCount":177,"commentCount":0,"image":{"@id":"https:\/\/www.cetys.mx\/noticias\/celebran-da-de-la-familia-cetys\/#primaryimage"},"thumbnailUrl":"https:\/\/www.cetys.mx\/noticias\/wp-content\/uploads\/2016\/02\/reunion_gde2.jpg","articleSection":["Filantrop\u00eda"],"inLanguage":"es","potentialAction":[{"@type":"CommentAction","name":"Comment","target":["https:\/\/www.cetys.mx\/noticias\/celebran-da-de-la-familia-cetys\/#respond"]}]},{"@type":"WebPage","@id":"https:\/\/www.cetys.mx\/noticias\/celebran-da-de-la-familia-cetys\/","url":"https:\/\/www.cetys.mx\/noticias\/celebran-da-de-la-familia-cetys\/","name":"Celebran D\u00eda de la Familia CETYS - CETYS","isPartOf":{"@id":"https:\/\/www.cetys.mx\/noticias\/#website"},"primaryImageOfPage":{"@id":"https:\/\/www.cetys.mx\/noticias\/celebran-da-de-la-familia-cetys\/#primaryimage"},"image":{"@id":"https:\/\/www.cetys.mx\/noticias\/celebran-da-de-la-familia-cetys\/#primaryimage"},"thumbnailUrl":"https:\/\/www.cetys.mx\/noticias\/wp-content\/uploads\/2016\/02\/reunion_gde2.jpg","datePublished":"2007-11-26T08:00:00+00:00","dateModified":"2016-07-15T08:57:16+00:00","author":{"@id":"https:\/\/www.cetys.mx\/noticias\/#\/schema\/person\/e9d2b35265b64aa454df57a2828eb2ac"},"description":"Articulo sobre Celebran D\u00eda de la Familia CETYS","breadcrumb":{"@id":"https:\/\/www.cetys.mx\/noticias\/celebran-da-de-la-familia-cetys\/#breadcrumb"},"inLanguage":"es","potentialAction":[{"@type":"ReadAction","target":["https:\/\/www.cetys.mx\/noticias\/celebran-da-de-la-familia-cetys\/"]}]},{"@type":"ImageObject","inLanguage":"es","@id":"https:\/\/www.cetys.mx\/noticias\/celebran-da-de-la-familia-cetys\/#primaryimage","url":"https:\/\/www.cetys.mx\/noticias\/wp-content\/uploads\/2016\/02\/reunion_gde2.jpg","contentUrl":"https:\/\/www.cetys.mx\/noticias\/wp-content\/uploads\/2016\/02\/reunion_gde2.jpg","width":500,"height":333},{"@type":"BreadcrumbList","@id":"https:\/\/www.cetys.mx\/noticias\/celebran-da-de-la-familia-cetys\/#breadcrumb","itemListElement":[{"@type":"ListItem","position":1,"name":"Inicio","item":"https:\/\/www.cetys.mx\/noticias\/"},{"@type":"ListItem","position":2,"name":"Celebran D\u00eda de la Familia CETYS"}]},{"@type":"WebSite","@id":"https:\/\/www.cetys.mx\/noticias\/#website","url":"https:\/\/www.cetys.mx\/noticias\/","name":"CETYS","description":"","potentialAction":[{"@type":"SearchAction","target":{"@type":"EntryPoint","urlTemplate":"https:\/\/www.cetys.mx\/noticias\/?s={search_term_string}"},"query-input":{"@type":"PropertyValueSpecification","valueRequired":true,"valueName":"search_term_string"}}],"inLanguage":"es"},{"@type":"Person","@id":"https:\/\/www.cetys.mx\/noticias\/#\/schema\/person\/e9d2b35265b64aa454df57a2828eb2ac","name":"CETYS Institucional","url":"https:\/\/www.cetys.mx\/noticias\/author\/cetysinstitucional\/"}]}},"_links":{"self":[{"href":"https:\/\/www.cetys.mx\/noticias\/wp-json\/wp\/v2\/posts\/29095","targetHints":{"allow":["GET"]}}],"collection":[{"href":"https:\/\/www.cetys.mx\/noticias\/wp-json\/wp\/v2\/posts"}],"about":[{"href":"https:\/\/www.cetys.mx\/noticias\/wp-json\/wp\/v2\/types\/post"}],"author":[{"embeddable":true,"href":"https:\/\/www.cetys.mx\/noticias\/wp-json\/wp\/v2\/users\/26"}],"replies":[{"embeddable":true,"href":"https:\/\/www.cetys.mx\/noticias\/wp-json\/wp\/v2\/comments?post=29095"}],"version-history":[{"count":0,"href":"https:\/\/www.cetys.mx\/noticias\/wp-json\/wp\/v2\/posts\/29095\/revisions"}],"wp:featuredmedia":[{"embeddable":true,"href":"https:\/\/www.cetys.mx\/noticias\/wp-json\/wp\/v2\/media\/29096"}],"wp:attachment":[{"href":"https:\/\/www.cetys.mx\/noticias\/wp-json\/wp\/v2\/media?parent=29095"}],"wp:term":[{"taxonomy":"category","embeddable":true,"href":"https:\/\/www.cetys.mx\/noticias\/wp-json\/wp\/v2\/categories?post=29095"},{"taxonomy":"post_tag","embeddable":true,"href":"https:\/\/www.cetys.mx\/noticias\/wp-json\/wp\/v2\/tags?post=29095"}],"curies":[{"name":"wp","href":"https:\/\/api.w.org\/{rel}","templated":true}]}}