{"id":28844,"date":"2007-10-16T00:00:00","date_gmt":"2007-10-16T07:00:00","guid":{"rendered":"http:\/\/vocetys.mx\/se-rene-generacin-1982-de-icc\/"},"modified":"2007-10-16T00:00:00","modified_gmt":"2007-10-16T07:00:00","slug":"se-rene-generacin-1982-de-icc","status":"publish","type":"post","link":"https:\/\/www.cetys.mx\/noticias\/se-rene-generacin-1982-de-icc\/","title":{"rendered":"Se re\u00fane Generaci\u00f3n 1982 de ICC"},"content":{"rendered":"<p>Emocionados por verse de nuevo, fue como se mostraron el pasado 13 de octubre un grupo de profesionistas egresados de la  generaci\u00f3n 1892 de la carrera de Ingenier\u00eda en Ciencias Computacionales de CETYS Universidad, quienes se reunieron en la sala VIP, ubicada en la cafeter\u00eda del campus, para disfrutar de un desayuno.La convocatoria fue hecha por la Direcci\u00f3n de Ex Alumnos, la cual est\u00e1 a cargo del Lic. Juan Rivera Ya\u00f1ez. El motivo de la reuni\u00f3n, se debi\u00f3 a la celebraci\u00f3n del vig\u00e9simo quinto aniversario de su egreso, por lo que no pod\u00eda quedar desapercibido. De las autoridades de CETYS, estuvieron presentes el Ing. Enrique Blancas de la Cruz, Rector del campus Mexicali; Ing. Marco Antonio Carrillo, Vicerrector Acad\u00e9mico, as\u00ed como el Director de CETYS,  Ing. Sergio Rebollar McDonough.Durante el evento, se aprovech\u00f3 para entregar una serie de reconocimientos a los ex alumnos que asistieron, entre ellos Ing. Josefina Marr\u00f3n,  Ing. Juan Ram\u00f3n Ridaura, Ing.  Rossana Mart\u00edn del Campo, Ing. Guillermo Hern\u00e1ndez, Ing. Enrique Valdez, Ing. Roberto Bernal, Ing. Carlos Maurilio Acu\u00f1a e Ing. Carlos Armando Reyes, entre otros. De los maestros invitados estuvieron presentes  el Ing. Guillermo Cheang, Ing. Ezequiel Rodr\u00edguez, Ing. Guadalupe Torres Novoa y el Ing. Hector Vargas.<\/p>\n","protected":false},"excerpt":{"rendered":"<p>Emocionados por verse de nuevo, fue como se mostraron el pasado 13 de octubre un grupo de profesionistas egresados de la generaci\u00f3n&#8230;<\/p>\n","protected":false},"author":26,"featured_media":28845,"comment_status":"open","ping_status":"open","sticky":false,"template":"","format":"standard","meta":{"footnotes":""},"categories":[107],"tags":[],"class_list":["post-28844","post","type-post","status-publish","format-standard","has-post-thumbnail","hentry","category-alumni"],"yoast_head":"<!-- This site is optimized with the Yoast SEO plugin v27.4 - https:\/\/yoast.com\/product\/yoast-seo-wordpress\/ -->\n<title>Se re\u00fane Generaci\u00f3n 1982 de ICC - CETYS<\/title>\n<meta name=\"description\" content=\"Articulo sobre Se re\u00fane Generaci\u00f3n 1982 de ICC\" \/>\n<meta name=\"robots\" content=\"index, follow, max-snippet:-1, max-image-preview:large, max-video-preview:-1\" \/>\n<link rel=\"canonical\" href=\"https:\/\/www.cetys.mx\/noticias\/se-rene-generacin-1982-de-icc\/\" \/>\n<meta property=\"og:locale\" content=\"es_MX\" \/>\n<meta property=\"og:type\" content=\"article\" \/>\n<meta property=\"og:title\" content=\"Se re\u00fane Generaci\u00f3n 1982 de ICC - CETYS\" \/>\n<meta property=\"og:description\" content=\"Articulo sobre Se re\u00fane Generaci\u00f3n 1982 de ICC\" \/>\n<meta property=\"og:url\" content=\"https:\/\/www.cetys.mx\/noticias\/se-rene-generacin-1982-de-icc\/\" \/>\n<meta property=\"og:site_name\" content=\"CETYS\" \/>\n<meta property=\"article:publisher\" content=\"https:\/\/www.facebook.com\/cetysuniversidadmxl\/\" \/>\n<meta property=\"article:published_time\" content=\"2007-10-16T07:00:00+00:00\" \/>\n<meta property=\"og:image\" content=\"https:\/\/www.cetys.mx\/noticias\/wp-content\/uploads\/2016\/02\/reunion_gde1.jpg\" \/>\n\t<meta property=\"og:image:width\" content=\"500\" \/>\n\t<meta property=\"og:image:height\" content=\"333\" \/>\n\t<meta property=\"og:image:type\" content=\"image\/jpeg\" \/>\n<meta name=\"author\" content=\"CETYS Institucional\" \/>\n<meta name=\"twitter:card\" content=\"summary_large_image\" \/>\n<meta name=\"twitter:creator\" content=\"@cetysuni\" \/>\n<meta name=\"twitter:site\" content=\"@cetysuni\" \/>\n<meta name=\"twitter:label1\" content=\"Escrito por\" \/>\n\t<meta name=\"twitter:data1\" content=\"CETYS Institucional\" \/>\n\t<meta name=\"twitter:label2\" content=\"Tiempo de lectura\" \/>\n\t<meta name=\"twitter:data2\" content=\"1 minuto\" \/>\n<script type=\"application\/ld+json\" class=\"yoast-schema-graph\">{\"@context\":\"https:\\\/\\\/schema.org\",\"@graph\":[{\"@type\":\"Article\",\"@id\":\"https:\\\/\\\/www.cetys.mx\\\/noticias\\\/se-rene-generacin-1982-de-icc\\\/#article\",\"isPartOf\":{\"@id\":\"https:\\\/\\\/www.cetys.mx\\\/noticias\\\/se-rene-generacin-1982-de-icc\\\/\"},\"author\":{\"name\":\"CETYS Institucional\",\"@id\":\"https:\\\/\\\/www.cetys.mx\\\/noticias\\\/#\\\/schema\\\/person\\\/e9d2b35265b64aa454df57a2828eb2ac\"},\"headline\":\"Se re\u00fane Generaci\u00f3n 1982 de ICC\",\"datePublished\":\"2007-10-16T07:00:00+00:00\",\"mainEntityOfPage\":{\"@id\":\"https:\\\/\\\/www.cetys.mx\\\/noticias\\\/se-rene-generacin-1982-de-icc\\\/\"},\"wordCount\":224,\"commentCount\":0,\"image\":{\"@id\":\"https:\\\/\\\/www.cetys.mx\\\/noticias\\\/se-rene-generacin-1982-de-icc\\\/#primaryimage\"},\"thumbnailUrl\":\"https:\\\/\\\/www.cetys.mx\\\/noticias\\\/wp-content\\\/uploads\\\/2016\\\/02\\\/reunion_gde1.jpg\",\"articleSection\":[\"Alumni\"],\"inLanguage\":\"es\",\"potentialAction\":[{\"@type\":\"CommentAction\",\"name\":\"Comment\",\"target\":[\"https:\\\/\\\/www.cetys.mx\\\/noticias\\\/se-rene-generacin-1982-de-icc\\\/#respond\"]}]},{\"@type\":\"WebPage\",\"@id\":\"https:\\\/\\\/www.cetys.mx\\\/noticias\\\/se-rene-generacin-1982-de-icc\\\/\",\"url\":\"https:\\\/\\\/www.cetys.mx\\\/noticias\\\/se-rene-generacin-1982-de-icc\\\/\",\"name\":\"Se re\u00fane Generaci\u00f3n 1982 de ICC - CETYS\",\"isPartOf\":{\"@id\":\"https:\\\/\\\/www.cetys.mx\\\/noticias\\\/#website\"},\"primaryImageOfPage\":{\"@id\":\"https:\\\/\\\/www.cetys.mx\\\/noticias\\\/se-rene-generacin-1982-de-icc\\\/#primaryimage\"},\"image\":{\"@id\":\"https:\\\/\\\/www.cetys.mx\\\/noticias\\\/se-rene-generacin-1982-de-icc\\\/#primaryimage\"},\"thumbnailUrl\":\"https:\\\/\\\/www.cetys.mx\\\/noticias\\\/wp-content\\\/uploads\\\/2016\\\/02\\\/reunion_gde1.jpg\",\"datePublished\":\"2007-10-16T07:00:00+00:00\",\"author\":{\"@id\":\"https:\\\/\\\/www.cetys.mx\\\/noticias\\\/#\\\/schema\\\/person\\\/e9d2b35265b64aa454df57a2828eb2ac\"},\"description\":\"Articulo sobre Se re\u00fane Generaci\u00f3n 1982 de ICC\",\"breadcrumb\":{\"@id\":\"https:\\\/\\\/www.cetys.mx\\\/noticias\\\/se-rene-generacin-1982-de-icc\\\/#breadcrumb\"},\"inLanguage\":\"es\",\"potentialAction\":[{\"@type\":\"ReadAction\",\"target\":[\"https:\\\/\\\/www.cetys.mx\\\/noticias\\\/se-rene-generacin-1982-de-icc\\\/\"]}]},{\"@type\":\"ImageObject\",\"inLanguage\":\"es\",\"@id\":\"https:\\\/\\\/www.cetys.mx\\\/noticias\\\/se-rene-generacin-1982-de-icc\\\/#primaryimage\",\"url\":\"https:\\\/\\\/www.cetys.mx\\\/noticias\\\/wp-content\\\/uploads\\\/2016\\\/02\\\/reunion_gde1.jpg\",\"contentUrl\":\"https:\\\/\\\/www.cetys.mx\\\/noticias\\\/wp-content\\\/uploads\\\/2016\\\/02\\\/reunion_gde1.jpg\",\"width\":500,\"height\":333},{\"@type\":\"BreadcrumbList\",\"@id\":\"https:\\\/\\\/www.cetys.mx\\\/noticias\\\/se-rene-generacin-1982-de-icc\\\/#breadcrumb\",\"itemListElement\":[{\"@type\":\"ListItem\",\"position\":1,\"name\":\"Inicio\",\"item\":\"https:\\\/\\\/www.cetys.mx\\\/noticias\\\/\"},{\"@type\":\"ListItem\",\"position\":2,\"name\":\"Se re\u00fane Generaci\u00f3n 1982 de ICC\"}]},{\"@type\":\"WebSite\",\"@id\":\"https:\\\/\\\/www.cetys.mx\\\/noticias\\\/#website\",\"url\":\"https:\\\/\\\/www.cetys.mx\\\/noticias\\\/\",\"name\":\"CETYS\",\"description\":\"\",\"potentialAction\":[{\"@type\":\"SearchAction\",\"target\":{\"@type\":\"EntryPoint\",\"urlTemplate\":\"https:\\\/\\\/www.cetys.mx\\\/noticias\\\/?s={search_term_string}\"},\"query-input\":{\"@type\":\"PropertyValueSpecification\",\"valueRequired\":true,\"valueName\":\"search_term_string\"}}],\"inLanguage\":\"es\"},{\"@type\":\"Person\",\"@id\":\"https:\\\/\\\/www.cetys.mx\\\/noticias\\\/#\\\/schema\\\/person\\\/e9d2b35265b64aa454df57a2828eb2ac\",\"name\":\"CETYS Institucional\",\"url\":\"https:\\\/\\\/www.cetys.mx\\\/noticias\\\/author\\\/cetysinstitucional\\\/\"}]}<\/script>\n<!-- \/ Yoast SEO plugin. -->","yoast_head_json":{"title":"Se re\u00fane Generaci\u00f3n 1982 de ICC - CETYS","description":"Articulo sobre Se re\u00fane Generaci\u00f3n 1982 de ICC","robots":{"index":"index","follow":"follow","max-snippet":"max-snippet:-1","max-image-preview":"max-image-preview:large","max-video-preview":"max-video-preview:-1"},"canonical":"https:\/\/www.cetys.mx\/noticias\/se-rene-generacin-1982-de-icc\/","og_locale":"es_MX","og_type":"article","og_title":"Se re\u00fane Generaci\u00f3n 1982 de ICC - CETYS","og_description":"Articulo sobre Se re\u00fane Generaci\u00f3n 1982 de ICC","og_url":"https:\/\/www.cetys.mx\/noticias\/se-rene-generacin-1982-de-icc\/","og_site_name":"CETYS","article_publisher":"https:\/\/www.facebook.com\/cetysuniversidadmxl\/","article_published_time":"2007-10-16T07:00:00+00:00","og_image":[{"width":500,"height":333,"url":"https:\/\/www.cetys.mx\/noticias\/wp-content\/uploads\/2016\/02\/reunion_gde1.jpg","type":"image\/jpeg"}],"author":"CETYS Institucional","twitter_card":"summary_large_image","twitter_creator":"@cetysuni","twitter_site":"@cetysuni","twitter_misc":{"Escrito por":"CETYS Institucional","Tiempo de lectura":"1 minuto"},"schema":{"@context":"https:\/\/schema.org","@graph":[{"@type":"Article","@id":"https:\/\/www.cetys.mx\/noticias\/se-rene-generacin-1982-de-icc\/#article","isPartOf":{"@id":"https:\/\/www.cetys.mx\/noticias\/se-rene-generacin-1982-de-icc\/"},"author":{"name":"CETYS Institucional","@id":"https:\/\/www.cetys.mx\/noticias\/#\/schema\/person\/e9d2b35265b64aa454df57a2828eb2ac"},"headline":"Se re\u00fane Generaci\u00f3n 1982 de ICC","datePublished":"2007-10-16T07:00:00+00:00","mainEntityOfPage":{"@id":"https:\/\/www.cetys.mx\/noticias\/se-rene-generacin-1982-de-icc\/"},"wordCount":224,"commentCount":0,"image":{"@id":"https:\/\/www.cetys.mx\/noticias\/se-rene-generacin-1982-de-icc\/#primaryimage"},"thumbnailUrl":"https:\/\/www.cetys.mx\/noticias\/wp-content\/uploads\/2016\/02\/reunion_gde1.jpg","articleSection":["Alumni"],"inLanguage":"es","potentialAction":[{"@type":"CommentAction","name":"Comment","target":["https:\/\/www.cetys.mx\/noticias\/se-rene-generacin-1982-de-icc\/#respond"]}]},{"@type":"WebPage","@id":"https:\/\/www.cetys.mx\/noticias\/se-rene-generacin-1982-de-icc\/","url":"https:\/\/www.cetys.mx\/noticias\/se-rene-generacin-1982-de-icc\/","name":"Se re\u00fane Generaci\u00f3n 1982 de ICC - CETYS","isPartOf":{"@id":"https:\/\/www.cetys.mx\/noticias\/#website"},"primaryImageOfPage":{"@id":"https:\/\/www.cetys.mx\/noticias\/se-rene-generacin-1982-de-icc\/#primaryimage"},"image":{"@id":"https:\/\/www.cetys.mx\/noticias\/se-rene-generacin-1982-de-icc\/#primaryimage"},"thumbnailUrl":"https:\/\/www.cetys.mx\/noticias\/wp-content\/uploads\/2016\/02\/reunion_gde1.jpg","datePublished":"2007-10-16T07:00:00+00:00","author":{"@id":"https:\/\/www.cetys.mx\/noticias\/#\/schema\/person\/e9d2b35265b64aa454df57a2828eb2ac"},"description":"Articulo sobre Se re\u00fane Generaci\u00f3n 1982 de ICC","breadcrumb":{"@id":"https:\/\/www.cetys.mx\/noticias\/se-rene-generacin-1982-de-icc\/#breadcrumb"},"inLanguage":"es","potentialAction":[{"@type":"ReadAction","target":["https:\/\/www.cetys.mx\/noticias\/se-rene-generacin-1982-de-icc\/"]}]},{"@type":"ImageObject","inLanguage":"es","@id":"https:\/\/www.cetys.mx\/noticias\/se-rene-generacin-1982-de-icc\/#primaryimage","url":"https:\/\/www.cetys.mx\/noticias\/wp-content\/uploads\/2016\/02\/reunion_gde1.jpg","contentUrl":"https:\/\/www.cetys.mx\/noticias\/wp-content\/uploads\/2016\/02\/reunion_gde1.jpg","width":500,"height":333},{"@type":"BreadcrumbList","@id":"https:\/\/www.cetys.mx\/noticias\/se-rene-generacin-1982-de-icc\/#breadcrumb","itemListElement":[{"@type":"ListItem","position":1,"name":"Inicio","item":"https:\/\/www.cetys.mx\/noticias\/"},{"@type":"ListItem","position":2,"name":"Se re\u00fane Generaci\u00f3n 1982 de ICC"}]},{"@type":"WebSite","@id":"https:\/\/www.cetys.mx\/noticias\/#website","url":"https:\/\/www.cetys.mx\/noticias\/","name":"CETYS","description":"","potentialAction":[{"@type":"SearchAction","target":{"@type":"EntryPoint","urlTemplate":"https:\/\/www.cetys.mx\/noticias\/?s={search_term_string}"},"query-input":{"@type":"PropertyValueSpecification","valueRequired":true,"valueName":"search_term_string"}}],"inLanguage":"es"},{"@type":"Person","@id":"https:\/\/www.cetys.mx\/noticias\/#\/schema\/person\/e9d2b35265b64aa454df57a2828eb2ac","name":"CETYS Institucional","url":"https:\/\/www.cetys.mx\/noticias\/author\/cetysinstitucional\/"}]}},"_links":{"self":[{"href":"https:\/\/www.cetys.mx\/noticias\/wp-json\/wp\/v2\/posts\/28844","targetHints":{"allow":["GET"]}}],"collection":[{"href":"https:\/\/www.cetys.mx\/noticias\/wp-json\/wp\/v2\/posts"}],"about":[{"href":"https:\/\/www.cetys.mx\/noticias\/wp-json\/wp\/v2\/types\/post"}],"author":[{"embeddable":true,"href":"https:\/\/www.cetys.mx\/noticias\/wp-json\/wp\/v2\/users\/26"}],"replies":[{"embeddable":true,"href":"https:\/\/www.cetys.mx\/noticias\/wp-json\/wp\/v2\/comments?post=28844"}],"version-history":[{"count":0,"href":"https:\/\/www.cetys.mx\/noticias\/wp-json\/wp\/v2\/posts\/28844\/revisions"}],"wp:featuredmedia":[{"embeddable":true,"href":"https:\/\/www.cetys.mx\/noticias\/wp-json\/wp\/v2\/media\/28845"}],"wp:attachment":[{"href":"https:\/\/www.cetys.mx\/noticias\/wp-json\/wp\/v2\/media?parent=28844"}],"wp:term":[{"taxonomy":"category","embeddable":true,"href":"https:\/\/www.cetys.mx\/noticias\/wp-json\/wp\/v2\/categories?post=28844"},{"taxonomy":"post_tag","embeddable":true,"href":"https:\/\/www.cetys.mx\/noticias\/wp-json\/wp\/v2\/tags?post=28844"}],"curies":[{"name":"wp","href":"https:\/\/api.w.org\/{rel}","templated":true}]}}